{"id":9321,"date":"2023-06-27T08:55:53","date_gmt":"2023-06-27T11:55:53","guid":{"rendered":"https:\/\/www.blogsoestado.com\/evandrojunior\/?p=9321"},"modified":"2023-06-27T08:55:53","modified_gmt":"2023-06-27T11:55:53","slug":"brk-comemora-dia-mundial-do-meio-ambiente-com-acoes-em-paco-do-lumiar-e-sao-jose-de-ribamar","status":"publish","type":"post","link":"https:\/\/www.blogsoestado.com\/evandrojunior\/2023\/06\/27\/brk-comemora-dia-mundial-do-meio-ambiente-com-acoes-em-paco-do-lumiar-e-sao-jose-de-ribamar\/","title":{"rendered":"BRK comemora Dia Mundial do Meio Ambiente com a\u00e7\u00f5es em Pa\u00e7o do Lumiar e S\u00e3o Jos\u00e9 de Ribamar"},"content":{"rendered":"\n<div class=\"wp-block-image\"><figure class=\"aligncenter size-large is-resized\"><img fetchpriority=\"high\" decoding=\"async\" src=\"https:\/\/www.blogsoestado.com\/evandrojunior\/files\/2023\/06\/WhatsApp-Image-2023-06-27-at-08.31.10.jpeg\" alt=\"\" class=\"wp-image-9322\" width=\"574\" height=\"431\"\/><figcaption><strong>Supervisora de Meio Ambiente e Qualidade J\u00e9ssica Fernandes e a analista de Meio Ambiente Yara Fonseca junto aos alunos do Centro de Ensino Poeta Cunha Santos<\/strong><\/figcaption><\/figure><\/div>\n\n\n\n<p><strong>S\u00e3o Lu\u00eds <\/strong>&#8211; No dia 5 de junho, foi celebrado o Dia Mundial do Meio Ambiente. O tema central deste ano foi polui\u00e7\u00e3o pl\u00e1stica, um assunto urgente e de extrema import\u00e2ncia para a sustentabilidade do planeta.<\/p>\n\n\n\n<p>Comemorada h\u00e1 mais de 50 anos em todo o mundo, a data objetiva conscientizar a popula\u00e7\u00e3o sobre a import\u00e2ncia da preserva\u00e7\u00e3o ambiental e incentivar a\u00e7\u00f5es efetivas para a redu\u00e7\u00e3o dos impactos causados ao meio ambiente.<\/p>\n\n\n\n<p>Pegando esse gancho, a BRK Maranh\u00e3o, concession\u00e1ria respons\u00e1vel pelos servi\u00e7os de \u00e1gua e esgoto em Pa\u00e7o do Lumiar e S\u00e3o Jos\u00e9 de Ribamar, promoveu, em parceria com os munic\u00edpios, v\u00e1rias a\u00e7\u00f5es voltadas para a sensibiliza\u00e7\u00e3o do tema junto \u00e0 comunidade local. <\/p>\n\n\n\n<div class=\"wp-block-image\"><figure class=\"aligncenter size-large is-resized\"><img decoding=\"async\" src=\"https:\/\/www.blogsoestado.com\/evandrojunior\/files\/2023\/06\/WhatsApp-Image-2023-06-27-at-08.31.10-1-1024x768.jpeg\" alt=\"\" class=\"wp-image-9323\" width=\"556\" height=\"417\"\/><figcaption><strong>J\u00e9ssica Fernandes, supervisora de Meio Ambiente e Qualidade da BRK; Jefferson de Paula, gerente de Opera\u00e7\u00e3o e Manuten\u00e7\u00e3o da BRK; Alberl\u00facia Mendes, secret\u00e1ria municipal de Meio Ambiente de Pa\u00e7o do Lumiar e Yara Fonseca, analista de Meio Ambiente da BRK<\/strong><\/figcaption><\/figure><\/div>\n\n\n\n<p>Em S\u00e3o Jos\u00e9 de Ribamar, foi realizada roda de conversa reunindo representantes da BRK, da Secretaria Municipal de Meio Ambiente e Organiza\u00e7\u00f5es N\u00e3o Governamentais (ONGs) locais. O debate aconteceu em um shopping da regi\u00e3o e abordou v\u00e1rios pontos ligados \u00e0 problem\u00e1tica da produ\u00e7\u00e3o excessiva de res\u00edduos pl\u00e1sticos e o descarte inadequado desses materiais, fatores que contribuem para o aumento da polui\u00e7\u00e3o do meio ambiente e de problemas para o saneamento, como a sujeira de rios e obstru\u00e7\u00f5es na rede de esgoto.<\/p>\n\n\n\n<p>Em Pa\u00e7o do Lumiar, a BRK realizou a doa\u00e7\u00e3o de 130 mudas de ip\u00eas \u00e0 Secretaria Municipal de Meio Ambiente, que foram destinadas a comunidades locais, como incentivo \u00e0 preserva\u00e7\u00e3o das \u00e1reas verdes e o plantio de novas \u00e1rvores.<\/p>\n\n\n\n<p>\u201cEssa a\u00e7\u00e3o parceira integra um conjunto de atividades desenvolvidas em v\u00e1rias comunidades do munic\u00edpio, como forma de minimizar os impactos ambientais causados, dentre tantos fatores, pelo descarte irregular dos res\u00edduos\u201d, ressaltou Alberl\u00facia Mendes, secret\u00e1ria municipal de Meio Ambiente de Pa\u00e7o do Lumiar.<\/p>\n\n\n\n<div class=\"wp-block-image\"><figure class=\"aligncenter size-large is-resized\"><img decoding=\"async\" src=\"https:\/\/www.blogsoestado.com\/evandrojunior\/files\/2023\/06\/WhatsApp-Image-2023-06-27-at-08.31.10-2-1024x639.jpeg\" alt=\"\" class=\"wp-image-9324\" width=\"562\" height=\"351\"\/><figcaption><strong>Representantes das \u00e1reas de Meio Ambiente e Responsabilidade S\u00f3cioambiental da BRK com a equipe da Secretaria Municipal de Meio Ambiente de S\u00e3o Jos\u00e9 de Ribamar na exposi\u00e7\u00e3o sobre res\u00edduos pl\u00e1sticos<\/strong><\/figcaption><\/figure><\/div>\n\n\n\n<p>A equipe da BRK tamb\u00e9m esteve na escola C. E. Poeta Cunha Santos, no Parque Vit\u00f3ria, em S\u00e3o Jos\u00e9 de Ribamar, onde participou de uma palestra e bate-papo com os alunos da institui\u00e7\u00e3o. Na programa\u00e7\u00e3o, foi apresentada aos jovens a import\u00e2ncia do saneamento para a sa\u00fade da popula\u00e7\u00e3o e como a polui\u00e7\u00e3o pode interferir no servi\u00e7o, na qualidade de vida e no meio ambiente.<\/p>\n\n\n\n<p>O saneamento possui um papel fundamental na preserva\u00e7\u00e3o do meio ambiente, com o tratamento de res\u00edduos e efluentes produzidos pelas atividades humanas, na gest\u00e3o integrada dos recursos h\u00eddricos e na implementa\u00e7\u00e3o de medidas de preserva\u00e7\u00e3o ambiental em suas opera\u00e7\u00f5es, com a utiliza\u00e7\u00e3o de novas tecnologias e pr\u00e1ticas sustent\u00e1veis, al\u00e9m de programas e a\u00e7\u00f5es de educa\u00e7\u00e3o ambiental.<\/p>\n\n\n\n<div class=\"wp-block-image\"><figure class=\"aligncenter size-large is-resized\"><img loading=\"lazy\" decoding=\"async\" src=\"https:\/\/www.blogsoestado.com\/evandrojunior\/files\/2023\/06\/WhatsApp-Image-2023-06-27-at-08.31.10-3-1024x768.jpeg\" alt=\"\" class=\"wp-image-9325\" width=\"545\" height=\"409\"\/><figcaption><strong>Lucas Couto, J\u00e9ssica Pires e Yara Fonseca, da BRK, com representantes da Secretaria Municipal de Meio Ambiente de S\u00e3o Jos\u00e9 de Ribamar e ONGs locais em evento de conscientiza\u00e7\u00e3o<\/strong><\/figcaption><\/figure><\/div>\n\n\n\n<p>Jefferson de Paula, gerente de Opera\u00e7\u00e3o e Manuten\u00e7\u00e3o da BRK Maranh\u00e3o, destaca a relev\u00e2ncia do Dia do Meio Ambiente para refor\u00e7ar a import\u00e2ncia de pr\u00e1ticas que garantam um futuro mais sustent\u00e1vel e equilibrado.<\/p>\n\n\n\n<p>\u201cTrabalhamos diariamente executando a\u00e7\u00f5es que refletem na preserva\u00e7\u00e3o do meio ambiente e no uso respons\u00e1vel dos recursos naturais, que v\u00e3o desde o reparo de um vazamento de \u00e1gua at\u00e9 o tratamento de efluentes de esgoto. No entanto, cada um de n\u00f3s tem essa responsabilidade. Uma a\u00e7\u00e3o simples que todos podem fazer \u00e9 o descarte adequado dos res\u00edduos dom\u00e9sticos. N\u00e3o lan\u00e7ar o \u00f3leo de cozinha no ralo da pia, por exemplo, pode evitar a contamina\u00e7\u00e3o de lagos, rios, mares e a obstru\u00e7\u00e3o das redes coletoras de esgoto\u201d, afirma Jefferson.<\/p>\n","protected":false},"excerpt":{"rendered":"<p>S\u00e3o Lu\u00eds &#8211; No dia 5 de junho, foi celebrado o Dia Mundial do Meio Ambiente. O tema central deste [&hellip;]<\/p>\n","protected":false},"author":4,"featured_media":0,"comment_status":"open","ping_status":"open","sticky":false,"template":"","format":"standard","meta":{"site-sidebar-layout":"default","site-content-layout":"","ast-site-content-layout":"default","site-content-style":"default","site-sidebar-style":"default","ast-global-header-display":"","ast-banner-title-visibility":"","ast-main-header-display":"","ast-hfb-above-header-display":"","ast-hfb-below-header-display":"","ast-hfb-mobile-header-display":"","site-post-title":"","ast-breadcrumbs-content":"","ast-featured-img":"","footer-sml-layout":"","ast-disable-related-posts":"","theme-transparent-header-meta":"","adv-header-id-meta":"","stick-header-meta":"","header-above-stick-meta":"","header-main-stick-meta":"","header-below-stick-meta":"","astra-migrate-meta-layouts":"default","ast-page-background-enabled":"default","ast-page-background-meta":{"desktop":{"background-color":"var(--ast-global-color-5)","background-image":"","background-repeat":"repeat","background-position":"center center","background-size":"auto","background-attachment":"scroll","background-type":"","background-media":"","overlay-type":"","overlay-color":"","overlay-opacity":"","overlay-gradient":""},"tablet":{"background-color":"","background-image":"","background-repeat":"repeat","background-position":"center center","background-size":"auto","background-attachment":"scroll","background-type":"","background-media":"","overlay-type":"","overlay-color":"","overlay-opacity":"","overlay-gradient":""},"mobile":{"background-color":"","background-image":"","background-repeat":"repeat","background-position":"center center","background-size":"auto","background-attachment":"scroll","background-type":"","background-media":"","overlay-type":"","overlay-color":"","overlay-opacity":"","overlay-gradient":""}},"ast-content-background-meta":{"desktop":{"background-color":"var(--ast-global-color-4)","background-image":"","background-repeat":"repeat","background-position":"center center","background-size":"auto","background-attachment":"scroll","background-type":"","background-media":"","overlay-type":"","overlay-color":"","overlay-opacity":"","overlay-gradient":""},"tablet":{"background-color":"var(--ast-global-color-4)","background-image":"","background-repeat":"repeat","background-position":"center center","background-size":"auto","background-attachment":"scroll","background-type":"","background-media":"","overlay-type":"","overlay-color":"","overlay-opacity":"","overlay-gradient":""},"mobile":{"background-color":"var(--ast-global-color-4)","background-image":"","background-repeat":"repeat","background-position":"center center","background-size":"auto","background-attachment":"scroll","background-type":"","background-media":"","overlay-type":"","overlay-color":"","overlay-opacity":"","overlay-gradient":""}},"footnotes":""},"categories":[1],"tags":[],"class_list":["post-9321","post","type-post","status-publish","format-standard","hentry","category-sem-categoria"],"yoast_head":"<!-- This site is optimized with the Yoast SEO plugin v26.6 - https:\/\/yoast.com\/wordpress\/plugins\/seo\/ -->\n<title>BRK comemora Dia Mundial do Meio Ambiente com a\u00e7\u00f5es em Pa\u00e7o do Lumiar e S\u00e3o Jos\u00e9 de Ribamar - Evandro Junior<\/title>\n<meta name=\"robots\" content=\"index, follow, max-snippet:-1, max-image-preview:large, max-video-preview:-1\" \/>\n<link rel=\"canonical\" href=\"https:\/\/www.blogsoestado.com\/evandrojunior\/2023\/06\/27\/brk-comemora-dia-mundial-do-meio-ambiente-com-acoes-em-paco-do-lumiar-e-sao-jose-de-ribamar\/\" \/>\n<meta property=\"og:locale\" content=\"pt_BR\" \/>\n<meta property=\"og:type\" content=\"article\" \/>\n<meta property=\"og:title\" content=\"BRK comemora Dia Mundial do Meio Ambiente com a\u00e7\u00f5es em Pa\u00e7o do Lumiar e S\u00e3o Jos\u00e9 de Ribamar - Evandro Junior\" \/>\n<meta property=\"og:description\" content=\"S\u00e3o Lu\u00eds &#8211; No dia 5 de junho, foi celebrado o Dia Mundial do Meio Ambiente. O tema central deste [&hellip;]\" \/>\n<meta property=\"og:url\" content=\"https:\/\/www.blogsoestado.com\/evandrojunior\/2023\/06\/27\/brk-comemora-dia-mundial-do-meio-ambiente-com-acoes-em-paco-do-lumiar-e-sao-jose-de-ribamar\/\" \/>\n<meta property=\"og:site_name\" content=\"Evandro Junior\" \/>\n<meta property=\"article:published_time\" content=\"2023-06-27T11:55:53+00:00\" \/>\n<meta property=\"og:image\" content=\"https:\/\/www.blogsoestado.com\/evandrojunior\/files\/2023\/06\/WhatsApp-Image-2023-06-27-at-08.31.10.jpeg\" \/>\n<meta name=\"author\" content=\"Evandro Junior\" \/>\n<meta name=\"twitter:card\" content=\"summary_large_image\" \/>\n<meta name=\"twitter:label1\" content=\"Escrito por\" \/>\n\t<meta name=\"twitter:data1\" content=\"Evandro Junior\" \/>\n\t<meta name=\"twitter:label2\" content=\"Est. tempo de leitura\" \/>\n\t<meta name=\"twitter:data2\" content=\"4 minutos\" \/>\n<script type=\"application\/ld+json\" class=\"yoast-schema-graph\">{\"@context\":\"https:\/\/schema.org\",\"@graph\":[{\"@type\":\"WebPage\",\"@id\":\"https:\/\/www.blogsoestado.com\/evandrojunior\/2023\/06\/27\/brk-comemora-dia-mundial-do-meio-ambiente-com-acoes-em-paco-do-lumiar-e-sao-jose-de-ribamar\/\",\"url\":\"https:\/\/www.blogsoestado.com\/evandrojunior\/2023\/06\/27\/brk-comemora-dia-mundial-do-meio-ambiente-com-acoes-em-paco-do-lumiar-e-sao-jose-de-ribamar\/\",\"name\":\"BRK comemora Dia Mundial do Meio Ambiente com a\u00e7\u00f5es em Pa\u00e7o do Lumiar e S\u00e3o Jos\u00e9 de Ribamar - Evandro Junior\",\"isPartOf\":{\"@id\":\"https:\/\/www.blogsoestado.com\/evandrojunior\/#website\"},\"primaryImageOfPage\":{\"@id\":\"https:\/\/www.blogsoestado.com\/evandrojunior\/2023\/06\/27\/brk-comemora-dia-mundial-do-meio-ambiente-com-acoes-em-paco-do-lumiar-e-sao-jose-de-ribamar\/#primaryimage\"},\"image\":{\"@id\":\"https:\/\/www.blogsoestado.com\/evandrojunior\/2023\/06\/27\/brk-comemora-dia-mundial-do-meio-ambiente-com-acoes-em-paco-do-lumiar-e-sao-jose-de-ribamar\/#primaryimage\"},\"thumbnailUrl\":\"https:\/\/www.blogsoestado.com\/evandrojunior\/files\/2023\/06\/WhatsApp-Image-2023-06-27-at-08.31.10.jpeg\",\"datePublished\":\"2023-06-27T11:55:53+00:00\",\"author\":{\"@id\":\"https:\/\/www.blogsoestado.com\/evandrojunior\/#\/schema\/person\/3e6c3d8dbb740d1c6878ebc935cfb3be\"},\"breadcrumb\":{\"@id\":\"https:\/\/www.blogsoestado.com\/evandrojunior\/2023\/06\/27\/brk-comemora-dia-mundial-do-meio-ambiente-com-acoes-em-paco-do-lumiar-e-sao-jose-de-ribamar\/#breadcrumb\"},\"inLanguage\":\"pt-BR\",\"potentialAction\":[{\"@type\":\"ReadAction\",\"target\":[\"https:\/\/www.blogsoestado.com\/evandrojunior\/2023\/06\/27\/brk-comemora-dia-mundial-do-meio-ambiente-com-acoes-em-paco-do-lumiar-e-sao-jose-de-ribamar\/\"]}]},{\"@type\":\"ImageObject\",\"inLanguage\":\"pt-BR\",\"@id\":\"https:\/\/www.blogsoestado.com\/evandrojunior\/2023\/06\/27\/brk-comemora-dia-mundial-do-meio-ambiente-com-acoes-em-paco-do-lumiar-e-sao-jose-de-ribamar\/#primaryimage\",\"url\":\"https:\/\/www.blogsoestado.com\/evandrojunior\/files\/2023\/06\/WhatsApp-Image-2023-06-27-at-08.31.10.jpeg\",\"contentUrl\":\"https:\/\/www.blogsoestado.com\/evandrojunior\/files\/2023\/06\/WhatsApp-Image-2023-06-27-at-08.31.10.jpeg\"},{\"@type\":\"BreadcrumbList\",\"@id\":\"https:\/\/www.blogsoestado.com\/evandrojunior\/2023\/06\/27\/brk-comemora-dia-mundial-do-meio-ambiente-com-acoes-em-paco-do-lumiar-e-sao-jose-de-ribamar\/#breadcrumb\",\"itemListElement\":[{\"@type\":\"ListItem\",\"position\":1,\"name\":\"In\u00edcio\",\"item\":\"https:\/\/www.blogsoestado.com\/evandrojunior\/\"},{\"@type\":\"ListItem\",\"position\":2,\"name\":\"BRK comemora Dia Mundial do Meio Ambiente com a\u00e7\u00f5es em Pa\u00e7o do Lumiar e S\u00e3o Jos\u00e9 de Ribamar\"}]},{\"@type\":\"WebSite\",\"@id\":\"https:\/\/www.blogsoestado.com\/evandrojunior\/#website\",\"url\":\"https:\/\/www.blogsoestado.com\/evandrojunior\/\",\"name\":\"Evandro Junior\",\"description\":\"\",\"potentialAction\":[{\"@type\":\"SearchAction\",\"target\":{\"@type\":\"EntryPoint\",\"urlTemplate\":\"https:\/\/www.blogsoestado.com\/evandrojunior\/?s={search_term_string}\"},\"query-input\":{\"@type\":\"PropertyValueSpecification\",\"valueRequired\":true,\"valueName\":\"search_term_string\"}}],\"inLanguage\":\"pt-BR\"},{\"@type\":\"Person\",\"@id\":\"https:\/\/www.blogsoestado.com\/evandrojunior\/#\/schema\/person\/3e6c3d8dbb740d1c6878ebc935cfb3be\",\"name\":\"Evandro Junior\",\"image\":{\"@type\":\"ImageObject\",\"inLanguage\":\"pt-BR\",\"@id\":\"https:\/\/www.blogsoestado.com\/evandrojunior\/#\/schema\/person\/image\/\",\"url\":\"https:\/\/secure.gravatar.com\/avatar\/f80a03a2294a580cd2318bfb459bf354cfa8be661ef3d95b542cf9a04af8d129?s=96&d=mm&r=g\",\"contentUrl\":\"https:\/\/secure.gravatar.com\/avatar\/f80a03a2294a580cd2318bfb459bf354cfa8be661ef3d95b542cf9a04af8d129?s=96&d=mm&r=g\",\"caption\":\"Evandro Junior\"},\"url\":\"https:\/\/www.blogsoestado.com\/evandrojunior\/author\/evandrojunior\/\"}]}<\/script>\n<!-- \/ Yoast SEO plugin. -->","yoast_head_json":{"title":"BRK comemora Dia Mundial do Meio Ambiente com a\u00e7\u00f5es em Pa\u00e7o do Lumiar e S\u00e3o Jos\u00e9 de Ribamar - Evandro Junior","robots":{"index":"index","follow":"follow","max-snippet":"max-snippet:-1","max-image-preview":"max-image-preview:large","max-video-preview":"max-video-preview:-1"},"canonical":"https:\/\/www.blogsoestado.com\/evandrojunior\/2023\/06\/27\/brk-comemora-dia-mundial-do-meio-ambiente-com-acoes-em-paco-do-lumiar-e-sao-jose-de-ribamar\/","og_locale":"pt_BR","og_type":"article","og_title":"BRK comemora Dia Mundial do Meio Ambiente com a\u00e7\u00f5es em Pa\u00e7o do Lumiar e S\u00e3o Jos\u00e9 de Ribamar - Evandro Junior","og_description":"S\u00e3o Lu\u00eds &#8211; No dia 5 de junho, foi celebrado o Dia Mundial do Meio Ambiente. O tema central deste [&hellip;]","og_url":"https:\/\/www.blogsoestado.com\/evandrojunior\/2023\/06\/27\/brk-comemora-dia-mundial-do-meio-ambiente-com-acoes-em-paco-do-lumiar-e-sao-jose-de-ribamar\/","og_site_name":"Evandro Junior","article_published_time":"2023-06-27T11:55:53+00:00","og_image":[{"url":"https:\/\/www.blogsoestado.com\/evandrojunior\/files\/2023\/06\/WhatsApp-Image-2023-06-27-at-08.31.10.jpeg","type":"","width":"","height":""}],"author":"Evandro Junior","twitter_card":"summary_large_image","twitter_misc":{"Escrito por":"Evandro Junior","Est. tempo de leitura":"4 minutos"},"schema":{"@context":"https:\/\/schema.org","@graph":[{"@type":"WebPage","@id":"https:\/\/www.blogsoestado.com\/evandrojunior\/2023\/06\/27\/brk-comemora-dia-mundial-do-meio-ambiente-com-acoes-em-paco-do-lumiar-e-sao-jose-de-ribamar\/","url":"https:\/\/www.blogsoestado.com\/evandrojunior\/2023\/06\/27\/brk-comemora-dia-mundial-do-meio-ambiente-com-acoes-em-paco-do-lumiar-e-sao-jose-de-ribamar\/","name":"BRK comemora Dia Mundial do Meio Ambiente com a\u00e7\u00f5es em Pa\u00e7o do Lumiar e S\u00e3o Jos\u00e9 de Ribamar - Evandro Junior","isPartOf":{"@id":"https:\/\/www.blogsoestado.com\/evandrojunior\/#website"},"primaryImageOfPage":{"@id":"https:\/\/www.blogsoestado.com\/evandrojunior\/2023\/06\/27\/brk-comemora-dia-mundial-do-meio-ambiente-com-acoes-em-paco-do-lumiar-e-sao-jose-de-ribamar\/#primaryimage"},"image":{"@id":"https:\/\/www.blogsoestado.com\/evandrojunior\/2023\/06\/27\/brk-comemora-dia-mundial-do-meio-ambiente-com-acoes-em-paco-do-lumiar-e-sao-jose-de-ribamar\/#primaryimage"},"thumbnailUrl":"https:\/\/www.blogsoestado.com\/evandrojunior\/files\/2023\/06\/WhatsApp-Image-2023-06-27-at-08.31.10.jpeg","datePublished":"2023-06-27T11:55:53+00:00","author":{"@id":"https:\/\/www.blogsoestado.com\/evandrojunior\/#\/schema\/person\/3e6c3d8dbb740d1c6878ebc935cfb3be"},"breadcrumb":{"@id":"https:\/\/www.blogsoestado.com\/evandrojunior\/2023\/06\/27\/brk-comemora-dia-mundial-do-meio-ambiente-com-acoes-em-paco-do-lumiar-e-sao-jose-de-ribamar\/#breadcrumb"},"inLanguage":"pt-BR","potentialAction":[{"@type":"ReadAction","target":["https:\/\/www.blogsoestado.com\/evandrojunior\/2023\/06\/27\/brk-comemora-dia-mundial-do-meio-ambiente-com-acoes-em-paco-do-lumiar-e-sao-jose-de-ribamar\/"]}]},{"@type":"ImageObject","inLanguage":"pt-BR","@id":"https:\/\/www.blogsoestado.com\/evandrojunior\/2023\/06\/27\/brk-comemora-dia-mundial-do-meio-ambiente-com-acoes-em-paco-do-lumiar-e-sao-jose-de-ribamar\/#primaryimage","url":"https:\/\/www.blogsoestado.com\/evandrojunior\/files\/2023\/06\/WhatsApp-Image-2023-06-27-at-08.31.10.jpeg","contentUrl":"https:\/\/www.blogsoestado.com\/evandrojunior\/files\/2023\/06\/WhatsApp-Image-2023-06-27-at-08.31.10.jpeg"},{"@type":"BreadcrumbList","@id":"https:\/\/www.blogsoestado.com\/evandrojunior\/2023\/06\/27\/brk-comemora-dia-mundial-do-meio-ambiente-com-acoes-em-paco-do-lumiar-e-sao-jose-de-ribamar\/#breadcrumb","itemListElement":[{"@type":"ListItem","position":1,"name":"In\u00edcio","item":"https:\/\/www.blogsoestado.com\/evandrojunior\/"},{"@type":"ListItem","position":2,"name":"BRK comemora Dia Mundial do Meio Ambiente com a\u00e7\u00f5es em Pa\u00e7o do Lumiar e S\u00e3o Jos\u00e9 de Ribamar"}]},{"@type":"WebSite","@id":"https:\/\/www.blogsoestado.com\/evandrojunior\/#website","url":"https:\/\/www.blogsoestado.com\/evandrojunior\/","name":"Evandro Junior","description":"","potentialAction":[{"@type":"SearchAction","target":{"@type":"EntryPoint","urlTemplate":"https:\/\/www.blogsoestado.com\/evandrojunior\/?s={search_term_string}"},"query-input":{"@type":"PropertyValueSpecification","valueRequired":true,"valueName":"search_term_string"}}],"inLanguage":"pt-BR"},{"@type":"Person","@id":"https:\/\/www.blogsoestado.com\/evandrojunior\/#\/schema\/person\/3e6c3d8dbb740d1c6878ebc935cfb3be","name":"Evandro Junior","image":{"@type":"ImageObject","inLanguage":"pt-BR","@id":"https:\/\/www.blogsoestado.com\/evandrojunior\/#\/schema\/person\/image\/","url":"https:\/\/secure.gravatar.com\/avatar\/f80a03a2294a580cd2318bfb459bf354cfa8be661ef3d95b542cf9a04af8d129?s=96&d=mm&r=g","contentUrl":"https:\/\/secure.gravatar.com\/avatar\/f80a03a2294a580cd2318bfb459bf354cfa8be661ef3d95b542cf9a04af8d129?s=96&d=mm&r=g","caption":"Evandro Junior"},"url":"https:\/\/www.blogsoestado.com\/evandrojunior\/author\/evandrojunior\/"}]}},"jetpack_featured_media_url":"","_links":{"self":[{"href":"https:\/\/www.blogsoestado.com\/evandrojunior\/wp-json\/wp\/v2\/posts\/9321","targetHints":{"allow":["GET"]}}],"collection":[{"href":"https:\/\/www.blogsoestado.com\/evandrojunior\/wp-json\/wp\/v2\/posts"}],"about":[{"href":"https:\/\/www.blogsoestado.com\/evandrojunior\/wp-json\/wp\/v2\/types\/post"}],"author":[{"embeddable":true,"href":"https:\/\/www.blogsoestado.com\/evandrojunior\/wp-json\/wp\/v2\/users\/4"}],"replies":[{"embeddable":true,"href":"https:\/\/www.blogsoestado.com\/evandrojunior\/wp-json\/wp\/v2\/comments?post=9321"}],"version-history":[{"count":0,"href":"https:\/\/www.blogsoestado.com\/evandrojunior\/wp-json\/wp\/v2\/posts\/9321\/revisions"}],"wp:attachment":[{"href":"https:\/\/www.blogsoestado.com\/evandrojunior\/wp-json\/wp\/v2\/media?parent=9321"}],"wp:term":[{"taxonomy":"category","embeddable":true,"href":"https:\/\/www.blogsoestado.com\/evandrojunior\/wp-json\/wp\/v2\/categories?post=9321"},{"taxonomy":"post_tag","embeddable":true,"href":"https:\/\/www.blogsoestado.com\/evandrojunior\/wp-json\/wp\/v2\/tags?post=9321"}],"curies":[{"name":"wp","href":"https:\/\/api.w.org\/{rel}","templated":true}]}}