{"id":9327,"date":"2023-06-27T09:42:20","date_gmt":"2023-06-27T12:42:20","guid":{"rendered":"https:\/\/www.blogsoestado.com\/evandrojunior\/?p=9327"},"modified":"2023-06-27T09:42:20","modified_gmt":"2023-06-27T12:42:20","slug":"cest-comemora-25-anos-de-servicos-prestados-a-educacao-no-maranhao","status":"publish","type":"post","link":"https:\/\/www.blogsoestado.com\/evandrojunior\/2023\/06\/27\/cest-comemora-25-anos-de-servicos-prestados-a-educacao-no-maranhao\/","title":{"rendered":"CEST comemora 25 anos de servi\u00e7os prestados \u00e0 educa\u00e7\u00e3o no Maranh\u00e3o"},"content":{"rendered":"\n<div class=\"wp-block-image\"><figure class=\"aligncenter size-large is-resized\"><img fetchpriority=\"high\" decoding=\"async\" src=\"https:\/\/www.blogsoestado.com\/evandrojunior\/files\/2023\/06\/CEST-25-ANOS5-1024x909.jpeg\" alt=\"\" class=\"wp-image-9328\" width=\"560\" height=\"496\"\/><figcaption><strong>Maria de Nazareth Mendes, diretora geral do CEST, e a vice-diretora geral, Concei\u00e7\u00e3o Melo Rolim, na celebra\u00e7\u00e3o dos 25 anos da Faculdade<\/strong><\/figcaption><\/figure><\/div>\n\n\n\n<p><strong>S\u00e3o Lu\u00eds<\/strong> &#8211; A Faculdade Santa Terezinha &#8211; CEST completou 25 anos de relevantes servi\u00e7os prestados \u00e0 educa\u00e7\u00e3o e \u00e0 forma\u00e7\u00e3o profissional. A data foi marcada pela realiza\u00e7\u00e3o de um culto ecum\u00eanico no campus da faculdade, no Anil, reunindo alunos, professores, colaboradores, gestores e dirigentes da institui\u00e7\u00e3o e da mantenedora, a Apae de S\u00e3o Lu\u00eds, como forma de gratid\u00e3o e reconhecimento pelas conquistas obtidas ao longo da trajet\u00f3ria.<\/p>\n\n\n\n<p>H\u00e1 25 anos transformando vidas, a faculdade foi fundada pelo Prof. Expedito Alves de Melo e sua esposa, Ant\u00f4nio Zeile Lima Melo, e j\u00e1 formou 7.693 profissionais nas diferentes \u00e1reas dos cursos ofertados. <\/p>\n\n\n\n<p>Participaram da solenidade a\u00a0presidente da APAE de S\u00e3o Lu\u00eds (mantenedora do CEST) Arionildes Silva, e o diretor executivo, Vanderlaan Rolim; a Profa. Maria de Nazareth Mendes, diretora geral do CEST; a vice-diretora geral, Dra. Concei\u00e7\u00e3o Melo Rolim, e a diretora acad\u00eamica, Profa. Rosanna Couto.<\/p>\n\n\n\n<div class=\"wp-block-image\"><figure class=\"aligncenter size-large is-resized\"><img decoding=\"async\" src=\"https:\/\/www.blogsoestado.com\/evandrojunior\/files\/2023\/06\/DIVUGLACAO-9-1024x682.jpg\" alt=\"\" class=\"wp-image-9329\" width=\"592\" height=\"394\"\/><figcaption><strong>Celebra\u00e7\u00e3o ecum\u00eanica com o padre C\u00e9sar de Sousa, pastor Jo\u00e3o Batista Silva, representante evang\u00e9lico, e Jacob Williams Martins Queiroz, representante da religi\u00e3o esp\u00edrita<\/strong><\/figcaption><\/figure><\/div>\n\n\n\n<p>A celebra\u00e7\u00e3o teve como atra\u00e7\u00e3o cultural\u00a0o\u00a0Bumba Meu Boi Mimoso, da APAE de S\u00e3o Lu\u00eds. E contou, tamb\u00e9m, com um momento c\u00edvico de hasteamento da bandeira, seguido do\u00a0Culto Ecum\u00eanico em A\u00e7\u00e3o de Gra\u00e7as conduzido pelos ministrantes: Pastor Jo\u00e3o Batista Silva, representante evang\u00e9lico; Jacob Williams Martins Queiroz, presidente do Lar de Jos\u00e9 e representante esp\u00edrita; e pelo padre C\u00e9sar de Sousa, representante da Igreja Cat\u00f3lica.<\/p>\n\n\n\n<p>Uma trajet\u00f3ria vitoriosa de educa\u00e7\u00e3o, inclus\u00e3o e transforma\u00e7\u00e3o social e que, em breve, vai culminar em outra merecida conquista: a\u00a0transforma\u00e7\u00e3o do CEST em Centro Universit\u00e1rio.<\/p>\n","protected":false},"excerpt":{"rendered":"<p>S\u00e3o Lu\u00eds &#8211; A Faculdade Santa Terezinha &#8211; CEST completou 25 anos de relevantes servi\u00e7os prestados \u00e0 educa\u00e7\u00e3o e \u00e0 [&hellip;]<\/p>\n","protected":false},"author":4,"featured_media":0,"comment_status":"open","ping_status":"open","sticky":false,"template":"","format":"standard","meta":{"site-sidebar-layout":"default","site-content-layout":"","ast-site-content-layout":"default","site-content-style":"default","site-sidebar-style":"default","ast-global-header-display":"","ast-banner-title-visibility":"","ast-main-header-display":"","ast-hfb-above-header-display":"","ast-hfb-below-header-display":"","ast-hfb-mobile-header-display":"","site-post-title":"","ast-breadcrumbs-content":"","ast-featured-img":"","footer-sml-layout":"","ast-disable-related-posts":"","theme-transparent-header-meta":"","adv-header-id-meta":"","stick-header-meta":"","header-above-stick-meta":"","header-main-stick-meta":"","header-below-stick-meta":"","astra-migrate-meta-layouts":"default","ast-page-background-enabled":"default","ast-page-background-meta":{"desktop":{"background-color":"var(--ast-global-color-5)","background-image":"","background-repeat":"repeat","background-position":"center center","background-size":"auto","background-attachment":"scroll","background-type":"","background-media":"","overlay-type":"","overlay-color":"","overlay-opacity":"","overlay-gradient":""},"tablet":{"background-color":"","background-image":"","background-repeat":"repeat","background-position":"center center","background-size":"auto","background-attachment":"scroll","background-type":"","background-media":"","overlay-type":"","overlay-color":"","overlay-opacity":"","overlay-gradient":""},"mobile":{"background-color":"","background-image":"","background-repeat":"repeat","background-position":"center center","background-size":"auto","background-attachment":"scroll","background-type":"","background-media":"","overlay-type":"","overlay-color":"","overlay-opacity":"","overlay-gradient":""}},"ast-content-background-meta":{"desktop":{"background-color":"var(--ast-global-color-4)","background-image":"","background-repeat":"repeat","background-position":"center center","background-size":"auto","background-attachment":"scroll","background-type":"","background-media":"","overlay-type":"","overlay-color":"","overlay-opacity":"","overlay-gradient":""},"tablet":{"background-color":"var(--ast-global-color-4)","background-image":"","background-repeat":"repeat","background-position":"center center","background-size":"auto","background-attachment":"scroll","background-type":"","background-media":"","overlay-type":"","overlay-color":"","overlay-opacity":"","overlay-gradient":""},"mobile":{"background-color":"var(--ast-global-color-4)","background-image":"","background-repeat":"repeat","background-position":"center center","background-size":"auto","background-attachment":"scroll","background-type":"","background-media":"","overlay-type":"","overlay-color":"","overlay-opacity":"","overlay-gradient":""}},"footnotes":""},"categories":[1],"tags":[],"class_list":["post-9327","post","type-post","status-publish","format-standard","hentry","category-sem-categoria"],"yoast_head":"<!-- This site is optimized with the Yoast SEO plugin v26.6 - https:\/\/yoast.com\/wordpress\/plugins\/seo\/ -->\n<title>CEST comemora 25 anos de servi\u00e7os prestados \u00e0 educa\u00e7\u00e3o no Maranh\u00e3o - Evandro Junior<\/title>\n<meta name=\"robots\" content=\"index, follow, max-snippet:-1, max-image-preview:large, max-video-preview:-1\" \/>\n<link rel=\"canonical\" href=\"https:\/\/www.blogsoestado.com\/evandrojunior\/2023\/06\/27\/cest-comemora-25-anos-de-servicos-prestados-a-educacao-no-maranhao\/\" \/>\n<meta property=\"og:locale\" content=\"pt_BR\" \/>\n<meta property=\"og:type\" content=\"article\" \/>\n<meta property=\"og:title\" content=\"CEST comemora 25 anos de servi\u00e7os prestados \u00e0 educa\u00e7\u00e3o no Maranh\u00e3o - Evandro Junior\" \/>\n<meta property=\"og:description\" content=\"S\u00e3o Lu\u00eds &#8211; A Faculdade Santa Terezinha &#8211; CEST completou 25 anos de relevantes servi\u00e7os prestados \u00e0 educa\u00e7\u00e3o e \u00e0 [&hellip;]\" \/>\n<meta property=\"og:url\" content=\"https:\/\/www.blogsoestado.com\/evandrojunior\/2023\/06\/27\/cest-comemora-25-anos-de-servicos-prestados-a-educacao-no-maranhao\/\" \/>\n<meta property=\"og:site_name\" content=\"Evandro Junior\" \/>\n<meta property=\"article:published_time\" content=\"2023-06-27T12:42:20+00:00\" \/>\n<meta property=\"og:image\" content=\"https:\/\/www.blogsoestado.com\/evandrojunior\/files\/2023\/06\/CEST-25-ANOS5-1024x909.jpeg\" \/>\n<meta name=\"author\" content=\"Evandro Junior\" \/>\n<meta name=\"twitter:card\" content=\"summary_large_image\" \/>\n<meta name=\"twitter:label1\" content=\"Escrito por\" \/>\n\t<meta name=\"twitter:data1\" content=\"Evandro Junior\" \/>\n\t<meta name=\"twitter:label2\" content=\"Est. tempo de leitura\" \/>\n\t<meta name=\"twitter:data2\" content=\"2 minutos\" \/>\n<script type=\"application\/ld+json\" class=\"yoast-schema-graph\">{\"@context\":\"https:\/\/schema.org\",\"@graph\":[{\"@type\":\"WebPage\",\"@id\":\"https:\/\/www.blogsoestado.com\/evandrojunior\/2023\/06\/27\/cest-comemora-25-anos-de-servicos-prestados-a-educacao-no-maranhao\/\",\"url\":\"https:\/\/www.blogsoestado.com\/evandrojunior\/2023\/06\/27\/cest-comemora-25-anos-de-servicos-prestados-a-educacao-no-maranhao\/\",\"name\":\"CEST comemora 25 anos de servi\u00e7os prestados \u00e0 educa\u00e7\u00e3o no Maranh\u00e3o - Evandro Junior\",\"isPartOf\":{\"@id\":\"https:\/\/www.blogsoestado.com\/evandrojunior\/#website\"},\"primaryImageOfPage\":{\"@id\":\"https:\/\/www.blogsoestado.com\/evandrojunior\/2023\/06\/27\/cest-comemora-25-anos-de-servicos-prestados-a-educacao-no-maranhao\/#primaryimage\"},\"image\":{\"@id\":\"https:\/\/www.blogsoestado.com\/evandrojunior\/2023\/06\/27\/cest-comemora-25-anos-de-servicos-prestados-a-educacao-no-maranhao\/#primaryimage\"},\"thumbnailUrl\":\"https:\/\/www.blogsoestado.com\/evandrojunior\/files\/2023\/06\/CEST-25-ANOS5-1024x909.jpeg\",\"datePublished\":\"2023-06-27T12:42:20+00:00\",\"author\":{\"@id\":\"https:\/\/www.blogsoestado.com\/evandrojunior\/#\/schema\/person\/3e6c3d8dbb740d1c6878ebc935cfb3be\"},\"breadcrumb\":{\"@id\":\"https:\/\/www.blogsoestado.com\/evandrojunior\/2023\/06\/27\/cest-comemora-25-anos-de-servicos-prestados-a-educacao-no-maranhao\/#breadcrumb\"},\"inLanguage\":\"pt-BR\",\"potentialAction\":[{\"@type\":\"ReadAction\",\"target\":[\"https:\/\/www.blogsoestado.com\/evandrojunior\/2023\/06\/27\/cest-comemora-25-anos-de-servicos-prestados-a-educacao-no-maranhao\/\"]}]},{\"@type\":\"ImageObject\",\"inLanguage\":\"pt-BR\",\"@id\":\"https:\/\/www.blogsoestado.com\/evandrojunior\/2023\/06\/27\/cest-comemora-25-anos-de-servicos-prestados-a-educacao-no-maranhao\/#primaryimage\",\"url\":\"https:\/\/www.blogsoestado.com\/evandrojunior\/files\/2023\/06\/CEST-25-ANOS5-1024x909.jpeg\",\"contentUrl\":\"https:\/\/www.blogsoestado.com\/evandrojunior\/files\/2023\/06\/CEST-25-ANOS5-1024x909.jpeg\"},{\"@type\":\"BreadcrumbList\",\"@id\":\"https:\/\/www.blogsoestado.com\/evandrojunior\/2023\/06\/27\/cest-comemora-25-anos-de-servicos-prestados-a-educacao-no-maranhao\/#breadcrumb\",\"itemListElement\":[{\"@type\":\"ListItem\",\"position\":1,\"name\":\"In\u00edcio\",\"item\":\"https:\/\/www.blogsoestado.com\/evandrojunior\/\"},{\"@type\":\"ListItem\",\"position\":2,\"name\":\"CEST comemora 25 anos de servi\u00e7os prestados \u00e0 educa\u00e7\u00e3o no Maranh\u00e3o\"}]},{\"@type\":\"WebSite\",\"@id\":\"https:\/\/www.blogsoestado.com\/evandrojunior\/#website\",\"url\":\"https:\/\/www.blogsoestado.com\/evandrojunior\/\",\"name\":\"Evandro Junior\",\"description\":\"\",\"potentialAction\":[{\"@type\":\"SearchAction\",\"target\":{\"@type\":\"EntryPoint\",\"urlTemplate\":\"https:\/\/www.blogsoestado.com\/evandrojunior\/?s={search_term_string}\"},\"query-input\":{\"@type\":\"PropertyValueSpecification\",\"valueRequired\":true,\"valueName\":\"search_term_string\"}}],\"inLanguage\":\"pt-BR\"},{\"@type\":\"Person\",\"@id\":\"https:\/\/www.blogsoestado.com\/evandrojunior\/#\/schema\/person\/3e6c3d8dbb740d1c6878ebc935cfb3be\",\"name\":\"Evandro Junior\",\"image\":{\"@type\":\"ImageObject\",\"inLanguage\":\"pt-BR\",\"@id\":\"https:\/\/www.blogsoestado.com\/evandrojunior\/#\/schema\/person\/image\/\",\"url\":\"https:\/\/secure.gravatar.com\/avatar\/f80a03a2294a580cd2318bfb459bf354cfa8be661ef3d95b542cf9a04af8d129?s=96&d=mm&r=g\",\"contentUrl\":\"https:\/\/secure.gravatar.com\/avatar\/f80a03a2294a580cd2318bfb459bf354cfa8be661ef3d95b542cf9a04af8d129?s=96&d=mm&r=g\",\"caption\":\"Evandro Junior\"},\"url\":\"https:\/\/www.blogsoestado.com\/evandrojunior\/author\/evandrojunior\/\"}]}<\/script>\n<!-- \/ Yoast SEO plugin. -->","yoast_head_json":{"title":"CEST comemora 25 anos de servi\u00e7os prestados \u00e0 educa\u00e7\u00e3o no Maranh\u00e3o - Evandro Junior","robots":{"index":"index","follow":"follow","max-snippet":"max-snippet:-1","max-image-preview":"max-image-preview:large","max-video-preview":"max-video-preview:-1"},"canonical":"https:\/\/www.blogsoestado.com\/evandrojunior\/2023\/06\/27\/cest-comemora-25-anos-de-servicos-prestados-a-educacao-no-maranhao\/","og_locale":"pt_BR","og_type":"article","og_title":"CEST comemora 25 anos de servi\u00e7os prestados \u00e0 educa\u00e7\u00e3o no Maranh\u00e3o - Evandro Junior","og_description":"S\u00e3o Lu\u00eds &#8211; A Faculdade Santa Terezinha &#8211; CEST completou 25 anos de relevantes servi\u00e7os prestados \u00e0 educa\u00e7\u00e3o e \u00e0 [&hellip;]","og_url":"https:\/\/www.blogsoestado.com\/evandrojunior\/2023\/06\/27\/cest-comemora-25-anos-de-servicos-prestados-a-educacao-no-maranhao\/","og_site_name":"Evandro Junior","article_published_time":"2023-06-27T12:42:20+00:00","og_image":[{"url":"https:\/\/www.blogsoestado.com\/evandrojunior\/files\/2023\/06\/CEST-25-ANOS5-1024x909.jpeg","type":"","width":"","height":""}],"author":"Evandro Junior","twitter_card":"summary_large_image","twitter_misc":{"Escrito por":"Evandro Junior","Est. tempo de leitura":"2 minutos"},"schema":{"@context":"https:\/\/schema.org","@graph":[{"@type":"WebPage","@id":"https:\/\/www.blogsoestado.com\/evandrojunior\/2023\/06\/27\/cest-comemora-25-anos-de-servicos-prestados-a-educacao-no-maranhao\/","url":"https:\/\/www.blogsoestado.com\/evandrojunior\/2023\/06\/27\/cest-comemora-25-anos-de-servicos-prestados-a-educacao-no-maranhao\/","name":"CEST comemora 25 anos de servi\u00e7os prestados \u00e0 educa\u00e7\u00e3o no Maranh\u00e3o - Evandro Junior","isPartOf":{"@id":"https:\/\/www.blogsoestado.com\/evandrojunior\/#website"},"primaryImageOfPage":{"@id":"https:\/\/www.blogsoestado.com\/evandrojunior\/2023\/06\/27\/cest-comemora-25-anos-de-servicos-prestados-a-educacao-no-maranhao\/#primaryimage"},"image":{"@id":"https:\/\/www.blogsoestado.com\/evandrojunior\/2023\/06\/27\/cest-comemora-25-anos-de-servicos-prestados-a-educacao-no-maranhao\/#primaryimage"},"thumbnailUrl":"https:\/\/www.blogsoestado.com\/evandrojunior\/files\/2023\/06\/CEST-25-ANOS5-1024x909.jpeg","datePublished":"2023-06-27T12:42:20+00:00","author":{"@id":"https:\/\/www.blogsoestado.com\/evandrojunior\/#\/schema\/person\/3e6c3d8dbb740d1c6878ebc935cfb3be"},"breadcrumb":{"@id":"https:\/\/www.blogsoestado.com\/evandrojunior\/2023\/06\/27\/cest-comemora-25-anos-de-servicos-prestados-a-educacao-no-maranhao\/#breadcrumb"},"inLanguage":"pt-BR","potentialAction":[{"@type":"ReadAction","target":["https:\/\/www.blogsoestado.com\/evandrojunior\/2023\/06\/27\/cest-comemora-25-anos-de-servicos-prestados-a-educacao-no-maranhao\/"]}]},{"@type":"ImageObject","inLanguage":"pt-BR","@id":"https:\/\/www.blogsoestado.com\/evandrojunior\/2023\/06\/27\/cest-comemora-25-anos-de-servicos-prestados-a-educacao-no-maranhao\/#primaryimage","url":"https:\/\/www.blogsoestado.com\/evandrojunior\/files\/2023\/06\/CEST-25-ANOS5-1024x909.jpeg","contentUrl":"https:\/\/www.blogsoestado.com\/evandrojunior\/files\/2023\/06\/CEST-25-ANOS5-1024x909.jpeg"},{"@type":"BreadcrumbList","@id":"https:\/\/www.blogsoestado.com\/evandrojunior\/2023\/06\/27\/cest-comemora-25-anos-de-servicos-prestados-a-educacao-no-maranhao\/#breadcrumb","itemListElement":[{"@type":"ListItem","position":1,"name":"In\u00edcio","item":"https:\/\/www.blogsoestado.com\/evandrojunior\/"},{"@type":"ListItem","position":2,"name":"CEST comemora 25 anos de servi\u00e7os prestados \u00e0 educa\u00e7\u00e3o no Maranh\u00e3o"}]},{"@type":"WebSite","@id":"https:\/\/www.blogsoestado.com\/evandrojunior\/#website","url":"https:\/\/www.blogsoestado.com\/evandrojunior\/","name":"Evandro Junior","description":"","potentialAction":[{"@type":"SearchAction","target":{"@type":"EntryPoint","urlTemplate":"https:\/\/www.blogsoestado.com\/evandrojunior\/?s={search_term_string}"},"query-input":{"@type":"PropertyValueSpecification","valueRequired":true,"valueName":"search_term_string"}}],"inLanguage":"pt-BR"},{"@type":"Person","@id":"https:\/\/www.blogsoestado.com\/evandrojunior\/#\/schema\/person\/3e6c3d8dbb740d1c6878ebc935cfb3be","name":"Evandro Junior","image":{"@type":"ImageObject","inLanguage":"pt-BR","@id":"https:\/\/www.blogsoestado.com\/evandrojunior\/#\/schema\/person\/image\/","url":"https:\/\/secure.gravatar.com\/avatar\/f80a03a2294a580cd2318bfb459bf354cfa8be661ef3d95b542cf9a04af8d129?s=96&d=mm&r=g","contentUrl":"https:\/\/secure.gravatar.com\/avatar\/f80a03a2294a580cd2318bfb459bf354cfa8be661ef3d95b542cf9a04af8d129?s=96&d=mm&r=g","caption":"Evandro Junior"},"url":"https:\/\/www.blogsoestado.com\/evandrojunior\/author\/evandrojunior\/"}]}},"jetpack_featured_media_url":"","_links":{"self":[{"href":"https:\/\/www.blogsoestado.com\/evandrojunior\/wp-json\/wp\/v2\/posts\/9327","targetHints":{"allow":["GET"]}}],"collection":[{"href":"https:\/\/www.blogsoestado.com\/evandrojunior\/wp-json\/wp\/v2\/posts"}],"about":[{"href":"https:\/\/www.blogsoestado.com\/evandrojunior\/wp-json\/wp\/v2\/types\/post"}],"author":[{"embeddable":true,"href":"https:\/\/www.blogsoestado.com\/evandrojunior\/wp-json\/wp\/v2\/users\/4"}],"replies":[{"embeddable":true,"href":"https:\/\/www.blogsoestado.com\/evandrojunior\/wp-json\/wp\/v2\/comments?post=9327"}],"version-history":[{"count":0,"href":"https:\/\/www.blogsoestado.com\/evandrojunior\/wp-json\/wp\/v2\/posts\/9327\/revisions"}],"wp:attachment":[{"href":"https:\/\/www.blogsoestado.com\/evandrojunior\/wp-json\/wp\/v2\/media?parent=9327"}],"wp:term":[{"taxonomy":"category","embeddable":true,"href":"https:\/\/www.blogsoestado.com\/evandrojunior\/wp-json\/wp\/v2\/categories?post=9327"},{"taxonomy":"post_tag","embeddable":true,"href":"https:\/\/www.blogsoestado.com\/evandrojunior\/wp-json\/wp\/v2\/tags?post=9327"}],"curies":[{"name":"wp","href":"https:\/\/api.w.org\/{rel}","templated":true}]}}