{"id":9344,"date":"2023-06-27T17:45:26","date_gmt":"2023-06-27T20:45:26","guid":{"rendered":"https:\/\/www.blogsoestado.com\/evandrojunior\/?p=9344"},"modified":"2023-06-27T17:45:26","modified_gmt":"2023-06-27T20:45:26","slug":"gajo-entretenimento-traz-turne-tardezinha-para-o-espaco-reserva","status":"publish","type":"post","link":"https:\/\/www.blogsoestado.com\/evandrojunior\/2023\/06\/27\/gajo-entretenimento-traz-turne-tardezinha-para-o-espaco-reserva\/","title":{"rendered":"Gajo Entretenimento trar\u00e1 turn\u00ea &#8220;Tardezinha&#8221; para o Espa\u00e7o Reserva"},"content":{"rendered":"\n<div class=\"wp-block-image\"><figure class=\"aligncenter size-large is-resized\"><img fetchpriority=\"high\" decoding=\"async\" src=\"https:\/\/www.blogsoestado.com\/evandrojunior\/files\/2023\/06\/Thiaguinho.jpg\" alt=\"\" class=\"wp-image-9350\" width=\"417\" height=\"539\"\/><figcaption><strong>Cantor Thiaguinho vem a S\u00e3o Lu\u00eds com sua turn\u00ea &#8220;Tardezinha&#8221;, um grande sucesso no Brasil e exterior<\/strong><\/figcaption><\/figure><\/div>\n\n\n\n<p><strong>S\u00e3o Lu\u00eds<\/strong> &#8211; A turn\u00ea &#8220;Tardezinha&#8221;, comandada pelo cantor Thiaguinho, vai aterrissar em S\u00e3o Lu\u00eds no dia 8 de julho, com um grande evento, \u00e0s 16h, no Espa\u00e7o Reserva, ao lado do estacionamento do Shopping da Ilha (Maranh\u00e3o Novo). <\/p>\n\n\n\n<p>A produ\u00e7\u00e3o caprichada, com a participa\u00e7\u00e3o do cantor Chrigor, ex-integrante do Exaltasamba, \u00e9 da Gajo Entretenimento, com a assinatura do veterano Paulo Siqueira. <\/p>\n\n\n\n<p>Os ingressos est\u00e3o \u00e0 venda nas lojas Chilli Beans (Rio Anil) e Degraus (Shopping da Ilha), al\u00e9m do site ou aplicativo da Bilheteria Digital. <\/p>\n\n\n\n<p>Com honras e pompas, a quarta edi\u00e7\u00e3o da iniciativa que est\u00e1 fazendo hist\u00f3ria na seara do samba ser\u00e1 uma verdadeira festa. A turn\u00ea passa por 25 cidades brasileiras nesta fase, com incurs\u00f5es, ainda, pelos Estados Unidos e Portugal.<\/p>\n\n\n\n<div class=\"wp-block-image\"><figure class=\"aligncenter size-large is-resized\"><img decoding=\"async\" src=\"https:\/\/www.blogsoestado.com\/evandrojunior\/files\/2023\/06\/Paulo-e-Thiaguinho.jpeg\" alt=\"\" class=\"wp-image-9346\" width=\"413\" height=\"514\"\/><figcaption><strong>Paulo Siqueira, da Gajo Entretenimento, com o cantor Thiaguinho <\/strong><\/figcaption><\/figure><\/div>\n\n\n\n<p>A retomada dos shows foi com evento no Parque Ol\u00edmpico, na Barra da Tijuca (RJ). Foram mais de cinco horas seguidas de m\u00fasica (o que deve se repetir em S\u00e3o Lu\u00eds), com can\u00e7\u00f5es autorais e cl\u00e1ssicos do samba e do pagode, al\u00e9m das participa\u00e7\u00f5es especiais de P\u00e9ricles e Chrigor.<\/p>\n\n\n\n<p>Criado h\u00e1 seis anos pelo sambista, em parceria com o ator Rafael Zulu,\u00a0o projeto soma dois \u00e1lbuns e um document\u00e1rio, al\u00e9m de ter percorrido palcos diversos, contabilizando mais de 160 shows.<\/p>\n","protected":false},"excerpt":{"rendered":"<p>S\u00e3o Lu\u00eds &#8211; A turn\u00ea &#8220;Tardezinha&#8221;, comandada pelo cantor Thiaguinho, vai aterrissar em S\u00e3o Lu\u00eds no dia 8 de julho, [&hellip;]<\/p>\n","protected":false},"author":4,"featured_media":0,"comment_status":"open","ping_status":"open","sticky":false,"template":"","format":"standard","meta":{"site-sidebar-layout":"default","site-content-layout":"","ast-site-content-layout":"default","site-content-style":"default","site-sidebar-style":"default","ast-global-header-display":"","ast-banner-title-visibility":"","ast-main-header-display":"","ast-hfb-above-header-display":"","ast-hfb-below-header-display":"","ast-hfb-mobile-header-display":"","site-post-title":"","ast-breadcrumbs-content":"","ast-featured-img":"","footer-sml-layout":"","ast-disable-related-posts":"","theme-transparent-header-meta":"","adv-header-id-meta":"","stick-header-meta":"","header-above-stick-meta":"","header-main-stick-meta":"","header-below-stick-meta":"","astra-migrate-meta-layouts":"default","ast-page-background-enabled":"default","ast-page-background-meta":{"desktop":{"background-color":"var(--ast-global-color-5)","background-image":"","background-repeat":"repeat","background-position":"center center","background-size":"auto","background-attachment":"scroll","background-type":"","background-media":"","overlay-type":"","overlay-color":"","overlay-opacity":"","overlay-gradient":""},"tablet":{"background-color":"","background-image":"","background-repeat":"repeat","background-position":"center center","background-size":"auto","background-attachment":"scroll","background-type":"","background-media":"","overlay-type":"","overlay-color":"","overlay-opacity":"","overlay-gradient":""},"mobile":{"background-color":"","background-image":"","background-repeat":"repeat","background-position":"center center","background-size":"auto","background-attachment":"scroll","background-type":"","background-media":"","overlay-type":"","overlay-color":"","overlay-opacity":"","overlay-gradient":""}},"ast-content-background-meta":{"desktop":{"background-color":"var(--ast-global-color-4)","background-image":"","background-repeat":"repeat","background-position":"center center","background-size":"auto","background-attachment":"scroll","background-type":"","background-media":"","overlay-type":"","overlay-color":"","overlay-opacity":"","overlay-gradient":""},"tablet":{"background-color":"var(--ast-global-color-4)","background-image":"","background-repeat":"repeat","background-position":"center center","background-size":"auto","background-attachment":"scroll","background-type":"","background-media":"","overlay-type":"","overlay-color":"","overlay-opacity":"","overlay-gradient":""},"mobile":{"background-color":"var(--ast-global-color-4)","background-image":"","background-repeat":"repeat","background-position":"center center","background-size":"auto","background-attachment":"scroll","background-type":"","background-media":"","overlay-type":"","overlay-color":"","overlay-opacity":"","overlay-gradient":""}},"footnotes":""},"categories":[1],"tags":[],"class_list":["post-9344","post","type-post","status-publish","format-standard","hentry","category-sem-categoria"],"yoast_head":"<!-- This site is optimized with the Yoast SEO plugin v26.6 - https:\/\/yoast.com\/wordpress\/plugins\/seo\/ -->\n<title>Gajo Entretenimento trar\u00e1 turn\u00ea &quot;Tardezinha&quot; para o Espa\u00e7o Reserva - Evandro Junior<\/title>\n<meta name=\"robots\" content=\"index, follow, max-snippet:-1, max-image-preview:large, max-video-preview:-1\" \/>\n<link rel=\"canonical\" href=\"https:\/\/www.blogsoestado.com\/evandrojunior\/2023\/06\/27\/gajo-entretenimento-traz-turne-tardezinha-para-o-espaco-reserva\/\" \/>\n<meta property=\"og:locale\" content=\"pt_BR\" \/>\n<meta property=\"og:type\" content=\"article\" \/>\n<meta property=\"og:title\" content=\"Gajo Entretenimento trar\u00e1 turn\u00ea &quot;Tardezinha&quot; para o Espa\u00e7o Reserva - Evandro Junior\" \/>\n<meta property=\"og:description\" content=\"S\u00e3o Lu\u00eds &#8211; A turn\u00ea &#8220;Tardezinha&#8221;, comandada pelo cantor Thiaguinho, vai aterrissar em S\u00e3o Lu\u00eds no dia 8 de julho, [&hellip;]\" \/>\n<meta property=\"og:url\" content=\"https:\/\/www.blogsoestado.com\/evandrojunior\/2023\/06\/27\/gajo-entretenimento-traz-turne-tardezinha-para-o-espaco-reserva\/\" \/>\n<meta property=\"og:site_name\" content=\"Evandro Junior\" \/>\n<meta property=\"article:published_time\" content=\"2023-06-27T20:45:26+00:00\" \/>\n<meta property=\"og:image\" content=\"https:\/\/www.blogsoestado.com\/evandrojunior\/files\/2023\/06\/Thiaguinho.jpg\" \/>\n<meta name=\"author\" content=\"Evandro Junior\" \/>\n<meta name=\"twitter:card\" content=\"summary_large_image\" \/>\n<meta name=\"twitter:label1\" content=\"Escrito por\" \/>\n\t<meta name=\"twitter:data1\" content=\"Evandro Junior\" \/>\n\t<meta name=\"twitter:label2\" content=\"Est. tempo de leitura\" \/>\n\t<meta name=\"twitter:data2\" content=\"2 minutos\" \/>\n<script type=\"application\/ld+json\" class=\"yoast-schema-graph\">{\"@context\":\"https:\/\/schema.org\",\"@graph\":[{\"@type\":\"WebPage\",\"@id\":\"https:\/\/www.blogsoestado.com\/evandrojunior\/2023\/06\/27\/gajo-entretenimento-traz-turne-tardezinha-para-o-espaco-reserva\/\",\"url\":\"https:\/\/www.blogsoestado.com\/evandrojunior\/2023\/06\/27\/gajo-entretenimento-traz-turne-tardezinha-para-o-espaco-reserva\/\",\"name\":\"Gajo Entretenimento trar\u00e1 turn\u00ea \\\"Tardezinha\\\" para o Espa\u00e7o Reserva - Evandro Junior\",\"isPartOf\":{\"@id\":\"https:\/\/www.blogsoestado.com\/evandrojunior\/#website\"},\"primaryImageOfPage\":{\"@id\":\"https:\/\/www.blogsoestado.com\/evandrojunior\/2023\/06\/27\/gajo-entretenimento-traz-turne-tardezinha-para-o-espaco-reserva\/#primaryimage\"},\"image\":{\"@id\":\"https:\/\/www.blogsoestado.com\/evandrojunior\/2023\/06\/27\/gajo-entretenimento-traz-turne-tardezinha-para-o-espaco-reserva\/#primaryimage\"},\"thumbnailUrl\":\"https:\/\/www.blogsoestado.com\/evandrojunior\/files\/2023\/06\/Thiaguinho.jpg\",\"datePublished\":\"2023-06-27T20:45:26+00:00\",\"author\":{\"@id\":\"https:\/\/www.blogsoestado.com\/evandrojunior\/#\/schema\/person\/3e6c3d8dbb740d1c6878ebc935cfb3be\"},\"breadcrumb\":{\"@id\":\"https:\/\/www.blogsoestado.com\/evandrojunior\/2023\/06\/27\/gajo-entretenimento-traz-turne-tardezinha-para-o-espaco-reserva\/#breadcrumb\"},\"inLanguage\":\"pt-BR\",\"potentialAction\":[{\"@type\":\"ReadAction\",\"target\":[\"https:\/\/www.blogsoestado.com\/evandrojunior\/2023\/06\/27\/gajo-entretenimento-traz-turne-tardezinha-para-o-espaco-reserva\/\"]}]},{\"@type\":\"ImageObject\",\"inLanguage\":\"pt-BR\",\"@id\":\"https:\/\/www.blogsoestado.com\/evandrojunior\/2023\/06\/27\/gajo-entretenimento-traz-turne-tardezinha-para-o-espaco-reserva\/#primaryimage\",\"url\":\"https:\/\/www.blogsoestado.com\/evandrojunior\/files\/2023\/06\/Thiaguinho.jpg\",\"contentUrl\":\"https:\/\/www.blogsoestado.com\/evandrojunior\/files\/2023\/06\/Thiaguinho.jpg\"},{\"@type\":\"BreadcrumbList\",\"@id\":\"https:\/\/www.blogsoestado.com\/evandrojunior\/2023\/06\/27\/gajo-entretenimento-traz-turne-tardezinha-para-o-espaco-reserva\/#breadcrumb\",\"itemListElement\":[{\"@type\":\"ListItem\",\"position\":1,\"name\":\"In\u00edcio\",\"item\":\"https:\/\/www.blogsoestado.com\/evandrojunior\/\"},{\"@type\":\"ListItem\",\"position\":2,\"name\":\"Gajo Entretenimento trar\u00e1 turn\u00ea &#8220;Tardezinha&#8221; para o Espa\u00e7o Reserva\"}]},{\"@type\":\"WebSite\",\"@id\":\"https:\/\/www.blogsoestado.com\/evandrojunior\/#website\",\"url\":\"https:\/\/www.blogsoestado.com\/evandrojunior\/\",\"name\":\"Evandro Junior\",\"description\":\"\",\"potentialAction\":[{\"@type\":\"SearchAction\",\"target\":{\"@type\":\"EntryPoint\",\"urlTemplate\":\"https:\/\/www.blogsoestado.com\/evandrojunior\/?s={search_term_string}\"},\"query-input\":{\"@type\":\"PropertyValueSpecification\",\"valueRequired\":true,\"valueName\":\"search_term_string\"}}],\"inLanguage\":\"pt-BR\"},{\"@type\":\"Person\",\"@id\":\"https:\/\/www.blogsoestado.com\/evandrojunior\/#\/schema\/person\/3e6c3d8dbb740d1c6878ebc935cfb3be\",\"name\":\"Evandro Junior\",\"image\":{\"@type\":\"ImageObject\",\"inLanguage\":\"pt-BR\",\"@id\":\"https:\/\/www.blogsoestado.com\/evandrojunior\/#\/schema\/person\/image\/\",\"url\":\"https:\/\/secure.gravatar.com\/avatar\/f80a03a2294a580cd2318bfb459bf354cfa8be661ef3d95b542cf9a04af8d129?s=96&d=mm&r=g\",\"contentUrl\":\"https:\/\/secure.gravatar.com\/avatar\/f80a03a2294a580cd2318bfb459bf354cfa8be661ef3d95b542cf9a04af8d129?s=96&d=mm&r=g\",\"caption\":\"Evandro Junior\"},\"url\":\"https:\/\/www.blogsoestado.com\/evandrojunior\/author\/evandrojunior\/\"}]}<\/script>\n<!-- \/ Yoast SEO plugin. -->","yoast_head_json":{"title":"Gajo Entretenimento trar\u00e1 turn\u00ea \"Tardezinha\" para o Espa\u00e7o Reserva - Evandro Junior","robots":{"index":"index","follow":"follow","max-snippet":"max-snippet:-1","max-image-preview":"max-image-preview:large","max-video-preview":"max-video-preview:-1"},"canonical":"https:\/\/www.blogsoestado.com\/evandrojunior\/2023\/06\/27\/gajo-entretenimento-traz-turne-tardezinha-para-o-espaco-reserva\/","og_locale":"pt_BR","og_type":"article","og_title":"Gajo Entretenimento trar\u00e1 turn\u00ea \"Tardezinha\" para o Espa\u00e7o Reserva - Evandro Junior","og_description":"S\u00e3o Lu\u00eds &#8211; A turn\u00ea &#8220;Tardezinha&#8221;, comandada pelo cantor Thiaguinho, vai aterrissar em S\u00e3o Lu\u00eds no dia 8 de julho, [&hellip;]","og_url":"https:\/\/www.blogsoestado.com\/evandrojunior\/2023\/06\/27\/gajo-entretenimento-traz-turne-tardezinha-para-o-espaco-reserva\/","og_site_name":"Evandro Junior","article_published_time":"2023-06-27T20:45:26+00:00","og_image":[{"url":"https:\/\/www.blogsoestado.com\/evandrojunior\/files\/2023\/06\/Thiaguinho.jpg","type":"","width":"","height":""}],"author":"Evandro Junior","twitter_card":"summary_large_image","twitter_misc":{"Escrito por":"Evandro Junior","Est. tempo de leitura":"2 minutos"},"schema":{"@context":"https:\/\/schema.org","@graph":[{"@type":"WebPage","@id":"https:\/\/www.blogsoestado.com\/evandrojunior\/2023\/06\/27\/gajo-entretenimento-traz-turne-tardezinha-para-o-espaco-reserva\/","url":"https:\/\/www.blogsoestado.com\/evandrojunior\/2023\/06\/27\/gajo-entretenimento-traz-turne-tardezinha-para-o-espaco-reserva\/","name":"Gajo Entretenimento trar\u00e1 turn\u00ea \"Tardezinha\" para o Espa\u00e7o Reserva - Evandro Junior","isPartOf":{"@id":"https:\/\/www.blogsoestado.com\/evandrojunior\/#website"},"primaryImageOfPage":{"@id":"https:\/\/www.blogsoestado.com\/evandrojunior\/2023\/06\/27\/gajo-entretenimento-traz-turne-tardezinha-para-o-espaco-reserva\/#primaryimage"},"image":{"@id":"https:\/\/www.blogsoestado.com\/evandrojunior\/2023\/06\/27\/gajo-entretenimento-traz-turne-tardezinha-para-o-espaco-reserva\/#primaryimage"},"thumbnailUrl":"https:\/\/www.blogsoestado.com\/evandrojunior\/files\/2023\/06\/Thiaguinho.jpg","datePublished":"2023-06-27T20:45:26+00:00","author":{"@id":"https:\/\/www.blogsoestado.com\/evandrojunior\/#\/schema\/person\/3e6c3d8dbb740d1c6878ebc935cfb3be"},"breadcrumb":{"@id":"https:\/\/www.blogsoestado.com\/evandrojunior\/2023\/06\/27\/gajo-entretenimento-traz-turne-tardezinha-para-o-espaco-reserva\/#breadcrumb"},"inLanguage":"pt-BR","potentialAction":[{"@type":"ReadAction","target":["https:\/\/www.blogsoestado.com\/evandrojunior\/2023\/06\/27\/gajo-entretenimento-traz-turne-tardezinha-para-o-espaco-reserva\/"]}]},{"@type":"ImageObject","inLanguage":"pt-BR","@id":"https:\/\/www.blogsoestado.com\/evandrojunior\/2023\/06\/27\/gajo-entretenimento-traz-turne-tardezinha-para-o-espaco-reserva\/#primaryimage","url":"https:\/\/www.blogsoestado.com\/evandrojunior\/files\/2023\/06\/Thiaguinho.jpg","contentUrl":"https:\/\/www.blogsoestado.com\/evandrojunior\/files\/2023\/06\/Thiaguinho.jpg"},{"@type":"BreadcrumbList","@id":"https:\/\/www.blogsoestado.com\/evandrojunior\/2023\/06\/27\/gajo-entretenimento-traz-turne-tardezinha-para-o-espaco-reserva\/#breadcrumb","itemListElement":[{"@type":"ListItem","position":1,"name":"In\u00edcio","item":"https:\/\/www.blogsoestado.com\/evandrojunior\/"},{"@type":"ListItem","position":2,"name":"Gajo Entretenimento trar\u00e1 turn\u00ea &#8220;Tardezinha&#8221; para o Espa\u00e7o Reserva"}]},{"@type":"WebSite","@id":"https:\/\/www.blogsoestado.com\/evandrojunior\/#website","url":"https:\/\/www.blogsoestado.com\/evandrojunior\/","name":"Evandro Junior","description":"","potentialAction":[{"@type":"SearchAction","target":{"@type":"EntryPoint","urlTemplate":"https:\/\/www.blogsoestado.com\/evandrojunior\/?s={search_term_string}"},"query-input":{"@type":"PropertyValueSpecification","valueRequired":true,"valueName":"search_term_string"}}],"inLanguage":"pt-BR"},{"@type":"Person","@id":"https:\/\/www.blogsoestado.com\/evandrojunior\/#\/schema\/person\/3e6c3d8dbb740d1c6878ebc935cfb3be","name":"Evandro Junior","image":{"@type":"ImageObject","inLanguage":"pt-BR","@id":"https:\/\/www.blogsoestado.com\/evandrojunior\/#\/schema\/person\/image\/","url":"https:\/\/secure.gravatar.com\/avatar\/f80a03a2294a580cd2318bfb459bf354cfa8be661ef3d95b542cf9a04af8d129?s=96&d=mm&r=g","contentUrl":"https:\/\/secure.gravatar.com\/avatar\/f80a03a2294a580cd2318bfb459bf354cfa8be661ef3d95b542cf9a04af8d129?s=96&d=mm&r=g","caption":"Evandro Junior"},"url":"https:\/\/www.blogsoestado.com\/evandrojunior\/author\/evandrojunior\/"}]}},"jetpack_featured_media_url":"","_links":{"self":[{"href":"https:\/\/www.blogsoestado.com\/evandrojunior\/wp-json\/wp\/v2\/posts\/9344","targetHints":{"allow":["GET"]}}],"collection":[{"href":"https:\/\/www.blogsoestado.com\/evandrojunior\/wp-json\/wp\/v2\/posts"}],"about":[{"href":"https:\/\/www.blogsoestado.com\/evandrojunior\/wp-json\/wp\/v2\/types\/post"}],"author":[{"embeddable":true,"href":"https:\/\/www.blogsoestado.com\/evandrojunior\/wp-json\/wp\/v2\/users\/4"}],"replies":[{"embeddable":true,"href":"https:\/\/www.blogsoestado.com\/evandrojunior\/wp-json\/wp\/v2\/comments?post=9344"}],"version-history":[{"count":0,"href":"https:\/\/www.blogsoestado.com\/evandrojunior\/wp-json\/wp\/v2\/posts\/9344\/revisions"}],"wp:attachment":[{"href":"https:\/\/www.blogsoestado.com\/evandrojunior\/wp-json\/wp\/v2\/media?parent=9344"}],"wp:term":[{"taxonomy":"category","embeddable":true,"href":"https:\/\/www.blogsoestado.com\/evandrojunior\/wp-json\/wp\/v2\/categories?post=9344"},{"taxonomy":"post_tag","embeddable":true,"href":"https:\/\/www.blogsoestado.com\/evandrojunior\/wp-json\/wp\/v2\/tags?post=9344"}],"curies":[{"name":"wp","href":"https:\/\/api.w.org\/{rel}","templated":true}]}}