{"id":9368,"date":"2023-07-05T14:18:03","date_gmt":"2023-07-05T17:18:03","guid":{"rendered":"https:\/\/www.blogsoestado.com\/evandrojunior\/?p=9368"},"modified":"2023-07-05T14:18:03","modified_gmt":"2023-07-05T17:18:03","slug":"federacao-maranhense-de-skate-realizara-segunda-edicao-do-go-skateboard-slz-day","status":"publish","type":"post","link":"https:\/\/www.blogsoestado.com\/evandrojunior\/2023\/07\/05\/federacao-maranhense-de-skate-realizara-segunda-edicao-do-go-skateboard-slz-day\/","title":{"rendered":"Federa\u00e7\u00e3o Maranhense de Skate realizar\u00e1 segunda edi\u00e7\u00e3o do \u2018Go Skateboard SLZ Day\u2019"},"content":{"rendered":"\n<div class=\"wp-block-image\"><figure class=\"aligncenter size-large is-resized\"><img fetchpriority=\"high\" decoding=\"async\" src=\"https:\/\/www.blogsoestado.com\/evandrojunior\/files\/2023\/07\/WhatsApp-Image-2023-07-04-at-13.15.23-1024x826.jpeg\" alt=\"\" class=\"wp-image-9369\" width=\"504\" height=\"406\"\/><figcaption><strong>\u2018Go Skateboard SLZ Day\u2019 \u00e9 um evento esportivo em alus\u00e3o ao Dia Mundial e Municipal do Skate<\/strong><\/figcaption><\/figure><\/div>\n\n\n\n<p><strong>S\u00e3o Lu\u00eds<\/strong> &#8211; A Federa\u00e7\u00e3o Maranhense de Skate (FMS) realizar\u00e1, no dia 9 de julho (domingo), a segunda edi\u00e7\u00e3o \u2018Go Skateboard SLZ Day\u2019, com apoio da Prefeitura de S\u00e3o Lu\u00eds.<\/p>\n\n\n\n<p>O \u2018Go Skateboard SLZ Day\u2019 \u00e9 um evento esportivo em alus\u00e3o ao Dia Mundial e Municipal do Skate, celebrado em 21 de junho.<\/p>\n\n\n\n<p>Uma \u2018Skateata\u2019, batalha de beatbox, al\u00e9m de outras atividades, marcar\u00e3o a comemora\u00e7\u00e3o dedicada aos amantes deste esporte na capital maranhense. Todos os skatistas da cidade poder\u00e3o participar das atividades, a serem<br>iniciadas \u00e0s 14h e finalizadas \u00e0s 20h.<\/p>\n\n\n\n<div class=\"wp-block-image\"><figure class=\"aligncenter size-large is-resized\"><img decoding=\"async\" src=\"https:\/\/www.blogsoestado.com\/evandrojunior\/files\/2023\/07\/WhatsApp-Image-2023-07-04-at-13.15.24-1024x772.jpeg\" alt=\"\" class=\"wp-image-9370\" width=\"542\" height=\"409\"\/><figcaption><strong>Quem realiza \u00e9 a Federa\u00e7\u00e3o Maranhense de Skate<\/strong><\/figcaption><\/figure><\/div>\n\n\n\n<p><strong>Dia Municipal do Skate<\/strong><\/p>\n\n\n\n<p>Em S\u00e3o Lu\u00eds, o Dia Municipal do Skate foi institu\u00eddo pela Lei Municipal 5.587, de 22 de dezembro de 2011, aprovada pela C\u00e2mara de Vereadores. A Prefeitura de S\u00e3o Lu\u00eds, por meio da Secretaria Municipal de Inova\u00e7\u00e3o, Sustentabilidade e Projetos Especiais (SEMISPE), entregou um Skatepark para S\u00e3o Lu\u00eds, localizado ao lado do Parque Bom Menino, durante a primeira edi\u00e7\u00e3o evento, em 2022. <\/p>\n\n\n\n<p>A pista de skate possui o formato bowl, que lembra uma piscina. O espa\u00e7o foi projetado garantindo acesso entre o Parque Bom Menino e o Skatepark. Aproveitando o desn\u00edvel do terreno, o bowl foi concebido com um contorno org\u00e2nico de 180 metros quadrados de \u00e1rea.<\/p>\n\n\n\n<p>Com a entrega da nova pista, a Prefeitura homenageou um grande incentivador do skate em S\u00e3o Lu\u00eds, o atleta Paulo Gomes. Difusor do esporte nas d\u00e9cadas de 80 e 90, ele faleceu em 2021. A pista leva o nome do skatista como forma de reconhecimento e respeito ao seu legado.<\/p>\n\n\n\n<p><strong>Confira a programa\u00e7\u00e3o da 2\u00ba edi\u00e7\u00e3o:<\/strong><\/p>\n\n\n\n<p>14h- Concentra\u00e7\u00e3o Street (Pra\u00e7a Deodoro)<br>15h30- Sa\u00edda Street (Pra\u00e7a Deodoro)<br>17H- Chegada Skatepark (ao lado do Parque Bom Menino<br>17h30- Competi\u00e7\u00f5es e Solenidade das Premia\u00e7\u00f5es- Skatepark Paulo Gomes<\/p>\n","protected":false},"excerpt":{"rendered":"<p>S\u00e3o Lu\u00eds &#8211; A Federa\u00e7\u00e3o Maranhense de Skate (FMS) realizar\u00e1, no dia 9 de julho (domingo), a segunda edi\u00e7\u00e3o \u2018Go [&hellip;]<\/p>\n","protected":false},"author":4,"featured_media":0,"comment_status":"open","ping_status":"open","sticky":false,"template":"","format":"standard","meta":{"site-sidebar-layout":"default","site-content-layout":"","ast-site-content-layout":"default","site-content-style":"default","site-sidebar-style":"default","ast-global-header-display":"","ast-banner-title-visibility":"","ast-main-header-display":"","ast-hfb-above-header-display":"","ast-hfb-below-header-display":"","ast-hfb-mobile-header-display":"","site-post-title":"","ast-breadcrumbs-content":"","ast-featured-img":"","footer-sml-layout":"","ast-disable-related-posts":"","theme-transparent-header-meta":"","adv-header-id-meta":"","stick-header-meta":"","header-above-stick-meta":"","header-main-stick-meta":"","header-below-stick-meta":"","astra-migrate-meta-layouts":"default","ast-page-background-enabled":"default","ast-page-background-meta":{"desktop":{"background-color":"var(--ast-global-color-5)","background-image":"","background-repeat":"repeat","background-position":"center center","background-size":"auto","background-attachment":"scroll","background-type":"","background-media":"","overlay-type":"","overlay-color":"","overlay-opacity":"","overlay-gradient":""},"tablet":{"background-color":"","background-image":"","background-repeat":"repeat","background-position":"center center","background-size":"auto","background-attachment":"scroll","background-type":"","background-media":"","overlay-type":"","overlay-color":"","overlay-opacity":"","overlay-gradient":""},"mobile":{"background-color":"","background-image":"","background-repeat":"repeat","background-position":"center center","background-size":"auto","background-attachment":"scroll","background-type":"","background-media":"","overlay-type":"","overlay-color":"","overlay-opacity":"","overlay-gradient":""}},"ast-content-background-meta":{"desktop":{"background-color":"var(--ast-global-color-4)","background-image":"","background-repeat":"repeat","background-position":"center center","background-size":"auto","background-attachment":"scroll","background-type":"","background-media":"","overlay-type":"","overlay-color":"","overlay-opacity":"","overlay-gradient":""},"tablet":{"background-color":"var(--ast-global-color-4)","background-image":"","background-repeat":"repeat","background-position":"center center","background-size":"auto","background-attachment":"scroll","background-type":"","background-media":"","overlay-type":"","overlay-color":"","overlay-opacity":"","overlay-gradient":""},"mobile":{"background-color":"var(--ast-global-color-4)","background-image":"","background-repeat":"repeat","background-position":"center center","background-size":"auto","background-attachment":"scroll","background-type":"","background-media":"","overlay-type":"","overlay-color":"","overlay-opacity":"","overlay-gradient":""}},"footnotes":""},"categories":[1],"tags":[],"class_list":["post-9368","post","type-post","status-publish","format-standard","hentry","category-sem-categoria"],"yoast_head":"<!-- This site is optimized with the Yoast SEO plugin v26.6 - https:\/\/yoast.com\/wordpress\/plugins\/seo\/ -->\n<title>Federa\u00e7\u00e3o Maranhense de Skate realizar\u00e1 segunda edi\u00e7\u00e3o do \u2018Go Skateboard SLZ Day\u2019 - Evandro Junior<\/title>\n<meta name=\"robots\" content=\"index, follow, max-snippet:-1, max-image-preview:large, max-video-preview:-1\" \/>\n<link rel=\"canonical\" href=\"https:\/\/www.blogsoestado.com\/evandrojunior\/2023\/07\/05\/federacao-maranhense-de-skate-realizara-segunda-edicao-do-go-skateboard-slz-day\/\" \/>\n<meta property=\"og:locale\" content=\"pt_BR\" \/>\n<meta property=\"og:type\" content=\"article\" \/>\n<meta property=\"og:title\" content=\"Federa\u00e7\u00e3o Maranhense de Skate realizar\u00e1 segunda edi\u00e7\u00e3o do \u2018Go Skateboard SLZ Day\u2019 - Evandro Junior\" \/>\n<meta property=\"og:description\" content=\"S\u00e3o Lu\u00eds &#8211; A Federa\u00e7\u00e3o Maranhense de Skate (FMS) realizar\u00e1, no dia 9 de julho (domingo), a segunda edi\u00e7\u00e3o \u2018Go [&hellip;]\" \/>\n<meta property=\"og:url\" content=\"https:\/\/www.blogsoestado.com\/evandrojunior\/2023\/07\/05\/federacao-maranhense-de-skate-realizara-segunda-edicao-do-go-skateboard-slz-day\/\" \/>\n<meta property=\"og:site_name\" content=\"Evandro Junior\" \/>\n<meta property=\"article:published_time\" content=\"2023-07-05T17:18:03+00:00\" \/>\n<meta property=\"og:image\" content=\"https:\/\/www.blogsoestado.com\/evandrojunior\/files\/2023\/07\/WhatsApp-Image-2023-07-04-at-13.15.23-1024x826.jpeg\" \/>\n<meta name=\"author\" content=\"Evandro Junior\" \/>\n<meta name=\"twitter:card\" content=\"summary_large_image\" \/>\n<meta name=\"twitter:label1\" content=\"Escrito por\" \/>\n\t<meta name=\"twitter:data1\" content=\"Evandro Junior\" \/>\n\t<meta name=\"twitter:label2\" content=\"Est. tempo de leitura\" \/>\n\t<meta name=\"twitter:data2\" content=\"2 minutos\" \/>\n<script type=\"application\/ld+json\" class=\"yoast-schema-graph\">{\"@context\":\"https:\/\/schema.org\",\"@graph\":[{\"@type\":\"WebPage\",\"@id\":\"https:\/\/www.blogsoestado.com\/evandrojunior\/2023\/07\/05\/federacao-maranhense-de-skate-realizara-segunda-edicao-do-go-skateboard-slz-day\/\",\"url\":\"https:\/\/www.blogsoestado.com\/evandrojunior\/2023\/07\/05\/federacao-maranhense-de-skate-realizara-segunda-edicao-do-go-skateboard-slz-day\/\",\"name\":\"Federa\u00e7\u00e3o Maranhense de Skate realizar\u00e1 segunda edi\u00e7\u00e3o do \u2018Go Skateboard SLZ Day\u2019 - Evandro Junior\",\"isPartOf\":{\"@id\":\"https:\/\/www.blogsoestado.com\/evandrojunior\/#website\"},\"primaryImageOfPage\":{\"@id\":\"https:\/\/www.blogsoestado.com\/evandrojunior\/2023\/07\/05\/federacao-maranhense-de-skate-realizara-segunda-edicao-do-go-skateboard-slz-day\/#primaryimage\"},\"image\":{\"@id\":\"https:\/\/www.blogsoestado.com\/evandrojunior\/2023\/07\/05\/federacao-maranhense-de-skate-realizara-segunda-edicao-do-go-skateboard-slz-day\/#primaryimage\"},\"thumbnailUrl\":\"https:\/\/www.blogsoestado.com\/evandrojunior\/files\/2023\/07\/WhatsApp-Image-2023-07-04-at-13.15.23-1024x826.jpeg\",\"datePublished\":\"2023-07-05T17:18:03+00:00\",\"author\":{\"@id\":\"https:\/\/www.blogsoestado.com\/evandrojunior\/#\/schema\/person\/3e6c3d8dbb740d1c6878ebc935cfb3be\"},\"breadcrumb\":{\"@id\":\"https:\/\/www.blogsoestado.com\/evandrojunior\/2023\/07\/05\/federacao-maranhense-de-skate-realizara-segunda-edicao-do-go-skateboard-slz-day\/#breadcrumb\"},\"inLanguage\":\"pt-BR\",\"potentialAction\":[{\"@type\":\"ReadAction\",\"target\":[\"https:\/\/www.blogsoestado.com\/evandrojunior\/2023\/07\/05\/federacao-maranhense-de-skate-realizara-segunda-edicao-do-go-skateboard-slz-day\/\"]}]},{\"@type\":\"ImageObject\",\"inLanguage\":\"pt-BR\",\"@id\":\"https:\/\/www.blogsoestado.com\/evandrojunior\/2023\/07\/05\/federacao-maranhense-de-skate-realizara-segunda-edicao-do-go-skateboard-slz-day\/#primaryimage\",\"url\":\"https:\/\/www.blogsoestado.com\/evandrojunior\/files\/2023\/07\/WhatsApp-Image-2023-07-04-at-13.15.23-1024x826.jpeg\",\"contentUrl\":\"https:\/\/www.blogsoestado.com\/evandrojunior\/files\/2023\/07\/WhatsApp-Image-2023-07-04-at-13.15.23-1024x826.jpeg\"},{\"@type\":\"BreadcrumbList\",\"@id\":\"https:\/\/www.blogsoestado.com\/evandrojunior\/2023\/07\/05\/federacao-maranhense-de-skate-realizara-segunda-edicao-do-go-skateboard-slz-day\/#breadcrumb\",\"itemListElement\":[{\"@type\":\"ListItem\",\"position\":1,\"name\":\"In\u00edcio\",\"item\":\"https:\/\/www.blogsoestado.com\/evandrojunior\/\"},{\"@type\":\"ListItem\",\"position\":2,\"name\":\"Federa\u00e7\u00e3o Maranhense de Skate realizar\u00e1 segunda edi\u00e7\u00e3o do \u2018Go Skateboard SLZ Day\u2019\"}]},{\"@type\":\"WebSite\",\"@id\":\"https:\/\/www.blogsoestado.com\/evandrojunior\/#website\",\"url\":\"https:\/\/www.blogsoestado.com\/evandrojunior\/\",\"name\":\"Evandro Junior\",\"description\":\"\",\"potentialAction\":[{\"@type\":\"SearchAction\",\"target\":{\"@type\":\"EntryPoint\",\"urlTemplate\":\"https:\/\/www.blogsoestado.com\/evandrojunior\/?s={search_term_string}\"},\"query-input\":{\"@type\":\"PropertyValueSpecification\",\"valueRequired\":true,\"valueName\":\"search_term_string\"}}],\"inLanguage\":\"pt-BR\"},{\"@type\":\"Person\",\"@id\":\"https:\/\/www.blogsoestado.com\/evandrojunior\/#\/schema\/person\/3e6c3d8dbb740d1c6878ebc935cfb3be\",\"name\":\"Evandro Junior\",\"image\":{\"@type\":\"ImageObject\",\"inLanguage\":\"pt-BR\",\"@id\":\"https:\/\/www.blogsoestado.com\/evandrojunior\/#\/schema\/person\/image\/\",\"url\":\"https:\/\/secure.gravatar.com\/avatar\/f80a03a2294a580cd2318bfb459bf354cfa8be661ef3d95b542cf9a04af8d129?s=96&d=mm&r=g\",\"contentUrl\":\"https:\/\/secure.gravatar.com\/avatar\/f80a03a2294a580cd2318bfb459bf354cfa8be661ef3d95b542cf9a04af8d129?s=96&d=mm&r=g\",\"caption\":\"Evandro Junior\"},\"url\":\"https:\/\/www.blogsoestado.com\/evandrojunior\/author\/evandrojunior\/\"}]}<\/script>\n<!-- \/ Yoast SEO plugin. -->","yoast_head_json":{"title":"Federa\u00e7\u00e3o Maranhense de Skate realizar\u00e1 segunda edi\u00e7\u00e3o do \u2018Go Skateboard SLZ Day\u2019 - Evandro Junior","robots":{"index":"index","follow":"follow","max-snippet":"max-snippet:-1","max-image-preview":"max-image-preview:large","max-video-preview":"max-video-preview:-1"},"canonical":"https:\/\/www.blogsoestado.com\/evandrojunior\/2023\/07\/05\/federacao-maranhense-de-skate-realizara-segunda-edicao-do-go-skateboard-slz-day\/","og_locale":"pt_BR","og_type":"article","og_title":"Federa\u00e7\u00e3o Maranhense de Skate realizar\u00e1 segunda edi\u00e7\u00e3o do \u2018Go Skateboard SLZ Day\u2019 - Evandro Junior","og_description":"S\u00e3o Lu\u00eds &#8211; A Federa\u00e7\u00e3o Maranhense de Skate (FMS) realizar\u00e1, no dia 9 de julho (domingo), a segunda edi\u00e7\u00e3o \u2018Go [&hellip;]","og_url":"https:\/\/www.blogsoestado.com\/evandrojunior\/2023\/07\/05\/federacao-maranhense-de-skate-realizara-segunda-edicao-do-go-skateboard-slz-day\/","og_site_name":"Evandro Junior","article_published_time":"2023-07-05T17:18:03+00:00","og_image":[{"url":"https:\/\/www.blogsoestado.com\/evandrojunior\/files\/2023\/07\/WhatsApp-Image-2023-07-04-at-13.15.23-1024x826.jpeg","type":"","width":"","height":""}],"author":"Evandro Junior","twitter_card":"summary_large_image","twitter_misc":{"Escrito por":"Evandro Junior","Est. tempo de leitura":"2 minutos"},"schema":{"@context":"https:\/\/schema.org","@graph":[{"@type":"WebPage","@id":"https:\/\/www.blogsoestado.com\/evandrojunior\/2023\/07\/05\/federacao-maranhense-de-skate-realizara-segunda-edicao-do-go-skateboard-slz-day\/","url":"https:\/\/www.blogsoestado.com\/evandrojunior\/2023\/07\/05\/federacao-maranhense-de-skate-realizara-segunda-edicao-do-go-skateboard-slz-day\/","name":"Federa\u00e7\u00e3o Maranhense de Skate realizar\u00e1 segunda edi\u00e7\u00e3o do \u2018Go Skateboard SLZ Day\u2019 - Evandro Junior","isPartOf":{"@id":"https:\/\/www.blogsoestado.com\/evandrojunior\/#website"},"primaryImageOfPage":{"@id":"https:\/\/www.blogsoestado.com\/evandrojunior\/2023\/07\/05\/federacao-maranhense-de-skate-realizara-segunda-edicao-do-go-skateboard-slz-day\/#primaryimage"},"image":{"@id":"https:\/\/www.blogsoestado.com\/evandrojunior\/2023\/07\/05\/federacao-maranhense-de-skate-realizara-segunda-edicao-do-go-skateboard-slz-day\/#primaryimage"},"thumbnailUrl":"https:\/\/www.blogsoestado.com\/evandrojunior\/files\/2023\/07\/WhatsApp-Image-2023-07-04-at-13.15.23-1024x826.jpeg","datePublished":"2023-07-05T17:18:03+00:00","author":{"@id":"https:\/\/www.blogsoestado.com\/evandrojunior\/#\/schema\/person\/3e6c3d8dbb740d1c6878ebc935cfb3be"},"breadcrumb":{"@id":"https:\/\/www.blogsoestado.com\/evandrojunior\/2023\/07\/05\/federacao-maranhense-de-skate-realizara-segunda-edicao-do-go-skateboard-slz-day\/#breadcrumb"},"inLanguage":"pt-BR","potentialAction":[{"@type":"ReadAction","target":["https:\/\/www.blogsoestado.com\/evandrojunior\/2023\/07\/05\/federacao-maranhense-de-skate-realizara-segunda-edicao-do-go-skateboard-slz-day\/"]}]},{"@type":"ImageObject","inLanguage":"pt-BR","@id":"https:\/\/www.blogsoestado.com\/evandrojunior\/2023\/07\/05\/federacao-maranhense-de-skate-realizara-segunda-edicao-do-go-skateboard-slz-day\/#primaryimage","url":"https:\/\/www.blogsoestado.com\/evandrojunior\/files\/2023\/07\/WhatsApp-Image-2023-07-04-at-13.15.23-1024x826.jpeg","contentUrl":"https:\/\/www.blogsoestado.com\/evandrojunior\/files\/2023\/07\/WhatsApp-Image-2023-07-04-at-13.15.23-1024x826.jpeg"},{"@type":"BreadcrumbList","@id":"https:\/\/www.blogsoestado.com\/evandrojunior\/2023\/07\/05\/federacao-maranhense-de-skate-realizara-segunda-edicao-do-go-skateboard-slz-day\/#breadcrumb","itemListElement":[{"@type":"ListItem","position":1,"name":"In\u00edcio","item":"https:\/\/www.blogsoestado.com\/evandrojunior\/"},{"@type":"ListItem","position":2,"name":"Federa\u00e7\u00e3o Maranhense de Skate realizar\u00e1 segunda edi\u00e7\u00e3o do \u2018Go Skateboard SLZ Day\u2019"}]},{"@type":"WebSite","@id":"https:\/\/www.blogsoestado.com\/evandrojunior\/#website","url":"https:\/\/www.blogsoestado.com\/evandrojunior\/","name":"Evandro Junior","description":"","potentialAction":[{"@type":"SearchAction","target":{"@type":"EntryPoint","urlTemplate":"https:\/\/www.blogsoestado.com\/evandrojunior\/?s={search_term_string}"},"query-input":{"@type":"PropertyValueSpecification","valueRequired":true,"valueName":"search_term_string"}}],"inLanguage":"pt-BR"},{"@type":"Person","@id":"https:\/\/www.blogsoestado.com\/evandrojunior\/#\/schema\/person\/3e6c3d8dbb740d1c6878ebc935cfb3be","name":"Evandro Junior","image":{"@type":"ImageObject","inLanguage":"pt-BR","@id":"https:\/\/www.blogsoestado.com\/evandrojunior\/#\/schema\/person\/image\/","url":"https:\/\/secure.gravatar.com\/avatar\/f80a03a2294a580cd2318bfb459bf354cfa8be661ef3d95b542cf9a04af8d129?s=96&d=mm&r=g","contentUrl":"https:\/\/secure.gravatar.com\/avatar\/f80a03a2294a580cd2318bfb459bf354cfa8be661ef3d95b542cf9a04af8d129?s=96&d=mm&r=g","caption":"Evandro Junior"},"url":"https:\/\/www.blogsoestado.com\/evandrojunior\/author\/evandrojunior\/"}]}},"jetpack_featured_media_url":"","_links":{"self":[{"href":"https:\/\/www.blogsoestado.com\/evandrojunior\/wp-json\/wp\/v2\/posts\/9368","targetHints":{"allow":["GET"]}}],"collection":[{"href":"https:\/\/www.blogsoestado.com\/evandrojunior\/wp-json\/wp\/v2\/posts"}],"about":[{"href":"https:\/\/www.blogsoestado.com\/evandrojunior\/wp-json\/wp\/v2\/types\/post"}],"author":[{"embeddable":true,"href":"https:\/\/www.blogsoestado.com\/evandrojunior\/wp-json\/wp\/v2\/users\/4"}],"replies":[{"embeddable":true,"href":"https:\/\/www.blogsoestado.com\/evandrojunior\/wp-json\/wp\/v2\/comments?post=9368"}],"version-history":[{"count":0,"href":"https:\/\/www.blogsoestado.com\/evandrojunior\/wp-json\/wp\/v2\/posts\/9368\/revisions"}],"wp:attachment":[{"href":"https:\/\/www.blogsoestado.com\/evandrojunior\/wp-json\/wp\/v2\/media?parent=9368"}],"wp:term":[{"taxonomy":"category","embeddable":true,"href":"https:\/\/www.blogsoestado.com\/evandrojunior\/wp-json\/wp\/v2\/categories?post=9368"},{"taxonomy":"post_tag","embeddable":true,"href":"https:\/\/www.blogsoestado.com\/evandrojunior\/wp-json\/wp\/v2\/tags?post=9368"}],"curies":[{"name":"wp","href":"https:\/\/api.w.org\/{rel}","templated":true}]}}