{"id":9839,"date":"2023-09-08T12:13:16","date_gmt":"2023-09-08T15:13:16","guid":{"rendered":"https:\/\/www.blogsoestado.com\/evandrojunior\/?p=9839"},"modified":"2023-09-08T12:13:16","modified_gmt":"2023-09-08T15:13:16","slug":"lencois-weekend-e-sucesso-de-publico-e-primeira-noite-teve-nattanzinho","status":"publish","type":"post","link":"https:\/\/www.blogsoestado.com\/evandrojunior\/2023\/09\/08\/lencois-weekend-e-sucesso-de-publico-e-primeira-noite-teve-nattanzinho\/","title":{"rendered":"Len\u00e7\u00f3is Weekend \u00e9 sucesso de p\u00fablico e primeira noite teve Nattanzinho"},"content":{"rendered":"\n<div class=\"wp-block-image\"><figure class=\"aligncenter size-large is-resized\"><img fetchpriority=\"high\" decoding=\"async\" src=\"https:\/\/www.blogsoestado.com\/evandrojunior\/files\/2023\/09\/Cantor-Nattan-na-primeira-noite-do-evento-754x1024.jpg\" alt=\"\" class=\"wp-image-9840\" width=\"412\" height=\"560\"\/><figcaption>O cearense Nattanzinho, conhecido por <strong>seu <\/strong>carisma e energia, fez um show bastante empolgante em Barreirinhas <\/figcaption><\/figure><\/div>\n\n\n\n<p><strong>S\u00e3o Lu\u00eds<\/strong> &#8211; A primeira noite do Len\u00e7\u00f3is Weekend, em Barreirinhas, foi um sucesso absoluto. O evento, que reuniu grandes nomes da m\u00fasica brasileira, foi realizado na noite de quinta-feira (7), na Marina EcoVila. A festa come\u00e7ou com o show de Guto Ximenes, que abriu o palco para o cantor Nattan.<\/p>\n\n\n\n<p>O p\u00fablico estava ansioso pela apresenta\u00e7\u00e3o do cantor, que n\u00e3o decepcionou. O cearense, conhecido por seu carisma e energia, se jogou literalmente no meio da multid\u00e3o, deixando os convidados euf\u00f3ricos. &#8220;Foi um momento incr\u00edvel! O p\u00fablico de Barreirinhas \u00e9 muito caloroso e eu me senti em casa&#8221;, disse Nattan.<\/p>\n\n\n\n<p>Felipe Amorim, acompanhado do capit\u00e3o Kaleb, fez um show animado e envolvente logo em seguida, repetindo o sucesso da apresenta\u00e7\u00e3o realizada recentemente em S\u00e3o Lu\u00eds.<\/p>\n\n\n\n<div class=\"wp-block-image\"><figure class=\"aligncenter size-large is-resized\"><img decoding=\"async\" src=\"https:\/\/www.blogsoestado.com\/evandrojunior\/files\/2023\/09\/IMG_2836-727x1024.jpg\" alt=\"\" class=\"wp-image-9841\" width=\"399\" height=\"562\"\/><figcaption><strong>Numeroso p\u00fablico curte o Len\u00e7\u00f3is Weekend, uma produ\u00e7\u00e3o da  4M\u00e3os Entretenimento<\/strong><\/figcaption><\/figure><\/div>\n\n\n\n<p>O DJ Rog\u00e9rio Mix, que tocou nos intervalos, tamb\u00e9m fez bonito e empolgou a galera com seus sets animados. Marcelo Arag\u00e3o, s\u00f3cio da 4M\u00e3os Entretenimento, produtora do evento, disse que est\u00e1 muito satisfeito com o resultado da primeira noite.<\/p>\n\n\n\n<p>&#8220;Fazer um evento em Barreirinhas \u00e9 um desafio, mas esse desafio que gostamos porque queremos sempre surpreender. A resposta do p\u00fablico foi muito positiva e isso nos deixa muito felizes&#8221;, afirmou Arag\u00e3o.<\/p>\n\n\n\n<p>A segunda noite do Len\u00e7\u00f3is Weekend ser\u00e1 realizada no s\u00e1bado, dia 9, com Matheus Fernandes e Rogerinho. Ingressos \u00e0 venda no site e app da Bilheteria Digital e na P\u00e9 na Areia EcoTurismo, no Centro de Barreirinhas.<\/p>\n","protected":false},"excerpt":{"rendered":"<p>S\u00e3o Lu\u00eds &#8211; A primeira noite do Len\u00e7\u00f3is Weekend, em Barreirinhas, foi um sucesso absoluto. O evento, que reuniu grandes [&hellip;]<\/p>\n","protected":false},"author":4,"featured_media":0,"comment_status":"open","ping_status":"open","sticky":false,"template":"","format":"standard","meta":{"site-sidebar-layout":"default","site-content-layout":"","ast-site-content-layout":"default","site-content-style":"default","site-sidebar-style":"default","ast-global-header-display":"","ast-banner-title-visibility":"","ast-main-header-display":"","ast-hfb-above-header-display":"","ast-hfb-below-header-display":"","ast-hfb-mobile-header-display":"","site-post-title":"","ast-breadcrumbs-content":"","ast-featured-img":"","footer-sml-layout":"","ast-disable-related-posts":"","theme-transparent-header-meta":"","adv-header-id-meta":"","stick-header-meta":"","header-above-stick-meta":"","header-main-stick-meta":"","header-below-stick-meta":"","astra-migrate-meta-layouts":"default","ast-page-background-enabled":"default","ast-page-background-meta":{"desktop":{"background-color":"var(--ast-global-color-5)","background-image":"","background-repeat":"repeat","background-position":"center center","background-size":"auto","background-attachment":"scroll","background-type":"","background-media":"","overlay-type":"","overlay-color":"","overlay-opacity":"","overlay-gradient":""},"tablet":{"background-color":"","background-image":"","background-repeat":"repeat","background-position":"center center","background-size":"auto","background-attachment":"scroll","background-type":"","background-media":"","overlay-type":"","overlay-color":"","overlay-opacity":"","overlay-gradient":""},"mobile":{"background-color":"","background-image":"","background-repeat":"repeat","background-position":"center center","background-size":"auto","background-attachment":"scroll","background-type":"","background-media":"","overlay-type":"","overlay-color":"","overlay-opacity":"","overlay-gradient":""}},"ast-content-background-meta":{"desktop":{"background-color":"var(--ast-global-color-4)","background-image":"","background-repeat":"repeat","background-position":"center center","background-size":"auto","background-attachment":"scroll","background-type":"","background-media":"","overlay-type":"","overlay-color":"","overlay-opacity":"","overlay-gradient":""},"tablet":{"background-color":"var(--ast-global-color-4)","background-image":"","background-repeat":"repeat","background-position":"center center","background-size":"auto","background-attachment":"scroll","background-type":"","background-media":"","overlay-type":"","overlay-color":"","overlay-opacity":"","overlay-gradient":""},"mobile":{"background-color":"var(--ast-global-color-4)","background-image":"","background-repeat":"repeat","background-position":"center center","background-size":"auto","background-attachment":"scroll","background-type":"","background-media":"","overlay-type":"","overlay-color":"","overlay-opacity":"","overlay-gradient":""}},"footnotes":""},"categories":[1],"tags":[],"class_list":["post-9839","post","type-post","status-publish","format-standard","hentry","category-sem-categoria"],"yoast_head":"<!-- This site is optimized with the Yoast SEO plugin v26.6 - https:\/\/yoast.com\/wordpress\/plugins\/seo\/ -->\n<title>Len\u00e7\u00f3is Weekend \u00e9 sucesso de p\u00fablico e primeira noite teve Nattanzinho - Evandro Junior<\/title>\n<meta name=\"robots\" content=\"index, follow, max-snippet:-1, max-image-preview:large, max-video-preview:-1\" \/>\n<link rel=\"canonical\" href=\"https:\/\/www.blogsoestado.com\/evandrojunior\/2023\/09\/08\/lencois-weekend-e-sucesso-de-publico-e-primeira-noite-teve-nattanzinho\/\" \/>\n<meta property=\"og:locale\" content=\"pt_BR\" \/>\n<meta property=\"og:type\" content=\"article\" \/>\n<meta property=\"og:title\" content=\"Len\u00e7\u00f3is Weekend \u00e9 sucesso de p\u00fablico e primeira noite teve Nattanzinho - Evandro Junior\" \/>\n<meta property=\"og:description\" content=\"S\u00e3o Lu\u00eds &#8211; A primeira noite do Len\u00e7\u00f3is Weekend, em Barreirinhas, foi um sucesso absoluto. O evento, que reuniu grandes [&hellip;]\" \/>\n<meta property=\"og:url\" content=\"https:\/\/www.blogsoestado.com\/evandrojunior\/2023\/09\/08\/lencois-weekend-e-sucesso-de-publico-e-primeira-noite-teve-nattanzinho\/\" \/>\n<meta property=\"og:site_name\" content=\"Evandro Junior\" \/>\n<meta property=\"article:published_time\" content=\"2023-09-08T15:13:16+00:00\" \/>\n<meta property=\"og:image\" content=\"https:\/\/www.blogsoestado.com\/evandrojunior\/files\/2023\/09\/Cantor-Nattan-na-primeira-noite-do-evento-754x1024.jpg\" \/>\n<meta name=\"author\" content=\"Evandro Junior\" \/>\n<meta name=\"twitter:card\" content=\"summary_large_image\" \/>\n<meta name=\"twitter:label1\" content=\"Escrito por\" \/>\n\t<meta name=\"twitter:data1\" content=\"Evandro Junior\" \/>\n\t<meta name=\"twitter:label2\" content=\"Est. tempo de leitura\" \/>\n\t<meta name=\"twitter:data2\" content=\"2 minutos\" \/>\n<script type=\"application\/ld+json\" class=\"yoast-schema-graph\">{\"@context\":\"https:\/\/schema.org\",\"@graph\":[{\"@type\":\"WebPage\",\"@id\":\"https:\/\/www.blogsoestado.com\/evandrojunior\/2023\/09\/08\/lencois-weekend-e-sucesso-de-publico-e-primeira-noite-teve-nattanzinho\/\",\"url\":\"https:\/\/www.blogsoestado.com\/evandrojunior\/2023\/09\/08\/lencois-weekend-e-sucesso-de-publico-e-primeira-noite-teve-nattanzinho\/\",\"name\":\"Len\u00e7\u00f3is Weekend \u00e9 sucesso de p\u00fablico e primeira noite teve Nattanzinho - Evandro Junior\",\"isPartOf\":{\"@id\":\"https:\/\/www.blogsoestado.com\/evandrojunior\/#website\"},\"primaryImageOfPage\":{\"@id\":\"https:\/\/www.blogsoestado.com\/evandrojunior\/2023\/09\/08\/lencois-weekend-e-sucesso-de-publico-e-primeira-noite-teve-nattanzinho\/#primaryimage\"},\"image\":{\"@id\":\"https:\/\/www.blogsoestado.com\/evandrojunior\/2023\/09\/08\/lencois-weekend-e-sucesso-de-publico-e-primeira-noite-teve-nattanzinho\/#primaryimage\"},\"thumbnailUrl\":\"https:\/\/www.blogsoestado.com\/evandrojunior\/files\/2023\/09\/Cantor-Nattan-na-primeira-noite-do-evento-754x1024.jpg\",\"datePublished\":\"2023-09-08T15:13:16+00:00\",\"author\":{\"@id\":\"https:\/\/www.blogsoestado.com\/evandrojunior\/#\/schema\/person\/3e6c3d8dbb740d1c6878ebc935cfb3be\"},\"breadcrumb\":{\"@id\":\"https:\/\/www.blogsoestado.com\/evandrojunior\/2023\/09\/08\/lencois-weekend-e-sucesso-de-publico-e-primeira-noite-teve-nattanzinho\/#breadcrumb\"},\"inLanguage\":\"pt-BR\",\"potentialAction\":[{\"@type\":\"ReadAction\",\"target\":[\"https:\/\/www.blogsoestado.com\/evandrojunior\/2023\/09\/08\/lencois-weekend-e-sucesso-de-publico-e-primeira-noite-teve-nattanzinho\/\"]}]},{\"@type\":\"ImageObject\",\"inLanguage\":\"pt-BR\",\"@id\":\"https:\/\/www.blogsoestado.com\/evandrojunior\/2023\/09\/08\/lencois-weekend-e-sucesso-de-publico-e-primeira-noite-teve-nattanzinho\/#primaryimage\",\"url\":\"https:\/\/www.blogsoestado.com\/evandrojunior\/files\/2023\/09\/Cantor-Nattan-na-primeira-noite-do-evento-754x1024.jpg\",\"contentUrl\":\"https:\/\/www.blogsoestado.com\/evandrojunior\/files\/2023\/09\/Cantor-Nattan-na-primeira-noite-do-evento-754x1024.jpg\"},{\"@type\":\"BreadcrumbList\",\"@id\":\"https:\/\/www.blogsoestado.com\/evandrojunior\/2023\/09\/08\/lencois-weekend-e-sucesso-de-publico-e-primeira-noite-teve-nattanzinho\/#breadcrumb\",\"itemListElement\":[{\"@type\":\"ListItem\",\"position\":1,\"name\":\"In\u00edcio\",\"item\":\"https:\/\/www.blogsoestado.com\/evandrojunior\/\"},{\"@type\":\"ListItem\",\"position\":2,\"name\":\"Len\u00e7\u00f3is Weekend \u00e9 sucesso de p\u00fablico e primeira noite teve Nattanzinho\"}]},{\"@type\":\"WebSite\",\"@id\":\"https:\/\/www.blogsoestado.com\/evandrojunior\/#website\",\"url\":\"https:\/\/www.blogsoestado.com\/evandrojunior\/\",\"name\":\"Evandro Junior\",\"description\":\"\",\"potentialAction\":[{\"@type\":\"SearchAction\",\"target\":{\"@type\":\"EntryPoint\",\"urlTemplate\":\"https:\/\/www.blogsoestado.com\/evandrojunior\/?s={search_term_string}\"},\"query-input\":{\"@type\":\"PropertyValueSpecification\",\"valueRequired\":true,\"valueName\":\"search_term_string\"}}],\"inLanguage\":\"pt-BR\"},{\"@type\":\"Person\",\"@id\":\"https:\/\/www.blogsoestado.com\/evandrojunior\/#\/schema\/person\/3e6c3d8dbb740d1c6878ebc935cfb3be\",\"name\":\"Evandro Junior\",\"image\":{\"@type\":\"ImageObject\",\"inLanguage\":\"pt-BR\",\"@id\":\"https:\/\/www.blogsoestado.com\/evandrojunior\/#\/schema\/person\/image\/\",\"url\":\"https:\/\/secure.gravatar.com\/avatar\/f80a03a2294a580cd2318bfb459bf354cfa8be661ef3d95b542cf9a04af8d129?s=96&d=mm&r=g\",\"contentUrl\":\"https:\/\/secure.gravatar.com\/avatar\/f80a03a2294a580cd2318bfb459bf354cfa8be661ef3d95b542cf9a04af8d129?s=96&d=mm&r=g\",\"caption\":\"Evandro Junior\"},\"url\":\"https:\/\/www.blogsoestado.com\/evandrojunior\/author\/evandrojunior\/\"}]}<\/script>\n<!-- \/ Yoast SEO plugin. -->","yoast_head_json":{"title":"Len\u00e7\u00f3is Weekend \u00e9 sucesso de p\u00fablico e primeira noite teve Nattanzinho - Evandro Junior","robots":{"index":"index","follow":"follow","max-snippet":"max-snippet:-1","max-image-preview":"max-image-preview:large","max-video-preview":"max-video-preview:-1"},"canonical":"https:\/\/www.blogsoestado.com\/evandrojunior\/2023\/09\/08\/lencois-weekend-e-sucesso-de-publico-e-primeira-noite-teve-nattanzinho\/","og_locale":"pt_BR","og_type":"article","og_title":"Len\u00e7\u00f3is Weekend \u00e9 sucesso de p\u00fablico e primeira noite teve Nattanzinho - Evandro Junior","og_description":"S\u00e3o Lu\u00eds &#8211; A primeira noite do Len\u00e7\u00f3is Weekend, em Barreirinhas, foi um sucesso absoluto. O evento, que reuniu grandes [&hellip;]","og_url":"https:\/\/www.blogsoestado.com\/evandrojunior\/2023\/09\/08\/lencois-weekend-e-sucesso-de-publico-e-primeira-noite-teve-nattanzinho\/","og_site_name":"Evandro Junior","article_published_time":"2023-09-08T15:13:16+00:00","og_image":[{"url":"https:\/\/www.blogsoestado.com\/evandrojunior\/files\/2023\/09\/Cantor-Nattan-na-primeira-noite-do-evento-754x1024.jpg","type":"","width":"","height":""}],"author":"Evandro Junior","twitter_card":"summary_large_image","twitter_misc":{"Escrito por":"Evandro Junior","Est. tempo de leitura":"2 minutos"},"schema":{"@context":"https:\/\/schema.org","@graph":[{"@type":"WebPage","@id":"https:\/\/www.blogsoestado.com\/evandrojunior\/2023\/09\/08\/lencois-weekend-e-sucesso-de-publico-e-primeira-noite-teve-nattanzinho\/","url":"https:\/\/www.blogsoestado.com\/evandrojunior\/2023\/09\/08\/lencois-weekend-e-sucesso-de-publico-e-primeira-noite-teve-nattanzinho\/","name":"Len\u00e7\u00f3is Weekend \u00e9 sucesso de p\u00fablico e primeira noite teve Nattanzinho - Evandro Junior","isPartOf":{"@id":"https:\/\/www.blogsoestado.com\/evandrojunior\/#website"},"primaryImageOfPage":{"@id":"https:\/\/www.blogsoestado.com\/evandrojunior\/2023\/09\/08\/lencois-weekend-e-sucesso-de-publico-e-primeira-noite-teve-nattanzinho\/#primaryimage"},"image":{"@id":"https:\/\/www.blogsoestado.com\/evandrojunior\/2023\/09\/08\/lencois-weekend-e-sucesso-de-publico-e-primeira-noite-teve-nattanzinho\/#primaryimage"},"thumbnailUrl":"https:\/\/www.blogsoestado.com\/evandrojunior\/files\/2023\/09\/Cantor-Nattan-na-primeira-noite-do-evento-754x1024.jpg","datePublished":"2023-09-08T15:13:16+00:00","author":{"@id":"https:\/\/www.blogsoestado.com\/evandrojunior\/#\/schema\/person\/3e6c3d8dbb740d1c6878ebc935cfb3be"},"breadcrumb":{"@id":"https:\/\/www.blogsoestado.com\/evandrojunior\/2023\/09\/08\/lencois-weekend-e-sucesso-de-publico-e-primeira-noite-teve-nattanzinho\/#breadcrumb"},"inLanguage":"pt-BR","potentialAction":[{"@type":"ReadAction","target":["https:\/\/www.blogsoestado.com\/evandrojunior\/2023\/09\/08\/lencois-weekend-e-sucesso-de-publico-e-primeira-noite-teve-nattanzinho\/"]}]},{"@type":"ImageObject","inLanguage":"pt-BR","@id":"https:\/\/www.blogsoestado.com\/evandrojunior\/2023\/09\/08\/lencois-weekend-e-sucesso-de-publico-e-primeira-noite-teve-nattanzinho\/#primaryimage","url":"https:\/\/www.blogsoestado.com\/evandrojunior\/files\/2023\/09\/Cantor-Nattan-na-primeira-noite-do-evento-754x1024.jpg","contentUrl":"https:\/\/www.blogsoestado.com\/evandrojunior\/files\/2023\/09\/Cantor-Nattan-na-primeira-noite-do-evento-754x1024.jpg"},{"@type":"BreadcrumbList","@id":"https:\/\/www.blogsoestado.com\/evandrojunior\/2023\/09\/08\/lencois-weekend-e-sucesso-de-publico-e-primeira-noite-teve-nattanzinho\/#breadcrumb","itemListElement":[{"@type":"ListItem","position":1,"name":"In\u00edcio","item":"https:\/\/www.blogsoestado.com\/evandrojunior\/"},{"@type":"ListItem","position":2,"name":"Len\u00e7\u00f3is Weekend \u00e9 sucesso de p\u00fablico e primeira noite teve Nattanzinho"}]},{"@type":"WebSite","@id":"https:\/\/www.blogsoestado.com\/evandrojunior\/#website","url":"https:\/\/www.blogsoestado.com\/evandrojunior\/","name":"Evandro Junior","description":"","potentialAction":[{"@type":"SearchAction","target":{"@type":"EntryPoint","urlTemplate":"https:\/\/www.blogsoestado.com\/evandrojunior\/?s={search_term_string}"},"query-input":{"@type":"PropertyValueSpecification","valueRequired":true,"valueName":"search_term_string"}}],"inLanguage":"pt-BR"},{"@type":"Person","@id":"https:\/\/www.blogsoestado.com\/evandrojunior\/#\/schema\/person\/3e6c3d8dbb740d1c6878ebc935cfb3be","name":"Evandro Junior","image":{"@type":"ImageObject","inLanguage":"pt-BR","@id":"https:\/\/www.blogsoestado.com\/evandrojunior\/#\/schema\/person\/image\/","url":"https:\/\/secure.gravatar.com\/avatar\/f80a03a2294a580cd2318bfb459bf354cfa8be661ef3d95b542cf9a04af8d129?s=96&d=mm&r=g","contentUrl":"https:\/\/secure.gravatar.com\/avatar\/f80a03a2294a580cd2318bfb459bf354cfa8be661ef3d95b542cf9a04af8d129?s=96&d=mm&r=g","caption":"Evandro Junior"},"url":"https:\/\/www.blogsoestado.com\/evandrojunior\/author\/evandrojunior\/"}]}},"jetpack_featured_media_url":"","_links":{"self":[{"href":"https:\/\/www.blogsoestado.com\/evandrojunior\/wp-json\/wp\/v2\/posts\/9839","targetHints":{"allow":["GET"]}}],"collection":[{"href":"https:\/\/www.blogsoestado.com\/evandrojunior\/wp-json\/wp\/v2\/posts"}],"about":[{"href":"https:\/\/www.blogsoestado.com\/evandrojunior\/wp-json\/wp\/v2\/types\/post"}],"author":[{"embeddable":true,"href":"https:\/\/www.blogsoestado.com\/evandrojunior\/wp-json\/wp\/v2\/users\/4"}],"replies":[{"embeddable":true,"href":"https:\/\/www.blogsoestado.com\/evandrojunior\/wp-json\/wp\/v2\/comments?post=9839"}],"version-history":[{"count":0,"href":"https:\/\/www.blogsoestado.com\/evandrojunior\/wp-json\/wp\/v2\/posts\/9839\/revisions"}],"wp:attachment":[{"href":"https:\/\/www.blogsoestado.com\/evandrojunior\/wp-json\/wp\/v2\/media?parent=9839"}],"wp:term":[{"taxonomy":"category","embeddable":true,"href":"https:\/\/www.blogsoestado.com\/evandrojunior\/wp-json\/wp\/v2\/categories?post=9839"},{"taxonomy":"post_tag","embeddable":true,"href":"https:\/\/www.blogsoestado.com\/evandrojunior\/wp-json\/wp\/v2\/tags?post=9839"}],"curies":[{"name":"wp","href":"https:\/\/api.w.org\/{rel}","templated":true}]}}