{"id":9843,"date":"2023-09-08T17:03:59","date_gmt":"2023-09-08T20:03:59","guid":{"rendered":"https:\/\/www.blogsoestado.com\/evandrojunior\/?p=9843"},"modified":"2023-09-08T17:03:59","modified_gmt":"2023-09-08T20:03:59","slug":"expansao-set-sao-luis-comemora-reforco-de-71-novos-onibus-na-frota-de-transporte-publico","status":"publish","type":"post","link":"https:\/\/www.blogsoestado.com\/evandrojunior\/2023\/09\/08\/expansao-set-sao-luis-comemora-reforco-de-71-novos-onibus-na-frota-de-transporte-publico\/","title":{"rendered":"EXPANS\u00c3O SET &#8211; S\u00e3o Lu\u00eds comemora refor\u00e7o de 71 novos \u00f4nibus na frota de transporte p\u00fablico"},"content":{"rendered":"\n<div class=\"wp-block-image\"><figure class=\"aligncenter size-large is-resized\"><img fetchpriority=\"high\" decoding=\"async\" src=\"https:\/\/www.blogsoestado.com\/evandrojunior\/files\/2023\/09\/751d5ab8-7fb6-4fd5-86ed-810fef94560c-1024x768.jpg\" alt=\"\" class=\"wp-image-9844\" width=\"552\" height=\"414\"\/><figcaption><strong>Novos \u00f4nibus para o sistema de transporte coletivo da capital foram entregues na Passarela do Samba<\/strong><\/figcaption><\/figure><\/div>\n\n\n\n<p>S\u00e3o Lu\u00eds &#8211;  Com a entrega, nesta sexta-feira (8), de 71 novos \u00f4nibus para o sistema de transporte coletivo da capital na Passarela do Samba (Anel Vi\u00e1rio), o Sindicato de transportes de S\u00e3o Lu\u00eds acredita que a oferta de servi\u00e7o de transporte p\u00fablico ser\u00e1 ampliada com mais qualidade \u00e0 popula\u00e7\u00e3o. <\/p>\n\n\n\n<p>\u201c\u00c9 um presente para nossa cidade e um marco para n\u00f3s sempre que a frota \u00e9 expandida, pois estamos sempre trabalhando para ofertar ao usu\u00e1rio mais op\u00e7\u00f5es de deslocamento com conforto e seguran\u00e7a\u201d, afirmou Paulo Pires, diretor executivo do SET S\u00e3o Lu\u00eds.<\/p>\n\n\n\n<p>O executivo tamb\u00e9m informou que os novos \u00f4nibus v\u00e3o ser distribu\u00eddos por toda a cidade, inclusos zona rural e regi\u00e3o metropolitana. Al\u00e9m de ar-condicionado, os ve\u00edculos est\u00e3o adaptados com elevadores para uso de pessoas com defici\u00eancia e possuem tr\u00eas portas, que facilitam o embarque e desembarque de passageiros, principalmente nos Terminais de Integra\u00e7\u00e3o. <\/p>\n\n\n\n<p>Tamb\u00e9m disp\u00f5em de uma nova tecnologia de motoriza\u00e7\u00e3o, que possui emiss\u00e3o muito mais baixa. Dos novos ve\u00edculos, 20 deles contam com entrada USB para recarga de smartphones e outros dispositivos eletr\u00f4nicos.<\/p>\n\n\n\n<p>\u201cImportante destacar que os novos ve\u00edculos tamb\u00e9m j\u00e1 est\u00e3o adaptados para os validadores do novo sistema da bilhetagem eletr\u00f4nica, ofertando as facilidades de pagamento que j\u00e1 est\u00e3o sendo implantadas\u201d, concluiu Paulo Pires.<\/p>\n","protected":false},"excerpt":{"rendered":"<p>S\u00e3o Lu\u00eds &#8211; Com a entrega, nesta sexta-feira (8), de 71 novos \u00f4nibus para o sistema de transporte coletivo da [&hellip;]<\/p>\n","protected":false},"author":4,"featured_media":0,"comment_status":"open","ping_status":"open","sticky":false,"template":"","format":"standard","meta":{"site-sidebar-layout":"default","site-content-layout":"","ast-site-content-layout":"default","site-content-style":"default","site-sidebar-style":"default","ast-global-header-display":"","ast-banner-title-visibility":"","ast-main-header-display":"","ast-hfb-above-header-display":"","ast-hfb-below-header-display":"","ast-hfb-mobile-header-display":"","site-post-title":"","ast-breadcrumbs-content":"","ast-featured-img":"","footer-sml-layout":"","ast-disable-related-posts":"","theme-transparent-header-meta":"","adv-header-id-meta":"","stick-header-meta":"","header-above-stick-meta":"","header-main-stick-meta":"","header-below-stick-meta":"","astra-migrate-meta-layouts":"default","ast-page-background-enabled":"default","ast-page-background-meta":{"desktop":{"background-color":"var(--ast-global-color-5)","background-image":"","background-repeat":"repeat","background-position":"center center","background-size":"auto","background-attachment":"scroll","background-type":"","background-media":"","overlay-type":"","overlay-color":"","overlay-opacity":"","overlay-gradient":""},"tablet":{"background-color":"","background-image":"","background-repeat":"repeat","background-position":"center center","background-size":"auto","background-attachment":"scroll","background-type":"","background-media":"","overlay-type":"","overlay-color":"","overlay-opacity":"","overlay-gradient":""},"mobile":{"background-color":"","background-image":"","background-repeat":"repeat","background-position":"center center","background-size":"auto","background-attachment":"scroll","background-type":"","background-media":"","overlay-type":"","overlay-color":"","overlay-opacity":"","overlay-gradient":""}},"ast-content-background-meta":{"desktop":{"background-color":"var(--ast-global-color-4)","background-image":"","background-repeat":"repeat","background-position":"center center","background-size":"auto","background-attachment":"scroll","background-type":"","background-media":"","overlay-type":"","overlay-color":"","overlay-opacity":"","overlay-gradient":""},"tablet":{"background-color":"var(--ast-global-color-4)","background-image":"","background-repeat":"repeat","background-position":"center center","background-size":"auto","background-attachment":"scroll","background-type":"","background-media":"","overlay-type":"","overlay-color":"","overlay-opacity":"","overlay-gradient":""},"mobile":{"background-color":"var(--ast-global-color-4)","background-image":"","background-repeat":"repeat","background-position":"center center","background-size":"auto","background-attachment":"scroll","background-type":"","background-media":"","overlay-type":"","overlay-color":"","overlay-opacity":"","overlay-gradient":""}},"footnotes":""},"categories":[1],"tags":[],"class_list":["post-9843","post","type-post","status-publish","format-standard","hentry","category-sem-categoria"],"yoast_head":"<!-- This site is optimized with the Yoast SEO plugin v26.6 - https:\/\/yoast.com\/wordpress\/plugins\/seo\/ -->\n<title>EXPANS\u00c3O SET - S\u00e3o Lu\u00eds comemora refor\u00e7o de 71 novos \u00f4nibus na frota de transporte p\u00fablico - Evandro Junior<\/title>\n<meta name=\"robots\" content=\"index, follow, max-snippet:-1, max-image-preview:large, max-video-preview:-1\" \/>\n<link rel=\"canonical\" href=\"https:\/\/www.blogsoestado.com\/evandrojunior\/2023\/09\/08\/expansao-set-sao-luis-comemora-reforco-de-71-novos-onibus-na-frota-de-transporte-publico\/\" \/>\n<meta property=\"og:locale\" content=\"pt_BR\" \/>\n<meta property=\"og:type\" content=\"article\" \/>\n<meta property=\"og:title\" content=\"EXPANS\u00c3O SET - S\u00e3o Lu\u00eds comemora refor\u00e7o de 71 novos \u00f4nibus na frota de transporte p\u00fablico - Evandro Junior\" \/>\n<meta property=\"og:description\" content=\"S\u00e3o Lu\u00eds &#8211; Com a entrega, nesta sexta-feira (8), de 71 novos \u00f4nibus para o sistema de transporte coletivo da [&hellip;]\" \/>\n<meta property=\"og:url\" content=\"https:\/\/www.blogsoestado.com\/evandrojunior\/2023\/09\/08\/expansao-set-sao-luis-comemora-reforco-de-71-novos-onibus-na-frota-de-transporte-publico\/\" \/>\n<meta property=\"og:site_name\" content=\"Evandro Junior\" \/>\n<meta property=\"article:published_time\" content=\"2023-09-08T20:03:59+00:00\" \/>\n<meta property=\"og:image\" content=\"https:\/\/www.blogsoestado.com\/evandrojunior\/files\/2023\/09\/751d5ab8-7fb6-4fd5-86ed-810fef94560c-1024x768.jpg\" \/>\n<meta name=\"author\" content=\"Evandro Junior\" \/>\n<meta name=\"twitter:card\" content=\"summary_large_image\" \/>\n<meta name=\"twitter:label1\" content=\"Escrito por\" \/>\n\t<meta name=\"twitter:data1\" content=\"Evandro Junior\" \/>\n\t<meta name=\"twitter:label2\" content=\"Est. tempo de leitura\" \/>\n\t<meta name=\"twitter:data2\" content=\"2 minutos\" \/>\n<script type=\"application\/ld+json\" class=\"yoast-schema-graph\">{\"@context\":\"https:\/\/schema.org\",\"@graph\":[{\"@type\":\"WebPage\",\"@id\":\"https:\/\/www.blogsoestado.com\/evandrojunior\/2023\/09\/08\/expansao-set-sao-luis-comemora-reforco-de-71-novos-onibus-na-frota-de-transporte-publico\/\",\"url\":\"https:\/\/www.blogsoestado.com\/evandrojunior\/2023\/09\/08\/expansao-set-sao-luis-comemora-reforco-de-71-novos-onibus-na-frota-de-transporte-publico\/\",\"name\":\"EXPANS\u00c3O SET - S\u00e3o Lu\u00eds comemora refor\u00e7o de 71 novos \u00f4nibus na frota de transporte p\u00fablico - Evandro Junior\",\"isPartOf\":{\"@id\":\"https:\/\/www.blogsoestado.com\/evandrojunior\/#website\"},\"primaryImageOfPage\":{\"@id\":\"https:\/\/www.blogsoestado.com\/evandrojunior\/2023\/09\/08\/expansao-set-sao-luis-comemora-reforco-de-71-novos-onibus-na-frota-de-transporte-publico\/#primaryimage\"},\"image\":{\"@id\":\"https:\/\/www.blogsoestado.com\/evandrojunior\/2023\/09\/08\/expansao-set-sao-luis-comemora-reforco-de-71-novos-onibus-na-frota-de-transporte-publico\/#primaryimage\"},\"thumbnailUrl\":\"https:\/\/www.blogsoestado.com\/evandrojunior\/files\/2023\/09\/751d5ab8-7fb6-4fd5-86ed-810fef94560c-1024x768.jpg\",\"datePublished\":\"2023-09-08T20:03:59+00:00\",\"author\":{\"@id\":\"https:\/\/www.blogsoestado.com\/evandrojunior\/#\/schema\/person\/3e6c3d8dbb740d1c6878ebc935cfb3be\"},\"breadcrumb\":{\"@id\":\"https:\/\/www.blogsoestado.com\/evandrojunior\/2023\/09\/08\/expansao-set-sao-luis-comemora-reforco-de-71-novos-onibus-na-frota-de-transporte-publico\/#breadcrumb\"},\"inLanguage\":\"pt-BR\",\"potentialAction\":[{\"@type\":\"ReadAction\",\"target\":[\"https:\/\/www.blogsoestado.com\/evandrojunior\/2023\/09\/08\/expansao-set-sao-luis-comemora-reforco-de-71-novos-onibus-na-frota-de-transporte-publico\/\"]}]},{\"@type\":\"ImageObject\",\"inLanguage\":\"pt-BR\",\"@id\":\"https:\/\/www.blogsoestado.com\/evandrojunior\/2023\/09\/08\/expansao-set-sao-luis-comemora-reforco-de-71-novos-onibus-na-frota-de-transporte-publico\/#primaryimage\",\"url\":\"https:\/\/www.blogsoestado.com\/evandrojunior\/files\/2023\/09\/751d5ab8-7fb6-4fd5-86ed-810fef94560c-1024x768.jpg\",\"contentUrl\":\"https:\/\/www.blogsoestado.com\/evandrojunior\/files\/2023\/09\/751d5ab8-7fb6-4fd5-86ed-810fef94560c-1024x768.jpg\"},{\"@type\":\"BreadcrumbList\",\"@id\":\"https:\/\/www.blogsoestado.com\/evandrojunior\/2023\/09\/08\/expansao-set-sao-luis-comemora-reforco-de-71-novos-onibus-na-frota-de-transporte-publico\/#breadcrumb\",\"itemListElement\":[{\"@type\":\"ListItem\",\"position\":1,\"name\":\"In\u00edcio\",\"item\":\"https:\/\/www.blogsoestado.com\/evandrojunior\/\"},{\"@type\":\"ListItem\",\"position\":2,\"name\":\"EXPANS\u00c3O SET &#8211; S\u00e3o Lu\u00eds comemora refor\u00e7o de 71 novos \u00f4nibus na frota de transporte p\u00fablico\"}]},{\"@type\":\"WebSite\",\"@id\":\"https:\/\/www.blogsoestado.com\/evandrojunior\/#website\",\"url\":\"https:\/\/www.blogsoestado.com\/evandrojunior\/\",\"name\":\"Evandro Junior\",\"description\":\"\",\"potentialAction\":[{\"@type\":\"SearchAction\",\"target\":{\"@type\":\"EntryPoint\",\"urlTemplate\":\"https:\/\/www.blogsoestado.com\/evandrojunior\/?s={search_term_string}\"},\"query-input\":{\"@type\":\"PropertyValueSpecification\",\"valueRequired\":true,\"valueName\":\"search_term_string\"}}],\"inLanguage\":\"pt-BR\"},{\"@type\":\"Person\",\"@id\":\"https:\/\/www.blogsoestado.com\/evandrojunior\/#\/schema\/person\/3e6c3d8dbb740d1c6878ebc935cfb3be\",\"name\":\"Evandro Junior\",\"image\":{\"@type\":\"ImageObject\",\"inLanguage\":\"pt-BR\",\"@id\":\"https:\/\/www.blogsoestado.com\/evandrojunior\/#\/schema\/person\/image\/\",\"url\":\"https:\/\/secure.gravatar.com\/avatar\/f80a03a2294a580cd2318bfb459bf354cfa8be661ef3d95b542cf9a04af8d129?s=96&d=mm&r=g\",\"contentUrl\":\"https:\/\/secure.gravatar.com\/avatar\/f80a03a2294a580cd2318bfb459bf354cfa8be661ef3d95b542cf9a04af8d129?s=96&d=mm&r=g\",\"caption\":\"Evandro Junior\"},\"url\":\"https:\/\/www.blogsoestado.com\/evandrojunior\/author\/evandrojunior\/\"}]}<\/script>\n<!-- \/ Yoast SEO plugin. -->","yoast_head_json":{"title":"EXPANS\u00c3O SET - S\u00e3o Lu\u00eds comemora refor\u00e7o de 71 novos \u00f4nibus na frota de transporte p\u00fablico - Evandro Junior","robots":{"index":"index","follow":"follow","max-snippet":"max-snippet:-1","max-image-preview":"max-image-preview:large","max-video-preview":"max-video-preview:-1"},"canonical":"https:\/\/www.blogsoestado.com\/evandrojunior\/2023\/09\/08\/expansao-set-sao-luis-comemora-reforco-de-71-novos-onibus-na-frota-de-transporte-publico\/","og_locale":"pt_BR","og_type":"article","og_title":"EXPANS\u00c3O SET - S\u00e3o Lu\u00eds comemora refor\u00e7o de 71 novos \u00f4nibus na frota de transporte p\u00fablico - Evandro Junior","og_description":"S\u00e3o Lu\u00eds &#8211; Com a entrega, nesta sexta-feira (8), de 71 novos \u00f4nibus para o sistema de transporte coletivo da [&hellip;]","og_url":"https:\/\/www.blogsoestado.com\/evandrojunior\/2023\/09\/08\/expansao-set-sao-luis-comemora-reforco-de-71-novos-onibus-na-frota-de-transporte-publico\/","og_site_name":"Evandro Junior","article_published_time":"2023-09-08T20:03:59+00:00","og_image":[{"url":"https:\/\/www.blogsoestado.com\/evandrojunior\/files\/2023\/09\/751d5ab8-7fb6-4fd5-86ed-810fef94560c-1024x768.jpg","type":"","width":"","height":""}],"author":"Evandro Junior","twitter_card":"summary_large_image","twitter_misc":{"Escrito por":"Evandro Junior","Est. tempo de leitura":"2 minutos"},"schema":{"@context":"https:\/\/schema.org","@graph":[{"@type":"WebPage","@id":"https:\/\/www.blogsoestado.com\/evandrojunior\/2023\/09\/08\/expansao-set-sao-luis-comemora-reforco-de-71-novos-onibus-na-frota-de-transporte-publico\/","url":"https:\/\/www.blogsoestado.com\/evandrojunior\/2023\/09\/08\/expansao-set-sao-luis-comemora-reforco-de-71-novos-onibus-na-frota-de-transporte-publico\/","name":"EXPANS\u00c3O SET - S\u00e3o Lu\u00eds comemora refor\u00e7o de 71 novos \u00f4nibus na frota de transporte p\u00fablico - Evandro Junior","isPartOf":{"@id":"https:\/\/www.blogsoestado.com\/evandrojunior\/#website"},"primaryImageOfPage":{"@id":"https:\/\/www.blogsoestado.com\/evandrojunior\/2023\/09\/08\/expansao-set-sao-luis-comemora-reforco-de-71-novos-onibus-na-frota-de-transporte-publico\/#primaryimage"},"image":{"@id":"https:\/\/www.blogsoestado.com\/evandrojunior\/2023\/09\/08\/expansao-set-sao-luis-comemora-reforco-de-71-novos-onibus-na-frota-de-transporte-publico\/#primaryimage"},"thumbnailUrl":"https:\/\/www.blogsoestado.com\/evandrojunior\/files\/2023\/09\/751d5ab8-7fb6-4fd5-86ed-810fef94560c-1024x768.jpg","datePublished":"2023-09-08T20:03:59+00:00","author":{"@id":"https:\/\/www.blogsoestado.com\/evandrojunior\/#\/schema\/person\/3e6c3d8dbb740d1c6878ebc935cfb3be"},"breadcrumb":{"@id":"https:\/\/www.blogsoestado.com\/evandrojunior\/2023\/09\/08\/expansao-set-sao-luis-comemora-reforco-de-71-novos-onibus-na-frota-de-transporte-publico\/#breadcrumb"},"inLanguage":"pt-BR","potentialAction":[{"@type":"ReadAction","target":["https:\/\/www.blogsoestado.com\/evandrojunior\/2023\/09\/08\/expansao-set-sao-luis-comemora-reforco-de-71-novos-onibus-na-frota-de-transporte-publico\/"]}]},{"@type":"ImageObject","inLanguage":"pt-BR","@id":"https:\/\/www.blogsoestado.com\/evandrojunior\/2023\/09\/08\/expansao-set-sao-luis-comemora-reforco-de-71-novos-onibus-na-frota-de-transporte-publico\/#primaryimage","url":"https:\/\/www.blogsoestado.com\/evandrojunior\/files\/2023\/09\/751d5ab8-7fb6-4fd5-86ed-810fef94560c-1024x768.jpg","contentUrl":"https:\/\/www.blogsoestado.com\/evandrojunior\/files\/2023\/09\/751d5ab8-7fb6-4fd5-86ed-810fef94560c-1024x768.jpg"},{"@type":"BreadcrumbList","@id":"https:\/\/www.blogsoestado.com\/evandrojunior\/2023\/09\/08\/expansao-set-sao-luis-comemora-reforco-de-71-novos-onibus-na-frota-de-transporte-publico\/#breadcrumb","itemListElement":[{"@type":"ListItem","position":1,"name":"In\u00edcio","item":"https:\/\/www.blogsoestado.com\/evandrojunior\/"},{"@type":"ListItem","position":2,"name":"EXPANS\u00c3O SET &#8211; S\u00e3o Lu\u00eds comemora refor\u00e7o de 71 novos \u00f4nibus na frota de transporte p\u00fablico"}]},{"@type":"WebSite","@id":"https:\/\/www.blogsoestado.com\/evandrojunior\/#website","url":"https:\/\/www.blogsoestado.com\/evandrojunior\/","name":"Evandro Junior","description":"","potentialAction":[{"@type":"SearchAction","target":{"@type":"EntryPoint","urlTemplate":"https:\/\/www.blogsoestado.com\/evandrojunior\/?s={search_term_string}"},"query-input":{"@type":"PropertyValueSpecification","valueRequired":true,"valueName":"search_term_string"}}],"inLanguage":"pt-BR"},{"@type":"Person","@id":"https:\/\/www.blogsoestado.com\/evandrojunior\/#\/schema\/person\/3e6c3d8dbb740d1c6878ebc935cfb3be","name":"Evandro Junior","image":{"@type":"ImageObject","inLanguage":"pt-BR","@id":"https:\/\/www.blogsoestado.com\/evandrojunior\/#\/schema\/person\/image\/","url":"https:\/\/secure.gravatar.com\/avatar\/f80a03a2294a580cd2318bfb459bf354cfa8be661ef3d95b542cf9a04af8d129?s=96&d=mm&r=g","contentUrl":"https:\/\/secure.gravatar.com\/avatar\/f80a03a2294a580cd2318bfb459bf354cfa8be661ef3d95b542cf9a04af8d129?s=96&d=mm&r=g","caption":"Evandro Junior"},"url":"https:\/\/www.blogsoestado.com\/evandrojunior\/author\/evandrojunior\/"}]}},"jetpack_featured_media_url":"","_links":{"self":[{"href":"https:\/\/www.blogsoestado.com\/evandrojunior\/wp-json\/wp\/v2\/posts\/9843","targetHints":{"allow":["GET"]}}],"collection":[{"href":"https:\/\/www.blogsoestado.com\/evandrojunior\/wp-json\/wp\/v2\/posts"}],"about":[{"href":"https:\/\/www.blogsoestado.com\/evandrojunior\/wp-json\/wp\/v2\/types\/post"}],"author":[{"embeddable":true,"href":"https:\/\/www.blogsoestado.com\/evandrojunior\/wp-json\/wp\/v2\/users\/4"}],"replies":[{"embeddable":true,"href":"https:\/\/www.blogsoestado.com\/evandrojunior\/wp-json\/wp\/v2\/comments?post=9843"}],"version-history":[{"count":0,"href":"https:\/\/www.blogsoestado.com\/evandrojunior\/wp-json\/wp\/v2\/posts\/9843\/revisions"}],"wp:attachment":[{"href":"https:\/\/www.blogsoestado.com\/evandrojunior\/wp-json\/wp\/v2\/media?parent=9843"}],"wp:term":[{"taxonomy":"category","embeddable":true,"href":"https:\/\/www.blogsoestado.com\/evandrojunior\/wp-json\/wp\/v2\/categories?post=9843"},{"taxonomy":"post_tag","embeddable":true,"href":"https:\/\/www.blogsoestado.com\/evandrojunior\/wp-json\/wp\/v2\/tags?post=9843"}],"curies":[{"name":"wp","href":"https:\/\/api.w.org\/{rel}","templated":true}]}}