{"id":9911,"date":"2023-09-15T15:25:59","date_gmt":"2023-09-15T18:25:59","guid":{"rendered":"https:\/\/www.blogsoestado.com\/evandrojunior\/?p=9911"},"modified":"2023-09-15T15:25:59","modified_gmt":"2023-09-15T18:25:59","slug":"cerca-de-100-novos-onibus-devem-entrar-em-operacao-em-2024-preveem-setores-aliados-do-transporte-publico-em-sao-luis","status":"publish","type":"post","link":"https:\/\/www.blogsoestado.com\/evandrojunior\/2023\/09\/15\/cerca-de-100-novos-onibus-devem-entrar-em-operacao-em-2024-preveem-setores-aliados-do-transporte-publico-em-sao-luis\/","title":{"rendered":"Cerca de 100 novos \u00f4nibus devem entrar em opera\u00e7\u00e3o em 2024, preveem setores aliados do transporte p\u00fablico em S\u00e3o Lu\u00eds"},"content":{"rendered":"\n<div class=\"wp-block-image\"><figure class=\"aligncenter size-large is-resized\"><img fetchpriority=\"high\" decoding=\"async\" src=\"https:\/\/www.blogsoestado.com\/evandrojunior\/files\/2023\/09\/WhatsApp-Image-2023-09-15-at-15.20.20-1024x768.jpeg\" alt=\"\" class=\"wp-image-9912\" width=\"460\" height=\"345\"\/><figcaption>Mais 30 \u00f4nibus ser\u00e3o entregues at\u00e9 o fim de 2023<\/figcaption><\/figure><\/div>\n\n\n\n<p><strong>S\u00e3o Lu\u00eds <\/strong>&#8211; Com a entrega, na \u00faltima sexta-feira (8), de 71 novos \u00f4nibus para o sistema de transporte coletivo da capital na Passarela do Samba (Anel Vi\u00e1rio), a oferta de servi\u00e7o de transporte p\u00fablico foi ampliada com mais qualidade \u00e0 popula\u00e7\u00e3o. A previs\u00e3o dos setores aliados ao sistema de transporte \u00e9 que 100 novos \u00f4nibus devem ser acrescidos \u00e0 frota logo no in\u00edcio de 2024.<\/p>\n\n\n\n<p>Al\u00e9m disso, a Prefeitura de S\u00e3o Lu\u00eds e a Secretaria Municipal de Tr\u00e2nsito e Transportes (SMTT) informaram que mais 30 \u00f4nibus ser\u00e3o entregues at\u00e9 o fim de 2023, assumindo um compromisso de renova\u00e7\u00e3o da frota da nossa cidade e consequentemente de oferta de servi\u00e7o de transporte p\u00fablico de qualidade \u00e0 popula\u00e7\u00e3o.<\/p>\n\n\n\n<p>\u00c9 um grande avan\u00e7o, uma vez que o setor de transporte enfrentou uma grave crise como outros setores em raz\u00e3o da pandemia ocasionada pela Covid 19, que de certa forma atrasou o calend\u00e1rio de inova\u00e7\u00f5es previstas para a \u00e1rea, mas que agora come\u00e7a a dar sinais de recupera\u00e7\u00e3o. <\/p>\n\n\n\n<p>A frota, que contava com 715 ve\u00edculos, passou para 786 e com a informa\u00e7\u00e3o de novas entregas, passar\u00e1 para mais de 800 ve\u00edculos em opera\u00e7\u00e3o.<\/p>\n\n\n\n<p>Os novos \u00f4nibus j\u00e1 est\u00e3o circulando por toda a cidade, inclusos zona rural e regi\u00e3o metropolitana. Al\u00e9m de ar-condicionado, os ve\u00edculos est\u00e3o adaptados com elevadores para uso de pessoas com defici\u00eancia e possuem tr\u00eas portas, que facilitam o embarque e desembarque de passageiros, principalmente nos Terminais de Integra\u00e7\u00e3o.<\/p>\n\n\n\n<p>Tamb\u00e9m possuem uma nova tecnologia de motoriza\u00e7\u00e3o, com emiss\u00e3o muito mais baixa. Dos novos ve\u00edculos, 20 deles contam com entrada USB para recarga de smartphones e outros dispositivos eletr\u00f4nicos. Tanto esses ve\u00edculos como os demais que ser\u00e3o entregues tamb\u00e9m j\u00e1 est\u00e3o adaptados para os validadores do novo sistema da bilhetagem eletr\u00f4nica, ofertando as facilidades de pagamento que j\u00e1 est\u00e3o sendo implantadas.<\/p>\n","protected":false},"excerpt":{"rendered":"<p>S\u00e3o Lu\u00eds &#8211; Com a entrega, na \u00faltima sexta-feira (8), de 71 novos \u00f4nibus para o sistema de transporte coletivo [&hellip;]<\/p>\n","protected":false},"author":4,"featured_media":0,"comment_status":"open","ping_status":"open","sticky":false,"template":"","format":"standard","meta":{"site-sidebar-layout":"default","site-content-layout":"","ast-site-content-layout":"default","site-content-style":"default","site-sidebar-style":"default","ast-global-header-display":"","ast-banner-title-visibility":"","ast-main-header-display":"","ast-hfb-above-header-display":"","ast-hfb-below-header-display":"","ast-hfb-mobile-header-display":"","site-post-title":"","ast-breadcrumbs-content":"","ast-featured-img":"","footer-sml-layout":"","ast-disable-related-posts":"","theme-transparent-header-meta":"","adv-header-id-meta":"","stick-header-meta":"","header-above-stick-meta":"","header-main-stick-meta":"","header-below-stick-meta":"","astra-migrate-meta-layouts":"default","ast-page-background-enabled":"default","ast-page-background-meta":{"desktop":{"background-color":"var(--ast-global-color-5)","background-image":"","background-repeat":"repeat","background-position":"center center","background-size":"auto","background-attachment":"scroll","background-type":"","background-media":"","overlay-type":"","overlay-color":"","overlay-opacity":"","overlay-gradient":""},"tablet":{"background-color":"","background-image":"","background-repeat":"repeat","background-position":"center center","background-size":"auto","background-attachment":"scroll","background-type":"","background-media":"","overlay-type":"","overlay-color":"","overlay-opacity":"","overlay-gradient":""},"mobile":{"background-color":"","background-image":"","background-repeat":"repeat","background-position":"center center","background-size":"auto","background-attachment":"scroll","background-type":"","background-media":"","overlay-type":"","overlay-color":"","overlay-opacity":"","overlay-gradient":""}},"ast-content-background-meta":{"desktop":{"background-color":"var(--ast-global-color-4)","background-image":"","background-repeat":"repeat","background-position":"center center","background-size":"auto","background-attachment":"scroll","background-type":"","background-media":"","overlay-type":"","overlay-color":"","overlay-opacity":"","overlay-gradient":""},"tablet":{"background-color":"var(--ast-global-color-4)","background-image":"","background-repeat":"repeat","background-position":"center center","background-size":"auto","background-attachment":"scroll","background-type":"","background-media":"","overlay-type":"","overlay-color":"","overlay-opacity":"","overlay-gradient":""},"mobile":{"background-color":"var(--ast-global-color-4)","background-image":"","background-repeat":"repeat","background-position":"center center","background-size":"auto","background-attachment":"scroll","background-type":"","background-media":"","overlay-type":"","overlay-color":"","overlay-opacity":"","overlay-gradient":""}},"footnotes":""},"categories":[1],"tags":[],"class_list":["post-9911","post","type-post","status-publish","format-standard","hentry","category-sem-categoria"],"yoast_head":"<!-- This site is optimized with the Yoast SEO plugin v26.6 - https:\/\/yoast.com\/wordpress\/plugins\/seo\/ -->\n<title>Cerca de 100 novos \u00f4nibus devem entrar em opera\u00e7\u00e3o em 2024, preveem setores aliados do transporte p\u00fablico em S\u00e3o Lu\u00eds - Evandro Junior<\/title>\n<meta name=\"robots\" content=\"index, follow, max-snippet:-1, max-image-preview:large, max-video-preview:-1\" \/>\n<link rel=\"canonical\" href=\"https:\/\/www.blogsoestado.com\/evandrojunior\/2023\/09\/15\/cerca-de-100-novos-onibus-devem-entrar-em-operacao-em-2024-preveem-setores-aliados-do-transporte-publico-em-sao-luis\/\" \/>\n<meta property=\"og:locale\" content=\"pt_BR\" \/>\n<meta property=\"og:type\" content=\"article\" \/>\n<meta property=\"og:title\" content=\"Cerca de 100 novos \u00f4nibus devem entrar em opera\u00e7\u00e3o em 2024, preveem setores aliados do transporte p\u00fablico em S\u00e3o Lu\u00eds - Evandro Junior\" \/>\n<meta property=\"og:description\" content=\"S\u00e3o Lu\u00eds &#8211; Com a entrega, na \u00faltima sexta-feira (8), de 71 novos \u00f4nibus para o sistema de transporte coletivo [&hellip;]\" \/>\n<meta property=\"og:url\" content=\"https:\/\/www.blogsoestado.com\/evandrojunior\/2023\/09\/15\/cerca-de-100-novos-onibus-devem-entrar-em-operacao-em-2024-preveem-setores-aliados-do-transporte-publico-em-sao-luis\/\" \/>\n<meta property=\"og:site_name\" content=\"Evandro Junior\" \/>\n<meta property=\"article:published_time\" content=\"2023-09-15T18:25:59+00:00\" \/>\n<meta property=\"og:image\" content=\"https:\/\/www.blogsoestado.com\/evandrojunior\/files\/2023\/09\/WhatsApp-Image-2023-09-15-at-15.20.20-1024x768.jpeg\" \/>\n<meta name=\"author\" content=\"Evandro Junior\" \/>\n<meta name=\"twitter:card\" content=\"summary_large_image\" \/>\n<meta name=\"twitter:label1\" content=\"Escrito por\" \/>\n\t<meta name=\"twitter:data1\" content=\"Evandro Junior\" \/>\n\t<meta name=\"twitter:label2\" content=\"Est. tempo de leitura\" \/>\n\t<meta name=\"twitter:data2\" content=\"2 minutos\" \/>\n<script type=\"application\/ld+json\" class=\"yoast-schema-graph\">{\"@context\":\"https:\/\/schema.org\",\"@graph\":[{\"@type\":\"WebPage\",\"@id\":\"https:\/\/www.blogsoestado.com\/evandrojunior\/2023\/09\/15\/cerca-de-100-novos-onibus-devem-entrar-em-operacao-em-2024-preveem-setores-aliados-do-transporte-publico-em-sao-luis\/\",\"url\":\"https:\/\/www.blogsoestado.com\/evandrojunior\/2023\/09\/15\/cerca-de-100-novos-onibus-devem-entrar-em-operacao-em-2024-preveem-setores-aliados-do-transporte-publico-em-sao-luis\/\",\"name\":\"Cerca de 100 novos \u00f4nibus devem entrar em opera\u00e7\u00e3o em 2024, preveem setores aliados do transporte p\u00fablico em S\u00e3o Lu\u00eds - Evandro Junior\",\"isPartOf\":{\"@id\":\"https:\/\/www.blogsoestado.com\/evandrojunior\/#website\"},\"primaryImageOfPage\":{\"@id\":\"https:\/\/www.blogsoestado.com\/evandrojunior\/2023\/09\/15\/cerca-de-100-novos-onibus-devem-entrar-em-operacao-em-2024-preveem-setores-aliados-do-transporte-publico-em-sao-luis\/#primaryimage\"},\"image\":{\"@id\":\"https:\/\/www.blogsoestado.com\/evandrojunior\/2023\/09\/15\/cerca-de-100-novos-onibus-devem-entrar-em-operacao-em-2024-preveem-setores-aliados-do-transporte-publico-em-sao-luis\/#primaryimage\"},\"thumbnailUrl\":\"https:\/\/www.blogsoestado.com\/evandrojunior\/files\/2023\/09\/WhatsApp-Image-2023-09-15-at-15.20.20-1024x768.jpeg\",\"datePublished\":\"2023-09-15T18:25:59+00:00\",\"author\":{\"@id\":\"https:\/\/www.blogsoestado.com\/evandrojunior\/#\/schema\/person\/3e6c3d8dbb740d1c6878ebc935cfb3be\"},\"breadcrumb\":{\"@id\":\"https:\/\/www.blogsoestado.com\/evandrojunior\/2023\/09\/15\/cerca-de-100-novos-onibus-devem-entrar-em-operacao-em-2024-preveem-setores-aliados-do-transporte-publico-em-sao-luis\/#breadcrumb\"},\"inLanguage\":\"pt-BR\",\"potentialAction\":[{\"@type\":\"ReadAction\",\"target\":[\"https:\/\/www.blogsoestado.com\/evandrojunior\/2023\/09\/15\/cerca-de-100-novos-onibus-devem-entrar-em-operacao-em-2024-preveem-setores-aliados-do-transporte-publico-em-sao-luis\/\"]}]},{\"@type\":\"ImageObject\",\"inLanguage\":\"pt-BR\",\"@id\":\"https:\/\/www.blogsoestado.com\/evandrojunior\/2023\/09\/15\/cerca-de-100-novos-onibus-devem-entrar-em-operacao-em-2024-preveem-setores-aliados-do-transporte-publico-em-sao-luis\/#primaryimage\",\"url\":\"https:\/\/www.blogsoestado.com\/evandrojunior\/files\/2023\/09\/WhatsApp-Image-2023-09-15-at-15.20.20-1024x768.jpeg\",\"contentUrl\":\"https:\/\/www.blogsoestado.com\/evandrojunior\/files\/2023\/09\/WhatsApp-Image-2023-09-15-at-15.20.20-1024x768.jpeg\"},{\"@type\":\"BreadcrumbList\",\"@id\":\"https:\/\/www.blogsoestado.com\/evandrojunior\/2023\/09\/15\/cerca-de-100-novos-onibus-devem-entrar-em-operacao-em-2024-preveem-setores-aliados-do-transporte-publico-em-sao-luis\/#breadcrumb\",\"itemListElement\":[{\"@type\":\"ListItem\",\"position\":1,\"name\":\"In\u00edcio\",\"item\":\"https:\/\/www.blogsoestado.com\/evandrojunior\/\"},{\"@type\":\"ListItem\",\"position\":2,\"name\":\"Cerca de 100 novos \u00f4nibus devem entrar em opera\u00e7\u00e3o em 2024, preveem setores aliados do transporte p\u00fablico em S\u00e3o Lu\u00eds\"}]},{\"@type\":\"WebSite\",\"@id\":\"https:\/\/www.blogsoestado.com\/evandrojunior\/#website\",\"url\":\"https:\/\/www.blogsoestado.com\/evandrojunior\/\",\"name\":\"Evandro Junior\",\"description\":\"\",\"potentialAction\":[{\"@type\":\"SearchAction\",\"target\":{\"@type\":\"EntryPoint\",\"urlTemplate\":\"https:\/\/www.blogsoestado.com\/evandrojunior\/?s={search_term_string}\"},\"query-input\":{\"@type\":\"PropertyValueSpecification\",\"valueRequired\":true,\"valueName\":\"search_term_string\"}}],\"inLanguage\":\"pt-BR\"},{\"@type\":\"Person\",\"@id\":\"https:\/\/www.blogsoestado.com\/evandrojunior\/#\/schema\/person\/3e6c3d8dbb740d1c6878ebc935cfb3be\",\"name\":\"Evandro Junior\",\"image\":{\"@type\":\"ImageObject\",\"inLanguage\":\"pt-BR\",\"@id\":\"https:\/\/www.blogsoestado.com\/evandrojunior\/#\/schema\/person\/image\/\",\"url\":\"https:\/\/secure.gravatar.com\/avatar\/f80a03a2294a580cd2318bfb459bf354cfa8be661ef3d95b542cf9a04af8d129?s=96&d=mm&r=g\",\"contentUrl\":\"https:\/\/secure.gravatar.com\/avatar\/f80a03a2294a580cd2318bfb459bf354cfa8be661ef3d95b542cf9a04af8d129?s=96&d=mm&r=g\",\"caption\":\"Evandro Junior\"},\"url\":\"https:\/\/www.blogsoestado.com\/evandrojunior\/author\/evandrojunior\/\"}]}<\/script>\n<!-- \/ Yoast SEO plugin. -->","yoast_head_json":{"title":"Cerca de 100 novos \u00f4nibus devem entrar em opera\u00e7\u00e3o em 2024, preveem setores aliados do transporte p\u00fablico em S\u00e3o Lu\u00eds - Evandro Junior","robots":{"index":"index","follow":"follow","max-snippet":"max-snippet:-1","max-image-preview":"max-image-preview:large","max-video-preview":"max-video-preview:-1"},"canonical":"https:\/\/www.blogsoestado.com\/evandrojunior\/2023\/09\/15\/cerca-de-100-novos-onibus-devem-entrar-em-operacao-em-2024-preveem-setores-aliados-do-transporte-publico-em-sao-luis\/","og_locale":"pt_BR","og_type":"article","og_title":"Cerca de 100 novos \u00f4nibus devem entrar em opera\u00e7\u00e3o em 2024, preveem setores aliados do transporte p\u00fablico em S\u00e3o Lu\u00eds - Evandro Junior","og_description":"S\u00e3o Lu\u00eds &#8211; Com a entrega, na \u00faltima sexta-feira (8), de 71 novos \u00f4nibus para o sistema de transporte coletivo [&hellip;]","og_url":"https:\/\/www.blogsoestado.com\/evandrojunior\/2023\/09\/15\/cerca-de-100-novos-onibus-devem-entrar-em-operacao-em-2024-preveem-setores-aliados-do-transporte-publico-em-sao-luis\/","og_site_name":"Evandro Junior","article_published_time":"2023-09-15T18:25:59+00:00","og_image":[{"url":"https:\/\/www.blogsoestado.com\/evandrojunior\/files\/2023\/09\/WhatsApp-Image-2023-09-15-at-15.20.20-1024x768.jpeg","type":"","width":"","height":""}],"author":"Evandro Junior","twitter_card":"summary_large_image","twitter_misc":{"Escrito por":"Evandro Junior","Est. tempo de leitura":"2 minutos"},"schema":{"@context":"https:\/\/schema.org","@graph":[{"@type":"WebPage","@id":"https:\/\/www.blogsoestado.com\/evandrojunior\/2023\/09\/15\/cerca-de-100-novos-onibus-devem-entrar-em-operacao-em-2024-preveem-setores-aliados-do-transporte-publico-em-sao-luis\/","url":"https:\/\/www.blogsoestado.com\/evandrojunior\/2023\/09\/15\/cerca-de-100-novos-onibus-devem-entrar-em-operacao-em-2024-preveem-setores-aliados-do-transporte-publico-em-sao-luis\/","name":"Cerca de 100 novos \u00f4nibus devem entrar em opera\u00e7\u00e3o em 2024, preveem setores aliados do transporte p\u00fablico em S\u00e3o Lu\u00eds - Evandro Junior","isPartOf":{"@id":"https:\/\/www.blogsoestado.com\/evandrojunior\/#website"},"primaryImageOfPage":{"@id":"https:\/\/www.blogsoestado.com\/evandrojunior\/2023\/09\/15\/cerca-de-100-novos-onibus-devem-entrar-em-operacao-em-2024-preveem-setores-aliados-do-transporte-publico-em-sao-luis\/#primaryimage"},"image":{"@id":"https:\/\/www.blogsoestado.com\/evandrojunior\/2023\/09\/15\/cerca-de-100-novos-onibus-devem-entrar-em-operacao-em-2024-preveem-setores-aliados-do-transporte-publico-em-sao-luis\/#primaryimage"},"thumbnailUrl":"https:\/\/www.blogsoestado.com\/evandrojunior\/files\/2023\/09\/WhatsApp-Image-2023-09-15-at-15.20.20-1024x768.jpeg","datePublished":"2023-09-15T18:25:59+00:00","author":{"@id":"https:\/\/www.blogsoestado.com\/evandrojunior\/#\/schema\/person\/3e6c3d8dbb740d1c6878ebc935cfb3be"},"breadcrumb":{"@id":"https:\/\/www.blogsoestado.com\/evandrojunior\/2023\/09\/15\/cerca-de-100-novos-onibus-devem-entrar-em-operacao-em-2024-preveem-setores-aliados-do-transporte-publico-em-sao-luis\/#breadcrumb"},"inLanguage":"pt-BR","potentialAction":[{"@type":"ReadAction","target":["https:\/\/www.blogsoestado.com\/evandrojunior\/2023\/09\/15\/cerca-de-100-novos-onibus-devem-entrar-em-operacao-em-2024-preveem-setores-aliados-do-transporte-publico-em-sao-luis\/"]}]},{"@type":"ImageObject","inLanguage":"pt-BR","@id":"https:\/\/www.blogsoestado.com\/evandrojunior\/2023\/09\/15\/cerca-de-100-novos-onibus-devem-entrar-em-operacao-em-2024-preveem-setores-aliados-do-transporte-publico-em-sao-luis\/#primaryimage","url":"https:\/\/www.blogsoestado.com\/evandrojunior\/files\/2023\/09\/WhatsApp-Image-2023-09-15-at-15.20.20-1024x768.jpeg","contentUrl":"https:\/\/www.blogsoestado.com\/evandrojunior\/files\/2023\/09\/WhatsApp-Image-2023-09-15-at-15.20.20-1024x768.jpeg"},{"@type":"BreadcrumbList","@id":"https:\/\/www.blogsoestado.com\/evandrojunior\/2023\/09\/15\/cerca-de-100-novos-onibus-devem-entrar-em-operacao-em-2024-preveem-setores-aliados-do-transporte-publico-em-sao-luis\/#breadcrumb","itemListElement":[{"@type":"ListItem","position":1,"name":"In\u00edcio","item":"https:\/\/www.blogsoestado.com\/evandrojunior\/"},{"@type":"ListItem","position":2,"name":"Cerca de 100 novos \u00f4nibus devem entrar em opera\u00e7\u00e3o em 2024, preveem setores aliados do transporte p\u00fablico em S\u00e3o Lu\u00eds"}]},{"@type":"WebSite","@id":"https:\/\/www.blogsoestado.com\/evandrojunior\/#website","url":"https:\/\/www.blogsoestado.com\/evandrojunior\/","name":"Evandro Junior","description":"","potentialAction":[{"@type":"SearchAction","target":{"@type":"EntryPoint","urlTemplate":"https:\/\/www.blogsoestado.com\/evandrojunior\/?s={search_term_string}"},"query-input":{"@type":"PropertyValueSpecification","valueRequired":true,"valueName":"search_term_string"}}],"inLanguage":"pt-BR"},{"@type":"Person","@id":"https:\/\/www.blogsoestado.com\/evandrojunior\/#\/schema\/person\/3e6c3d8dbb740d1c6878ebc935cfb3be","name":"Evandro Junior","image":{"@type":"ImageObject","inLanguage":"pt-BR","@id":"https:\/\/www.blogsoestado.com\/evandrojunior\/#\/schema\/person\/image\/","url":"https:\/\/secure.gravatar.com\/avatar\/f80a03a2294a580cd2318bfb459bf354cfa8be661ef3d95b542cf9a04af8d129?s=96&d=mm&r=g","contentUrl":"https:\/\/secure.gravatar.com\/avatar\/f80a03a2294a580cd2318bfb459bf354cfa8be661ef3d95b542cf9a04af8d129?s=96&d=mm&r=g","caption":"Evandro Junior"},"url":"https:\/\/www.blogsoestado.com\/evandrojunior\/author\/evandrojunior\/"}]}},"jetpack_featured_media_url":"","_links":{"self":[{"href":"https:\/\/www.blogsoestado.com\/evandrojunior\/wp-json\/wp\/v2\/posts\/9911","targetHints":{"allow":["GET"]}}],"collection":[{"href":"https:\/\/www.blogsoestado.com\/evandrojunior\/wp-json\/wp\/v2\/posts"}],"about":[{"href":"https:\/\/www.blogsoestado.com\/evandrojunior\/wp-json\/wp\/v2\/types\/post"}],"author":[{"embeddable":true,"href":"https:\/\/www.blogsoestado.com\/evandrojunior\/wp-json\/wp\/v2\/users\/4"}],"replies":[{"embeddable":true,"href":"https:\/\/www.blogsoestado.com\/evandrojunior\/wp-json\/wp\/v2\/comments?post=9911"}],"version-history":[{"count":0,"href":"https:\/\/www.blogsoestado.com\/evandrojunior\/wp-json\/wp\/v2\/posts\/9911\/revisions"}],"wp:attachment":[{"href":"https:\/\/www.blogsoestado.com\/evandrojunior\/wp-json\/wp\/v2\/media?parent=9911"}],"wp:term":[{"taxonomy":"category","embeddable":true,"href":"https:\/\/www.blogsoestado.com\/evandrojunior\/wp-json\/wp\/v2\/categories?post=9911"},{"taxonomy":"post_tag","embeddable":true,"href":"https:\/\/www.blogsoestado.com\/evandrojunior\/wp-json\/wp\/v2\/tags?post=9911"}],"curies":[{"name":"wp","href":"https:\/\/api.w.org\/{rel}","templated":true}]}}