{"id":9928,"date":"2023-09-15T17:15:41","date_gmt":"2023-09-15T20:15:41","guid":{"rendered":"https:\/\/www.blogsoestado.com\/evandrojunior\/?p=9928"},"modified":"2023-09-15T17:15:41","modified_gmt":"2023-09-15T20:15:41","slug":"roberto-carlos-e-aguardado-para-grande-show-no-espaco-reserva-na-proxima-terca","status":"publish","type":"post","link":"https:\/\/www.blogsoestado.com\/evandrojunior\/2023\/09\/15\/roberto-carlos-e-aguardado-para-grande-show-no-espaco-reserva-na-proxima-terca\/","title":{"rendered":"Roberto Carlos \u00e9 aguardado para grande show no Espa\u00e7o Reserva na pr\u00f3xima ter\u00e7a"},"content":{"rendered":"\n<div class=\"wp-block-image\"><figure class=\"aligncenter size-large is-resized\"><img fetchpriority=\"high\" decoding=\"async\" src=\"https:\/\/www.blogsoestado.com\/evandrojunior\/files\/2023\/09\/WhatsApp-Image-2023-09-15-at-17.09.57-1024x768.jpeg\" alt=\"\" class=\"wp-image-9929\" width=\"548\" height=\"411\"\/><figcaption><strong>Roberto Carlos retorna a S\u00e3o Lu\u00eds na pr\u00f3xima ter\u00e7a-feira, desta vez para show no Espa\u00e7o Reserva<\/strong><\/figcaption><\/figure><\/div>\n\n\n\n<p><strong>S\u00e3o Lu\u00eds<\/strong> &#8211; \u00c9 nesta ter\u00e7a-feira o esperado show do cantor Roberto Carlos em S\u00e3o Lu\u00eds, \u00e0s 20h, no Espa\u00e7o Reserva, ao lado do Shopping da Ilha. Ainda h\u00e1 ingressos\u00a0\u00e0 venda no site <a href=\"http:\/\/www.achetickets.com.br\"><strong>www.achetickets.com.br<\/strong><\/a> e na loja Oculum, que fica no piso L3 do Shopping da Ilha. <\/p>\n\n\n\n<p>Para maior conforto e seguran\u00e7a do p\u00fablico, a organiza\u00e7\u00e3o ir\u00e1 disponibilizar uma van que dar\u00e1 acesso ao show. O cliente estaciona dentro do Shopping da Ilha e a van levar\u00e1 at\u00e9 a \u00e1rea do evento com todo conforto.<\/p>\n\n\n\n<p>Exemplo vivo do sucesso mundial da m\u00fasica popular brasileira, com 33 \u00e1lbuns de carreira lan\u00e7ados, sucessos em portugu\u00eas, espanhol, italiano, ingl\u00eas e outros idiomas, Roberto Carlos lan\u00e7ou, recentemente, uma regrava\u00e7\u00e3o do cl\u00e1ssico \u201cEvid\u00eancias\u201d, sucesso que faz parte da trilha sonora da novela \u201cTravessia\u201d, dispon\u00edveis em todas as plataformas digitais.<\/p>\n\n\n\n<p>O &#8216;Rei&#8217; entrou para a lista da revista Global Concert Pulse como um dos 30 artistas de maior p\u00fablico nos Estados Unidos, ao lado de nomes como Elton John, Cher, a banda Kiss e outros grandes nomes da m\u00fasica mundial.<\/p>\n\n\n\n<p><strong><u>VALOR DOS INGRESSOS POR \u00c1REAS:<\/u><\/strong><\/p>\n\n\n\n<p><strong>SETOR AZUL MESA 04 LUGARES<\/strong><\/p>\n\n\n\n<p>MESA COM 4 LUGARES\u00a0R$ 4.000,00<\/p>\n\n\n\n<p>POSSUI \u00c1REA PCD R$ 3.000,00<\/p>\n\n\n\n<p><strong>SETOR AMARELO<\/strong><\/p>\n\n\n\n<p>INTEIRA R$ 800,00<\/p>\n\n\n\n<p>MEIA R$ 400,00<\/p>\n\n\n\n<p>POSSUI \u00c1REA PCD<\/p>\n\n\n\n<p><strong>SETOR&nbsp;VERDE<\/strong><\/p>\n\n\n\n<p>INTEIRA R$ 500,00<\/p>\n\n\n\n<p>MEIA R$ 250,00<\/p>\n\n\n\n<p>POSSUI \u00c1REA PCD<\/p>\n\n\n\n<p><strong>SETOR BRANCO<\/strong><\/p>\n\n\n\n<p>INTEIRA R$ 300,00<\/p>\n\n\n\n<p>MEIA R$ 150,00&nbsp;<\/p>\n\n\n\n<p>POSSUI \u00c1REA PCD<\/p>\n\n\n\n<p><strong><u>VENDAS ON-LINE E F\u00cdSICA:<\/u><\/strong><\/p>\n\n\n\n<p>Pagamento: No site 10x no cart\u00e3o com juros de 1,99% e pix.<\/p>\n\n\n\n<p>Bilheteria f\u00edsica aceita Cart\u00e3o de cr\u00e9dito, d\u00e9bito e dinheiro<\/p>\n","protected":false},"excerpt":{"rendered":"<p>S\u00e3o Lu\u00eds &#8211; \u00c9 nesta ter\u00e7a-feira o esperado show do cantor Roberto Carlos em S\u00e3o Lu\u00eds, \u00e0s 20h, no Espa\u00e7o [&hellip;]<\/p>\n","protected":false},"author":4,"featured_media":0,"comment_status":"open","ping_status":"open","sticky":false,"template":"","format":"standard","meta":{"site-sidebar-layout":"default","site-content-layout":"","ast-site-content-layout":"default","site-content-style":"default","site-sidebar-style":"default","ast-global-header-display":"","ast-banner-title-visibility":"","ast-main-header-display":"","ast-hfb-above-header-display":"","ast-hfb-below-header-display":"","ast-hfb-mobile-header-display":"","site-post-title":"","ast-breadcrumbs-content":"","ast-featured-img":"","footer-sml-layout":"","ast-disable-related-posts":"","theme-transparent-header-meta":"","adv-header-id-meta":"","stick-header-meta":"","header-above-stick-meta":"","header-main-stick-meta":"","header-below-stick-meta":"","astra-migrate-meta-layouts":"default","ast-page-background-enabled":"default","ast-page-background-meta":{"desktop":{"background-color":"var(--ast-global-color-5)","background-image":"","background-repeat":"repeat","background-position":"center center","background-size":"auto","background-attachment":"scroll","background-type":"","background-media":"","overlay-type":"","overlay-color":"","overlay-opacity":"","overlay-gradient":""},"tablet":{"background-color":"","background-image":"","background-repeat":"repeat","background-position":"center center","background-size":"auto","background-attachment":"scroll","background-type":"","background-media":"","overlay-type":"","overlay-color":"","overlay-opacity":"","overlay-gradient":""},"mobile":{"background-color":"","background-image":"","background-repeat":"repeat","background-position":"center center","background-size":"auto","background-attachment":"scroll","background-type":"","background-media":"","overlay-type":"","overlay-color":"","overlay-opacity":"","overlay-gradient":""}},"ast-content-background-meta":{"desktop":{"background-color":"var(--ast-global-color-4)","background-image":"","background-repeat":"repeat","background-position":"center center","background-size":"auto","background-attachment":"scroll","background-type":"","background-media":"","overlay-type":"","overlay-color":"","overlay-opacity":"","overlay-gradient":""},"tablet":{"background-color":"var(--ast-global-color-4)","background-image":"","background-repeat":"repeat","background-position":"center center","background-size":"auto","background-attachment":"scroll","background-type":"","background-media":"","overlay-type":"","overlay-color":"","overlay-opacity":"","overlay-gradient":""},"mobile":{"background-color":"var(--ast-global-color-4)","background-image":"","background-repeat":"repeat","background-position":"center center","background-size":"auto","background-attachment":"scroll","background-type":"","background-media":"","overlay-type":"","overlay-color":"","overlay-opacity":"","overlay-gradient":""}},"footnotes":""},"categories":[1],"tags":[],"class_list":["post-9928","post","type-post","status-publish","format-standard","hentry","category-sem-categoria"],"yoast_head":"<!-- This site is optimized with the Yoast SEO plugin v26.6 - https:\/\/yoast.com\/wordpress\/plugins\/seo\/ -->\n<title>Roberto Carlos \u00e9 aguardado para grande show no Espa\u00e7o Reserva na pr\u00f3xima ter\u00e7a - Evandro Junior<\/title>\n<meta name=\"robots\" content=\"index, follow, max-snippet:-1, max-image-preview:large, max-video-preview:-1\" \/>\n<link rel=\"canonical\" href=\"https:\/\/www.blogsoestado.com\/evandrojunior\/2023\/09\/15\/roberto-carlos-e-aguardado-para-grande-show-no-espaco-reserva-na-proxima-terca\/\" \/>\n<meta property=\"og:locale\" content=\"pt_BR\" \/>\n<meta property=\"og:type\" content=\"article\" \/>\n<meta property=\"og:title\" content=\"Roberto Carlos \u00e9 aguardado para grande show no Espa\u00e7o Reserva na pr\u00f3xima ter\u00e7a - Evandro Junior\" \/>\n<meta property=\"og:description\" content=\"S\u00e3o Lu\u00eds &#8211; \u00c9 nesta ter\u00e7a-feira o esperado show do cantor Roberto Carlos em S\u00e3o Lu\u00eds, \u00e0s 20h, no Espa\u00e7o [&hellip;]\" \/>\n<meta property=\"og:url\" content=\"https:\/\/www.blogsoestado.com\/evandrojunior\/2023\/09\/15\/roberto-carlos-e-aguardado-para-grande-show-no-espaco-reserva-na-proxima-terca\/\" \/>\n<meta property=\"og:site_name\" content=\"Evandro Junior\" \/>\n<meta property=\"article:published_time\" content=\"2023-09-15T20:15:41+00:00\" \/>\n<meta property=\"og:image\" content=\"https:\/\/www.blogsoestado.com\/evandrojunior\/files\/2023\/09\/WhatsApp-Image-2023-09-15-at-17.09.57-1024x768.jpeg\" \/>\n<meta name=\"author\" content=\"Evandro Junior\" \/>\n<meta name=\"twitter:card\" content=\"summary_large_image\" \/>\n<meta name=\"twitter:label1\" content=\"Escrito por\" \/>\n\t<meta name=\"twitter:data1\" content=\"Evandro Junior\" \/>\n\t<meta name=\"twitter:label2\" content=\"Est. tempo de leitura\" \/>\n\t<meta name=\"twitter:data2\" content=\"2 minutos\" \/>\n<script type=\"application\/ld+json\" class=\"yoast-schema-graph\">{\"@context\":\"https:\/\/schema.org\",\"@graph\":[{\"@type\":\"WebPage\",\"@id\":\"https:\/\/www.blogsoestado.com\/evandrojunior\/2023\/09\/15\/roberto-carlos-e-aguardado-para-grande-show-no-espaco-reserva-na-proxima-terca\/\",\"url\":\"https:\/\/www.blogsoestado.com\/evandrojunior\/2023\/09\/15\/roberto-carlos-e-aguardado-para-grande-show-no-espaco-reserva-na-proxima-terca\/\",\"name\":\"Roberto Carlos \u00e9 aguardado para grande show no Espa\u00e7o Reserva na pr\u00f3xima ter\u00e7a - Evandro Junior\",\"isPartOf\":{\"@id\":\"https:\/\/www.blogsoestado.com\/evandrojunior\/#website\"},\"primaryImageOfPage\":{\"@id\":\"https:\/\/www.blogsoestado.com\/evandrojunior\/2023\/09\/15\/roberto-carlos-e-aguardado-para-grande-show-no-espaco-reserva-na-proxima-terca\/#primaryimage\"},\"image\":{\"@id\":\"https:\/\/www.blogsoestado.com\/evandrojunior\/2023\/09\/15\/roberto-carlos-e-aguardado-para-grande-show-no-espaco-reserva-na-proxima-terca\/#primaryimage\"},\"thumbnailUrl\":\"https:\/\/www.blogsoestado.com\/evandrojunior\/files\/2023\/09\/WhatsApp-Image-2023-09-15-at-17.09.57-1024x768.jpeg\",\"datePublished\":\"2023-09-15T20:15:41+00:00\",\"author\":{\"@id\":\"https:\/\/www.blogsoestado.com\/evandrojunior\/#\/schema\/person\/3e6c3d8dbb740d1c6878ebc935cfb3be\"},\"breadcrumb\":{\"@id\":\"https:\/\/www.blogsoestado.com\/evandrojunior\/2023\/09\/15\/roberto-carlos-e-aguardado-para-grande-show-no-espaco-reserva-na-proxima-terca\/#breadcrumb\"},\"inLanguage\":\"pt-BR\",\"potentialAction\":[{\"@type\":\"ReadAction\",\"target\":[\"https:\/\/www.blogsoestado.com\/evandrojunior\/2023\/09\/15\/roberto-carlos-e-aguardado-para-grande-show-no-espaco-reserva-na-proxima-terca\/\"]}]},{\"@type\":\"ImageObject\",\"inLanguage\":\"pt-BR\",\"@id\":\"https:\/\/www.blogsoestado.com\/evandrojunior\/2023\/09\/15\/roberto-carlos-e-aguardado-para-grande-show-no-espaco-reserva-na-proxima-terca\/#primaryimage\",\"url\":\"https:\/\/www.blogsoestado.com\/evandrojunior\/files\/2023\/09\/WhatsApp-Image-2023-09-15-at-17.09.57-1024x768.jpeg\",\"contentUrl\":\"https:\/\/www.blogsoestado.com\/evandrojunior\/files\/2023\/09\/WhatsApp-Image-2023-09-15-at-17.09.57-1024x768.jpeg\"},{\"@type\":\"BreadcrumbList\",\"@id\":\"https:\/\/www.blogsoestado.com\/evandrojunior\/2023\/09\/15\/roberto-carlos-e-aguardado-para-grande-show-no-espaco-reserva-na-proxima-terca\/#breadcrumb\",\"itemListElement\":[{\"@type\":\"ListItem\",\"position\":1,\"name\":\"In\u00edcio\",\"item\":\"https:\/\/www.blogsoestado.com\/evandrojunior\/\"},{\"@type\":\"ListItem\",\"position\":2,\"name\":\"Roberto Carlos \u00e9 aguardado para grande show no Espa\u00e7o Reserva na pr\u00f3xima ter\u00e7a\"}]},{\"@type\":\"WebSite\",\"@id\":\"https:\/\/www.blogsoestado.com\/evandrojunior\/#website\",\"url\":\"https:\/\/www.blogsoestado.com\/evandrojunior\/\",\"name\":\"Evandro Junior\",\"description\":\"\",\"potentialAction\":[{\"@type\":\"SearchAction\",\"target\":{\"@type\":\"EntryPoint\",\"urlTemplate\":\"https:\/\/www.blogsoestado.com\/evandrojunior\/?s={search_term_string}\"},\"query-input\":{\"@type\":\"PropertyValueSpecification\",\"valueRequired\":true,\"valueName\":\"search_term_string\"}}],\"inLanguage\":\"pt-BR\"},{\"@type\":\"Person\",\"@id\":\"https:\/\/www.blogsoestado.com\/evandrojunior\/#\/schema\/person\/3e6c3d8dbb740d1c6878ebc935cfb3be\",\"name\":\"Evandro Junior\",\"image\":{\"@type\":\"ImageObject\",\"inLanguage\":\"pt-BR\",\"@id\":\"https:\/\/www.blogsoestado.com\/evandrojunior\/#\/schema\/person\/image\/\",\"url\":\"https:\/\/secure.gravatar.com\/avatar\/f80a03a2294a580cd2318bfb459bf354cfa8be661ef3d95b542cf9a04af8d129?s=96&d=mm&r=g\",\"contentUrl\":\"https:\/\/secure.gravatar.com\/avatar\/f80a03a2294a580cd2318bfb459bf354cfa8be661ef3d95b542cf9a04af8d129?s=96&d=mm&r=g\",\"caption\":\"Evandro Junior\"},\"url\":\"https:\/\/www.blogsoestado.com\/evandrojunior\/author\/evandrojunior\/\"}]}<\/script>\n<!-- \/ Yoast SEO plugin. -->","yoast_head_json":{"title":"Roberto Carlos \u00e9 aguardado para grande show no Espa\u00e7o Reserva na pr\u00f3xima ter\u00e7a - Evandro Junior","robots":{"index":"index","follow":"follow","max-snippet":"max-snippet:-1","max-image-preview":"max-image-preview:large","max-video-preview":"max-video-preview:-1"},"canonical":"https:\/\/www.blogsoestado.com\/evandrojunior\/2023\/09\/15\/roberto-carlos-e-aguardado-para-grande-show-no-espaco-reserva-na-proxima-terca\/","og_locale":"pt_BR","og_type":"article","og_title":"Roberto Carlos \u00e9 aguardado para grande show no Espa\u00e7o Reserva na pr\u00f3xima ter\u00e7a - Evandro Junior","og_description":"S\u00e3o Lu\u00eds &#8211; \u00c9 nesta ter\u00e7a-feira o esperado show do cantor Roberto Carlos em S\u00e3o Lu\u00eds, \u00e0s 20h, no Espa\u00e7o [&hellip;]","og_url":"https:\/\/www.blogsoestado.com\/evandrojunior\/2023\/09\/15\/roberto-carlos-e-aguardado-para-grande-show-no-espaco-reserva-na-proxima-terca\/","og_site_name":"Evandro Junior","article_published_time":"2023-09-15T20:15:41+00:00","og_image":[{"url":"https:\/\/www.blogsoestado.com\/evandrojunior\/files\/2023\/09\/WhatsApp-Image-2023-09-15-at-17.09.57-1024x768.jpeg","type":"","width":"","height":""}],"author":"Evandro Junior","twitter_card":"summary_large_image","twitter_misc":{"Escrito por":"Evandro Junior","Est. tempo de leitura":"2 minutos"},"schema":{"@context":"https:\/\/schema.org","@graph":[{"@type":"WebPage","@id":"https:\/\/www.blogsoestado.com\/evandrojunior\/2023\/09\/15\/roberto-carlos-e-aguardado-para-grande-show-no-espaco-reserva-na-proxima-terca\/","url":"https:\/\/www.blogsoestado.com\/evandrojunior\/2023\/09\/15\/roberto-carlos-e-aguardado-para-grande-show-no-espaco-reserva-na-proxima-terca\/","name":"Roberto Carlos \u00e9 aguardado para grande show no Espa\u00e7o Reserva na pr\u00f3xima ter\u00e7a - Evandro Junior","isPartOf":{"@id":"https:\/\/www.blogsoestado.com\/evandrojunior\/#website"},"primaryImageOfPage":{"@id":"https:\/\/www.blogsoestado.com\/evandrojunior\/2023\/09\/15\/roberto-carlos-e-aguardado-para-grande-show-no-espaco-reserva-na-proxima-terca\/#primaryimage"},"image":{"@id":"https:\/\/www.blogsoestado.com\/evandrojunior\/2023\/09\/15\/roberto-carlos-e-aguardado-para-grande-show-no-espaco-reserva-na-proxima-terca\/#primaryimage"},"thumbnailUrl":"https:\/\/www.blogsoestado.com\/evandrojunior\/files\/2023\/09\/WhatsApp-Image-2023-09-15-at-17.09.57-1024x768.jpeg","datePublished":"2023-09-15T20:15:41+00:00","author":{"@id":"https:\/\/www.blogsoestado.com\/evandrojunior\/#\/schema\/person\/3e6c3d8dbb740d1c6878ebc935cfb3be"},"breadcrumb":{"@id":"https:\/\/www.blogsoestado.com\/evandrojunior\/2023\/09\/15\/roberto-carlos-e-aguardado-para-grande-show-no-espaco-reserva-na-proxima-terca\/#breadcrumb"},"inLanguage":"pt-BR","potentialAction":[{"@type":"ReadAction","target":["https:\/\/www.blogsoestado.com\/evandrojunior\/2023\/09\/15\/roberto-carlos-e-aguardado-para-grande-show-no-espaco-reserva-na-proxima-terca\/"]}]},{"@type":"ImageObject","inLanguage":"pt-BR","@id":"https:\/\/www.blogsoestado.com\/evandrojunior\/2023\/09\/15\/roberto-carlos-e-aguardado-para-grande-show-no-espaco-reserva-na-proxima-terca\/#primaryimage","url":"https:\/\/www.blogsoestado.com\/evandrojunior\/files\/2023\/09\/WhatsApp-Image-2023-09-15-at-17.09.57-1024x768.jpeg","contentUrl":"https:\/\/www.blogsoestado.com\/evandrojunior\/files\/2023\/09\/WhatsApp-Image-2023-09-15-at-17.09.57-1024x768.jpeg"},{"@type":"BreadcrumbList","@id":"https:\/\/www.blogsoestado.com\/evandrojunior\/2023\/09\/15\/roberto-carlos-e-aguardado-para-grande-show-no-espaco-reserva-na-proxima-terca\/#breadcrumb","itemListElement":[{"@type":"ListItem","position":1,"name":"In\u00edcio","item":"https:\/\/www.blogsoestado.com\/evandrojunior\/"},{"@type":"ListItem","position":2,"name":"Roberto Carlos \u00e9 aguardado para grande show no Espa\u00e7o Reserva na pr\u00f3xima ter\u00e7a"}]},{"@type":"WebSite","@id":"https:\/\/www.blogsoestado.com\/evandrojunior\/#website","url":"https:\/\/www.blogsoestado.com\/evandrojunior\/","name":"Evandro Junior","description":"","potentialAction":[{"@type":"SearchAction","target":{"@type":"EntryPoint","urlTemplate":"https:\/\/www.blogsoestado.com\/evandrojunior\/?s={search_term_string}"},"query-input":{"@type":"PropertyValueSpecification","valueRequired":true,"valueName":"search_term_string"}}],"inLanguage":"pt-BR"},{"@type":"Person","@id":"https:\/\/www.blogsoestado.com\/evandrojunior\/#\/schema\/person\/3e6c3d8dbb740d1c6878ebc935cfb3be","name":"Evandro Junior","image":{"@type":"ImageObject","inLanguage":"pt-BR","@id":"https:\/\/www.blogsoestado.com\/evandrojunior\/#\/schema\/person\/image\/","url":"https:\/\/secure.gravatar.com\/avatar\/f80a03a2294a580cd2318bfb459bf354cfa8be661ef3d95b542cf9a04af8d129?s=96&d=mm&r=g","contentUrl":"https:\/\/secure.gravatar.com\/avatar\/f80a03a2294a580cd2318bfb459bf354cfa8be661ef3d95b542cf9a04af8d129?s=96&d=mm&r=g","caption":"Evandro Junior"},"url":"https:\/\/www.blogsoestado.com\/evandrojunior\/author\/evandrojunior\/"}]}},"jetpack_featured_media_url":"","_links":{"self":[{"href":"https:\/\/www.blogsoestado.com\/evandrojunior\/wp-json\/wp\/v2\/posts\/9928","targetHints":{"allow":["GET"]}}],"collection":[{"href":"https:\/\/www.blogsoestado.com\/evandrojunior\/wp-json\/wp\/v2\/posts"}],"about":[{"href":"https:\/\/www.blogsoestado.com\/evandrojunior\/wp-json\/wp\/v2\/types\/post"}],"author":[{"embeddable":true,"href":"https:\/\/www.blogsoestado.com\/evandrojunior\/wp-json\/wp\/v2\/users\/4"}],"replies":[{"embeddable":true,"href":"https:\/\/www.blogsoestado.com\/evandrojunior\/wp-json\/wp\/v2\/comments?post=9928"}],"version-history":[{"count":0,"href":"https:\/\/www.blogsoestado.com\/evandrojunior\/wp-json\/wp\/v2\/posts\/9928\/revisions"}],"wp:attachment":[{"href":"https:\/\/www.blogsoestado.com\/evandrojunior\/wp-json\/wp\/v2\/media?parent=9928"}],"wp:term":[{"taxonomy":"category","embeddable":true,"href":"https:\/\/www.blogsoestado.com\/evandrojunior\/wp-json\/wp\/v2\/categories?post=9928"},{"taxonomy":"post_tag","embeddable":true,"href":"https:\/\/www.blogsoestado.com\/evandrojunior\/wp-json\/wp\/v2\/tags?post=9928"}],"curies":[{"name":"wp","href":"https:\/\/api.w.org\/{rel}","templated":true}]}}