{"id":1342,"date":"2020-04-26T16:59:48","date_gmt":"2020-04-26T19:59:48","guid":{"rendered":"https:\/\/www.blogsoestado.com\/ewertonneto\/?p=1342"},"modified":"2020-04-26T16:59:48","modified_gmt":"2020-04-26T19:59:48","slug":"jose-sarney-a-ilha-e-o-mar","status":"publish","type":"post","link":"https:\/\/www.blogsoestado.com\/ewertonneto\/2020\/04\/26\/jose-sarney-a-ilha-e-o-mar\/","title":{"rendered":"Jos\u00e9 Sarney, a ilha e o mar"},"content":{"rendered":"\n<p><\/p>\n\n\n\n<figure class=\"wp-block-image size-large\"><img fetchpriority=\"high\" decoding=\"async\" width=\"203\" height=\"300\" src=\"https:\/\/www.blogsoestado.com\/ewertonneto\/wp-content\/uploads\/sites\/8\/2020\/04\/sarneyzao-1.jpg\" alt=\"\" class=\"wp-image-1343\"\/><\/figure>\n\n\n\n<p><strong>C<\/strong>om a perda recente do poeta Ferreira Gullar e, pouco antes, do escritor Josu\u00e9 Montello, \u00a0permanecem na vitrine do reconhecimento nacional e internacional \u00a0\u00e0 literatura dos maranhenses vivos, tr\u00eas \u00a0escritores n\u00e3o residentes em S\u00e3o Lu\u00eds: os igualmente poetas e romancistas Jos\u00e9 Sarney e Ronaldo Costa Fernandes, \u00a0e o poeta Salgado Maranh\u00e3o. Em paralelo, num per\u00edodo relativamente curto,\u00a0 foram-se tamb\u00e9m vultos de grandes escritores e\/ou intelectuais radicados em nossa terra: \u00a0Nauro Machado, Jos\u00e9 Chagas, Ubiratan Teixeira e Jomar Moraes. Foram perdas irrepar\u00e1veis que provocaram inevit\u00e1veis fissuras no bloco sustentador de nossa literatura e cultura.<\/p>\n\n\n\n<p>Torna-se assim oportuno e at\u00e9 urgente, a cada dia, que as entidades liter\u00e1rias se congreguem no esfor\u00e7o de prestar justas homenagens \u00e0queles cuja envergadura conquistada com seus talentos, &nbsp;os mant\u00eam na linha de frente da exposi\u00e7\u00e3o daquilo que a hist\u00f3rica voca\u00e7\u00e3o liter\u00e1ria do Maranh\u00e3o fez por merecer. &nbsp;&nbsp;&nbsp;<\/p>\n\n\n\n<p>Essas homenagens do povo maranhense a seus filhos ilustres ganha contornos especiais &nbsp;no caso de Jos\u00e9 Sarney, por completar 90 anos , ser membro das Academias Maranhense e Brasileira e ter tido, em paralelo \u00e0 sua&nbsp; vitoriosa trajet\u00f3ria intelectual, &nbsp;&nbsp;uma relev\u00e2ncia pol\u00edtica que nenhum outro maranhense alcan\u00e7ou (conhecida amplamente por todos, n\u00e3o cabendo, &nbsp;aqui, repetir) . &nbsp;A pergunta, \u00f3bvia, que salta aos praticantes de literatura, como eu, &nbsp;diante dessa trajet\u00f3ria, \u00e9 como ele conseguiu conciliar a pujan\u00e7a de sua atividade pol\u00edtica com uma tamb\u00e9m marcante realiza\u00e7\u00e3o liter\u00e1ria.&nbsp;<\/p>\n\n\n\n<p>A leitura do livro <strong>O dono do mar<\/strong>, que aprecio de forma especial por ter crescido junto ao mar ( meus saudosos pai, Juvenil Ewerton, &nbsp;e av\u00f4, Jos\u00e9 Ewerton, possu\u00edam barcos de pesca) sugere algumas solu\u00e7\u00f5es como respostas. Certamente lhe \u00e9 inata uma imagina\u00e7\u00e3o f\u00e9rtil que permite conciliar a crueza do embate cotidiano com o on\u00edrico; da exata percep\u00e7\u00e3o da realidade, &nbsp;com o m\u00edstico. &nbsp;Esse &nbsp;pragmatismo, que \u00e9 &nbsp;necess\u00e1rio a todo homem do mar para sobreviver e confrontar os perigos da natureza , derrama-se no romance em contraponto ao di\u00e1logo com as lendas e o sobrenatural, numa simbiose perfeita. &nbsp;<\/p>\n\n\n\n<p>Ora, o mar \u00e9 pr\u00f3prio da ilha, quem ama sua &nbsp;ilha ama o mar, com uma cordialidade e uma devo\u00e7\u00e3o que surgem como uma sina em qualquer atividade a que se proponha quem nela nasceu , fazendo sobrevir, no romance, curiosamente, &nbsp;uma das caracter\u00edsticas mais decantadas do car\u00e1ter do escritor e pol\u00edtico Jos\u00e9 Sarney: a Cordialidade.<\/p>\n\n\n\n<p>Neste caso, o romance O Dono do Mar a expressa tamb\u00e9m. Dos embates e da viol\u00eancia contra a \u00a0dura realidade das \u00e1guas brotam permanentes gestos de aproxima\u00e7\u00e3o e cordialidade com o mar, suas lendas,\u00a0 e suas representa\u00e7\u00f5es.<\/p>\n\n\n\n<p>Jos\u00e9 Ewerton Neto \u00e9 autor de Pequeno Dicion\u00e1rio de Paix\u00f5es Cruzadas, livro de contos, lan\u00e7amento em breve. <\/p>\n\n\n\n<figure class=\"wp-block-image size-large is-resized\"><img decoding=\"async\" src=\"https:\/\/www.blogsoestado.com\/ewertonneto\/wp-content\/uploads\/sites\/8\/2020\/04\/paixoescruzadas-1-1024x1024.jpg\" alt=\"\" class=\"wp-image-1344\" width=\"354\" height=\"354\" srcset=\"https:\/\/www.blogsoestado.com\/ewertonneto\/wp-content\/uploads\/sites\/8\/2020\/04\/paixoescruzadas-1-1024x1024.jpg 1024w, https:\/\/www.blogsoestado.com\/ewertonneto\/wp-content\/uploads\/sites\/8\/2020\/04\/paixoescruzadas-1-300x300.jpg 300w, https:\/\/www.blogsoestado.com\/ewertonneto\/wp-content\/uploads\/sites\/8\/2020\/04\/paixoescruzadas-1-150x150.jpg 150w, https:\/\/www.blogsoestado.com\/ewertonneto\/wp-content\/uploads\/sites\/8\/2020\/04\/paixoescruzadas-1-768x768.jpg 768w, https:\/\/www.blogsoestado.com\/ewertonneto\/wp-content\/uploads\/sites\/8\/2020\/04\/paixoescruzadas-1.jpg 1280w\" sizes=\"(max-width: 354px) 100vw, 354px\" \/><\/figure>\n","protected":false},"excerpt":{"rendered":"<p>Com a perda recente do poeta Ferreira Gullar e, pouco antes, do escritor Josu\u00e9 Montello, \u00a0permanecem na vitrine do reconhecimento [&hellip;]<\/p>\n","protected":false},"author":9,"featured_media":0,"comment_status":"open","ping_status":"open","sticky":false,"template":"","format":"standard","meta":{"site-sidebar-layout":"default","site-content-layout":"","ast-site-content-layout":"default","site-content-style":"default","site-sidebar-style":"default","ast-global-header-display":"","ast-banner-title-visibility":"","ast-main-header-display":"","ast-hfb-above-header-display":"","ast-hfb-below-header-display":"","ast-hfb-mobile-header-display":"","site-post-title":"","ast-breadcrumbs-content":"","ast-featured-img":"","footer-sml-layout":"","ast-disable-related-posts":"","theme-transparent-header-meta":"","adv-header-id-meta":"","stick-header-meta":"","header-above-stick-meta":"","header-main-stick-meta":"","header-below-stick-meta":"","astra-migrate-meta-layouts":"default","ast-page-background-enabled":"default","ast-page-background-meta":{"desktop":{"background-color":"var(--ast-global-color-5)","background-image":"","background-repeat":"repeat","background-position":"center center","background-size":"auto","background-attachment":"scroll","background-type":"","background-media":"","overlay-type":"","overlay-color":"","overlay-opacity":"","overlay-gradient":""},"tablet":{"background-color":"","background-image":"","background-repeat":"repeat","background-position":"center center","background-size":"auto","background-attachment":"scroll","background-type":"","background-media":"","overlay-type":"","overlay-color":"","overlay-opacity":"","overlay-gradient":""},"mobile":{"background-color":"","background-image":"","background-repeat":"repeat","background-position":"center center","background-size":"auto","background-attachment":"scroll","background-type":"","background-media":"","overlay-type":"","overlay-color":"","overlay-opacity":"","overlay-gradient":""}},"ast-content-background-meta":{"desktop":{"background-color":"var(--ast-global-color-4)","background-image":"","background-repeat":"repeat","background-position":"center center","background-size":"auto","background-attachment":"scroll","background-type":"","background-media":"","overlay-type":"","overlay-color":"","overlay-opacity":"","overlay-gradient":""},"tablet":{"background-color":"var(--ast-global-color-4)","background-image":"","background-repeat":"repeat","background-position":"center center","background-size":"auto","background-attachment":"scroll","background-type":"","background-media":"","overlay-type":"","overlay-color":"","overlay-opacity":"","overlay-gradient":""},"mobile":{"background-color":"var(--ast-global-color-4)","background-image":"","background-repeat":"repeat","background-position":"center center","background-size":"auto","background-attachment":"scroll","background-type":"","background-media":"","overlay-type":"","overlay-color":"","overlay-opacity":"","overlay-gradient":""}},"footnotes":""},"categories":[1],"tags":[],"class_list":["post-1342","post","type-post","status-publish","format-standard","hentry","category-sem-categoria"],"yoast_head":"<!-- This site is optimized with the Yoast SEO plugin v26.6 - https:\/\/yoast.com\/wordpress\/plugins\/seo\/ -->\n<title>Jos\u00e9 Sarney, a ilha e o mar - Ewerton Neto<\/title>\n<meta name=\"robots\" content=\"index, follow, max-snippet:-1, max-image-preview:large, max-video-preview:-1\" \/>\n<link rel=\"canonical\" href=\"https:\/\/www.blogsoestado.com\/ewertonneto\/2020\/04\/26\/jose-sarney-a-ilha-e-o-mar\/\" \/>\n<meta property=\"og:locale\" content=\"pt_BR\" \/>\n<meta property=\"og:type\" content=\"article\" \/>\n<meta property=\"og:title\" content=\"Jos\u00e9 Sarney, a ilha e o mar - Ewerton Neto\" \/>\n<meta property=\"og:description\" content=\"Com a perda recente do poeta Ferreira Gullar e, pouco antes, do escritor Josu\u00e9 Montello, \u00a0permanecem na vitrine do reconhecimento [&hellip;]\" \/>\n<meta property=\"og:url\" content=\"https:\/\/www.blogsoestado.com\/ewertonneto\/2020\/04\/26\/jose-sarney-a-ilha-e-o-mar\/\" \/>\n<meta property=\"og:site_name\" content=\"Ewerton Neto\" \/>\n<meta property=\"article:published_time\" content=\"2020-04-26T19:59:48+00:00\" \/>\n<meta property=\"og:image\" content=\"https:\/\/www.blogsoestado.com\/ewertonneto\/wp-content\/uploads\/sites\/8\/2020\/04\/sarneyzao-1.jpg\" \/>\n<meta name=\"author\" content=\"Ewerton Neto\" \/>\n<meta name=\"twitter:card\" content=\"summary_large_image\" \/>\n<meta name=\"twitter:label1\" content=\"Escrito por\" \/>\n\t<meta name=\"twitter:data1\" content=\"Ewerton Neto\" \/>\n\t<meta name=\"twitter:label2\" content=\"Est. tempo de leitura\" \/>\n\t<meta name=\"twitter:data2\" content=\"2 minutos\" \/>\n<script type=\"application\/ld+json\" class=\"yoast-schema-graph\">{\"@context\":\"https:\/\/schema.org\",\"@graph\":[{\"@type\":\"WebPage\",\"@id\":\"https:\/\/www.blogsoestado.com\/ewertonneto\/2020\/04\/26\/jose-sarney-a-ilha-e-o-mar\/\",\"url\":\"https:\/\/www.blogsoestado.com\/ewertonneto\/2020\/04\/26\/jose-sarney-a-ilha-e-o-mar\/\",\"name\":\"Jos\u00e9 Sarney, a ilha e o mar - Ewerton Neto\",\"isPartOf\":{\"@id\":\"https:\/\/www.blogsoestado.com\/ewertonneto\/#website\"},\"primaryImageOfPage\":{\"@id\":\"https:\/\/www.blogsoestado.com\/ewertonneto\/2020\/04\/26\/jose-sarney-a-ilha-e-o-mar\/#primaryimage\"},\"image\":{\"@id\":\"https:\/\/www.blogsoestado.com\/ewertonneto\/2020\/04\/26\/jose-sarney-a-ilha-e-o-mar\/#primaryimage\"},\"thumbnailUrl\":\"https:\/\/www.blogsoestado.com\/ewertonneto\/wp-content\/uploads\/sites\/8\/2020\/04\/sarneyzao-1.jpg\",\"datePublished\":\"2020-04-26T19:59:48+00:00\",\"author\":{\"@id\":\"https:\/\/www.blogsoestado.com\/ewertonneto\/#\/schema\/person\/b000753f64dc46078048f1efdf5dacfc\"},\"breadcrumb\":{\"@id\":\"https:\/\/www.blogsoestado.com\/ewertonneto\/2020\/04\/26\/jose-sarney-a-ilha-e-o-mar\/#breadcrumb\"},\"inLanguage\":\"pt-BR\",\"potentialAction\":[{\"@type\":\"ReadAction\",\"target\":[\"https:\/\/www.blogsoestado.com\/ewertonneto\/2020\/04\/26\/jose-sarney-a-ilha-e-o-mar\/\"]}]},{\"@type\":\"ImageObject\",\"inLanguage\":\"pt-BR\",\"@id\":\"https:\/\/www.blogsoestado.com\/ewertonneto\/2020\/04\/26\/jose-sarney-a-ilha-e-o-mar\/#primaryimage\",\"url\":\"https:\/\/www.blogsoestado.com\/ewertonneto\/wp-content\/uploads\/sites\/8\/2020\/04\/sarneyzao-1.jpg\",\"contentUrl\":\"https:\/\/www.blogsoestado.com\/ewertonneto\/wp-content\/uploads\/sites\/8\/2020\/04\/sarneyzao-1.jpg\",\"width\":203,\"height\":300},{\"@type\":\"BreadcrumbList\",\"@id\":\"https:\/\/www.blogsoestado.com\/ewertonneto\/2020\/04\/26\/jose-sarney-a-ilha-e-o-mar\/#breadcrumb\",\"itemListElement\":[{\"@type\":\"ListItem\",\"position\":1,\"name\":\"In\u00edcio\",\"item\":\"https:\/\/www.blogsoestado.com\/ewertonneto\/\"},{\"@type\":\"ListItem\",\"position\":2,\"name\":\"Jos\u00e9 Sarney, a ilha e o mar\"}]},{\"@type\":\"WebSite\",\"@id\":\"https:\/\/www.blogsoestado.com\/ewertonneto\/#website\",\"url\":\"https:\/\/www.blogsoestado.com\/ewertonneto\/\",\"name\":\"Ewerton Neto\",\"description\":\"\",\"potentialAction\":[{\"@type\":\"SearchAction\",\"target\":{\"@type\":\"EntryPoint\",\"urlTemplate\":\"https:\/\/www.blogsoestado.com\/ewertonneto\/?s={search_term_string}\"},\"query-input\":{\"@type\":\"PropertyValueSpecification\",\"valueRequired\":true,\"valueName\":\"search_term_string\"}}],\"inLanguage\":\"pt-BR\"},{\"@type\":\"Person\",\"@id\":\"https:\/\/www.blogsoestado.com\/ewertonneto\/#\/schema\/person\/b000753f64dc46078048f1efdf5dacfc\",\"name\":\"Ewerton Neto\",\"image\":{\"@type\":\"ImageObject\",\"inLanguage\":\"pt-BR\",\"@id\":\"https:\/\/www.blogsoestado.com\/ewertonneto\/#\/schema\/person\/image\/\",\"url\":\"https:\/\/secure.gravatar.com\/avatar\/14614134f4cc4a9a1a9ce403c3211976437b2098df593b33aa5f19388549142a?s=96&d=mm&r=g\",\"contentUrl\":\"https:\/\/secure.gravatar.com\/avatar\/14614134f4cc4a9a1a9ce403c3211976437b2098df593b33aa5f19388549142a?s=96&d=mm&r=g\",\"caption\":\"Ewerton Neto\"},\"url\":\"https:\/\/www.blogsoestado.com\/ewertonneto\/author\/ewertonneto\/\"}]}<\/script>\n<!-- \/ Yoast SEO plugin. -->","yoast_head_json":{"title":"Jos\u00e9 Sarney, a ilha e o mar - Ewerton Neto","robots":{"index":"index","follow":"follow","max-snippet":"max-snippet:-1","max-image-preview":"max-image-preview:large","max-video-preview":"max-video-preview:-1"},"canonical":"https:\/\/www.blogsoestado.com\/ewertonneto\/2020\/04\/26\/jose-sarney-a-ilha-e-o-mar\/","og_locale":"pt_BR","og_type":"article","og_title":"Jos\u00e9 Sarney, a ilha e o mar - Ewerton Neto","og_description":"Com a perda recente do poeta Ferreira Gullar e, pouco antes, do escritor Josu\u00e9 Montello, \u00a0permanecem na vitrine do reconhecimento [&hellip;]","og_url":"https:\/\/www.blogsoestado.com\/ewertonneto\/2020\/04\/26\/jose-sarney-a-ilha-e-o-mar\/","og_site_name":"Ewerton Neto","article_published_time":"2020-04-26T19:59:48+00:00","og_image":[{"url":"https:\/\/www.blogsoestado.com\/ewertonneto\/wp-content\/uploads\/sites\/8\/2020\/04\/sarneyzao-1.jpg","type":"","width":"","height":""}],"author":"Ewerton Neto","twitter_card":"summary_large_image","twitter_misc":{"Escrito por":"Ewerton Neto","Est. tempo de leitura":"2 minutos"},"schema":{"@context":"https:\/\/schema.org","@graph":[{"@type":"WebPage","@id":"https:\/\/www.blogsoestado.com\/ewertonneto\/2020\/04\/26\/jose-sarney-a-ilha-e-o-mar\/","url":"https:\/\/www.blogsoestado.com\/ewertonneto\/2020\/04\/26\/jose-sarney-a-ilha-e-o-mar\/","name":"Jos\u00e9 Sarney, a ilha e o mar - Ewerton Neto","isPartOf":{"@id":"https:\/\/www.blogsoestado.com\/ewertonneto\/#website"},"primaryImageOfPage":{"@id":"https:\/\/www.blogsoestado.com\/ewertonneto\/2020\/04\/26\/jose-sarney-a-ilha-e-o-mar\/#primaryimage"},"image":{"@id":"https:\/\/www.blogsoestado.com\/ewertonneto\/2020\/04\/26\/jose-sarney-a-ilha-e-o-mar\/#primaryimage"},"thumbnailUrl":"https:\/\/www.blogsoestado.com\/ewertonneto\/wp-content\/uploads\/sites\/8\/2020\/04\/sarneyzao-1.jpg","datePublished":"2020-04-26T19:59:48+00:00","author":{"@id":"https:\/\/www.blogsoestado.com\/ewertonneto\/#\/schema\/person\/b000753f64dc46078048f1efdf5dacfc"},"breadcrumb":{"@id":"https:\/\/www.blogsoestado.com\/ewertonneto\/2020\/04\/26\/jose-sarney-a-ilha-e-o-mar\/#breadcrumb"},"inLanguage":"pt-BR","potentialAction":[{"@type":"ReadAction","target":["https:\/\/www.blogsoestado.com\/ewertonneto\/2020\/04\/26\/jose-sarney-a-ilha-e-o-mar\/"]}]},{"@type":"ImageObject","inLanguage":"pt-BR","@id":"https:\/\/www.blogsoestado.com\/ewertonneto\/2020\/04\/26\/jose-sarney-a-ilha-e-o-mar\/#primaryimage","url":"https:\/\/www.blogsoestado.com\/ewertonneto\/wp-content\/uploads\/sites\/8\/2020\/04\/sarneyzao-1.jpg","contentUrl":"https:\/\/www.blogsoestado.com\/ewertonneto\/wp-content\/uploads\/sites\/8\/2020\/04\/sarneyzao-1.jpg","width":203,"height":300},{"@type":"BreadcrumbList","@id":"https:\/\/www.blogsoestado.com\/ewertonneto\/2020\/04\/26\/jose-sarney-a-ilha-e-o-mar\/#breadcrumb","itemListElement":[{"@type":"ListItem","position":1,"name":"In\u00edcio","item":"https:\/\/www.blogsoestado.com\/ewertonneto\/"},{"@type":"ListItem","position":2,"name":"Jos\u00e9 Sarney, a ilha e o mar"}]},{"@type":"WebSite","@id":"https:\/\/www.blogsoestado.com\/ewertonneto\/#website","url":"https:\/\/www.blogsoestado.com\/ewertonneto\/","name":"Ewerton Neto","description":"","potentialAction":[{"@type":"SearchAction","target":{"@type":"EntryPoint","urlTemplate":"https:\/\/www.blogsoestado.com\/ewertonneto\/?s={search_term_string}"},"query-input":{"@type":"PropertyValueSpecification","valueRequired":true,"valueName":"search_term_string"}}],"inLanguage":"pt-BR"},{"@type":"Person","@id":"https:\/\/www.blogsoestado.com\/ewertonneto\/#\/schema\/person\/b000753f64dc46078048f1efdf5dacfc","name":"Ewerton Neto","image":{"@type":"ImageObject","inLanguage":"pt-BR","@id":"https:\/\/www.blogsoestado.com\/ewertonneto\/#\/schema\/person\/image\/","url":"https:\/\/secure.gravatar.com\/avatar\/14614134f4cc4a9a1a9ce403c3211976437b2098df593b33aa5f19388549142a?s=96&d=mm&r=g","contentUrl":"https:\/\/secure.gravatar.com\/avatar\/14614134f4cc4a9a1a9ce403c3211976437b2098df593b33aa5f19388549142a?s=96&d=mm&r=g","caption":"Ewerton Neto"},"url":"https:\/\/www.blogsoestado.com\/ewertonneto\/author\/ewertonneto\/"}]}},"jetpack_featured_media_url":"","_links":{"self":[{"href":"https:\/\/www.blogsoestado.com\/ewertonneto\/wp-json\/wp\/v2\/posts\/1342","targetHints":{"allow":["GET"]}}],"collection":[{"href":"https:\/\/www.blogsoestado.com\/ewertonneto\/wp-json\/wp\/v2\/posts"}],"about":[{"href":"https:\/\/www.blogsoestado.com\/ewertonneto\/wp-json\/wp\/v2\/types\/post"}],"author":[{"embeddable":true,"href":"https:\/\/www.blogsoestado.com\/ewertonneto\/wp-json\/wp\/v2\/users\/9"}],"replies":[{"embeddable":true,"href":"https:\/\/www.blogsoestado.com\/ewertonneto\/wp-json\/wp\/v2\/comments?post=1342"}],"version-history":[{"count":0,"href":"https:\/\/www.blogsoestado.com\/ewertonneto\/wp-json\/wp\/v2\/posts\/1342\/revisions"}],"wp:attachment":[{"href":"https:\/\/www.blogsoestado.com\/ewertonneto\/wp-json\/wp\/v2\/media?parent=1342"}],"wp:term":[{"taxonomy":"category","embeddable":true,"href":"https:\/\/www.blogsoestado.com\/ewertonneto\/wp-json\/wp\/v2\/categories?post=1342"},{"taxonomy":"post_tag","embeddable":true,"href":"https:\/\/www.blogsoestado.com\/ewertonneto\/wp-json\/wp\/v2\/tags?post=1342"}],"curies":[{"name":"wp","href":"https:\/\/api.w.org\/{rel}","templated":true}]}}