{"id":1506,"date":"2021-09-07T09:27:22","date_gmt":"2021-09-07T12:27:22","guid":{"rendered":"https:\/\/www.blogsoestado.com\/ewertonneto\/?p=1506"},"modified":"2021-09-07T09:27:22","modified_gmt":"2021-09-07T12:27:22","slug":"o-diario-da-ilha-contado-por-ela-mesma","status":"publish","type":"post","link":"https:\/\/www.blogsoestado.com\/ewertonneto\/2021\/09\/07\/o-diario-da-ilha-contado-por-ela-mesma\/","title":{"rendered":"O di\u00e1rio da Ilha (contado por ela mesma)"},"content":{"rendered":"\n<figure class=\"wp-block-image size-large is-resized\"><img fetchpriority=\"high\" decoding=\"async\" src=\"https:\/\/www.blogsoestado.com\/ewertonneto\/wp-content\/uploads\/sites\/8\/2021\/09\/slz-1.jpg\" alt=\"\" class=\"wp-image-1507\" width=\"325\" height=\"373\" srcset=\"https:\/\/www.blogsoestado.com\/ewertonneto\/wp-content\/uploads\/sites\/8\/2021\/09\/slz-1.jpg 684w, https:\/\/www.blogsoestado.com\/ewertonneto\/wp-content\/uploads\/sites\/8\/2021\/09\/slz-1-261x300.jpg 261w\" sizes=\"(max-width: 325px) 100vw, 325px\" \/><\/figure>\n\n\n\n<p>artigo publicado no jornal O estadoma<\/p>\n\n\n\n<p>O DI\u00c1RIO DA FUNDA\u00c7\u00c3O DE S\u00c3O LUIS<\/p>\n\n\n\n<p><em>Escrito pela pr\u00f3pria Ilha:<\/em><\/p>\n\n\n\n<p>\u201cHoje, 8 de setembro de 1612 resolveram me batizar de S\u00e3o Lu\u00eds. Nada melhor que come\u00e7ar, portanto, a escrever meu pr\u00f3prio di\u00e1rio. Assim como inventaram um nome para mim, sei l\u00e1 as hist\u00f3rias que ainda poder\u00e3o inventar a meu respeito.<\/p>\n\n\n\n<p>Sou uma ilha. Na verdade, nunca liguei muito pra esse neg\u00f3cio de ser um peda\u00e7o de terra cercado de \u00e1gua por todos os lados. Isso nunca fez diferen\u00e7a para mim, a n\u00e3o ser que basta estender os bra\u00e7os em qualquer dire\u00e7\u00e3o que encontro \u00e1gua. Sou uma felizarda, portanto!<\/p>\n\n\n\n<p>N\u00e3o sei at\u00e9 hoje dizer quando, de fato, nasci e me criei e porque virei ilha. Dizem que foi de tanto o mar bater no continente que adquiri esse formato. Bote tempo nisso. Sei que tenho milhares e milhares de anos, o que n\u00e3o \u00e9 tanta velhice assim para peda\u00e7os de &nbsp;terra como eu, s\u00f3 sei que me separo do continente por um pequeno trecho de \u00e1gua chamado de Estreito dos Mosquitos.<\/p>\n\n\n\n<p>Como ia dizendo, resolveram me batizar hoje. O nome que escolheram foi S\u00e3o Lu\u00eds., em homenagem ao rei da Fran\u00e7a, que nunca vi mais gordo . Isso embora eu j\u00e1 tivesse o nome de Upaon A\u00e7u,&nbsp; que me foi dado pelos Tupinamb\u00e1s que viviam h\u00e1 muito tempo por aqui e que acho at\u00e9 mais bonito. &nbsp;&nbsp;Upaon A\u00e7u, significa Ilha Grande o que n\u00e3o soa nada mal pra mim n\u00e3o \u00e9?<\/p>\n\n\n\n<p>E por que essa gente vir de t\u00e3o longe para me apelidar de S\u00e3o Luis, se eu j\u00e1 tinha nome? A\u00ed \u00e9 que est\u00e1, essa turma n\u00e3o veio de t\u00e3o longe, sem segundas, terceiras e&#8230; quintas inten\u00e7\u00f5es. Certamente n\u00e3o vieram s\u00f3 por causa de meus belos olhos, que \u00e9 essa a minha paisagem de sol , mar , praia, horizonte \u00e0 beira do mar, linda de morrer, sem falsa mod\u00e9stia.<\/p>\n\n\n\n<p>Na verdade, faz mais de s\u00e9culo que, de vez em quando, eles come\u00e7aram a aparecer por aqui para encher de madeira suas&nbsp; canoas grandes ( por eles chamadas caravelas) ,&nbsp; que levavam para os seus lugares de origem.<\/p>\n\n\n\n<p>Se eles chamam os daqui de \u00edndios, os nativos que moram sobre o meu solo, os tupinamb\u00e1s, chamam os portugueses de per\u00f3, ou seja tubar\u00f5es, e os franceses de ayurujuba, ou seja, papagaios amarelos por estes serem louros ou ruivos, portanto um pouquinho diferente dos primeiros , os portugueses, &nbsp;&nbsp;e falarem muito. Faz sentido, n\u00e3o \u00e9? Quem fala demais ouve o que n\u00e3o quer. At\u00e9 ser chamado de papagaio.<\/p>\n\n\n\n<p>Desta vez eles, os papagaios amarelos, chegaram em &nbsp;n\u00famero bem maior com 500 homens em 3 caravelas cujos nomes s\u00e3o Regente, Charlotte e Saint Anne Constru\u00edram um forte, rezaram missa, cantaram, homenagearam o rei da terra deles, , Lu\u00eds XIII e, assim, em pouco tempo eu estava batizada e com novo nome.<\/p>\n\n\n\n<p>Quanto \u00e0s suas verdadeiras inten\u00e7\u00f5es? &nbsp;Continua no pr\u00f3ximo cap\u00edtulo.<\/p>\n","protected":false},"excerpt":{"rendered":"<p>artigo publicado no jornal O estadoma O DI\u00c1RIO DA FUNDA\u00c7\u00c3O DE S\u00c3O LUIS Escrito pela pr\u00f3pria Ilha: \u201cHoje, 8 de [&hellip;]<\/p>\n","protected":false},"author":9,"featured_media":0,"comment_status":"open","ping_status":"open","sticky":false,"template":"","format":"standard","meta":{"site-sidebar-layout":"default","site-content-layout":"","ast-site-content-layout":"default","site-content-style":"default","site-sidebar-style":"default","ast-global-header-display":"","ast-banner-title-visibility":"","ast-main-header-display":"","ast-hfb-above-header-display":"","ast-hfb-below-header-display":"","ast-hfb-mobile-header-display":"","site-post-title":"","ast-breadcrumbs-content":"","ast-featured-img":"","footer-sml-layout":"","ast-disable-related-posts":"","theme-transparent-header-meta":"","adv-header-id-meta":"","stick-header-meta":"","header-above-stick-meta":"","header-main-stick-meta":"","header-below-stick-meta":"","astra-migrate-meta-layouts":"default","ast-page-background-enabled":"default","ast-page-background-meta":{"desktop":{"background-color":"var(--ast-global-color-5)","background-image":"","background-repeat":"repeat","background-position":"center center","background-size":"auto","background-attachment":"scroll","background-type":"","background-media":"","overlay-type":"","overlay-color":"","overlay-opacity":"","overlay-gradient":""},"tablet":{"background-color":"","background-image":"","background-repeat":"repeat","background-position":"center center","background-size":"auto","background-attachment":"scroll","background-type":"","background-media":"","overlay-type":"","overlay-color":"","overlay-opacity":"","overlay-gradient":""},"mobile":{"background-color":"","background-image":"","background-repeat":"repeat","background-position":"center center","background-size":"auto","background-attachment":"scroll","background-type":"","background-media":"","overlay-type":"","overlay-color":"","overlay-opacity":"","overlay-gradient":""}},"ast-content-background-meta":{"desktop":{"background-color":"var(--ast-global-color-4)","background-image":"","background-repeat":"repeat","background-position":"center center","background-size":"auto","background-attachment":"scroll","background-type":"","background-media":"","overlay-type":"","overlay-color":"","overlay-opacity":"","overlay-gradient":""},"tablet":{"background-color":"var(--ast-global-color-4)","background-image":"","background-repeat":"repeat","background-position":"center center","background-size":"auto","background-attachment":"scroll","background-type":"","background-media":"","overlay-type":"","overlay-color":"","overlay-opacity":"","overlay-gradient":""},"mobile":{"background-color":"var(--ast-global-color-4)","background-image":"","background-repeat":"repeat","background-position":"center center","background-size":"auto","background-attachment":"scroll","background-type":"","background-media":"","overlay-type":"","overlay-color":"","overlay-opacity":"","overlay-gradient":""}},"footnotes":""},"categories":[1],"tags":[],"class_list":["post-1506","post","type-post","status-publish","format-standard","hentry","category-sem-categoria"],"yoast_head":"<!-- This site is optimized with the Yoast SEO plugin v26.6 - https:\/\/yoast.com\/wordpress\/plugins\/seo\/ -->\n<title>O di\u00e1rio da Ilha (contado por ela mesma) - Ewerton Neto<\/title>\n<meta name=\"robots\" content=\"index, follow, max-snippet:-1, max-image-preview:large, max-video-preview:-1\" \/>\n<link rel=\"canonical\" href=\"https:\/\/www.blogsoestado.com\/ewertonneto\/2021\/09\/07\/o-diario-da-ilha-contado-por-ela-mesma\/\" \/>\n<meta property=\"og:locale\" content=\"pt_BR\" \/>\n<meta property=\"og:type\" content=\"article\" \/>\n<meta property=\"og:title\" content=\"O di\u00e1rio da Ilha (contado por ela mesma) - Ewerton Neto\" \/>\n<meta property=\"og:description\" content=\"artigo publicado no jornal O estadoma O DI\u00c1RIO DA FUNDA\u00c7\u00c3O DE S\u00c3O LUIS Escrito pela pr\u00f3pria Ilha: \u201cHoje, 8 de [&hellip;]\" \/>\n<meta property=\"og:url\" content=\"https:\/\/www.blogsoestado.com\/ewertonneto\/2021\/09\/07\/o-diario-da-ilha-contado-por-ela-mesma\/\" \/>\n<meta property=\"og:site_name\" content=\"Ewerton Neto\" \/>\n<meta property=\"article:published_time\" content=\"2021-09-07T12:27:22+00:00\" \/>\n<meta property=\"og:image\" content=\"https:\/\/www.blogsoestado.com\/ewertonneto\/wp-content\/uploads\/sites\/8\/2021\/09\/slz-1.jpg\" \/>\n<meta name=\"author\" content=\"Ewerton Neto\" \/>\n<meta name=\"twitter:card\" content=\"summary_large_image\" \/>\n<meta name=\"twitter:label1\" content=\"Escrito por\" \/>\n\t<meta name=\"twitter:data1\" content=\"Ewerton Neto\" \/>\n\t<meta name=\"twitter:label2\" content=\"Est. tempo de leitura\" \/>\n\t<meta name=\"twitter:data2\" content=\"3 minutos\" \/>\n<script type=\"application\/ld+json\" class=\"yoast-schema-graph\">{\"@context\":\"https:\/\/schema.org\",\"@graph\":[{\"@type\":\"WebPage\",\"@id\":\"https:\/\/www.blogsoestado.com\/ewertonneto\/2021\/09\/07\/o-diario-da-ilha-contado-por-ela-mesma\/\",\"url\":\"https:\/\/www.blogsoestado.com\/ewertonneto\/2021\/09\/07\/o-diario-da-ilha-contado-por-ela-mesma\/\",\"name\":\"O di\u00e1rio da Ilha (contado por ela mesma) - Ewerton Neto\",\"isPartOf\":{\"@id\":\"https:\/\/www.blogsoestado.com\/ewertonneto\/#website\"},\"primaryImageOfPage\":{\"@id\":\"https:\/\/www.blogsoestado.com\/ewertonneto\/2021\/09\/07\/o-diario-da-ilha-contado-por-ela-mesma\/#primaryimage\"},\"image\":{\"@id\":\"https:\/\/www.blogsoestado.com\/ewertonneto\/2021\/09\/07\/o-diario-da-ilha-contado-por-ela-mesma\/#primaryimage\"},\"thumbnailUrl\":\"https:\/\/www.blogsoestado.com\/ewertonneto\/wp-content\/uploads\/sites\/8\/2021\/09\/slz-1.jpg\",\"datePublished\":\"2021-09-07T12:27:22+00:00\",\"author\":{\"@id\":\"https:\/\/www.blogsoestado.com\/ewertonneto\/#\/schema\/person\/b000753f64dc46078048f1efdf5dacfc\"},\"breadcrumb\":{\"@id\":\"https:\/\/www.blogsoestado.com\/ewertonneto\/2021\/09\/07\/o-diario-da-ilha-contado-por-ela-mesma\/#breadcrumb\"},\"inLanguage\":\"pt-BR\",\"potentialAction\":[{\"@type\":\"ReadAction\",\"target\":[\"https:\/\/www.blogsoestado.com\/ewertonneto\/2021\/09\/07\/o-diario-da-ilha-contado-por-ela-mesma\/\"]}]},{\"@type\":\"ImageObject\",\"inLanguage\":\"pt-BR\",\"@id\":\"https:\/\/www.blogsoestado.com\/ewertonneto\/2021\/09\/07\/o-diario-da-ilha-contado-por-ela-mesma\/#primaryimage\",\"url\":\"https:\/\/www.blogsoestado.com\/ewertonneto\/wp-content\/uploads\/sites\/8\/2021\/09\/slz-1.jpg\",\"contentUrl\":\"https:\/\/www.blogsoestado.com\/ewertonneto\/wp-content\/uploads\/sites\/8\/2021\/09\/slz-1.jpg\",\"width\":684,\"height\":786},{\"@type\":\"BreadcrumbList\",\"@id\":\"https:\/\/www.blogsoestado.com\/ewertonneto\/2021\/09\/07\/o-diario-da-ilha-contado-por-ela-mesma\/#breadcrumb\",\"itemListElement\":[{\"@type\":\"ListItem\",\"position\":1,\"name\":\"In\u00edcio\",\"item\":\"https:\/\/www.blogsoestado.com\/ewertonneto\/\"},{\"@type\":\"ListItem\",\"position\":2,\"name\":\"O di\u00e1rio da Ilha (contado por ela mesma)\"}]},{\"@type\":\"WebSite\",\"@id\":\"https:\/\/www.blogsoestado.com\/ewertonneto\/#website\",\"url\":\"https:\/\/www.blogsoestado.com\/ewertonneto\/\",\"name\":\"Ewerton Neto\",\"description\":\"\",\"potentialAction\":[{\"@type\":\"SearchAction\",\"target\":{\"@type\":\"EntryPoint\",\"urlTemplate\":\"https:\/\/www.blogsoestado.com\/ewertonneto\/?s={search_term_string}\"},\"query-input\":{\"@type\":\"PropertyValueSpecification\",\"valueRequired\":true,\"valueName\":\"search_term_string\"}}],\"inLanguage\":\"pt-BR\"},{\"@type\":\"Person\",\"@id\":\"https:\/\/www.blogsoestado.com\/ewertonneto\/#\/schema\/person\/b000753f64dc46078048f1efdf5dacfc\",\"name\":\"Ewerton Neto\",\"image\":{\"@type\":\"ImageObject\",\"inLanguage\":\"pt-BR\",\"@id\":\"https:\/\/www.blogsoestado.com\/ewertonneto\/#\/schema\/person\/image\/\",\"url\":\"https:\/\/secure.gravatar.com\/avatar\/14614134f4cc4a9a1a9ce403c3211976437b2098df593b33aa5f19388549142a?s=96&d=mm&r=g\",\"contentUrl\":\"https:\/\/secure.gravatar.com\/avatar\/14614134f4cc4a9a1a9ce403c3211976437b2098df593b33aa5f19388549142a?s=96&d=mm&r=g\",\"caption\":\"Ewerton Neto\"},\"url\":\"https:\/\/www.blogsoestado.com\/ewertonneto\/author\/ewertonneto\/\"}]}<\/script>\n<!-- \/ Yoast SEO plugin. -->","yoast_head_json":{"title":"O di\u00e1rio da Ilha (contado por ela mesma) - Ewerton Neto","robots":{"index":"index","follow":"follow","max-snippet":"max-snippet:-1","max-image-preview":"max-image-preview:large","max-video-preview":"max-video-preview:-1"},"canonical":"https:\/\/www.blogsoestado.com\/ewertonneto\/2021\/09\/07\/o-diario-da-ilha-contado-por-ela-mesma\/","og_locale":"pt_BR","og_type":"article","og_title":"O di\u00e1rio da Ilha (contado por ela mesma) - Ewerton Neto","og_description":"artigo publicado no jornal O estadoma O DI\u00c1RIO DA FUNDA\u00c7\u00c3O DE S\u00c3O LUIS Escrito pela pr\u00f3pria Ilha: \u201cHoje, 8 de [&hellip;]","og_url":"https:\/\/www.blogsoestado.com\/ewertonneto\/2021\/09\/07\/o-diario-da-ilha-contado-por-ela-mesma\/","og_site_name":"Ewerton Neto","article_published_time":"2021-09-07T12:27:22+00:00","og_image":[{"url":"https:\/\/www.blogsoestado.com\/ewertonneto\/wp-content\/uploads\/sites\/8\/2021\/09\/slz-1.jpg","type":"","width":"","height":""}],"author":"Ewerton Neto","twitter_card":"summary_large_image","twitter_misc":{"Escrito por":"Ewerton Neto","Est. tempo de leitura":"3 minutos"},"schema":{"@context":"https:\/\/schema.org","@graph":[{"@type":"WebPage","@id":"https:\/\/www.blogsoestado.com\/ewertonneto\/2021\/09\/07\/o-diario-da-ilha-contado-por-ela-mesma\/","url":"https:\/\/www.blogsoestado.com\/ewertonneto\/2021\/09\/07\/o-diario-da-ilha-contado-por-ela-mesma\/","name":"O di\u00e1rio da Ilha (contado por ela mesma) - Ewerton Neto","isPartOf":{"@id":"https:\/\/www.blogsoestado.com\/ewertonneto\/#website"},"primaryImageOfPage":{"@id":"https:\/\/www.blogsoestado.com\/ewertonneto\/2021\/09\/07\/o-diario-da-ilha-contado-por-ela-mesma\/#primaryimage"},"image":{"@id":"https:\/\/www.blogsoestado.com\/ewertonneto\/2021\/09\/07\/o-diario-da-ilha-contado-por-ela-mesma\/#primaryimage"},"thumbnailUrl":"https:\/\/www.blogsoestado.com\/ewertonneto\/wp-content\/uploads\/sites\/8\/2021\/09\/slz-1.jpg","datePublished":"2021-09-07T12:27:22+00:00","author":{"@id":"https:\/\/www.blogsoestado.com\/ewertonneto\/#\/schema\/person\/b000753f64dc46078048f1efdf5dacfc"},"breadcrumb":{"@id":"https:\/\/www.blogsoestado.com\/ewertonneto\/2021\/09\/07\/o-diario-da-ilha-contado-por-ela-mesma\/#breadcrumb"},"inLanguage":"pt-BR","potentialAction":[{"@type":"ReadAction","target":["https:\/\/www.blogsoestado.com\/ewertonneto\/2021\/09\/07\/o-diario-da-ilha-contado-por-ela-mesma\/"]}]},{"@type":"ImageObject","inLanguage":"pt-BR","@id":"https:\/\/www.blogsoestado.com\/ewertonneto\/2021\/09\/07\/o-diario-da-ilha-contado-por-ela-mesma\/#primaryimage","url":"https:\/\/www.blogsoestado.com\/ewertonneto\/wp-content\/uploads\/sites\/8\/2021\/09\/slz-1.jpg","contentUrl":"https:\/\/www.blogsoestado.com\/ewertonneto\/wp-content\/uploads\/sites\/8\/2021\/09\/slz-1.jpg","width":684,"height":786},{"@type":"BreadcrumbList","@id":"https:\/\/www.blogsoestado.com\/ewertonneto\/2021\/09\/07\/o-diario-da-ilha-contado-por-ela-mesma\/#breadcrumb","itemListElement":[{"@type":"ListItem","position":1,"name":"In\u00edcio","item":"https:\/\/www.blogsoestado.com\/ewertonneto\/"},{"@type":"ListItem","position":2,"name":"O di\u00e1rio da Ilha (contado por ela mesma)"}]},{"@type":"WebSite","@id":"https:\/\/www.blogsoestado.com\/ewertonneto\/#website","url":"https:\/\/www.blogsoestado.com\/ewertonneto\/","name":"Ewerton Neto","description":"","potentialAction":[{"@type":"SearchAction","target":{"@type":"EntryPoint","urlTemplate":"https:\/\/www.blogsoestado.com\/ewertonneto\/?s={search_term_string}"},"query-input":{"@type":"PropertyValueSpecification","valueRequired":true,"valueName":"search_term_string"}}],"inLanguage":"pt-BR"},{"@type":"Person","@id":"https:\/\/www.blogsoestado.com\/ewertonneto\/#\/schema\/person\/b000753f64dc46078048f1efdf5dacfc","name":"Ewerton Neto","image":{"@type":"ImageObject","inLanguage":"pt-BR","@id":"https:\/\/www.blogsoestado.com\/ewertonneto\/#\/schema\/person\/image\/","url":"https:\/\/secure.gravatar.com\/avatar\/14614134f4cc4a9a1a9ce403c3211976437b2098df593b33aa5f19388549142a?s=96&d=mm&r=g","contentUrl":"https:\/\/secure.gravatar.com\/avatar\/14614134f4cc4a9a1a9ce403c3211976437b2098df593b33aa5f19388549142a?s=96&d=mm&r=g","caption":"Ewerton Neto"},"url":"https:\/\/www.blogsoestado.com\/ewertonneto\/author\/ewertonneto\/"}]}},"jetpack_featured_media_url":"","_links":{"self":[{"href":"https:\/\/www.blogsoestado.com\/ewertonneto\/wp-json\/wp\/v2\/posts\/1506","targetHints":{"allow":["GET"]}}],"collection":[{"href":"https:\/\/www.blogsoestado.com\/ewertonneto\/wp-json\/wp\/v2\/posts"}],"about":[{"href":"https:\/\/www.blogsoestado.com\/ewertonneto\/wp-json\/wp\/v2\/types\/post"}],"author":[{"embeddable":true,"href":"https:\/\/www.blogsoestado.com\/ewertonneto\/wp-json\/wp\/v2\/users\/9"}],"replies":[{"embeddable":true,"href":"https:\/\/www.blogsoestado.com\/ewertonneto\/wp-json\/wp\/v2\/comments?post=1506"}],"version-history":[{"count":0,"href":"https:\/\/www.blogsoestado.com\/ewertonneto\/wp-json\/wp\/v2\/posts\/1506\/revisions"}],"wp:attachment":[{"href":"https:\/\/www.blogsoestado.com\/ewertonneto\/wp-json\/wp\/v2\/media?parent=1506"}],"wp:term":[{"taxonomy":"category","embeddable":true,"href":"https:\/\/www.blogsoestado.com\/ewertonneto\/wp-json\/wp\/v2\/categories?post=1506"},{"taxonomy":"post_tag","embeddable":true,"href":"https:\/\/www.blogsoestado.com\/ewertonneto\/wp-json\/wp\/v2\/tags?post=1506"}],"curies":[{"name":"wp","href":"https:\/\/api.w.org\/{rel}","templated":true}]}}