{"id":283,"date":"2016-12-31T13:40:49","date_gmt":"2016-12-31T13:40:49","guid":{"rendered":"https:\/\/www.blogsoestado.com\/ewertonneto\/?p=283"},"modified":"2016-12-31T13:40:49","modified_gmt":"2016-12-31T13:40:49","slug":"declaracao-dos-direitos-do-ano-novo","status":"publish","type":"post","link":"https:\/\/www.blogsoestado.com\/ewertonneto\/2016\/12\/31\/declaracao-dos-direitos-do-ano-novo\/","title":{"rendered":"Declara\u00e7\u00e3o dos direitos do ANO-NOVO"},"content":{"rendered":"<p><img fetchpriority=\"high\" decoding=\"async\" class=\"alignnone size-medium wp-image-284\" src=\"https:\/\/www.blogsoestado.com\/ewertonneto\/wp-content\/uploads\/sites\/8\/2016\/12\/anonovo21-1-300x168.jpg\" alt=\"anonovo21\" width=\"300\" height=\"168\" \/><\/p>\n<p>artigo publicado no jornal O estado do Maranh\u00e3o<\/p>\n<p>Jose Ewerton Neto, autor de O entrevistador de lendas<\/p>\n<div class=\"ast-oembed-container \" style=\"height: 100%;\"><iframe title=\"Livro &quot;O Entrevistador de Lendas&quot;, do autor Jos\u00e9 Ewerton Neto\" width=\"500\" height=\"281\" src=\"https:\/\/www.youtube.com\/embed\/zOVJJTMUHWI?feature=oembed\" frameborder=\"0\" allow=\"accelerometer; autoplay; clipboard-write; encrypted-media; gyroscope; picture-in-picture; web-share\" referrerpolicy=\"strict-origin-when-cross-origin\" allowfullscreen><\/iframe><\/div>\n<p>Prevenindo-se do que aconteceu com o ano de 2016, constantemente execrado durante sua trajet\u00f3ria, 2017 resolveu exibir antecipadamente a sua DECLARA\u00c7\u00c3O DE DIREITOS, exigindo que todos a compreendam e executem para bem de todos e felicidade geral das na\u00e7\u00f5es:<\/p>\n<p>1.O ANO DE 2017 (Ano-Novo) avisa que ter\u00e1 o direito de ser apenas uma mera fra\u00e7\u00e3o de tempo com dura\u00e7\u00e3o de 365 dias, nem um segundo a mais ou a menos. Que n\u00e3o ser\u00e1 candidato \u00e0 reelei\u00e7\u00e3o, muito menos aceitar\u00e1 impeachment. Que n\u00e3o doar\u00e1 um segundo a mais a quem quiser prolongar sua vida, muito menos vai tirar de quem pretende abrevi\u00e1-la. E &#8211; j\u00e1 avisando aos corruptos: toda abordagem ser\u00e1 em v\u00e3o. N\u00e3o h\u00e1 dinheiro que compre um segundo a \u00a0mais ao que j\u00e1 vem destinado por Deus.<\/p>\n<p>2.O ANO DE 2017 avisa que prefere ser chamado pelo nome-n\u00famero 2017, que o classifica e identifica, ao inv\u00e9s de apelidos, como Ano Novo, Reveillon, etc.\u00a0 Entende que apelido \u00e9 coisa para marginal e, mais recentemente, \u00a0para pol\u00edtico ladr\u00e3o corrompido pela Odebrecht, \u00a0n\u00e3o pretendendo, para si, a mais vaga \u00a0alus\u00e3o ou semelhan\u00e7a com esse tipo de gente.<\/p>\n<p>3.O ANO DE 2017, \u00a0mesmo n\u00e3o se empolgando com isso,\u00a0 lamenta que os festejos bizarros que festejar\u00e3o sua chegada, n\u00e3o sejam repetidos uma \u00fanica vez pelo resto do ano, como se s\u00f3 merecesse respeito e considera\u00e7\u00e3o por ocasi\u00e3o de sua chegada.<\/p>\n<p>4.O ANO DE 2017 deixa claro que n\u00e3o gostar\u00e1 de ser chamado de Velho (ano-Velho) , ao fim de seus, apenas, 365 dias, pois considera que isso n\u00e3o \u00e9 tempo suficiente para deixar algu\u00e9m velho. Os humanos, por exemplo: ningu\u00e9m chama uma crian\u00e7a de velho \u00a0com apenas 1 ano de idade.<\/p>\n<p>&nbsp;<\/p>\n<p><img decoding=\"async\" class=\"alignnone size-medium wp-image-285\" src=\"https:\/\/www.blogsoestado.com\/ewertonneto\/wp-content\/uploads\/sites\/8\/2016\/12\/anonovo0-1-300x131.jpg\" alt=\"anonovo0\" width=\"300\" height=\"131\" srcset=\"https:\/\/www.blogsoestado.com\/ewertonneto\/wp-content\/uploads\/sites\/8\/2016\/12\/anonovo0-1-300x131.jpg 300w, https:\/\/www.blogsoestado.com\/ewertonneto\/wp-content\/uploads\/sites\/8\/2016\/12\/anonovo0-1.jpg 340w\" sizes=\"(max-width: 300px) 100vw, 300px\" \/><\/p>\n<p>&nbsp;<\/p>\n<p>&nbsp;<\/p>\n<p>5.O ANO DE 2017 avisa que n\u00e3o gostar\u00e1 de ser responsabilizado \u2013 como infelizmente aconteceu com o 2016 &#8211;\u00a0 por trag\u00e9dias de origem natural como chuvas, trovoadas, furac\u00f5es, tsunamis etc. . E muito menos por aquelas, (muito piores) de origem humana como avi\u00f5es caindo, guerras, Donald Trump na presid\u00eancia, ou autoridades se corrompendo.<\/p>\n<p>6.O ANO DE 2017 avisa que n\u00e3o disp\u00f5e de m\u00e1quinas milagrosas para sugar a gordura de quem pretende emagrecer, a partir do in\u00edcio de seu mandato. Que n\u00e3o \u00e9 feiticeiro ou m\u00e1gico e, mesmo que tivesse algum\u00a0 poder, n\u00e3o o usaria para satisfazer\u00a0 o desejo de qualquer bobalh\u00e3o. Por isso sugere que poupem tempo, dinheiro e energia com pedidos de primeira \u00a0hora, \u00a0em meio a patacoadas, bizarrias e demais papagaiadas pelas praias, no dia 31 e arredores.<\/p>\n<p>7.O ANO DE 2017 lembra, consternado, que come\u00e7ar\u00e1 exatamente milion\u00e9simos de segundo ap\u00f3s a sa\u00edda do 2016, mas n\u00e3o terminar\u00e1 necessariamente milion\u00e9simos de segundos antes do 2018 (para quem vai morrer, claro). Por isso recomenda: menos empolga\u00e7\u00e3o e mais reza.<\/p>\n<p>8.O ANO DE 2017 avisa, no caso do Brasil, \u00a0que n\u00e3o suportar\u00e1 ser chamado, ao final, de Ano Aziago, Ano Calamitoso, Ano Ruim, Ano Tr\u00e1gico, etc. , como est\u00e1 acontecendo com o 2016. Recorda que n\u00e3o tem culpa da exist\u00eancia de tanto pol\u00edtico ladr\u00e3o \u00e0 solta nessa terra; se o povo \u00e9 que os escolhe; se suas \u00a0mentes n\u00e3o funcionam e seus ouvidos menos ainda. E pede encarecidamente que tenham a gentileza de poupa-lo do som m\u00fasica de dupla sertaneja em sua chegada ou de, pelo menos, diminu\u00edrem o volume.<\/p>\n<p><a href=\"mailto:ewerton.neto@hotmail.com\">ewerton.neto@hotmail.com<\/a><\/p>\n","protected":false},"excerpt":{"rendered":"<p>artigo publicado no jornal O estado do Maranh\u00e3o Jose Ewerton Neto, autor de O entrevistador de lendas Prevenindo-se do que [&hellip;]<\/p>\n","protected":false},"author":9,"featured_media":0,"comment_status":"open","ping_status":"open","sticky":false,"template":"","format":"standard","meta":{"site-sidebar-layout":"default","site-content-layout":"","ast-site-content-layout":"default","site-content-style":"default","site-sidebar-style":"default","ast-global-header-display":"","ast-banner-title-visibility":"","ast-main-header-display":"","ast-hfb-above-header-display":"","ast-hfb-below-header-display":"","ast-hfb-mobile-header-display":"","site-post-title":"","ast-breadcrumbs-content":"","ast-featured-img":"","footer-sml-layout":"","ast-disable-related-posts":"","theme-transparent-header-meta":"","adv-header-id-meta":"","stick-header-meta":"","header-above-stick-meta":"","header-main-stick-meta":"","header-below-stick-meta":"","astra-migrate-meta-layouts":"default","ast-page-background-enabled":"default","ast-page-background-meta":{"desktop":{"background-color":"var(--ast-global-color-5)","background-image":"","background-repeat":"repeat","background-position":"center center","background-size":"auto","background-attachment":"scroll","background-type":"","background-media":"","overlay-type":"","overlay-color":"","overlay-opacity":"","overlay-gradient":""},"tablet":{"background-color":"","background-image":"","background-repeat":"repeat","background-position":"center center","background-size":"auto","background-attachment":"scroll","background-type":"","background-media":"","overlay-type":"","overlay-color":"","overlay-opacity":"","overlay-gradient":""},"mobile":{"background-color":"","background-image":"","background-repeat":"repeat","background-position":"center center","background-size":"auto","background-attachment":"scroll","background-type":"","background-media":"","overlay-type":"","overlay-color":"","overlay-opacity":"","overlay-gradient":""}},"ast-content-background-meta":{"desktop":{"background-color":"var(--ast-global-color-4)","background-image":"","background-repeat":"repeat","background-position":"center center","background-size":"auto","background-attachment":"scroll","background-type":"","background-media":"","overlay-type":"","overlay-color":"","overlay-opacity":"","overlay-gradient":""},"tablet":{"background-color":"var(--ast-global-color-4)","background-image":"","background-repeat":"repeat","background-position":"center center","background-size":"auto","background-attachment":"scroll","background-type":"","background-media":"","overlay-type":"","overlay-color":"","overlay-opacity":"","overlay-gradient":""},"mobile":{"background-color":"var(--ast-global-color-4)","background-image":"","background-repeat":"repeat","background-position":"center center","background-size":"auto","background-attachment":"scroll","background-type":"","background-media":"","overlay-type":"","overlay-color":"","overlay-opacity":"","overlay-gradient":""}},"footnotes":""},"categories":[1],"tags":[],"class_list":["post-283","post","type-post","status-publish","format-standard","hentry","category-sem-categoria"],"yoast_head":"<!-- This site is optimized with the Yoast SEO plugin v26.6 - https:\/\/yoast.com\/wordpress\/plugins\/seo\/ -->\n<title>Declara\u00e7\u00e3o dos direitos do ANO-NOVO - Ewerton Neto<\/title>\n<meta name=\"robots\" content=\"index, follow, max-snippet:-1, max-image-preview:large, max-video-preview:-1\" \/>\n<link rel=\"canonical\" href=\"https:\/\/www.blogsoestado.com\/ewertonneto\/2016\/12\/31\/declaracao-dos-direitos-do-ano-novo\/\" \/>\n<meta property=\"og:locale\" content=\"pt_BR\" \/>\n<meta property=\"og:type\" content=\"article\" \/>\n<meta property=\"og:title\" content=\"Declara\u00e7\u00e3o dos direitos do ANO-NOVO - Ewerton Neto\" \/>\n<meta property=\"og:description\" content=\"artigo publicado no jornal O estado do Maranh\u00e3o Jose Ewerton Neto, autor de O entrevistador de lendas Prevenindo-se do que [&hellip;]\" \/>\n<meta property=\"og:url\" content=\"https:\/\/www.blogsoestado.com\/ewertonneto\/2016\/12\/31\/declaracao-dos-direitos-do-ano-novo\/\" \/>\n<meta property=\"og:site_name\" content=\"Ewerton Neto\" \/>\n<meta property=\"article:published_time\" content=\"2016-12-31T13:40:49+00:00\" \/>\n<meta property=\"og:image\" content=\"https:\/\/www.blogsoestado.com\/ewertonneto\/wp-content\/uploads\/sites\/8\/2016\/12\/anonovo21-1-300x168.jpg\" \/>\n<meta name=\"author\" content=\"Ewerton Neto\" \/>\n<meta name=\"twitter:card\" content=\"summary_large_image\" \/>\n<meta name=\"twitter:label1\" content=\"Escrito por\" \/>\n\t<meta name=\"twitter:data1\" content=\"Ewerton Neto\" \/>\n\t<meta name=\"twitter:label2\" content=\"Est. tempo de leitura\" \/>\n\t<meta name=\"twitter:data2\" content=\"3 minutos\" \/>\n<script type=\"application\/ld+json\" class=\"yoast-schema-graph\">{\"@context\":\"https:\/\/schema.org\",\"@graph\":[{\"@type\":\"WebPage\",\"@id\":\"https:\/\/www.blogsoestado.com\/ewertonneto\/2016\/12\/31\/declaracao-dos-direitos-do-ano-novo\/\",\"url\":\"https:\/\/www.blogsoestado.com\/ewertonneto\/2016\/12\/31\/declaracao-dos-direitos-do-ano-novo\/\",\"name\":\"Declara\u00e7\u00e3o dos direitos do ANO-NOVO - Ewerton Neto\",\"isPartOf\":{\"@id\":\"https:\/\/www.blogsoestado.com\/ewertonneto\/#website\"},\"primaryImageOfPage\":{\"@id\":\"https:\/\/www.blogsoestado.com\/ewertonneto\/2016\/12\/31\/declaracao-dos-direitos-do-ano-novo\/#primaryimage\"},\"image\":{\"@id\":\"https:\/\/www.blogsoestado.com\/ewertonneto\/2016\/12\/31\/declaracao-dos-direitos-do-ano-novo\/#primaryimage\"},\"thumbnailUrl\":\"https:\/\/www.blogsoestado.com\/ewertonneto\/wp-content\/uploads\/sites\/8\/2016\/12\/anonovo21-1-300x168.jpg\",\"datePublished\":\"2016-12-31T13:40:49+00:00\",\"author\":{\"@id\":\"https:\/\/www.blogsoestado.com\/ewertonneto\/#\/schema\/person\/b000753f64dc46078048f1efdf5dacfc\"},\"breadcrumb\":{\"@id\":\"https:\/\/www.blogsoestado.com\/ewertonneto\/2016\/12\/31\/declaracao-dos-direitos-do-ano-novo\/#breadcrumb\"},\"inLanguage\":\"pt-BR\",\"potentialAction\":[{\"@type\":\"ReadAction\",\"target\":[\"https:\/\/www.blogsoestado.com\/ewertonneto\/2016\/12\/31\/declaracao-dos-direitos-do-ano-novo\/\"]}]},{\"@type\":\"ImageObject\",\"inLanguage\":\"pt-BR\",\"@id\":\"https:\/\/www.blogsoestado.com\/ewertonneto\/2016\/12\/31\/declaracao-dos-direitos-do-ano-novo\/#primaryimage\",\"url\":\"https:\/\/www.blogsoestado.com\/ewertonneto\/wp-content\/uploads\/sites\/8\/2016\/12\/anonovo21-1.jpg\",\"contentUrl\":\"https:\/\/www.blogsoestado.com\/ewertonneto\/wp-content\/uploads\/sites\/8\/2016\/12\/anonovo21-1.jpg\",\"width\":300,\"height\":168},{\"@type\":\"BreadcrumbList\",\"@id\":\"https:\/\/www.blogsoestado.com\/ewertonneto\/2016\/12\/31\/declaracao-dos-direitos-do-ano-novo\/#breadcrumb\",\"itemListElement\":[{\"@type\":\"ListItem\",\"position\":1,\"name\":\"In\u00edcio\",\"item\":\"https:\/\/www.blogsoestado.com\/ewertonneto\/\"},{\"@type\":\"ListItem\",\"position\":2,\"name\":\"Declara\u00e7\u00e3o dos direitos do ANO-NOVO\"}]},{\"@type\":\"WebSite\",\"@id\":\"https:\/\/www.blogsoestado.com\/ewertonneto\/#website\",\"url\":\"https:\/\/www.blogsoestado.com\/ewertonneto\/\",\"name\":\"Ewerton Neto\",\"description\":\"\",\"potentialAction\":[{\"@type\":\"SearchAction\",\"target\":{\"@type\":\"EntryPoint\",\"urlTemplate\":\"https:\/\/www.blogsoestado.com\/ewertonneto\/?s={search_term_string}\"},\"query-input\":{\"@type\":\"PropertyValueSpecification\",\"valueRequired\":true,\"valueName\":\"search_term_string\"}}],\"inLanguage\":\"pt-BR\"},{\"@type\":\"Person\",\"@id\":\"https:\/\/www.blogsoestado.com\/ewertonneto\/#\/schema\/person\/b000753f64dc46078048f1efdf5dacfc\",\"name\":\"Ewerton Neto\",\"image\":{\"@type\":\"ImageObject\",\"inLanguage\":\"pt-BR\",\"@id\":\"https:\/\/www.blogsoestado.com\/ewertonneto\/#\/schema\/person\/image\/\",\"url\":\"https:\/\/secure.gravatar.com\/avatar\/14614134f4cc4a9a1a9ce403c3211976437b2098df593b33aa5f19388549142a?s=96&d=mm&r=g\",\"contentUrl\":\"https:\/\/secure.gravatar.com\/avatar\/14614134f4cc4a9a1a9ce403c3211976437b2098df593b33aa5f19388549142a?s=96&d=mm&r=g\",\"caption\":\"Ewerton Neto\"},\"url\":\"https:\/\/www.blogsoestado.com\/ewertonneto\/author\/ewertonneto\/\"}]}<\/script>\n<!-- \/ Yoast SEO plugin. -->","yoast_head_json":{"title":"Declara\u00e7\u00e3o dos direitos do ANO-NOVO - Ewerton Neto","robots":{"index":"index","follow":"follow","max-snippet":"max-snippet:-1","max-image-preview":"max-image-preview:large","max-video-preview":"max-video-preview:-1"},"canonical":"https:\/\/www.blogsoestado.com\/ewertonneto\/2016\/12\/31\/declaracao-dos-direitos-do-ano-novo\/","og_locale":"pt_BR","og_type":"article","og_title":"Declara\u00e7\u00e3o dos direitos do ANO-NOVO - Ewerton Neto","og_description":"artigo publicado no jornal O estado do Maranh\u00e3o Jose Ewerton Neto, autor de O entrevistador de lendas Prevenindo-se do que [&hellip;]","og_url":"https:\/\/www.blogsoestado.com\/ewertonneto\/2016\/12\/31\/declaracao-dos-direitos-do-ano-novo\/","og_site_name":"Ewerton Neto","article_published_time":"2016-12-31T13:40:49+00:00","og_image":[{"url":"https:\/\/www.blogsoestado.com\/ewertonneto\/wp-content\/uploads\/sites\/8\/2016\/12\/anonovo21-1-300x168.jpg","type":"","width":"","height":""}],"author":"Ewerton Neto","twitter_card":"summary_large_image","twitter_misc":{"Escrito por":"Ewerton Neto","Est. tempo de leitura":"3 minutos"},"schema":{"@context":"https:\/\/schema.org","@graph":[{"@type":"WebPage","@id":"https:\/\/www.blogsoestado.com\/ewertonneto\/2016\/12\/31\/declaracao-dos-direitos-do-ano-novo\/","url":"https:\/\/www.blogsoestado.com\/ewertonneto\/2016\/12\/31\/declaracao-dos-direitos-do-ano-novo\/","name":"Declara\u00e7\u00e3o dos direitos do ANO-NOVO - Ewerton Neto","isPartOf":{"@id":"https:\/\/www.blogsoestado.com\/ewertonneto\/#website"},"primaryImageOfPage":{"@id":"https:\/\/www.blogsoestado.com\/ewertonneto\/2016\/12\/31\/declaracao-dos-direitos-do-ano-novo\/#primaryimage"},"image":{"@id":"https:\/\/www.blogsoestado.com\/ewertonneto\/2016\/12\/31\/declaracao-dos-direitos-do-ano-novo\/#primaryimage"},"thumbnailUrl":"https:\/\/www.blogsoestado.com\/ewertonneto\/wp-content\/uploads\/sites\/8\/2016\/12\/anonovo21-1-300x168.jpg","datePublished":"2016-12-31T13:40:49+00:00","author":{"@id":"https:\/\/www.blogsoestado.com\/ewertonneto\/#\/schema\/person\/b000753f64dc46078048f1efdf5dacfc"},"breadcrumb":{"@id":"https:\/\/www.blogsoestado.com\/ewertonneto\/2016\/12\/31\/declaracao-dos-direitos-do-ano-novo\/#breadcrumb"},"inLanguage":"pt-BR","potentialAction":[{"@type":"ReadAction","target":["https:\/\/www.blogsoestado.com\/ewertonneto\/2016\/12\/31\/declaracao-dos-direitos-do-ano-novo\/"]}]},{"@type":"ImageObject","inLanguage":"pt-BR","@id":"https:\/\/www.blogsoestado.com\/ewertonneto\/2016\/12\/31\/declaracao-dos-direitos-do-ano-novo\/#primaryimage","url":"https:\/\/www.blogsoestado.com\/ewertonneto\/wp-content\/uploads\/sites\/8\/2016\/12\/anonovo21-1.jpg","contentUrl":"https:\/\/www.blogsoestado.com\/ewertonneto\/wp-content\/uploads\/sites\/8\/2016\/12\/anonovo21-1.jpg","width":300,"height":168},{"@type":"BreadcrumbList","@id":"https:\/\/www.blogsoestado.com\/ewertonneto\/2016\/12\/31\/declaracao-dos-direitos-do-ano-novo\/#breadcrumb","itemListElement":[{"@type":"ListItem","position":1,"name":"In\u00edcio","item":"https:\/\/www.blogsoestado.com\/ewertonneto\/"},{"@type":"ListItem","position":2,"name":"Declara\u00e7\u00e3o dos direitos do ANO-NOVO"}]},{"@type":"WebSite","@id":"https:\/\/www.blogsoestado.com\/ewertonneto\/#website","url":"https:\/\/www.blogsoestado.com\/ewertonneto\/","name":"Ewerton Neto","description":"","potentialAction":[{"@type":"SearchAction","target":{"@type":"EntryPoint","urlTemplate":"https:\/\/www.blogsoestado.com\/ewertonneto\/?s={search_term_string}"},"query-input":{"@type":"PropertyValueSpecification","valueRequired":true,"valueName":"search_term_string"}}],"inLanguage":"pt-BR"},{"@type":"Person","@id":"https:\/\/www.blogsoestado.com\/ewertonneto\/#\/schema\/person\/b000753f64dc46078048f1efdf5dacfc","name":"Ewerton Neto","image":{"@type":"ImageObject","inLanguage":"pt-BR","@id":"https:\/\/www.blogsoestado.com\/ewertonneto\/#\/schema\/person\/image\/","url":"https:\/\/secure.gravatar.com\/avatar\/14614134f4cc4a9a1a9ce403c3211976437b2098df593b33aa5f19388549142a?s=96&d=mm&r=g","contentUrl":"https:\/\/secure.gravatar.com\/avatar\/14614134f4cc4a9a1a9ce403c3211976437b2098df593b33aa5f19388549142a?s=96&d=mm&r=g","caption":"Ewerton Neto"},"url":"https:\/\/www.blogsoestado.com\/ewertonneto\/author\/ewertonneto\/"}]}},"jetpack_featured_media_url":"","_links":{"self":[{"href":"https:\/\/www.blogsoestado.com\/ewertonneto\/wp-json\/wp\/v2\/posts\/283","targetHints":{"allow":["GET"]}}],"collection":[{"href":"https:\/\/www.blogsoestado.com\/ewertonneto\/wp-json\/wp\/v2\/posts"}],"about":[{"href":"https:\/\/www.blogsoestado.com\/ewertonneto\/wp-json\/wp\/v2\/types\/post"}],"author":[{"embeddable":true,"href":"https:\/\/www.blogsoestado.com\/ewertonneto\/wp-json\/wp\/v2\/users\/9"}],"replies":[{"embeddable":true,"href":"https:\/\/www.blogsoestado.com\/ewertonneto\/wp-json\/wp\/v2\/comments?post=283"}],"version-history":[{"count":0,"href":"https:\/\/www.blogsoestado.com\/ewertonneto\/wp-json\/wp\/v2\/posts\/283\/revisions"}],"wp:attachment":[{"href":"https:\/\/www.blogsoestado.com\/ewertonneto\/wp-json\/wp\/v2\/media?parent=283"}],"wp:term":[{"taxonomy":"category","embeddable":true,"href":"https:\/\/www.blogsoestado.com\/ewertonneto\/wp-json\/wp\/v2\/categories?post=283"},{"taxonomy":"post_tag","embeddable":true,"href":"https:\/\/www.blogsoestado.com\/ewertonneto\/wp-json\/wp\/v2\/tags?post=283"}],"curies":[{"name":"wp","href":"https:\/\/api.w.org\/{rel}","templated":true}]}}