{"id":402,"date":"2017-03-26T11:03:59","date_gmt":"2017-03-26T14:03:59","guid":{"rendered":"https:\/\/www.blogsoestado.com\/ewertonneto\/?p=402"},"modified":"2017-03-26T11:03:59","modified_gmt":"2017-03-26T14:03:59","slug":"de-politicidio-pedobolia","status":"publish","type":"post","link":"https:\/\/www.blogsoestado.com\/ewertonneto\/2017\/03\/26\/de-politicidio-pedobolia\/","title":{"rendered":"DE POLITIC\u00cdDIO A PEDOBOLIA"},"content":{"rendered":"<p>&nbsp;<\/p>\n<p>As melhores not\u00edcias da semana comentadas por Juca Polinc\u00f3<\/p>\n<p>(O fil\u00f3sofo politicamente incorreto da Periferia)<\/p>\n<p><img decoding=\"async\" class=\"alignnone size-medium wp-image-404\" src=\"https:\/\/www.blogsoestado.com\/ewertonneto\/wp-content\/uploads\/sites\/8\/2017\/03\/jucapolinco1-1-300x138.jpg\" alt=\"\" width=\"300\" height=\"138\" srcset=\"https:\/\/www.blogsoestado.com\/ewertonneto\/wp-content\/uploads\/sites\/8\/2017\/03\/jucapolinco1-1-300x138.jpg 300w, https:\/\/www.blogsoestado.com\/ewertonneto\/wp-content\/uploads\/sites\/8\/2017\/03\/jucapolinco1-1.jpg 331w\" sizes=\"(max-width: 300px) 100vw, 300px\" \/><\/p>\n<p>Hoje, 25 de mar\u00e7o<\/p>\n<p>&nbsp;<\/p>\n<p><strong>A TERCEIRIZA\u00c7\u00c3O,<\/strong>\u00a0proposta pelo presidente foi aprovada na C\u00e2mara. Com isso todas as atividades trabalhistas de uma empresa poder\u00e3o ser terceirizadas e estas por sua vez quarteirizadas.<\/p>\n<p>E assim por diante&#8230;<\/p>\n<p>Coment\u00e1rio de Juca:<\/p>\n<p><em>&#8221; Como o trabalhador terceirizado j\u00e1 ganha 25 % a menos de que seria pago a um trabalhador da pr\u00f3pria empresa\u00a0 \u00e9 de se esperar que quando chegarem ao trabalhador<strong>\u00a0\u201c<\/strong><strong>octorizado\u201d<\/strong>\u00a0este tenha que pagar para trabalhar, certo?<\/em><\/p>\n<p><em>Com tanto entusiasmo pela ideia\u00a0 Michel Temer poderia come\u00e7ar dando o exemplo: <\/em><\/p>\n<p><em>Que tal terceirizar a\u00a0<strong>Primeira Dama?&#8221; <\/strong><\/em><\/p>\n<p>&nbsp;<\/p>\n<p>Hoje, 23 de mar\u00e7o.<\/p>\n<p>Frase:<\/p>\n<p>&#8221; A levar dessa maneira, em breve vamos ter um um\u00a0<strong>POLITIC\u00cdDIO\u00a0<\/strong>&#8221; Danilo Fortes, do PSB, reclamando da lava-jato.<\/p>\n<p>Coment\u00e1rio de Juca:<\/p>\n<p><em>&#8220;S\u00f3 um pol\u00edtico forte como Danilo,( que n\u00e3o \u00e9 s\u00f3 um\u00a0<strong>Forte,<\/strong>\u00a0mas v\u00e1rios) para sugerir uma solu\u00e7\u00e3o\u00a0t\u00e3o <strong>Forte <\/strong>\u00a0para os problemas brasileiros.<\/em><\/p>\n<p><img fetchpriority=\"high\" decoding=\"async\" class=\"alignnone size-full wp-image-405\" src=\"https:\/\/www.blogsoestado.com\/ewertonneto\/wp-content\/uploads\/sites\/8\/2017\/03\/politico3-1.jpg\" alt=\"\" width=\"210\" height=\"240\" \/><\/p>\n<p>&nbsp;<\/p>\n<p><em>Vai que a coisa desse certo, n\u00e3o \u00e9? <\/em><\/p>\n<p><em>Como diria Drummond : \u00a0<\/em><em>N\u00e3o \u00e9 uma rima, \u00a0mas ser\u00e1 que n\u00e3o poderia ser \u00a0uma solu\u00e7\u00e3o?&#8221;<\/em><\/p>\n<p>&nbsp;<\/p>\n<p>Hoje, 21 de mar\u00e7o<\/p>\n<p>Frase De Jos\u00e9 Bartochio, advogado de Antonio Palocci, sobre o apelido de <strong>Italiano,<\/strong>\u00a0dado a ele pela \u00a0Odebrecht:\u00a0&#8220;\u00c9 s\u00f3 um\u00a0<strong>apelido em busca de um personagem.<\/strong>&#8221;<\/p>\n<p>Coment\u00e1rio de Juca:<\/p>\n<p><em>&#8220;O Brasil de hoje tem at\u00e9 apelido buscando\u00a0 personagem. Devem ter aprendido com a\u00a0<strong>cambada\u00a0de personagens em busca de apelido<\/strong>, na mesma Odebrecht.<\/em><\/p>\n<p><em>A \u00fanica diferen\u00e7a \u00e9 que os apelidos t\u00eam muito mais vergonha\u00a0 que os personagens&#8221;<\/em><\/p>\n<p>Hoje, 18 de mar\u00e7o<\/p>\n<p>O promissor futebolista maranhense Manu, de apenas 11 anos e que treinava no Gr\u00eamio fez uma visita ao Barcelona e n\u00e3o voltou mais. O Gr\u00eamio acusa o Barcelona de ass\u00e9dio ao garoto e quer ele de volta<\/p>\n<p>Coment\u00e1rio de Juca:<\/p>\n<p><strong>&#8220;<em>PEDOBOLIA,<\/em><\/strong><em>\u00a0<\/em><em>nome criado \u00a0neste momento, \u00e9 uma mistura de Ass\u00e9dio a menores de idade + bola de futebol o que d\u00e1 \u00a0<b>Pedobolia.<\/b><\/em><\/p>\n<p><em>Este caso \u00e9 o segundo do Bar\u00e7a, mas ent\u00e3o n\u00e3o era chamado de PEDOBOLIA, mas sacanagem mesmo.<\/em><\/p>\n<p><em>A quest\u00e3o \u00e9 que o ass\u00e9dio t\u00e1 dando orgulho em toda a fam\u00edlia do menino e nos maranhenses em geral, porque <strong>todos<\/strong> pensam assim:<\/em><\/p>\n<p>Mas n\u00e3o \u00e9 muito melhor sofrer um ataque de\u00a0PEDOBOLIA\u00a0do Barcelona do que o garoto ficar no <em>Gr\u00eamio<\/em>, com um monte de pernas de pau e sendo assediado e ludibriado por cartolas?&#8221;<\/p>\n<p>Jos\u00e9 Ewerton Neto \u00e9 autor de<\/p>\n<p>O ABC bem humorado de S\u00e3o Luis<\/p>\n<p><img decoding=\"async\" class=\"alignnone size-medium wp-image-406\" src=\"https:\/\/www.blogsoestado.com\/ewertonneto\/wp-content\/uploads\/sites\/8\/2017\/03\/CAPA-02-2-1-300x268.jpg\" alt=\"\" width=\"300\" height=\"268\" srcset=\"https:\/\/www.blogsoestado.com\/ewertonneto\/wp-content\/uploads\/sites\/8\/2017\/03\/CAPA-02-2-1-300x268.jpg 300w, https:\/\/www.blogsoestado.com\/ewertonneto\/wp-content\/uploads\/sites\/8\/2017\/03\/CAPA-02-2-1-1024x916.jpg 1024w, https:\/\/www.blogsoestado.com\/ewertonneto\/wp-content\/uploads\/sites\/8\/2017\/03\/CAPA-02-2-1-768x687.jpg 768w, https:\/\/www.blogsoestado.com\/ewertonneto\/wp-content\/uploads\/sites\/8\/2017\/03\/CAPA-02-2-1.jpg 1500w\" sizes=\"(max-width: 300px) 100vw, 300px\" \/><\/p>\n","protected":false},"excerpt":{"rendered":"<p>&nbsp; As melhores not\u00edcias da semana comentadas por Juca Polinc\u00f3 (O fil\u00f3sofo politicamente incorreto da Periferia) Hoje, 25 de mar\u00e7o [&hellip;]<\/p>\n","protected":false},"author":9,"featured_media":0,"comment_status":"open","ping_status":"open","sticky":false,"template":"","format":"standard","meta":{"site-sidebar-layout":"default","site-content-layout":"","ast-site-content-layout":"default","site-content-style":"default","site-sidebar-style":"default","ast-global-header-display":"","ast-banner-title-visibility":"","ast-main-header-display":"","ast-hfb-above-header-display":"","ast-hfb-below-header-display":"","ast-hfb-mobile-header-display":"","site-post-title":"","ast-breadcrumbs-content":"","ast-featured-img":"","footer-sml-layout":"","ast-disable-related-posts":"","theme-transparent-header-meta":"","adv-header-id-meta":"","stick-header-meta":"","header-above-stick-meta":"","header-main-stick-meta":"","header-below-stick-meta":"","astra-migrate-meta-layouts":"default","ast-page-background-enabled":"default","ast-page-background-meta":{"desktop":{"background-color":"var(--ast-global-color-5)","background-image":"","background-repeat":"repeat","background-position":"center center","background-size":"auto","background-attachment":"scroll","background-type":"","background-media":"","overlay-type":"","overlay-color":"","overlay-opacity":"","overlay-gradient":""},"tablet":{"background-color":"","background-image":"","background-repeat":"repeat","background-position":"center center","background-size":"auto","background-attachment":"scroll","background-type":"","background-media":"","overlay-type":"","overlay-color":"","overlay-opacity":"","overlay-gradient":""},"mobile":{"background-color":"","background-image":"","background-repeat":"repeat","background-position":"center center","background-size":"auto","background-attachment":"scroll","background-type":"","background-media":"","overlay-type":"","overlay-color":"","overlay-opacity":"","overlay-gradient":""}},"ast-content-background-meta":{"desktop":{"background-color":"var(--ast-global-color-4)","background-image":"","background-repeat":"repeat","background-position":"center center","background-size":"auto","background-attachment":"scroll","background-type":"","background-media":"","overlay-type":"","overlay-color":"","overlay-opacity":"","overlay-gradient":""},"tablet":{"background-color":"var(--ast-global-color-4)","background-image":"","background-repeat":"repeat","background-position":"center center","background-size":"auto","background-attachment":"scroll","background-type":"","background-media":"","overlay-type":"","overlay-color":"","overlay-opacity":"","overlay-gradient":""},"mobile":{"background-color":"var(--ast-global-color-4)","background-image":"","background-repeat":"repeat","background-position":"center center","background-size":"auto","background-attachment":"scroll","background-type":"","background-media":"","overlay-type":"","overlay-color":"","overlay-opacity":"","overlay-gradient":""}},"footnotes":""},"categories":[1],"tags":[],"class_list":["post-402","post","type-post","status-publish","format-standard","hentry","category-sem-categoria"],"yoast_head":"<!-- This site is optimized with the Yoast SEO plugin v26.6 - https:\/\/yoast.com\/wordpress\/plugins\/seo\/ -->\n<title>DE POLITIC\u00cdDIO A PEDOBOLIA - Ewerton Neto<\/title>\n<meta name=\"robots\" content=\"index, follow, max-snippet:-1, max-image-preview:large, max-video-preview:-1\" \/>\n<link rel=\"canonical\" href=\"https:\/\/www.blogsoestado.com\/ewertonneto\/2017\/03\/26\/de-politicidio-pedobolia\/\" \/>\n<meta property=\"og:locale\" content=\"pt_BR\" \/>\n<meta property=\"og:type\" content=\"article\" \/>\n<meta property=\"og:title\" content=\"DE POLITIC\u00cdDIO A PEDOBOLIA - Ewerton Neto\" \/>\n<meta property=\"og:description\" content=\"&nbsp; As melhores not\u00edcias da semana comentadas por Juca Polinc\u00f3 (O fil\u00f3sofo politicamente incorreto da Periferia) Hoje, 25 de mar\u00e7o [&hellip;]\" \/>\n<meta property=\"og:url\" content=\"https:\/\/www.blogsoestado.com\/ewertonneto\/2017\/03\/26\/de-politicidio-pedobolia\/\" \/>\n<meta property=\"og:site_name\" content=\"Ewerton Neto\" \/>\n<meta property=\"article:published_time\" content=\"2017-03-26T14:03:59+00:00\" \/>\n<meta property=\"og:image\" content=\"https:\/\/www.blogsoestado.com\/ewertonneto\/wp-content\/uploads\/sites\/8\/2017\/03\/jucapolinco1-1-300x138.jpg\" \/>\n<meta name=\"author\" content=\"Ewerton Neto\" \/>\n<meta name=\"twitter:card\" content=\"summary_large_image\" \/>\n<meta name=\"twitter:label1\" content=\"Escrito por\" \/>\n\t<meta name=\"twitter:data1\" content=\"Ewerton Neto\" \/>\n\t<meta name=\"twitter:label2\" content=\"Est. tempo de leitura\" \/>\n\t<meta name=\"twitter:data2\" content=\"2 minutos\" \/>\n<script type=\"application\/ld+json\" class=\"yoast-schema-graph\">{\"@context\":\"https:\/\/schema.org\",\"@graph\":[{\"@type\":\"WebPage\",\"@id\":\"https:\/\/www.blogsoestado.com\/ewertonneto\/2017\/03\/26\/de-politicidio-pedobolia\/\",\"url\":\"https:\/\/www.blogsoestado.com\/ewertonneto\/2017\/03\/26\/de-politicidio-pedobolia\/\",\"name\":\"DE POLITIC\u00cdDIO A PEDOBOLIA - Ewerton Neto\",\"isPartOf\":{\"@id\":\"https:\/\/www.blogsoestado.com\/ewertonneto\/#website\"},\"primaryImageOfPage\":{\"@id\":\"https:\/\/www.blogsoestado.com\/ewertonneto\/2017\/03\/26\/de-politicidio-pedobolia\/#primaryimage\"},\"image\":{\"@id\":\"https:\/\/www.blogsoestado.com\/ewertonneto\/2017\/03\/26\/de-politicidio-pedobolia\/#primaryimage\"},\"thumbnailUrl\":\"https:\/\/www.blogsoestado.com\/ewertonneto\/wp-content\/uploads\/sites\/8\/2017\/03\/jucapolinco1-1-300x138.jpg\",\"datePublished\":\"2017-03-26T14:03:59+00:00\",\"author\":{\"@id\":\"https:\/\/www.blogsoestado.com\/ewertonneto\/#\/schema\/person\/b000753f64dc46078048f1efdf5dacfc\"},\"breadcrumb\":{\"@id\":\"https:\/\/www.blogsoestado.com\/ewertonneto\/2017\/03\/26\/de-politicidio-pedobolia\/#breadcrumb\"},\"inLanguage\":\"pt-BR\",\"potentialAction\":[{\"@type\":\"ReadAction\",\"target\":[\"https:\/\/www.blogsoestado.com\/ewertonneto\/2017\/03\/26\/de-politicidio-pedobolia\/\"]}]},{\"@type\":\"ImageObject\",\"inLanguage\":\"pt-BR\",\"@id\":\"https:\/\/www.blogsoestado.com\/ewertonneto\/2017\/03\/26\/de-politicidio-pedobolia\/#primaryimage\",\"url\":\"https:\/\/www.blogsoestado.com\/ewertonneto\/wp-content\/uploads\/sites\/8\/2017\/03\/jucapolinco1-1.jpg\",\"contentUrl\":\"https:\/\/www.blogsoestado.com\/ewertonneto\/wp-content\/uploads\/sites\/8\/2017\/03\/jucapolinco1-1.jpg\",\"width\":331,\"height\":152},{\"@type\":\"BreadcrumbList\",\"@id\":\"https:\/\/www.blogsoestado.com\/ewertonneto\/2017\/03\/26\/de-politicidio-pedobolia\/#breadcrumb\",\"itemListElement\":[{\"@type\":\"ListItem\",\"position\":1,\"name\":\"In\u00edcio\",\"item\":\"https:\/\/www.blogsoestado.com\/ewertonneto\/\"},{\"@type\":\"ListItem\",\"position\":2,\"name\":\"DE POLITIC\u00cdDIO A PEDOBOLIA\"}]},{\"@type\":\"WebSite\",\"@id\":\"https:\/\/www.blogsoestado.com\/ewertonneto\/#website\",\"url\":\"https:\/\/www.blogsoestado.com\/ewertonneto\/\",\"name\":\"Ewerton Neto\",\"description\":\"\",\"potentialAction\":[{\"@type\":\"SearchAction\",\"target\":{\"@type\":\"EntryPoint\",\"urlTemplate\":\"https:\/\/www.blogsoestado.com\/ewertonneto\/?s={search_term_string}\"},\"query-input\":{\"@type\":\"PropertyValueSpecification\",\"valueRequired\":true,\"valueName\":\"search_term_string\"}}],\"inLanguage\":\"pt-BR\"},{\"@type\":\"Person\",\"@id\":\"https:\/\/www.blogsoestado.com\/ewertonneto\/#\/schema\/person\/b000753f64dc46078048f1efdf5dacfc\",\"name\":\"Ewerton Neto\",\"image\":{\"@type\":\"ImageObject\",\"inLanguage\":\"pt-BR\",\"@id\":\"https:\/\/www.blogsoestado.com\/ewertonneto\/#\/schema\/person\/image\/\",\"url\":\"https:\/\/secure.gravatar.com\/avatar\/14614134f4cc4a9a1a9ce403c3211976437b2098df593b33aa5f19388549142a?s=96&d=mm&r=g\",\"contentUrl\":\"https:\/\/secure.gravatar.com\/avatar\/14614134f4cc4a9a1a9ce403c3211976437b2098df593b33aa5f19388549142a?s=96&d=mm&r=g\",\"caption\":\"Ewerton Neto\"},\"url\":\"https:\/\/www.blogsoestado.com\/ewertonneto\/author\/ewertonneto\/\"}]}<\/script>\n<!-- \/ Yoast SEO plugin. -->","yoast_head_json":{"title":"DE POLITIC\u00cdDIO A PEDOBOLIA - Ewerton Neto","robots":{"index":"index","follow":"follow","max-snippet":"max-snippet:-1","max-image-preview":"max-image-preview:large","max-video-preview":"max-video-preview:-1"},"canonical":"https:\/\/www.blogsoestado.com\/ewertonneto\/2017\/03\/26\/de-politicidio-pedobolia\/","og_locale":"pt_BR","og_type":"article","og_title":"DE POLITIC\u00cdDIO A PEDOBOLIA - Ewerton Neto","og_description":"&nbsp; As melhores not\u00edcias da semana comentadas por Juca Polinc\u00f3 (O fil\u00f3sofo politicamente incorreto da Periferia) Hoje, 25 de mar\u00e7o [&hellip;]","og_url":"https:\/\/www.blogsoestado.com\/ewertonneto\/2017\/03\/26\/de-politicidio-pedobolia\/","og_site_name":"Ewerton Neto","article_published_time":"2017-03-26T14:03:59+00:00","og_image":[{"url":"https:\/\/www.blogsoestado.com\/ewertonneto\/wp-content\/uploads\/sites\/8\/2017\/03\/jucapolinco1-1-300x138.jpg","type":"","width":"","height":""}],"author":"Ewerton Neto","twitter_card":"summary_large_image","twitter_misc":{"Escrito por":"Ewerton Neto","Est. tempo de leitura":"2 minutos"},"schema":{"@context":"https:\/\/schema.org","@graph":[{"@type":"WebPage","@id":"https:\/\/www.blogsoestado.com\/ewertonneto\/2017\/03\/26\/de-politicidio-pedobolia\/","url":"https:\/\/www.blogsoestado.com\/ewertonneto\/2017\/03\/26\/de-politicidio-pedobolia\/","name":"DE POLITIC\u00cdDIO A PEDOBOLIA - Ewerton Neto","isPartOf":{"@id":"https:\/\/www.blogsoestado.com\/ewertonneto\/#website"},"primaryImageOfPage":{"@id":"https:\/\/www.blogsoestado.com\/ewertonneto\/2017\/03\/26\/de-politicidio-pedobolia\/#primaryimage"},"image":{"@id":"https:\/\/www.blogsoestado.com\/ewertonneto\/2017\/03\/26\/de-politicidio-pedobolia\/#primaryimage"},"thumbnailUrl":"https:\/\/www.blogsoestado.com\/ewertonneto\/wp-content\/uploads\/sites\/8\/2017\/03\/jucapolinco1-1-300x138.jpg","datePublished":"2017-03-26T14:03:59+00:00","author":{"@id":"https:\/\/www.blogsoestado.com\/ewertonneto\/#\/schema\/person\/b000753f64dc46078048f1efdf5dacfc"},"breadcrumb":{"@id":"https:\/\/www.blogsoestado.com\/ewertonneto\/2017\/03\/26\/de-politicidio-pedobolia\/#breadcrumb"},"inLanguage":"pt-BR","potentialAction":[{"@type":"ReadAction","target":["https:\/\/www.blogsoestado.com\/ewertonneto\/2017\/03\/26\/de-politicidio-pedobolia\/"]}]},{"@type":"ImageObject","inLanguage":"pt-BR","@id":"https:\/\/www.blogsoestado.com\/ewertonneto\/2017\/03\/26\/de-politicidio-pedobolia\/#primaryimage","url":"https:\/\/www.blogsoestado.com\/ewertonneto\/wp-content\/uploads\/sites\/8\/2017\/03\/jucapolinco1-1.jpg","contentUrl":"https:\/\/www.blogsoestado.com\/ewertonneto\/wp-content\/uploads\/sites\/8\/2017\/03\/jucapolinco1-1.jpg","width":331,"height":152},{"@type":"BreadcrumbList","@id":"https:\/\/www.blogsoestado.com\/ewertonneto\/2017\/03\/26\/de-politicidio-pedobolia\/#breadcrumb","itemListElement":[{"@type":"ListItem","position":1,"name":"In\u00edcio","item":"https:\/\/www.blogsoestado.com\/ewertonneto\/"},{"@type":"ListItem","position":2,"name":"DE POLITIC\u00cdDIO A PEDOBOLIA"}]},{"@type":"WebSite","@id":"https:\/\/www.blogsoestado.com\/ewertonneto\/#website","url":"https:\/\/www.blogsoestado.com\/ewertonneto\/","name":"Ewerton Neto","description":"","potentialAction":[{"@type":"SearchAction","target":{"@type":"EntryPoint","urlTemplate":"https:\/\/www.blogsoestado.com\/ewertonneto\/?s={search_term_string}"},"query-input":{"@type":"PropertyValueSpecification","valueRequired":true,"valueName":"search_term_string"}}],"inLanguage":"pt-BR"},{"@type":"Person","@id":"https:\/\/www.blogsoestado.com\/ewertonneto\/#\/schema\/person\/b000753f64dc46078048f1efdf5dacfc","name":"Ewerton Neto","image":{"@type":"ImageObject","inLanguage":"pt-BR","@id":"https:\/\/www.blogsoestado.com\/ewertonneto\/#\/schema\/person\/image\/","url":"https:\/\/secure.gravatar.com\/avatar\/14614134f4cc4a9a1a9ce403c3211976437b2098df593b33aa5f19388549142a?s=96&d=mm&r=g","contentUrl":"https:\/\/secure.gravatar.com\/avatar\/14614134f4cc4a9a1a9ce403c3211976437b2098df593b33aa5f19388549142a?s=96&d=mm&r=g","caption":"Ewerton Neto"},"url":"https:\/\/www.blogsoestado.com\/ewertonneto\/author\/ewertonneto\/"}]}},"jetpack_featured_media_url":"","_links":{"self":[{"href":"https:\/\/www.blogsoestado.com\/ewertonneto\/wp-json\/wp\/v2\/posts\/402","targetHints":{"allow":["GET"]}}],"collection":[{"href":"https:\/\/www.blogsoestado.com\/ewertonneto\/wp-json\/wp\/v2\/posts"}],"about":[{"href":"https:\/\/www.blogsoestado.com\/ewertonneto\/wp-json\/wp\/v2\/types\/post"}],"author":[{"embeddable":true,"href":"https:\/\/www.blogsoestado.com\/ewertonneto\/wp-json\/wp\/v2\/users\/9"}],"replies":[{"embeddable":true,"href":"https:\/\/www.blogsoestado.com\/ewertonneto\/wp-json\/wp\/v2\/comments?post=402"}],"version-history":[{"count":0,"href":"https:\/\/www.blogsoestado.com\/ewertonneto\/wp-json\/wp\/v2\/posts\/402\/revisions"}],"wp:attachment":[{"href":"https:\/\/www.blogsoestado.com\/ewertonneto\/wp-json\/wp\/v2\/media?parent=402"}],"wp:term":[{"taxonomy":"category","embeddable":true,"href":"https:\/\/www.blogsoestado.com\/ewertonneto\/wp-json\/wp\/v2\/categories?post=402"},{"taxonomy":"post_tag","embeddable":true,"href":"https:\/\/www.blogsoestado.com\/ewertonneto\/wp-json\/wp\/v2\/tags?post=402"}],"curies":[{"name":"wp","href":"https:\/\/api.w.org\/{rel}","templated":true}]}}