{"id":465,"date":"2017-05-12T12:16:42","date_gmt":"2017-05-12T15:16:42","guid":{"rendered":"https:\/\/www.blogsoestado.com\/ewertonneto\/?p=465"},"modified":"2017-05-12T12:16:42","modified_gmt":"2017-05-12T15:16:42","slug":"para-onde-ira-belchior","status":"publish","type":"post","link":"https:\/\/www.blogsoestado.com\/ewertonneto\/2017\/05\/12\/para-onde-ira-belchior\/","title":{"rendered":"PARA ONDE IR\u00c1 BELCHIOR?"},"content":{"rendered":"<p><img fetchpriority=\"high\" decoding=\"async\" class=\"alignnone size-full wp-image-466\" src=\"https:\/\/www.blogsoestado.com\/ewertonneto\/wp-content\/uploads\/sites\/8\/2017\/05\/belchi-1.jpg\" alt=\"\" width=\"259\" height=\"194\" \/><\/p>\n<p>&nbsp;<\/p>\n<p>artigo publicado no jornal O estado do Maranh\u00e3o<\/p>\n<p><em>Onde andar\u00e1 Belchior? <\/em><\/p>\n<p><em>\u00a0\u00a0\u00a0\u00a0\u00a0\u00a0\u00a0\u00a0\u00a0\u00a0\u00a0 <\/em>7 anos atr\u00e1s escrevi uma cr\u00f4nica neste jornal com esse t\u00edtulo. Era a pergunta do momento, dado o sumi\u00e7o do cantor que,\u00a0 em fase de ostracismo, desaparecera misteriosamente.<\/p>\n<p>Jose Ewerton Neto \u00e9 autor de O oficio de matar suicidas<\/p>\n<div class=\"ast-oembed-container \" style=\"height: 100%;\"><iframe title=\"Esque\u00e7a o Jogo Baleia Azul e leia o livro O Of\u00edcio de Matar Suicidas\" width=\"500\" height=\"281\" src=\"https:\/\/www.youtube.com\/embed\/1lgqaaeaJJQ?feature=oembed\" frameborder=\"0\" allow=\"accelerometer; autoplay; clipboard-write; encrypted-media; gyroscope; picture-in-picture; web-share\" referrerpolicy=\"strict-origin-when-cross-origin\" allowfullscreen><\/iframe><\/div>\n<p>&nbsp;<\/p>\n<p>Parecia algo meio bizarro, (o sumi\u00e7o), mas, de alguma forma, uma atitude \u00a0n\u00e3o desgarrada do estilo do cantor e de suas composi\u00e7\u00f5es peculiares: melodias com letras filos\u00f3fico-existenciais, num ritmo indefinido que ficava a meio caminho entre balada rock e MPB, sob a batuta \u00a0de uma voz anasalada e melanc\u00f3lica.<\/p>\n<p>A estranheza do contexto policial (j\u00e1 que \u00a0algu\u00e9m famoso desaparecera), fazia girar, novamente, como num disco antigo em 78 rota\u00e7\u00f5es sempre as mesmas quest\u00f5es \u00a0que desde suas primeiras can\u00e7\u00f5es mais conhecidas pareciam dan\u00e7ar em torno de um eixo que eram as quest\u00f5es existenciais irresolv\u00edveis de todo mundo: \u201cO que fez Belchior de si mesmo? Por onde andar\u00e1 sua m\u00fasica? E a juventude? E\u00a0 os sonhos da juventude? (Os seus e os nossos?)\u201d<\/p>\n<p>A solu\u00e7\u00e3o detetivesca foi at\u00e9 f\u00e1cil, \u00a0sobrepondo-se \u00e0s especula\u00e7\u00f5es que a m\u00eddia carreava para valorizar o mist\u00e9rio: estava quebrado financeiramente? Envolvera-se com uma mulher possessiva que o \u00a0mantinha afastado da sociedade? Ou simplesmente estava cagando e andando para tudo (esse tudo que, para facilitar, mais uma vez, \u00a0estava cheio de nadas)? .<\/p>\n<p>E foi assim: <em>apenas um rapaz (coroa) latino americano sem dinheiro no bolso,<\/em> prosaicamente instalado em uma fazenda de interior, que a reportagem da televis\u00e3o encontrou no interior do Uruguai onde deu sua \u00faltima entrevista conhecida. O mesmo Belchior, o mesmo bigod\u00e3o que, como o sorriso da Mona Lisa, parecia estar ali apenas para garantir um \u00a0mist\u00e9rio. \u00a0Talvez porque, \u00a0a essas alturas, isso fosse a \u00fanica coisa que agora lhe restava.\u00a0 Foi ent\u00e3o que ele, como se desculpasse, disse que estava recolhido para traduzir a Divina Com\u00e9dia, de Dante.<\/p>\n<p>Semana passada, ap\u00f3s o an\u00fancio de sua morte, \u00a0em um grupo de <em>whats app<\/em> um de seus f\u00e3s, \u00a0comentou: \u201cMais um que n\u00e3o soube lidar com o sucesso, mergulhou-se em d\u00edvidas e se desestruturou\u201d. Ser\u00e1 que isso \u00e9 verdade?<\/p>\n<p>Sabe-se que lidar com o sucesso n\u00e3o \u00e9 pr\u00f3prio de artistas muitos talentosos. Est\u00e3o a\u00ed, s\u00f3 para citar o rock, \u00a0v\u00e1rios: Amy Winehouse, Renato Russo, Janis Joplin, Jimmy Hendrix\u00a0 etc. (O bom livro <em>A vida louca da MPB<\/em> tem uma fortuna, s\u00f3 com os brasileiros). Na contram\u00e3o disso, lidar com o sucesso \u00e0 custa da pr\u00f3pria mediocridade ostensiva \u00e9 muito mais f\u00e1cil e faz a festa de uma penca, da qual s\u00e3o exemplos caricaturas musicais (e de personalidade) do tipo Luan Santana e Wesley Safad\u00e3o.<\/p>\n<p>Por essa abordagem Belchior estaria no altar dos \u00a0talentosos, pois ligava t\u00e3o pouco para\u00a0 a grana que recusou uma oferta milion\u00e1ria, de uma marca de carro muito famosa para reaparecer fazendo propaganda do ve\u00edculo. N\u00e3o se pode garantir, por\u00e9m, que essa condi\u00e7\u00e3o seja necess\u00e1ria, ou suficiente, para a \u201cgrande mem\u00f3ria\u201d. E Ent\u00e3o, haver\u00e1 um lugar para ele reservado no pante\u00e3o dos grandes artistas da MPB?<\/p>\n<p>&nbsp;<\/p>\n<p><img decoding=\"async\" class=\"alignnone size-full wp-image-467\" src=\"https:\/\/www.blogsoestado.com\/ewertonneto\/wp-content\/uploads\/sites\/8\/2017\/05\/belchi4-1.jpg\" alt=\"\" width=\"200\" height=\"252\" \/><\/p>\n<p>&nbsp;<\/p>\n<p>&nbsp;<\/p>\n<p>Sei n\u00e3o. Imagino que desprovido do mist\u00e9rio que lhe serviu \u00a0de veste, Belchior agora caminha errante, entre outras boas almas da m\u00fasica brasileira, em algum lugar dessa nova vida espiritual, \u00a0(como talvez tenha desejado), \u00a0carregando seu alforje; \u00a0bigod\u00e3o bizarro, nome comprido,\u00a0 versos \u00a0\u00a0filos\u00f3fico- existenciais, can\u00e7\u00f5es sinceras e,\u00a0 muito bonitas, para muitos!<\/p>\n<p><a href=\"mailto:ewerton.neto@hotmail.com\">ewerton.neto@hotmail.com<\/a><\/p>\n","protected":false},"excerpt":{"rendered":"<p>&nbsp; artigo publicado no jornal O estado do Maranh\u00e3o Onde andar\u00e1 Belchior? \u00a0\u00a0\u00a0\u00a0\u00a0\u00a0\u00a0\u00a0\u00a0\u00a0\u00a0 7 anos atr\u00e1s escrevi uma cr\u00f4nica neste [&hellip;]<\/p>\n","protected":false},"author":9,"featured_media":0,"comment_status":"open","ping_status":"open","sticky":false,"template":"","format":"standard","meta":{"site-sidebar-layout":"default","site-content-layout":"","ast-site-content-layout":"default","site-content-style":"default","site-sidebar-style":"default","ast-global-header-display":"","ast-banner-title-visibility":"","ast-main-header-display":"","ast-hfb-above-header-display":"","ast-hfb-below-header-display":"","ast-hfb-mobile-header-display":"","site-post-title":"","ast-breadcrumbs-content":"","ast-featured-img":"","footer-sml-layout":"","ast-disable-related-posts":"","theme-transparent-header-meta":"","adv-header-id-meta":"","stick-header-meta":"","header-above-stick-meta":"","header-main-stick-meta":"","header-below-stick-meta":"","astra-migrate-meta-layouts":"default","ast-page-background-enabled":"default","ast-page-background-meta":{"desktop":{"background-color":"var(--ast-global-color-5)","background-image":"","background-repeat":"repeat","background-position":"center center","background-size":"auto","background-attachment":"scroll","background-type":"","background-media":"","overlay-type":"","overlay-color":"","overlay-opacity":"","overlay-gradient":""},"tablet":{"background-color":"","background-image":"","background-repeat":"repeat","background-position":"center center","background-size":"auto","background-attachment":"scroll","background-type":"","background-media":"","overlay-type":"","overlay-color":"","overlay-opacity":"","overlay-gradient":""},"mobile":{"background-color":"","background-image":"","background-repeat":"repeat","background-position":"center center","background-size":"auto","background-attachment":"scroll","background-type":"","background-media":"","overlay-type":"","overlay-color":"","overlay-opacity":"","overlay-gradient":""}},"ast-content-background-meta":{"desktop":{"background-color":"var(--ast-global-color-4)","background-image":"","background-repeat":"repeat","background-position":"center center","background-size":"auto","background-attachment":"scroll","background-type":"","background-media":"","overlay-type":"","overlay-color":"","overlay-opacity":"","overlay-gradient":""},"tablet":{"background-color":"var(--ast-global-color-4)","background-image":"","background-repeat":"repeat","background-position":"center center","background-size":"auto","background-attachment":"scroll","background-type":"","background-media":"","overlay-type":"","overlay-color":"","overlay-opacity":"","overlay-gradient":""},"mobile":{"background-color":"var(--ast-global-color-4)","background-image":"","background-repeat":"repeat","background-position":"center center","background-size":"auto","background-attachment":"scroll","background-type":"","background-media":"","overlay-type":"","overlay-color":"","overlay-opacity":"","overlay-gradient":""}},"footnotes":""},"categories":[1],"tags":[],"class_list":["post-465","post","type-post","status-publish","format-standard","hentry","category-sem-categoria"],"yoast_head":"<!-- This site is optimized with the Yoast SEO plugin v26.6 - https:\/\/yoast.com\/wordpress\/plugins\/seo\/ -->\n<title>PARA ONDE IR\u00c1 BELCHIOR? - Ewerton Neto<\/title>\n<meta name=\"robots\" content=\"index, follow, max-snippet:-1, max-image-preview:large, max-video-preview:-1\" \/>\n<link rel=\"canonical\" href=\"https:\/\/www.blogsoestado.com\/ewertonneto\/2017\/05\/12\/para-onde-ira-belchior\/\" \/>\n<meta property=\"og:locale\" content=\"pt_BR\" \/>\n<meta property=\"og:type\" content=\"article\" \/>\n<meta property=\"og:title\" content=\"PARA ONDE IR\u00c1 BELCHIOR? - Ewerton Neto\" \/>\n<meta property=\"og:description\" content=\"&nbsp; artigo publicado no jornal O estado do Maranh\u00e3o Onde andar\u00e1 Belchior? \u00a0\u00a0\u00a0\u00a0\u00a0\u00a0\u00a0\u00a0\u00a0\u00a0\u00a0 7 anos atr\u00e1s escrevi uma cr\u00f4nica neste [&hellip;]\" \/>\n<meta property=\"og:url\" content=\"https:\/\/www.blogsoestado.com\/ewertonneto\/2017\/05\/12\/para-onde-ira-belchior\/\" \/>\n<meta property=\"og:site_name\" content=\"Ewerton Neto\" \/>\n<meta property=\"article:published_time\" content=\"2017-05-12T15:16:42+00:00\" \/>\n<meta property=\"og:image\" content=\"https:\/\/www.blogsoestado.com\/ewertonneto\/wp-content\/uploads\/sites\/8\/2017\/05\/belchi-1.jpg\" \/>\n<meta name=\"author\" content=\"Ewerton Neto\" \/>\n<meta name=\"twitter:card\" content=\"summary_large_image\" \/>\n<meta name=\"twitter:label1\" content=\"Escrito por\" \/>\n\t<meta name=\"twitter:data1\" content=\"Ewerton Neto\" \/>\n\t<meta name=\"twitter:label2\" content=\"Est. tempo de leitura\" \/>\n\t<meta name=\"twitter:data2\" content=\"3 minutos\" \/>\n<script type=\"application\/ld+json\" class=\"yoast-schema-graph\">{\"@context\":\"https:\/\/schema.org\",\"@graph\":[{\"@type\":\"WebPage\",\"@id\":\"https:\/\/www.blogsoestado.com\/ewertonneto\/2017\/05\/12\/para-onde-ira-belchior\/\",\"url\":\"https:\/\/www.blogsoestado.com\/ewertonneto\/2017\/05\/12\/para-onde-ira-belchior\/\",\"name\":\"PARA ONDE IR\u00c1 BELCHIOR? - Ewerton Neto\",\"isPartOf\":{\"@id\":\"https:\/\/www.blogsoestado.com\/ewertonneto\/#website\"},\"primaryImageOfPage\":{\"@id\":\"https:\/\/www.blogsoestado.com\/ewertonneto\/2017\/05\/12\/para-onde-ira-belchior\/#primaryimage\"},\"image\":{\"@id\":\"https:\/\/www.blogsoestado.com\/ewertonneto\/2017\/05\/12\/para-onde-ira-belchior\/#primaryimage\"},\"thumbnailUrl\":\"https:\/\/www.blogsoestado.com\/ewertonneto\/wp-content\/uploads\/sites\/8\/2017\/05\/belchi-1.jpg\",\"datePublished\":\"2017-05-12T15:16:42+00:00\",\"author\":{\"@id\":\"https:\/\/www.blogsoestado.com\/ewertonneto\/#\/schema\/person\/b000753f64dc46078048f1efdf5dacfc\"},\"breadcrumb\":{\"@id\":\"https:\/\/www.blogsoestado.com\/ewertonneto\/2017\/05\/12\/para-onde-ira-belchior\/#breadcrumb\"},\"inLanguage\":\"pt-BR\",\"potentialAction\":[{\"@type\":\"ReadAction\",\"target\":[\"https:\/\/www.blogsoestado.com\/ewertonneto\/2017\/05\/12\/para-onde-ira-belchior\/\"]}]},{\"@type\":\"ImageObject\",\"inLanguage\":\"pt-BR\",\"@id\":\"https:\/\/www.blogsoestado.com\/ewertonneto\/2017\/05\/12\/para-onde-ira-belchior\/#primaryimage\",\"url\":\"https:\/\/www.blogsoestado.com\/ewertonneto\/wp-content\/uploads\/sites\/8\/2017\/05\/belchi-1.jpg\",\"contentUrl\":\"https:\/\/www.blogsoestado.com\/ewertonneto\/wp-content\/uploads\/sites\/8\/2017\/05\/belchi-1.jpg\",\"width\":259,\"height\":194},{\"@type\":\"BreadcrumbList\",\"@id\":\"https:\/\/www.blogsoestado.com\/ewertonneto\/2017\/05\/12\/para-onde-ira-belchior\/#breadcrumb\",\"itemListElement\":[{\"@type\":\"ListItem\",\"position\":1,\"name\":\"In\u00edcio\",\"item\":\"https:\/\/www.blogsoestado.com\/ewertonneto\/\"},{\"@type\":\"ListItem\",\"position\":2,\"name\":\"PARA ONDE IR\u00c1 BELCHIOR?\"}]},{\"@type\":\"WebSite\",\"@id\":\"https:\/\/www.blogsoestado.com\/ewertonneto\/#website\",\"url\":\"https:\/\/www.blogsoestado.com\/ewertonneto\/\",\"name\":\"Ewerton Neto\",\"description\":\"\",\"potentialAction\":[{\"@type\":\"SearchAction\",\"target\":{\"@type\":\"EntryPoint\",\"urlTemplate\":\"https:\/\/www.blogsoestado.com\/ewertonneto\/?s={search_term_string}\"},\"query-input\":{\"@type\":\"PropertyValueSpecification\",\"valueRequired\":true,\"valueName\":\"search_term_string\"}}],\"inLanguage\":\"pt-BR\"},{\"@type\":\"Person\",\"@id\":\"https:\/\/www.blogsoestado.com\/ewertonneto\/#\/schema\/person\/b000753f64dc46078048f1efdf5dacfc\",\"name\":\"Ewerton Neto\",\"image\":{\"@type\":\"ImageObject\",\"inLanguage\":\"pt-BR\",\"@id\":\"https:\/\/www.blogsoestado.com\/ewertonneto\/#\/schema\/person\/image\/\",\"url\":\"https:\/\/secure.gravatar.com\/avatar\/14614134f4cc4a9a1a9ce403c3211976437b2098df593b33aa5f19388549142a?s=96&d=mm&r=g\",\"contentUrl\":\"https:\/\/secure.gravatar.com\/avatar\/14614134f4cc4a9a1a9ce403c3211976437b2098df593b33aa5f19388549142a?s=96&d=mm&r=g\",\"caption\":\"Ewerton Neto\"},\"url\":\"https:\/\/www.blogsoestado.com\/ewertonneto\/author\/ewertonneto\/\"}]}<\/script>\n<!-- \/ Yoast SEO plugin. -->","yoast_head_json":{"title":"PARA ONDE IR\u00c1 BELCHIOR? - Ewerton Neto","robots":{"index":"index","follow":"follow","max-snippet":"max-snippet:-1","max-image-preview":"max-image-preview:large","max-video-preview":"max-video-preview:-1"},"canonical":"https:\/\/www.blogsoestado.com\/ewertonneto\/2017\/05\/12\/para-onde-ira-belchior\/","og_locale":"pt_BR","og_type":"article","og_title":"PARA ONDE IR\u00c1 BELCHIOR? - Ewerton Neto","og_description":"&nbsp; artigo publicado no jornal O estado do Maranh\u00e3o Onde andar\u00e1 Belchior? \u00a0\u00a0\u00a0\u00a0\u00a0\u00a0\u00a0\u00a0\u00a0\u00a0\u00a0 7 anos atr\u00e1s escrevi uma cr\u00f4nica neste [&hellip;]","og_url":"https:\/\/www.blogsoestado.com\/ewertonneto\/2017\/05\/12\/para-onde-ira-belchior\/","og_site_name":"Ewerton Neto","article_published_time":"2017-05-12T15:16:42+00:00","og_image":[{"url":"https:\/\/www.blogsoestado.com\/ewertonneto\/wp-content\/uploads\/sites\/8\/2017\/05\/belchi-1.jpg","type":"","width":"","height":""}],"author":"Ewerton Neto","twitter_card":"summary_large_image","twitter_misc":{"Escrito por":"Ewerton Neto","Est. tempo de leitura":"3 minutos"},"schema":{"@context":"https:\/\/schema.org","@graph":[{"@type":"WebPage","@id":"https:\/\/www.blogsoestado.com\/ewertonneto\/2017\/05\/12\/para-onde-ira-belchior\/","url":"https:\/\/www.blogsoestado.com\/ewertonneto\/2017\/05\/12\/para-onde-ira-belchior\/","name":"PARA ONDE IR\u00c1 BELCHIOR? - Ewerton Neto","isPartOf":{"@id":"https:\/\/www.blogsoestado.com\/ewertonneto\/#website"},"primaryImageOfPage":{"@id":"https:\/\/www.blogsoestado.com\/ewertonneto\/2017\/05\/12\/para-onde-ira-belchior\/#primaryimage"},"image":{"@id":"https:\/\/www.blogsoestado.com\/ewertonneto\/2017\/05\/12\/para-onde-ira-belchior\/#primaryimage"},"thumbnailUrl":"https:\/\/www.blogsoestado.com\/ewertonneto\/wp-content\/uploads\/sites\/8\/2017\/05\/belchi-1.jpg","datePublished":"2017-05-12T15:16:42+00:00","author":{"@id":"https:\/\/www.blogsoestado.com\/ewertonneto\/#\/schema\/person\/b000753f64dc46078048f1efdf5dacfc"},"breadcrumb":{"@id":"https:\/\/www.blogsoestado.com\/ewertonneto\/2017\/05\/12\/para-onde-ira-belchior\/#breadcrumb"},"inLanguage":"pt-BR","potentialAction":[{"@type":"ReadAction","target":["https:\/\/www.blogsoestado.com\/ewertonneto\/2017\/05\/12\/para-onde-ira-belchior\/"]}]},{"@type":"ImageObject","inLanguage":"pt-BR","@id":"https:\/\/www.blogsoestado.com\/ewertonneto\/2017\/05\/12\/para-onde-ira-belchior\/#primaryimage","url":"https:\/\/www.blogsoestado.com\/ewertonneto\/wp-content\/uploads\/sites\/8\/2017\/05\/belchi-1.jpg","contentUrl":"https:\/\/www.blogsoestado.com\/ewertonneto\/wp-content\/uploads\/sites\/8\/2017\/05\/belchi-1.jpg","width":259,"height":194},{"@type":"BreadcrumbList","@id":"https:\/\/www.blogsoestado.com\/ewertonneto\/2017\/05\/12\/para-onde-ira-belchior\/#breadcrumb","itemListElement":[{"@type":"ListItem","position":1,"name":"In\u00edcio","item":"https:\/\/www.blogsoestado.com\/ewertonneto\/"},{"@type":"ListItem","position":2,"name":"PARA ONDE IR\u00c1 BELCHIOR?"}]},{"@type":"WebSite","@id":"https:\/\/www.blogsoestado.com\/ewertonneto\/#website","url":"https:\/\/www.blogsoestado.com\/ewertonneto\/","name":"Ewerton Neto","description":"","potentialAction":[{"@type":"SearchAction","target":{"@type":"EntryPoint","urlTemplate":"https:\/\/www.blogsoestado.com\/ewertonneto\/?s={search_term_string}"},"query-input":{"@type":"PropertyValueSpecification","valueRequired":true,"valueName":"search_term_string"}}],"inLanguage":"pt-BR"},{"@type":"Person","@id":"https:\/\/www.blogsoestado.com\/ewertonneto\/#\/schema\/person\/b000753f64dc46078048f1efdf5dacfc","name":"Ewerton Neto","image":{"@type":"ImageObject","inLanguage":"pt-BR","@id":"https:\/\/www.blogsoestado.com\/ewertonneto\/#\/schema\/person\/image\/","url":"https:\/\/secure.gravatar.com\/avatar\/14614134f4cc4a9a1a9ce403c3211976437b2098df593b33aa5f19388549142a?s=96&d=mm&r=g","contentUrl":"https:\/\/secure.gravatar.com\/avatar\/14614134f4cc4a9a1a9ce403c3211976437b2098df593b33aa5f19388549142a?s=96&d=mm&r=g","caption":"Ewerton Neto"},"url":"https:\/\/www.blogsoestado.com\/ewertonneto\/author\/ewertonneto\/"}]}},"jetpack_featured_media_url":"","_links":{"self":[{"href":"https:\/\/www.blogsoestado.com\/ewertonneto\/wp-json\/wp\/v2\/posts\/465","targetHints":{"allow":["GET"]}}],"collection":[{"href":"https:\/\/www.blogsoestado.com\/ewertonneto\/wp-json\/wp\/v2\/posts"}],"about":[{"href":"https:\/\/www.blogsoestado.com\/ewertonneto\/wp-json\/wp\/v2\/types\/post"}],"author":[{"embeddable":true,"href":"https:\/\/www.blogsoestado.com\/ewertonneto\/wp-json\/wp\/v2\/users\/9"}],"replies":[{"embeddable":true,"href":"https:\/\/www.blogsoestado.com\/ewertonneto\/wp-json\/wp\/v2\/comments?post=465"}],"version-history":[{"count":0,"href":"https:\/\/www.blogsoestado.com\/ewertonneto\/wp-json\/wp\/v2\/posts\/465\/revisions"}],"wp:attachment":[{"href":"https:\/\/www.blogsoestado.com\/ewertonneto\/wp-json\/wp\/v2\/media?parent=465"}],"wp:term":[{"taxonomy":"category","embeddable":true,"href":"https:\/\/www.blogsoestado.com\/ewertonneto\/wp-json\/wp\/v2\/categories?post=465"},{"taxonomy":"post_tag","embeddable":true,"href":"https:\/\/www.blogsoestado.com\/ewertonneto\/wp-json\/wp\/v2\/tags?post=465"}],"curies":[{"name":"wp","href":"https:\/\/api.w.org\/{rel}","templated":true}]}}