{"id":581,"date":"2017-08-20T09:35:54","date_gmt":"2017-08-20T12:35:54","guid":{"rendered":"https:\/\/www.blogsoestado.com\/ewertonneto\/?p=581"},"modified":"2017-08-20T09:35:54","modified_gmt":"2017-08-20T12:35:54","slug":"o-mais-belo-verso","status":"publish","type":"post","link":"https:\/\/www.blogsoestado.com\/ewertonneto\/2017\/08\/20\/o-mais-belo-verso\/","title":{"rendered":"O MAIS BELO VERSO?"},"content":{"rendered":"<p><img fetchpriority=\"high\" decoding=\"async\" class=\"alignnone size-medium wp-image-583\" src=\"https:\/\/www.blogsoestado.com\/ewertonneto\/wp-content\/uploads\/sites\/8\/2017\/08\/omaisbelo6-1-300x168.png\" alt=\"\" width=\"300\" height=\"168\" \/><\/p>\n<p><strong>\u201cTu pisavas nos astros, distra\u00edda\u201d<\/strong> da m\u00fasica\u00a0 Ch\u00e3o de Estrelas, de Orestes Barbosa, foi considerado por Manuel Bandeira o mais bonito verso da l\u00edngua portuguesa.<\/p>\n<p>O fato de t\u00ea-lo escolhido n\u00e3o de um poema concebido inicialmente para ser apenas lido (como a maioria) sugere que a escolha de um verso bonito n\u00e3o \u00e9 t\u00e3o simples assim e demanda aten\u00e7\u00e3o, percep\u00e7\u00e3o e sensibilidades t\u00edpicas de algu\u00e9m do ramo, no caso um poeta da envergadura de Manuel Bandeira.<\/p>\n<p>Talvez porque a capta\u00e7\u00e3o da emo\u00e7\u00e3o propiciada pela beleza, tal como ocorre na atra\u00e7\u00e3o f\u00edsica, envolva submeter-se inicialmente ao impacto do conjunto e, somente no instante seguinte, aos detalhes que suportam e evidenciam essa atra\u00e7\u00e3o. No caso da atra\u00e7\u00e3o f\u00edsica, a harmonia do conjunto \u00e9 sucedida pelo \u00eaxtase concedido pela contempla\u00e7\u00e3o separada de olhos, boca, postura, etc. No caso da leitura a repeti\u00e7\u00e3o raramente \u00e9 feita fragmentando-se os elementos distintos que comp\u00f5em a teia de sedu\u00e7\u00e3o.<\/p>\n<p>Por isso, ao indagar-se a algu\u00e9m pelo poema mais bonito que leu muitos h\u00e3o de se lembrar de seu favorito com alguma facilidade, enquanto que \u00e0 indaga\u00e7\u00e3o de seu verso favorito, poucos se arriscar\u00e3o a uma resposta. Imagino que alguns poemas tornados cl\u00e1ssicos, se destacariam na prefer\u00eancia coletiva, casos de A Can\u00e7\u00e3o do Ex\u00edlio, de Gon\u00e7alves Dias, As Pombas, de Raimundo Correia, Soneto da Fidelidade de Vin\u00edcius de Moraes ou algum poema de Augusto dos Anjos. Outros menos votados somente surgiriam de uma leitura e prefer\u00eancia pessoal. No meu caso, entre os brasileiros prefiro A Mosca Azul de Machado de Assis, ainda que o escritor carioca seja mais conhecido como romancista do que como poeta. Mas, e o verso? Quantos se arriscariam a dizer?<\/p>\n<p>Certamente n\u00e3o seria o \u201cescarra nesta boca que te beija\u201d, ainda que coexista muito \u00e0 vontade no soneto popular e bel\u00edssimo de Augusto de Anjos. Uma nova leitura do poema Versos \u00cdntimos, focada apenas neste verso, sobrep\u00f5e, por\u00e9m, com nitidez o fato de que um poema bonito subsiste a n\u00e3o ter sequer um grande verso ou, at\u00e9 mesmo, versos bizarros como esse. Em a Can\u00e7\u00e3o do Ex\u00edlio, at\u00e9 surpreendentemente, nenhum verso se distingue sozinho, compondo uma pe\u00e7a po\u00e9tica que, mesmo sem ser cantada produz acordes nost\u00e1lgicos de alta vibra\u00e7\u00e3o, com harmonia e ritmo t\u00e3o apropriados \u00e0 fala que poucas can\u00e7\u00f5es chegam perto. Assim como este n\u00e3o sente falta de um belo verso, versos muito bonitos podem sobreviver a poemas sofr\u00edveis.<\/p>\n<p>Dito isso, algu\u00e9m poderia ajudar-me a escolher o \u2018meu\u2019 Verso mais Bonito? Lembro, \u00a0de supet\u00e3o, de algumas constru\u00e7\u00f5es dos grandes de nossa terra que nos deixaram h\u00e1 pouco como \u201c<em>Palavra, escrevo-a nua: \u00e1gua<\/em>\u201d, de Nauro Machado ou \u201c<em>Um p\u00e1ssaro preso, mesmo cantando \u00e9 mudo<\/em>\u201d, de Jos\u00e9 Chagas ou , de mais longe, \u00a0\u201c<em>Homem livre, h\u00e1s de sempre estremecer o mar\u201d<\/em>, de Charles Baudelaire.<\/p>\n<p>Como n\u00e3o fui capaz, por\u00e9m,\u00a0 de escolher um entre tantos , resta-me a op\u00e7\u00e3o de render-me ao talento do poeta pernambucano e concluir que sim, de fato, o verso escolhido por ele \u00e9 o mais bonito.<\/p>\n<p><img decoding=\"async\" class=\"alignnone size-full wp-image-587\" src=\"https:\/\/www.blogsoestado.com\/ewertonneto\/wp-content\/uploads\/sites\/8\/2017\/08\/omaisbeloverso1-1.jpg\" alt=\"\" width=\"198\" height=\"255\" \/><\/p>\n<p>&nbsp;<\/p>\n<p>&nbsp;<\/p>\n<p>Mesmo porque, se n\u00e3o for, ele ainda assim ter\u00e1 acertado, pois o verso mais belo ser\u00e1 sempre aquele capaz de nos postar extasiados diante de sua sedu\u00e7\u00e3o, enfim aquele capaz de nos fazer pisarmos nos astros, distra\u00eddos.<\/p>\n<p><a href=\"mailto:ewerton.neto@hotmail.com\">ewerton.neto@hotmail.com<\/a><\/p>\n<p>Jos\u00e9 Ewerton Neto \u00e9 autor de O entrevistador de lendas, sobre as mais belas lendas maranhenses<\/p>\n<p>&nbsp;<\/p>\n<p><img decoding=\"async\" class=\"alignnone size-medium wp-image-230\" src=\"https:\/\/www.blogsoestado.com\/ewertonneto\/wp-content\/uploads\/sites\/8\/2016\/11\/capadoentrevistador-1-183x300.jpg\" alt=\"\" width=\"183\" height=\"300\" srcset=\"https:\/\/www.blogsoestado.com\/ewertonneto\/wp-content\/uploads\/sites\/8\/2016\/11\/capadoentrevistador-1-183x300.jpg 183w, https:\/\/www.blogsoestado.com\/ewertonneto\/wp-content\/uploads\/sites\/8\/2016\/11\/capadoentrevistador-1-624x1024.jpg 624w, https:\/\/www.blogsoestado.com\/ewertonneto\/wp-content\/uploads\/sites\/8\/2016\/11\/capadoentrevistador-1-768x1260.jpg 768w, https:\/\/www.blogsoestado.com\/ewertonneto\/wp-content\/uploads\/sites\/8\/2016\/11\/capadoentrevistador-1-936x1536.jpg 936w, https:\/\/www.blogsoestado.com\/ewertonneto\/wp-content\/uploads\/sites\/8\/2016\/11\/capadoentrevistador-1.jpg 975w\" sizes=\"(max-width: 183px) 100vw, 183px\" \/><\/p>\n<p>&nbsp;<\/p>\n","protected":false},"excerpt":{"rendered":"<p>\u201cTu pisavas nos astros, distra\u00edda\u201d da m\u00fasica\u00a0 Ch\u00e3o de Estrelas, de Orestes Barbosa, foi considerado por Manuel Bandeira o mais [&hellip;]<\/p>\n","protected":false},"author":9,"featured_media":0,"comment_status":"open","ping_status":"open","sticky":false,"template":"","format":"standard","meta":{"site-sidebar-layout":"default","site-content-layout":"","ast-site-content-layout":"default","site-content-style":"default","site-sidebar-style":"default","ast-global-header-display":"","ast-banner-title-visibility":"","ast-main-header-display":"","ast-hfb-above-header-display":"","ast-hfb-below-header-display":"","ast-hfb-mobile-header-display":"","site-post-title":"","ast-breadcrumbs-content":"","ast-featured-img":"","footer-sml-layout":"","ast-disable-related-posts":"","theme-transparent-header-meta":"","adv-header-id-meta":"","stick-header-meta":"","header-above-stick-meta":"","header-main-stick-meta":"","header-below-stick-meta":"","astra-migrate-meta-layouts":"default","ast-page-background-enabled":"default","ast-page-background-meta":{"desktop":{"background-color":"var(--ast-global-color-5)","background-image":"","background-repeat":"repeat","background-position":"center center","background-size":"auto","background-attachment":"scroll","background-type":"","background-media":"","overlay-type":"","overlay-color":"","overlay-opacity":"","overlay-gradient":""},"tablet":{"background-color":"","background-image":"","background-repeat":"repeat","background-position":"center center","background-size":"auto","background-attachment":"scroll","background-type":"","background-media":"","overlay-type":"","overlay-color":"","overlay-opacity":"","overlay-gradient":""},"mobile":{"background-color":"","background-image":"","background-repeat":"repeat","background-position":"center center","background-size":"auto","background-attachment":"scroll","background-type":"","background-media":"","overlay-type":"","overlay-color":"","overlay-opacity":"","overlay-gradient":""}},"ast-content-background-meta":{"desktop":{"background-color":"var(--ast-global-color-4)","background-image":"","background-repeat":"repeat","background-position":"center center","background-size":"auto","background-attachment":"scroll","background-type":"","background-media":"","overlay-type":"","overlay-color":"","overlay-opacity":"","overlay-gradient":""},"tablet":{"background-color":"var(--ast-global-color-4)","background-image":"","background-repeat":"repeat","background-position":"center center","background-size":"auto","background-attachment":"scroll","background-type":"","background-media":"","overlay-type":"","overlay-color":"","overlay-opacity":"","overlay-gradient":""},"mobile":{"background-color":"var(--ast-global-color-4)","background-image":"","background-repeat":"repeat","background-position":"center center","background-size":"auto","background-attachment":"scroll","background-type":"","background-media":"","overlay-type":"","overlay-color":"","overlay-opacity":"","overlay-gradient":""}},"footnotes":""},"categories":[1],"tags":[],"class_list":["post-581","post","type-post","status-publish","format-standard","hentry","category-sem-categoria"],"yoast_head":"<!-- This site is optimized with the Yoast SEO plugin v26.6 - https:\/\/yoast.com\/wordpress\/plugins\/seo\/ -->\n<title>O MAIS BELO VERSO? - Ewerton Neto<\/title>\n<meta name=\"robots\" content=\"index, follow, max-snippet:-1, max-image-preview:large, max-video-preview:-1\" \/>\n<link rel=\"canonical\" href=\"https:\/\/www.blogsoestado.com\/ewertonneto\/2017\/08\/20\/o-mais-belo-verso\/\" \/>\n<meta property=\"og:locale\" content=\"pt_BR\" \/>\n<meta property=\"og:type\" content=\"article\" \/>\n<meta property=\"og:title\" content=\"O MAIS BELO VERSO? - Ewerton Neto\" \/>\n<meta property=\"og:description\" content=\"\u201cTu pisavas nos astros, distra\u00edda\u201d da m\u00fasica\u00a0 Ch\u00e3o de Estrelas, de Orestes Barbosa, foi considerado por Manuel Bandeira o mais [&hellip;]\" \/>\n<meta property=\"og:url\" content=\"https:\/\/www.blogsoestado.com\/ewertonneto\/2017\/08\/20\/o-mais-belo-verso\/\" \/>\n<meta property=\"og:site_name\" content=\"Ewerton Neto\" \/>\n<meta property=\"article:published_time\" content=\"2017-08-20T12:35:54+00:00\" \/>\n<meta property=\"og:image\" content=\"https:\/\/www.blogsoestado.com\/ewertonneto\/wp-content\/uploads\/sites\/8\/2017\/08\/omaisbelo6-1-300x168.png\" \/>\n<meta name=\"author\" content=\"Ewerton Neto\" \/>\n<meta name=\"twitter:card\" content=\"summary_large_image\" \/>\n<meta name=\"twitter:label1\" content=\"Escrito por\" \/>\n\t<meta name=\"twitter:data1\" content=\"Ewerton Neto\" \/>\n\t<meta name=\"twitter:label2\" content=\"Est. tempo de leitura\" \/>\n\t<meta name=\"twitter:data2\" content=\"3 minutos\" \/>\n<script type=\"application\/ld+json\" class=\"yoast-schema-graph\">{\"@context\":\"https:\/\/schema.org\",\"@graph\":[{\"@type\":\"WebPage\",\"@id\":\"https:\/\/www.blogsoestado.com\/ewertonneto\/2017\/08\/20\/o-mais-belo-verso\/\",\"url\":\"https:\/\/www.blogsoestado.com\/ewertonneto\/2017\/08\/20\/o-mais-belo-verso\/\",\"name\":\"O MAIS BELO VERSO? - Ewerton Neto\",\"isPartOf\":{\"@id\":\"https:\/\/www.blogsoestado.com\/ewertonneto\/#website\"},\"primaryImageOfPage\":{\"@id\":\"https:\/\/www.blogsoestado.com\/ewertonneto\/2017\/08\/20\/o-mais-belo-verso\/#primaryimage\"},\"image\":{\"@id\":\"https:\/\/www.blogsoestado.com\/ewertonneto\/2017\/08\/20\/o-mais-belo-verso\/#primaryimage\"},\"thumbnailUrl\":\"https:\/\/www.blogsoestado.com\/ewertonneto\/wp-content\/uploads\/sites\/8\/2017\/08\/omaisbelo6-1-300x168.png\",\"datePublished\":\"2017-08-20T12:35:54+00:00\",\"author\":{\"@id\":\"https:\/\/www.blogsoestado.com\/ewertonneto\/#\/schema\/person\/b000753f64dc46078048f1efdf5dacfc\"},\"breadcrumb\":{\"@id\":\"https:\/\/www.blogsoestado.com\/ewertonneto\/2017\/08\/20\/o-mais-belo-verso\/#breadcrumb\"},\"inLanguage\":\"pt-BR\",\"potentialAction\":[{\"@type\":\"ReadAction\",\"target\":[\"https:\/\/www.blogsoestado.com\/ewertonneto\/2017\/08\/20\/o-mais-belo-verso\/\"]}]},{\"@type\":\"ImageObject\",\"inLanguage\":\"pt-BR\",\"@id\":\"https:\/\/www.blogsoestado.com\/ewertonneto\/2017\/08\/20\/o-mais-belo-verso\/#primaryimage\",\"url\":\"https:\/\/www.blogsoestado.com\/ewertonneto\/wp-content\/uploads\/sites\/8\/2017\/08\/omaisbelo6-1.png\",\"contentUrl\":\"https:\/\/www.blogsoestado.com\/ewertonneto\/wp-content\/uploads\/sites\/8\/2017\/08\/omaisbelo6-1.png\",\"width\":300,\"height\":168},{\"@type\":\"BreadcrumbList\",\"@id\":\"https:\/\/www.blogsoestado.com\/ewertonneto\/2017\/08\/20\/o-mais-belo-verso\/#breadcrumb\",\"itemListElement\":[{\"@type\":\"ListItem\",\"position\":1,\"name\":\"In\u00edcio\",\"item\":\"https:\/\/www.blogsoestado.com\/ewertonneto\/\"},{\"@type\":\"ListItem\",\"position\":2,\"name\":\"O MAIS BELO VERSO?\"}]},{\"@type\":\"WebSite\",\"@id\":\"https:\/\/www.blogsoestado.com\/ewertonneto\/#website\",\"url\":\"https:\/\/www.blogsoestado.com\/ewertonneto\/\",\"name\":\"Ewerton Neto\",\"description\":\"\",\"potentialAction\":[{\"@type\":\"SearchAction\",\"target\":{\"@type\":\"EntryPoint\",\"urlTemplate\":\"https:\/\/www.blogsoestado.com\/ewertonneto\/?s={search_term_string}\"},\"query-input\":{\"@type\":\"PropertyValueSpecification\",\"valueRequired\":true,\"valueName\":\"search_term_string\"}}],\"inLanguage\":\"pt-BR\"},{\"@type\":\"Person\",\"@id\":\"https:\/\/www.blogsoestado.com\/ewertonneto\/#\/schema\/person\/b000753f64dc46078048f1efdf5dacfc\",\"name\":\"Ewerton Neto\",\"image\":{\"@type\":\"ImageObject\",\"inLanguage\":\"pt-BR\",\"@id\":\"https:\/\/www.blogsoestado.com\/ewertonneto\/#\/schema\/person\/image\/\",\"url\":\"https:\/\/secure.gravatar.com\/avatar\/14614134f4cc4a9a1a9ce403c3211976437b2098df593b33aa5f19388549142a?s=96&d=mm&r=g\",\"contentUrl\":\"https:\/\/secure.gravatar.com\/avatar\/14614134f4cc4a9a1a9ce403c3211976437b2098df593b33aa5f19388549142a?s=96&d=mm&r=g\",\"caption\":\"Ewerton Neto\"},\"url\":\"https:\/\/www.blogsoestado.com\/ewertonneto\/author\/ewertonneto\/\"}]}<\/script>\n<!-- \/ Yoast SEO plugin. -->","yoast_head_json":{"title":"O MAIS BELO VERSO? - Ewerton Neto","robots":{"index":"index","follow":"follow","max-snippet":"max-snippet:-1","max-image-preview":"max-image-preview:large","max-video-preview":"max-video-preview:-1"},"canonical":"https:\/\/www.blogsoestado.com\/ewertonneto\/2017\/08\/20\/o-mais-belo-verso\/","og_locale":"pt_BR","og_type":"article","og_title":"O MAIS BELO VERSO? - Ewerton Neto","og_description":"\u201cTu pisavas nos astros, distra\u00edda\u201d da m\u00fasica\u00a0 Ch\u00e3o de Estrelas, de Orestes Barbosa, foi considerado por Manuel Bandeira o mais [&hellip;]","og_url":"https:\/\/www.blogsoestado.com\/ewertonneto\/2017\/08\/20\/o-mais-belo-verso\/","og_site_name":"Ewerton Neto","article_published_time":"2017-08-20T12:35:54+00:00","og_image":[{"url":"https:\/\/www.blogsoestado.com\/ewertonneto\/wp-content\/uploads\/sites\/8\/2017\/08\/omaisbelo6-1-300x168.png","type":"","width":"","height":""}],"author":"Ewerton Neto","twitter_card":"summary_large_image","twitter_misc":{"Escrito por":"Ewerton Neto","Est. tempo de leitura":"3 minutos"},"schema":{"@context":"https:\/\/schema.org","@graph":[{"@type":"WebPage","@id":"https:\/\/www.blogsoestado.com\/ewertonneto\/2017\/08\/20\/o-mais-belo-verso\/","url":"https:\/\/www.blogsoestado.com\/ewertonneto\/2017\/08\/20\/o-mais-belo-verso\/","name":"O MAIS BELO VERSO? - Ewerton Neto","isPartOf":{"@id":"https:\/\/www.blogsoestado.com\/ewertonneto\/#website"},"primaryImageOfPage":{"@id":"https:\/\/www.blogsoestado.com\/ewertonneto\/2017\/08\/20\/o-mais-belo-verso\/#primaryimage"},"image":{"@id":"https:\/\/www.blogsoestado.com\/ewertonneto\/2017\/08\/20\/o-mais-belo-verso\/#primaryimage"},"thumbnailUrl":"https:\/\/www.blogsoestado.com\/ewertonneto\/wp-content\/uploads\/sites\/8\/2017\/08\/omaisbelo6-1-300x168.png","datePublished":"2017-08-20T12:35:54+00:00","author":{"@id":"https:\/\/www.blogsoestado.com\/ewertonneto\/#\/schema\/person\/b000753f64dc46078048f1efdf5dacfc"},"breadcrumb":{"@id":"https:\/\/www.blogsoestado.com\/ewertonneto\/2017\/08\/20\/o-mais-belo-verso\/#breadcrumb"},"inLanguage":"pt-BR","potentialAction":[{"@type":"ReadAction","target":["https:\/\/www.blogsoestado.com\/ewertonneto\/2017\/08\/20\/o-mais-belo-verso\/"]}]},{"@type":"ImageObject","inLanguage":"pt-BR","@id":"https:\/\/www.blogsoestado.com\/ewertonneto\/2017\/08\/20\/o-mais-belo-verso\/#primaryimage","url":"https:\/\/www.blogsoestado.com\/ewertonneto\/wp-content\/uploads\/sites\/8\/2017\/08\/omaisbelo6-1.png","contentUrl":"https:\/\/www.blogsoestado.com\/ewertonneto\/wp-content\/uploads\/sites\/8\/2017\/08\/omaisbelo6-1.png","width":300,"height":168},{"@type":"BreadcrumbList","@id":"https:\/\/www.blogsoestado.com\/ewertonneto\/2017\/08\/20\/o-mais-belo-verso\/#breadcrumb","itemListElement":[{"@type":"ListItem","position":1,"name":"In\u00edcio","item":"https:\/\/www.blogsoestado.com\/ewertonneto\/"},{"@type":"ListItem","position":2,"name":"O MAIS BELO VERSO?"}]},{"@type":"WebSite","@id":"https:\/\/www.blogsoestado.com\/ewertonneto\/#website","url":"https:\/\/www.blogsoestado.com\/ewertonneto\/","name":"Ewerton Neto","description":"","potentialAction":[{"@type":"SearchAction","target":{"@type":"EntryPoint","urlTemplate":"https:\/\/www.blogsoestado.com\/ewertonneto\/?s={search_term_string}"},"query-input":{"@type":"PropertyValueSpecification","valueRequired":true,"valueName":"search_term_string"}}],"inLanguage":"pt-BR"},{"@type":"Person","@id":"https:\/\/www.blogsoestado.com\/ewertonneto\/#\/schema\/person\/b000753f64dc46078048f1efdf5dacfc","name":"Ewerton Neto","image":{"@type":"ImageObject","inLanguage":"pt-BR","@id":"https:\/\/www.blogsoestado.com\/ewertonneto\/#\/schema\/person\/image\/","url":"https:\/\/secure.gravatar.com\/avatar\/14614134f4cc4a9a1a9ce403c3211976437b2098df593b33aa5f19388549142a?s=96&d=mm&r=g","contentUrl":"https:\/\/secure.gravatar.com\/avatar\/14614134f4cc4a9a1a9ce403c3211976437b2098df593b33aa5f19388549142a?s=96&d=mm&r=g","caption":"Ewerton Neto"},"url":"https:\/\/www.blogsoestado.com\/ewertonneto\/author\/ewertonneto\/"}]}},"jetpack_featured_media_url":"","_links":{"self":[{"href":"https:\/\/www.blogsoestado.com\/ewertonneto\/wp-json\/wp\/v2\/posts\/581","targetHints":{"allow":["GET"]}}],"collection":[{"href":"https:\/\/www.blogsoestado.com\/ewertonneto\/wp-json\/wp\/v2\/posts"}],"about":[{"href":"https:\/\/www.blogsoestado.com\/ewertonneto\/wp-json\/wp\/v2\/types\/post"}],"author":[{"embeddable":true,"href":"https:\/\/www.blogsoestado.com\/ewertonneto\/wp-json\/wp\/v2\/users\/9"}],"replies":[{"embeddable":true,"href":"https:\/\/www.blogsoestado.com\/ewertonneto\/wp-json\/wp\/v2\/comments?post=581"}],"version-history":[{"count":0,"href":"https:\/\/www.blogsoestado.com\/ewertonneto\/wp-json\/wp\/v2\/posts\/581\/revisions"}],"wp:attachment":[{"href":"https:\/\/www.blogsoestado.com\/ewertonneto\/wp-json\/wp\/v2\/media?parent=581"}],"wp:term":[{"taxonomy":"category","embeddable":true,"href":"https:\/\/www.blogsoestado.com\/ewertonneto\/wp-json\/wp\/v2\/categories?post=581"},{"taxonomy":"post_tag","embeddable":true,"href":"https:\/\/www.blogsoestado.com\/ewertonneto\/wp-json\/wp\/v2\/tags?post=581"}],"curies":[{"name":"wp","href":"https:\/\/api.w.org\/{rel}","templated":true}]}}