{"id":590,"date":"2017-08-27T11:32:43","date_gmt":"2017-08-27T14:32:43","guid":{"rendered":"https:\/\/www.blogsoestado.com\/ewertonneto\/?p=590"},"modified":"2017-08-27T11:32:43","modified_gmt":"2017-08-27T14:32:43","slug":"jomar-moraes-um-nome","status":"publish","type":"post","link":"https:\/\/www.blogsoestado.com\/ewertonneto\/2017\/08\/27\/jomar-moraes-um-nome\/","title":{"rendered":"JOMAR MORAES, UM NOME"},"content":{"rendered":"<p><img fetchpriority=\"high\" decoding=\"async\" class=\"alignnone size-full wp-image-154\" src=\"https:\/\/www.blogsoestado.com\/ewertonneto\/wp-content\/uploads\/sites\/8\/2016\/08\/jomar1-1.jpg\" alt=\"\" width=\"259\" height=\"194\" \/><\/p>\n<p>Jos\u00e9 Ewerton Neto \u00e9 membro da AML<\/p>\n<p><strong>A Academia Maranhense de Letras<\/strong> tomou a iniciativa de celebrar, com uma missa em sua sede, a passagem de um ano de falecimento do escritor, pesquisador e ensa\u00edsta, \u00a0Jomar Moraes , um intelectual cuja viv\u00eancia foi dedicada em grande parte \u00a0essa institui\u00e7\u00e3o, a par de uma atividade febril e diversificada para composi\u00e7\u00e3o de uma trajet\u00f3ria liter\u00e1ria que serviu de refer\u00eancia e dinamizou a vida cultural do estado.<\/p>\n<p>Assim como o escritor de romances\u00a0 pode ser dividido ente o construtor de texto, de ideias e de enredos ou de personagens , como classificou em recente artigo o escritor Raimundo Carreiro, tamb\u00e9m se poderia dizer que, em termos do comportamento em rela\u00e7\u00e3o ao ambiente cultural que o cerca, \u00a0o escritor pode agir de duas formas, conforme sua personalidade \u00a0e voca\u00e7\u00e3o. De um lado est\u00e3o aqueles que objetivam e reverberam apenas sua produ\u00e7\u00e3o, n\u00e3o se permitindo atuar como personagem de refer\u00eancia, fora dos limites de sua obra. Muitos chegam a ser arredios nesse prop\u00f3sito, sendo exemplos t\u00edpicos J.D.Sallinger nos USA e Dalton Trevisan, no Brasil.<\/p>\n<p>H\u00e1, no entanto, \u00a0aqueles que proliferam sua atua\u00e7\u00e3o e n\u00e3o \u00a0se completam apenas no mero exerc\u00edcio do of\u00edcio que escolheram. Fazendo uma analogia futebol\u00edstica,\u00a0 assim como existem jogadores que se comprazem na plenitude do gol, existem aqueles que se realizam em dar o passe &#8211; para que outros atinjam esse cl\u00edmax. Certamente Jomar Moraes fez parte dessa segunda categoria, secundando a pr\u00f3pria produ\u00e7\u00e3o e abra\u00e7ando a tarefa de propiciar esse deslumbre para outros. Esse aspecto generoso do seu car\u00e1ter foi lembrado durante a missa realizada, tanto pelo capel\u00e3o Jo\u00e3o Rezende como pelo intelectual Sebasti\u00e3o Moreira Duarte, em seu discurso,\u00a0 nessa noite.<\/p>\n<p>Evidentemente, n\u00e3o cabe aqui o detalhamento de sua obra t\u00e3o\u00a0 extensa e do conhecimento de todos. Da\u00ed porque o tom mais eloquente \u00a0da cerim\u00f4nia foi a rememora\u00e7\u00e3o, justamente, \u00a0dos aspectos humanos de sua personalidade; um humor sutil por tr\u00e1s da postura combativa, seu exacerbado esp\u00edrito cr\u00edtico em rela\u00e7\u00e3o \u00e0 literatura que considerava de pouco valor, enfim, algu\u00e9m cuja sinceridade intelectual n\u00e3o poupava nem a si mesmo e que atinge o seu \u00e1pice quando ele, ironicamente, ao responder a uma pergunta sobre onde poderia ser encontrado seu primeiro livro de poesias disse\u00a0 \u201c <em>Gostaria at\u00e9 de saber quem\u00a0 tenha, \u00a0para dar fim aos dois, ao leitor e ao livro.<\/em>\u201d, o que provocou risos generalizados na plateia.<\/p>\n<p>Tudo isso est\u00e1 registrado no document\u00e1rio realizado pelo cineasta Joaquim Haickel, exibido ap\u00f3s a missa. Ali\u00e1s, essa s\u00e9rie de \u00a0document\u00e1rios, com \u00a0testemunhos valiosos sobre gente do calibre cultural de Jomar Moraes, Erasmo Dias e outros , a meu ver, \u00a0deveria ser exibido em todas as escolas p\u00fablicas, com o objetivo de ampliar o horizonte intelectual e contribuir para a forma\u00e7\u00e3o de nossa juventude.<\/p>\n<p>Por fim, ao nome Jomar Moraes, que motivou esta cr\u00f4nica. Lament\u00e1vel que este ainda n\u00e3o tenha sido escolhido para t\u00edtulo de via ou edifica\u00e7\u00e3o p\u00fablica \u00a0relevante. Jomar Moraes, assim como Nauro Machado, Jos\u00e9 Chagas e Ferreira Gullar, \u00a0merecidamente j\u00e1 contemplados com a inser\u00e7\u00e3o na pedra da mem\u00f3ria cultural maranhense, fez jus a tamb\u00e9m fazer parte dessa pl\u00eaiade, por ter sido um intelectual de estirpe equivalente. A AML, atrav\u00e9s de sua diretoria j\u00e1 principiou dilig\u00eancias nesse sentido. Que os homens p\u00fablicos atendam a esse reclame, e que se proceda ent\u00e3o.<\/p>\n<p>Jos\u00e9 Ewerton Neto \u00e9 autor de O ABC bem humorado de S\u00e3o Luis<\/p>\n<p><img decoding=\"async\" class=\"alignnone size-medium wp-image-406\" src=\"https:\/\/www.blogsoestado.com\/ewertonneto\/wp-content\/uploads\/sites\/8\/2017\/03\/CAPA-02-2-1-300x268.jpg\" alt=\"\" width=\"300\" height=\"268\" srcset=\"https:\/\/www.blogsoestado.com\/ewertonneto\/wp-content\/uploads\/sites\/8\/2017\/03\/CAPA-02-2-1-300x268.jpg 300w, https:\/\/www.blogsoestado.com\/ewertonneto\/wp-content\/uploads\/sites\/8\/2017\/03\/CAPA-02-2-1-1024x916.jpg 1024w, https:\/\/www.blogsoestado.com\/ewertonneto\/wp-content\/uploads\/sites\/8\/2017\/03\/CAPA-02-2-1-768x687.jpg 768w, https:\/\/www.blogsoestado.com\/ewertonneto\/wp-content\/uploads\/sites\/8\/2017\/03\/CAPA-02-2-1.jpg 1500w\" sizes=\"(max-width: 300px) 100vw, 300px\" \/><\/p>\n<p><a href=\"mailto:ewerton.neto@hotmail.com\">ewerton.neto@hotmail.com<\/a><\/p>\n","protected":false},"excerpt":{"rendered":"<p>Jos\u00e9 Ewerton Neto \u00e9 membro da AML A Academia Maranhense de Letras tomou a iniciativa de celebrar, com uma missa [&hellip;]<\/p>\n","protected":false},"author":9,"featured_media":0,"comment_status":"open","ping_status":"open","sticky":false,"template":"","format":"standard","meta":{"site-sidebar-layout":"default","site-content-layout":"","ast-site-content-layout":"default","site-content-style":"default","site-sidebar-style":"default","ast-global-header-display":"","ast-banner-title-visibility":"","ast-main-header-display":"","ast-hfb-above-header-display":"","ast-hfb-below-header-display":"","ast-hfb-mobile-header-display":"","site-post-title":"","ast-breadcrumbs-content":"","ast-featured-img":"","footer-sml-layout":"","ast-disable-related-posts":"","theme-transparent-header-meta":"","adv-header-id-meta":"","stick-header-meta":"","header-above-stick-meta":"","header-main-stick-meta":"","header-below-stick-meta":"","astra-migrate-meta-layouts":"default","ast-page-background-enabled":"default","ast-page-background-meta":{"desktop":{"background-color":"var(--ast-global-color-5)","background-image":"","background-repeat":"repeat","background-position":"center center","background-size":"auto","background-attachment":"scroll","background-type":"","background-media":"","overlay-type":"","overlay-color":"","overlay-opacity":"","overlay-gradient":""},"tablet":{"background-color":"","background-image":"","background-repeat":"repeat","background-position":"center center","background-size":"auto","background-attachment":"scroll","background-type":"","background-media":"","overlay-type":"","overlay-color":"","overlay-opacity":"","overlay-gradient":""},"mobile":{"background-color":"","background-image":"","background-repeat":"repeat","background-position":"center center","background-size":"auto","background-attachment":"scroll","background-type":"","background-media":"","overlay-type":"","overlay-color":"","overlay-opacity":"","overlay-gradient":""}},"ast-content-background-meta":{"desktop":{"background-color":"var(--ast-global-color-4)","background-image":"","background-repeat":"repeat","background-position":"center center","background-size":"auto","background-attachment":"scroll","background-type":"","background-media":"","overlay-type":"","overlay-color":"","overlay-opacity":"","overlay-gradient":""},"tablet":{"background-color":"var(--ast-global-color-4)","background-image":"","background-repeat":"repeat","background-position":"center center","background-size":"auto","background-attachment":"scroll","background-type":"","background-media":"","overlay-type":"","overlay-color":"","overlay-opacity":"","overlay-gradient":""},"mobile":{"background-color":"var(--ast-global-color-4)","background-image":"","background-repeat":"repeat","background-position":"center center","background-size":"auto","background-attachment":"scroll","background-type":"","background-media":"","overlay-type":"","overlay-color":"","overlay-opacity":"","overlay-gradient":""}},"footnotes":""},"categories":[1],"tags":[],"class_list":["post-590","post","type-post","status-publish","format-standard","hentry","category-sem-categoria"],"yoast_head":"<!-- This site is optimized with the Yoast SEO plugin v26.6 - https:\/\/yoast.com\/wordpress\/plugins\/seo\/ -->\n<title>JOMAR MORAES, UM NOME - Ewerton Neto<\/title>\n<meta name=\"robots\" content=\"index, follow, max-snippet:-1, max-image-preview:large, max-video-preview:-1\" \/>\n<link rel=\"canonical\" href=\"https:\/\/www.blogsoestado.com\/ewertonneto\/2017\/08\/27\/jomar-moraes-um-nome\/\" \/>\n<meta property=\"og:locale\" content=\"pt_BR\" \/>\n<meta property=\"og:type\" content=\"article\" \/>\n<meta property=\"og:title\" content=\"JOMAR MORAES, UM NOME - Ewerton Neto\" \/>\n<meta property=\"og:description\" content=\"Jos\u00e9 Ewerton Neto \u00e9 membro da AML A Academia Maranhense de Letras tomou a iniciativa de celebrar, com uma missa [&hellip;]\" \/>\n<meta property=\"og:url\" content=\"https:\/\/www.blogsoestado.com\/ewertonneto\/2017\/08\/27\/jomar-moraes-um-nome\/\" \/>\n<meta property=\"og:site_name\" content=\"Ewerton Neto\" \/>\n<meta property=\"article:published_time\" content=\"2017-08-27T14:32:43+00:00\" \/>\n<meta property=\"og:image\" content=\"https:\/\/www.blogsoestado.com\/ewertonneto\/wp-content\/uploads\/sites\/8\/2016\/08\/jomar1-1.jpg\" \/>\n<meta name=\"author\" content=\"Ewerton Neto\" \/>\n<meta name=\"twitter:card\" content=\"summary_large_image\" \/>\n<meta name=\"twitter:label1\" content=\"Escrito por\" \/>\n\t<meta name=\"twitter:data1\" content=\"Ewerton Neto\" \/>\n\t<meta name=\"twitter:label2\" content=\"Est. tempo de leitura\" \/>\n\t<meta name=\"twitter:data2\" content=\"3 minutos\" \/>\n<script type=\"application\/ld+json\" class=\"yoast-schema-graph\">{\"@context\":\"https:\/\/schema.org\",\"@graph\":[{\"@type\":\"WebPage\",\"@id\":\"https:\/\/www.blogsoestado.com\/ewertonneto\/2017\/08\/27\/jomar-moraes-um-nome\/\",\"url\":\"https:\/\/www.blogsoestado.com\/ewertonneto\/2017\/08\/27\/jomar-moraes-um-nome\/\",\"name\":\"JOMAR MORAES, UM NOME - Ewerton Neto\",\"isPartOf\":{\"@id\":\"https:\/\/www.blogsoestado.com\/ewertonneto\/#website\"},\"primaryImageOfPage\":{\"@id\":\"https:\/\/www.blogsoestado.com\/ewertonneto\/2017\/08\/27\/jomar-moraes-um-nome\/#primaryimage\"},\"image\":{\"@id\":\"https:\/\/www.blogsoestado.com\/ewertonneto\/2017\/08\/27\/jomar-moraes-um-nome\/#primaryimage\"},\"thumbnailUrl\":\"https:\/\/www.blogsoestado.com\/ewertonneto\/wp-content\/uploads\/sites\/8\/2016\/08\/jomar1-1.jpg\",\"datePublished\":\"2017-08-27T14:32:43+00:00\",\"author\":{\"@id\":\"https:\/\/www.blogsoestado.com\/ewertonneto\/#\/schema\/person\/b000753f64dc46078048f1efdf5dacfc\"},\"breadcrumb\":{\"@id\":\"https:\/\/www.blogsoestado.com\/ewertonneto\/2017\/08\/27\/jomar-moraes-um-nome\/#breadcrumb\"},\"inLanguage\":\"pt-BR\",\"potentialAction\":[{\"@type\":\"ReadAction\",\"target\":[\"https:\/\/www.blogsoestado.com\/ewertonneto\/2017\/08\/27\/jomar-moraes-um-nome\/\"]}]},{\"@type\":\"ImageObject\",\"inLanguage\":\"pt-BR\",\"@id\":\"https:\/\/www.blogsoestado.com\/ewertonneto\/2017\/08\/27\/jomar-moraes-um-nome\/#primaryimage\",\"url\":\"https:\/\/www.blogsoestado.com\/ewertonneto\/wp-content\/uploads\/sites\/8\/2016\/08\/jomar1-1.jpg\",\"contentUrl\":\"https:\/\/www.blogsoestado.com\/ewertonneto\/wp-content\/uploads\/sites\/8\/2016\/08\/jomar1-1.jpg\",\"width\":259,\"height\":194},{\"@type\":\"BreadcrumbList\",\"@id\":\"https:\/\/www.blogsoestado.com\/ewertonneto\/2017\/08\/27\/jomar-moraes-um-nome\/#breadcrumb\",\"itemListElement\":[{\"@type\":\"ListItem\",\"position\":1,\"name\":\"In\u00edcio\",\"item\":\"https:\/\/www.blogsoestado.com\/ewertonneto\/\"},{\"@type\":\"ListItem\",\"position\":2,\"name\":\"JOMAR MORAES, UM NOME\"}]},{\"@type\":\"WebSite\",\"@id\":\"https:\/\/www.blogsoestado.com\/ewertonneto\/#website\",\"url\":\"https:\/\/www.blogsoestado.com\/ewertonneto\/\",\"name\":\"Ewerton Neto\",\"description\":\"\",\"potentialAction\":[{\"@type\":\"SearchAction\",\"target\":{\"@type\":\"EntryPoint\",\"urlTemplate\":\"https:\/\/www.blogsoestado.com\/ewertonneto\/?s={search_term_string}\"},\"query-input\":{\"@type\":\"PropertyValueSpecification\",\"valueRequired\":true,\"valueName\":\"search_term_string\"}}],\"inLanguage\":\"pt-BR\"},{\"@type\":\"Person\",\"@id\":\"https:\/\/www.blogsoestado.com\/ewertonneto\/#\/schema\/person\/b000753f64dc46078048f1efdf5dacfc\",\"name\":\"Ewerton Neto\",\"image\":{\"@type\":\"ImageObject\",\"inLanguage\":\"pt-BR\",\"@id\":\"https:\/\/www.blogsoestado.com\/ewertonneto\/#\/schema\/person\/image\/\",\"url\":\"https:\/\/secure.gravatar.com\/avatar\/14614134f4cc4a9a1a9ce403c3211976437b2098df593b33aa5f19388549142a?s=96&d=mm&r=g\",\"contentUrl\":\"https:\/\/secure.gravatar.com\/avatar\/14614134f4cc4a9a1a9ce403c3211976437b2098df593b33aa5f19388549142a?s=96&d=mm&r=g\",\"caption\":\"Ewerton Neto\"},\"url\":\"https:\/\/www.blogsoestado.com\/ewertonneto\/author\/ewertonneto\/\"}]}<\/script>\n<!-- \/ Yoast SEO plugin. -->","yoast_head_json":{"title":"JOMAR MORAES, UM NOME - Ewerton Neto","robots":{"index":"index","follow":"follow","max-snippet":"max-snippet:-1","max-image-preview":"max-image-preview:large","max-video-preview":"max-video-preview:-1"},"canonical":"https:\/\/www.blogsoestado.com\/ewertonneto\/2017\/08\/27\/jomar-moraes-um-nome\/","og_locale":"pt_BR","og_type":"article","og_title":"JOMAR MORAES, UM NOME - Ewerton Neto","og_description":"Jos\u00e9 Ewerton Neto \u00e9 membro da AML A Academia Maranhense de Letras tomou a iniciativa de celebrar, com uma missa [&hellip;]","og_url":"https:\/\/www.blogsoestado.com\/ewertonneto\/2017\/08\/27\/jomar-moraes-um-nome\/","og_site_name":"Ewerton Neto","article_published_time":"2017-08-27T14:32:43+00:00","og_image":[{"url":"https:\/\/www.blogsoestado.com\/ewertonneto\/wp-content\/uploads\/sites\/8\/2016\/08\/jomar1-1.jpg","type":"","width":"","height":""}],"author":"Ewerton Neto","twitter_card":"summary_large_image","twitter_misc":{"Escrito por":"Ewerton Neto","Est. tempo de leitura":"3 minutos"},"schema":{"@context":"https:\/\/schema.org","@graph":[{"@type":"WebPage","@id":"https:\/\/www.blogsoestado.com\/ewertonneto\/2017\/08\/27\/jomar-moraes-um-nome\/","url":"https:\/\/www.blogsoestado.com\/ewertonneto\/2017\/08\/27\/jomar-moraes-um-nome\/","name":"JOMAR MORAES, UM NOME - Ewerton Neto","isPartOf":{"@id":"https:\/\/www.blogsoestado.com\/ewertonneto\/#website"},"primaryImageOfPage":{"@id":"https:\/\/www.blogsoestado.com\/ewertonneto\/2017\/08\/27\/jomar-moraes-um-nome\/#primaryimage"},"image":{"@id":"https:\/\/www.blogsoestado.com\/ewertonneto\/2017\/08\/27\/jomar-moraes-um-nome\/#primaryimage"},"thumbnailUrl":"https:\/\/www.blogsoestado.com\/ewertonneto\/wp-content\/uploads\/sites\/8\/2016\/08\/jomar1-1.jpg","datePublished":"2017-08-27T14:32:43+00:00","author":{"@id":"https:\/\/www.blogsoestado.com\/ewertonneto\/#\/schema\/person\/b000753f64dc46078048f1efdf5dacfc"},"breadcrumb":{"@id":"https:\/\/www.blogsoestado.com\/ewertonneto\/2017\/08\/27\/jomar-moraes-um-nome\/#breadcrumb"},"inLanguage":"pt-BR","potentialAction":[{"@type":"ReadAction","target":["https:\/\/www.blogsoestado.com\/ewertonneto\/2017\/08\/27\/jomar-moraes-um-nome\/"]}]},{"@type":"ImageObject","inLanguage":"pt-BR","@id":"https:\/\/www.blogsoestado.com\/ewertonneto\/2017\/08\/27\/jomar-moraes-um-nome\/#primaryimage","url":"https:\/\/www.blogsoestado.com\/ewertonneto\/wp-content\/uploads\/sites\/8\/2016\/08\/jomar1-1.jpg","contentUrl":"https:\/\/www.blogsoestado.com\/ewertonneto\/wp-content\/uploads\/sites\/8\/2016\/08\/jomar1-1.jpg","width":259,"height":194},{"@type":"BreadcrumbList","@id":"https:\/\/www.blogsoestado.com\/ewertonneto\/2017\/08\/27\/jomar-moraes-um-nome\/#breadcrumb","itemListElement":[{"@type":"ListItem","position":1,"name":"In\u00edcio","item":"https:\/\/www.blogsoestado.com\/ewertonneto\/"},{"@type":"ListItem","position":2,"name":"JOMAR MORAES, UM NOME"}]},{"@type":"WebSite","@id":"https:\/\/www.blogsoestado.com\/ewertonneto\/#website","url":"https:\/\/www.blogsoestado.com\/ewertonneto\/","name":"Ewerton Neto","description":"","potentialAction":[{"@type":"SearchAction","target":{"@type":"EntryPoint","urlTemplate":"https:\/\/www.blogsoestado.com\/ewertonneto\/?s={search_term_string}"},"query-input":{"@type":"PropertyValueSpecification","valueRequired":true,"valueName":"search_term_string"}}],"inLanguage":"pt-BR"},{"@type":"Person","@id":"https:\/\/www.blogsoestado.com\/ewertonneto\/#\/schema\/person\/b000753f64dc46078048f1efdf5dacfc","name":"Ewerton Neto","image":{"@type":"ImageObject","inLanguage":"pt-BR","@id":"https:\/\/www.blogsoestado.com\/ewertonneto\/#\/schema\/person\/image\/","url":"https:\/\/secure.gravatar.com\/avatar\/14614134f4cc4a9a1a9ce403c3211976437b2098df593b33aa5f19388549142a?s=96&d=mm&r=g","contentUrl":"https:\/\/secure.gravatar.com\/avatar\/14614134f4cc4a9a1a9ce403c3211976437b2098df593b33aa5f19388549142a?s=96&d=mm&r=g","caption":"Ewerton Neto"},"url":"https:\/\/www.blogsoestado.com\/ewertonneto\/author\/ewertonneto\/"}]}},"jetpack_featured_media_url":"","_links":{"self":[{"href":"https:\/\/www.blogsoestado.com\/ewertonneto\/wp-json\/wp\/v2\/posts\/590","targetHints":{"allow":["GET"]}}],"collection":[{"href":"https:\/\/www.blogsoestado.com\/ewertonneto\/wp-json\/wp\/v2\/posts"}],"about":[{"href":"https:\/\/www.blogsoestado.com\/ewertonneto\/wp-json\/wp\/v2\/types\/post"}],"author":[{"embeddable":true,"href":"https:\/\/www.blogsoestado.com\/ewertonneto\/wp-json\/wp\/v2\/users\/9"}],"replies":[{"embeddable":true,"href":"https:\/\/www.blogsoestado.com\/ewertonneto\/wp-json\/wp\/v2\/comments?post=590"}],"version-history":[{"count":0,"href":"https:\/\/www.blogsoestado.com\/ewertonneto\/wp-json\/wp\/v2\/posts\/590\/revisions"}],"wp:attachment":[{"href":"https:\/\/www.blogsoestado.com\/ewertonneto\/wp-json\/wp\/v2\/media?parent=590"}],"wp:term":[{"taxonomy":"category","embeddable":true,"href":"https:\/\/www.blogsoestado.com\/ewertonneto\/wp-json\/wp\/v2\/categories?post=590"},{"taxonomy":"post_tag","embeddable":true,"href":"https:\/\/www.blogsoestado.com\/ewertonneto\/wp-json\/wp\/v2\/tags?post=590"}],"curies":[{"name":"wp","href":"https:\/\/api.w.org\/{rel}","templated":true}]}}