{"id":1008,"date":"2011-01-24T13:55:26","date_gmt":"2011-01-24T15:55:26","guid":{"rendered":"https:\/\/www.blogsoestado.com\/flaviobraga\/?p=1008"},"modified":"2011-01-24T13:55:26","modified_gmt":"2011-01-24T15:55:26","slug":"um-novo-congresso-instalou-se-no-stf","status":"publish","type":"post","link":"https:\/\/www.blogsoestado.com\/flaviobraga\/um-novo-congresso-instalou-se-no-stf\/","title":{"rendered":"Um novo Congresso instalou-se no STF"},"content":{"rendered":"<p>Por Rudolfo Lago<\/p>\n<p>Quem primeiro me chamou a aten\u00e7\u00e3o para isso foi o saudoso amigo Ariosto Teixeira, jornalista e cientista pol\u00edtico falecido no ano passado. Em 1997, o tema da tese de mestrado em ci\u00eancia pol\u00edtica de Ariosto na Universidade de Bras\u00edlia foi a judicializa\u00e7\u00e3o da pol\u00edtica brasileira. Ele foi dos primeiros a observar esse fen\u00f4meno: mais e mais os tribunais, especialmente o Supremo Tribunal Federal, eram acionados para resolver querelas pol\u00edticas. At\u00e9 chegar ao ponto absurdo de hoje, em que v\u00e1rios assuntos da vida pol\u00edtica brasileira est\u00e3o em suspenso esperando a decis\u00e3o dos excelent\u00edssimos ministros da Suprema Corte.<\/p>\n<p>Conheci as ideias de Ariosto em\u00a0uma s\u00e9rie\u00a0de conversas com ele ao longo do tempo. Infelizmente, n\u00e3o conseguir ter acesso agora ao texto completo da tese. Assim, para os conceitos e algumas opini\u00f5es que vir\u00e3o abaixo, me socorri de uma outra tese, tamb\u00e9m de mestrado na UnB, no curso de Rela\u00e7\u00f5es Internacionais, de Danielle Aleixo Reis do Valle Souza. Seu tema espec\u00edfico \u00e9 a judicializa\u00e7\u00e3o da pol\u00edtica externa brasileira, tomando como caso a discuss\u00e3o sobre a importa\u00e7\u00e3o de pneus usados.<\/p>\n<p>Primeiro, o que seria judicializa\u00e7\u00e3o da pol\u00edtica? Podemos dizer que \u00e9 o exame pelo Judici\u00e1rio de temas que, \u00e0 primeira vista, poderiam e, em muitos casos, deveriam ser resolvidos exclusivamente na esfera pol\u00edtica. Quest\u00f5es legislativas cuja aplica\u00e7\u00e3o n\u00e3o ficou clara ou o alcance de pol\u00edticas p\u00fablicas que o governo n\u00e3o exercita como deveria. Exemplo do primeiro caso: fidelidade partid\u00e1ria, se um pol\u00edtico muda de partido, ele deve ou n\u00e3o perder o mandato? Exemplo do segundo: a lei sobre biotecnologia permite ou n\u00e3o a pesquisa com c\u00e9lulas-tronco?<\/p>\n<p>Em tese, n\u00e3o se trata de algo necessariamente ruim. Muitas vezes, vira um instrumento importante para o uso da sociedade civil ou das minorias para reagir a algo que julgam contr\u00e1rio ao interesse da sociedade. Por exemplo: a OAB vai ingressar com uma a\u00e7\u00e3o para evitar que ex-governadores recebam pens\u00e3o vital\u00edcia. Ou o PSTU vai entrar com a\u00e7\u00e3o para impedir o reajuste de 62% nos sal\u00e1rios dos parlamentares. Nesses casos, ganhou a sociedade um instrumento importante de recurso contra a\u00e7\u00f5es e pol\u00edticas das quais discorda, mas n\u00e3o tem for\u00e7a para derrubar politicamente no Congresso.<\/p>\n<p>O problema dessa hist\u00f3ria \u00e9 quando a interven\u00e7\u00e3o da Justi\u00e7a vira exagero. Quando todo o sistema pol\u00edtico fica dependente da palavra final do Judici\u00e1rio. Ou quando o Judici\u00e1rio acaba tomando decis\u00f5es esdr\u00faxulas, baseadas sabe-se l\u00e1 em qu\u00ea, que alteram sem nenhuma necessidade a vida dos cidad\u00e3os. Quando os ju\u00edzes interferem para alterar aquilo sobre o qual n\u00e3o havia qualquer d\u00favida, provocando confus\u00e3o ao inv\u00e9s de esclarecimento. Parafraseando o ministro Marco Aur\u00e9lio Mello, \u201cesta \u00e9 a quadra em que vivemos\u201d.<\/p>\n<p>O que mostrava Ariosto em sua tese de 1997 \u00e9 que a judicializa\u00e7\u00e3o tinha as duas faces mostradas acima. Por um lado, ela era fruto da consolida\u00e7\u00e3o da democracia, que conferia aos cidad\u00e3os e \u00e0s institui\u00e7\u00f5es novos instrumentos para fazer valer seus direitos, e o conflito decorrente disso ia parar na Justi\u00e7a. Por outro lado, a Justi\u00e7a se aproveitava para ocupar os v\u00e1cuos deixados por problemas de funcionamento nos demais poderes. Desgastados, por den\u00fancias de corrup\u00e7\u00e3o ou incapacidade para resolver seus impasses, o Executivo e o Legislativo davam espa\u00e7o para o Judici\u00e1rio invadir seus terrenos.<\/p>\n<p>Para o jurista e antrop\u00f3logo franc\u00eas Antoine Garopon, a judicializa\u00e7\u00e3o da pol\u00edtica \u00e9 um sinal das \u201cdoen\u00e7as da sociedade moderna\u201d. Hoje, discute-se no mundo todo a fal\u00eancia do sistema de democracia representativa, que n\u00e3o parece mais capaz de representar as pessoas na atual velocidade exigida pelo nosso planeta. Nessa fal\u00eancia, o Judici\u00e1rio \u2013 muitas vezes n\u00e3o exatamente por ser menor, mas por ser menos transparente e, portanto, menos sujeito a den\u00fancias de desmandos e corrup\u00e7\u00e3o (essas s\u00e3o palavras minhas, n\u00e3o de Garopon) \u2013 surge como uma esp\u00e9cie de \u00faltima salvaguarda confi\u00e1vel.<\/p>\n<p>Quando isso se extrapola, como vem ocorrendo agora, \u00e9 que surgem os problemas. \u00c9 o que lembra a doutora em Direito pela Universidade de S\u00e3o Paulo Maria L\u00facia Dallari Bucci em trecho destacado na tese de Danielle. Muitas vezes, o juiz, pelo fato de n\u00e3o ser eleito, n\u00e3o leva em conta os \u00f4nus das suas decis\u00f5es nem se compromete com suas consequ\u00eancias. Isso fica claro em duas situa\u00e7\u00f5es recentes vividas no STF. <a href=\"http:\/\/congressoemfoco.uol.com.br\/noticia.asp?cod_canal=1&amp;cod_publicacao=34488\"><strong>Primeiro, quando decidiu simplesmente nada decidir sobre o alcance da Lei da Ficha Limpa<\/strong><\/a>.<\/p>\n<p>Ao agir assim, o presidente do Supremo, ministro Cezar Peluso, permitiu que as elei\u00e7\u00f5es acontecessem sem que se soubesse qual seria a sua regra. At\u00e9 hoje, a decis\u00e3o tomada, de fazer valer a ficha limpa, \u00e9 prec\u00e1ria, e pode ser revista dependendo de qual for a opini\u00e3o do 11\u00ba ministro do STF, que Lula n\u00e3o escolheu e sabe-se l\u00e1 quando Dilma escolher\u00e1. Fica mais do que evidente que os \u00f4nus e consequ\u00eancias da decis\u00e3o tomada n\u00e3o foram levados em conta.<\/p>\n<p>O segundo exemplo \u00e9 essa decis\u00e3o absurda, mais recente, sobre quem s\u00e3o os suplentes que tomam posse na aus\u00eancia dos deputados titulares. Usando por analogia a decis\u00e3o que eles tomaram acerca da fidelidade partid\u00e1ria (de que os mandatos pertencem aos partidos), <a href=\"http:\/\/congressoemfoco.uol.com.br\/noticia.asp?cod_canal=21&amp;cod_publicacao=35836\"><strong>os ministros do STF resolveram que, na aus\u00eancia do deputado federal eleito, assume em seu lugar o suplente mais votado do partido, e n\u00e3o da coliga\u00e7\u00e3o<\/strong><\/a>. A pouqu\u00edssimos dias da posse dos novos deputados, a d\u00favida est\u00e1 colocada no ar. De novo, uma decis\u00e3o tomada sem levar em conta os \u00f4nus e as consequ\u00eancias. H\u00e1 50 anos, a C\u00e2mara chama o suplente mais votado da coliga\u00e7\u00e3o para assumir no lugar do deputado federal eleito que se ausenta. E isso parece \u00f3bvio: se a coliga\u00e7\u00e3o foi considerada para determinar quais deputados seriam eleitos, por que ela n\u00e3o ser\u00e1 usada para definir a ordem dos suplentes? Se um deputado do PT puxou com seus votos um deputado do PSB, porque os dois partidos estavam coligados, por que a regra agora n\u00e3o vai valer para definir o suplente que ir\u00e1 tomar posse?<\/p>\n<p>A impessoalidade dos ju\u00edzes, fundamental para que possam condenar da forma mais isenta poss\u00edvel, n\u00e3o pode, por\u00e9m\u00a0ser transformada por eles em\u00a0arrog\u00e2ncia. Num sentimento de se julgarem sempre com raz\u00e3o e imperme\u00e1veis ao que quer e pensa\u00a0a sociedade. Quando o senhor de toga come\u00e7a a se achar superior aos demais mortais e acha que pode tomar a decis\u00e3o que bem entender sem ter que dar satisfa\u00e7\u00e3o aos \u201cleigos\u201d. \u00c9 assim que, \u00e0s vezes, andam as coisas hoje em dia. Justi\u00e7a que, em vez de dirimir, torna as leis e as regras mais confusas, certamente tem graves problemas.<\/p>\n<p><em>Rudolfo Lago \u00e9 articulista do site Congresso em Foco.<\/em><\/p>\n","protected":false},"excerpt":{"rendered":"<p>Por Rudolfo Lago Quem primeiro me chamou a aten\u00e7\u00e3o para isso foi o saudoso amigo Ariosto Teixeira, jornalista e cientista [&hellip;]<\/p>\n","protected":false},"author":8,"featured_media":0,"comment_status":"open","ping_status":"open","sticky":false,"template":"","format":"standard","meta":{"site-sidebar-layout":"default","site-content-layout":"","ast-site-content-layout":"default","site-content-style":"default","site-sidebar-style":"default","ast-global-header-display":"","ast-banner-title-visibility":"","ast-main-header-display":"","ast-hfb-above-header-display":"","ast-hfb-below-header-display":"","ast-hfb-mobile-header-display":"","site-post-title":"","ast-breadcrumbs-content":"","ast-featured-img":"","footer-sml-layout":"","ast-disable-related-posts":"","theme-transparent-header-meta":"","adv-header-id-meta":"","stick-header-meta":"","header-above-stick-meta":"","header-main-stick-meta":"","header-below-stick-meta":"","astra-migrate-meta-layouts":"default","ast-page-background-enabled":"default","ast-page-background-meta":{"desktop":{"background-color":"var(--ast-global-color-5)","background-image":"","background-repeat":"repeat","background-position":"center center","background-size":"auto","background-attachment":"scroll","background-type":"","background-media":"","overlay-type":"","overlay-color":"","overlay-opacity":"","overlay-gradient":""},"tablet":{"background-color":"","background-image":"","background-repeat":"repeat","background-position":"center center","background-size":"auto","background-attachment":"scroll","background-type":"","background-media":"","overlay-type":"","overlay-color":"","overlay-opacity":"","overlay-gradient":""},"mobile":{"background-color":"","background-image":"","background-repeat":"repeat","background-position":"center center","background-size":"auto","background-attachment":"scroll","background-type":"","background-media":"","overlay-type":"","overlay-color":"","overlay-opacity":"","overlay-gradient":""}},"ast-content-background-meta":{"desktop":{"background-color":"var(--ast-global-color-4)","background-image":"","background-repeat":"repeat","background-position":"center center","background-size":"auto","background-attachment":"scroll","background-type":"","background-media":"","overlay-type":"","overlay-color":"","overlay-opacity":"","overlay-gradient":""},"tablet":{"background-color":"var(--ast-global-color-4)","background-image":"","background-repeat":"repeat","background-position":"center center","background-size":"auto","background-attachment":"scroll","background-type":"","background-media":"","overlay-type":"","overlay-color":"","overlay-opacity":"","overlay-gradient":""},"mobile":{"background-color":"var(--ast-global-color-4)","background-image":"","background-repeat":"repeat","background-position":"center center","background-size":"auto","background-attachment":"scroll","background-type":"","background-media":"","overlay-type":"","overlay-color":"","overlay-opacity":"","overlay-gradient":""}},"footnotes":""},"categories":[1],"tags":[],"class_list":["post-1008","post","type-post","status-publish","format-standard","hentry","category-sem-categoria"],"yoast_head":"<!-- This site is optimized with the Yoast SEO plugin v26.6 - https:\/\/yoast.com\/wordpress\/plugins\/seo\/ -->\n<title>Um novo Congresso instalou-se no STF - Fl\u00e1vio Braga<\/title>\n<meta name=\"robots\" content=\"index, follow, max-snippet:-1, max-image-preview:large, max-video-preview:-1\" \/>\n<link rel=\"canonical\" href=\"https:\/\/www.blogsoestado.com\/flaviobraga\/um-novo-congresso-instalou-se-no-stf\/\" \/>\n<meta property=\"og:locale\" content=\"pt_BR\" \/>\n<meta property=\"og:type\" content=\"article\" \/>\n<meta property=\"og:title\" content=\"Um novo Congresso instalou-se no STF - Fl\u00e1vio Braga\" \/>\n<meta property=\"og:description\" content=\"Por Rudolfo Lago Quem primeiro me chamou a aten\u00e7\u00e3o para isso foi o saudoso amigo Ariosto Teixeira, jornalista e cientista [&hellip;]\" \/>\n<meta property=\"og:url\" content=\"https:\/\/www.blogsoestado.com\/flaviobraga\/um-novo-congresso-instalou-se-no-stf\/\" \/>\n<meta property=\"og:site_name\" content=\"Fl\u00e1vio Braga\" \/>\n<meta property=\"article:published_time\" content=\"2011-01-24T15:55:26+00:00\" \/>\n<meta name=\"author\" content=\"Flavio Braga\" \/>\n<meta name=\"twitter:card\" content=\"summary_large_image\" \/>\n<meta name=\"twitter:label1\" content=\"Escrito por\" \/>\n\t<meta name=\"twitter:data1\" content=\"Flavio Braga\" \/>\n\t<meta name=\"twitter:label2\" content=\"Est. tempo de leitura\" \/>\n\t<meta name=\"twitter:data2\" content=\"6 minutos\" \/>\n<script type=\"application\/ld+json\" class=\"yoast-schema-graph\">{\"@context\":\"https:\/\/schema.org\",\"@graph\":[{\"@type\":\"WebPage\",\"@id\":\"https:\/\/www.blogsoestado.com\/flaviobraga\/um-novo-congresso-instalou-se-no-stf\/\",\"url\":\"https:\/\/www.blogsoestado.com\/flaviobraga\/um-novo-congresso-instalou-se-no-stf\/\",\"name\":\"Um novo Congresso instalou-se no STF - Fl\u00e1vio Braga\",\"isPartOf\":{\"@id\":\"https:\/\/www.blogsoestado.com\/flaviobraga\/#website\"},\"datePublished\":\"2011-01-24T15:55:26+00:00\",\"author\":{\"@id\":\"https:\/\/www.blogsoestado.com\/flaviobraga\/#\/schema\/person\/6c6c778331775c757a82d15206bd8733\"},\"breadcrumb\":{\"@id\":\"https:\/\/www.blogsoestado.com\/flaviobraga\/um-novo-congresso-instalou-se-no-stf\/#breadcrumb\"},\"inLanguage\":\"pt-BR\",\"potentialAction\":[{\"@type\":\"ReadAction\",\"target\":[\"https:\/\/www.blogsoestado.com\/flaviobraga\/um-novo-congresso-instalou-se-no-stf\/\"]}]},{\"@type\":\"BreadcrumbList\",\"@id\":\"https:\/\/www.blogsoestado.com\/flaviobraga\/um-novo-congresso-instalou-se-no-stf\/#breadcrumb\",\"itemListElement\":[{\"@type\":\"ListItem\",\"position\":1,\"name\":\"In\u00edcio\",\"item\":\"https:\/\/www.blogsoestado.com\/flaviobraga\/\"},{\"@type\":\"ListItem\",\"position\":2,\"name\":\"Um novo Congresso instalou-se no STF\"}]},{\"@type\":\"WebSite\",\"@id\":\"https:\/\/www.blogsoestado.com\/flaviobraga\/#website\",\"url\":\"https:\/\/www.blogsoestado.com\/flaviobraga\/\",\"name\":\"Fl\u00e1vio Braga\",\"description\":\"\",\"potentialAction\":[{\"@type\":\"SearchAction\",\"target\":{\"@type\":\"EntryPoint\",\"urlTemplate\":\"https:\/\/www.blogsoestado.com\/flaviobraga\/?s={search_term_string}\"},\"query-input\":{\"@type\":\"PropertyValueSpecification\",\"valueRequired\":true,\"valueName\":\"search_term_string\"}}],\"inLanguage\":\"pt-BR\"},{\"@type\":\"Person\",\"@id\":\"https:\/\/www.blogsoestado.com\/flaviobraga\/#\/schema\/person\/6c6c778331775c757a82d15206bd8733\",\"name\":\"Flavio Braga\",\"image\":{\"@type\":\"ImageObject\",\"inLanguage\":\"pt-BR\",\"@id\":\"https:\/\/www.blogsoestado.com\/flaviobraga\/#\/schema\/person\/image\/\",\"url\":\"https:\/\/secure.gravatar.com\/avatar\/ab173937dad8d78195c87778be8a0285d069ede375ce0ae24aac1cf8e58ccb2c?s=96&d=mm&r=g\",\"contentUrl\":\"https:\/\/secure.gravatar.com\/avatar\/ab173937dad8d78195c87778be8a0285d069ede375ce0ae24aac1cf8e58ccb2c?s=96&d=mm&r=g\",\"caption\":\"Flavio Braga\"},\"url\":\"https:\/\/www.blogsoestado.com\/flaviobraga\/author\/flaviobraga\/\"}]}<\/script>\n<!-- \/ Yoast SEO plugin. -->","yoast_head_json":{"title":"Um novo Congresso instalou-se no STF - Fl\u00e1vio Braga","robots":{"index":"index","follow":"follow","max-snippet":"max-snippet:-1","max-image-preview":"max-image-preview:large","max-video-preview":"max-video-preview:-1"},"canonical":"https:\/\/www.blogsoestado.com\/flaviobraga\/um-novo-congresso-instalou-se-no-stf\/","og_locale":"pt_BR","og_type":"article","og_title":"Um novo Congresso instalou-se no STF - Fl\u00e1vio Braga","og_description":"Por Rudolfo Lago Quem primeiro me chamou a aten\u00e7\u00e3o para isso foi o saudoso amigo Ariosto Teixeira, jornalista e cientista [&hellip;]","og_url":"https:\/\/www.blogsoestado.com\/flaviobraga\/um-novo-congresso-instalou-se-no-stf\/","og_site_name":"Fl\u00e1vio Braga","article_published_time":"2011-01-24T15:55:26+00:00","author":"Flavio Braga","twitter_card":"summary_large_image","twitter_misc":{"Escrito por":"Flavio Braga","Est. tempo de leitura":"6 minutos"},"schema":{"@context":"https:\/\/schema.org","@graph":[{"@type":"WebPage","@id":"https:\/\/www.blogsoestado.com\/flaviobraga\/um-novo-congresso-instalou-se-no-stf\/","url":"https:\/\/www.blogsoestado.com\/flaviobraga\/um-novo-congresso-instalou-se-no-stf\/","name":"Um novo Congresso instalou-se no STF - Fl\u00e1vio Braga","isPartOf":{"@id":"https:\/\/www.blogsoestado.com\/flaviobraga\/#website"},"datePublished":"2011-01-24T15:55:26+00:00","author":{"@id":"https:\/\/www.blogsoestado.com\/flaviobraga\/#\/schema\/person\/6c6c778331775c757a82d15206bd8733"},"breadcrumb":{"@id":"https:\/\/www.blogsoestado.com\/flaviobraga\/um-novo-congresso-instalou-se-no-stf\/#breadcrumb"},"inLanguage":"pt-BR","potentialAction":[{"@type":"ReadAction","target":["https:\/\/www.blogsoestado.com\/flaviobraga\/um-novo-congresso-instalou-se-no-stf\/"]}]},{"@type":"BreadcrumbList","@id":"https:\/\/www.blogsoestado.com\/flaviobraga\/um-novo-congresso-instalou-se-no-stf\/#breadcrumb","itemListElement":[{"@type":"ListItem","position":1,"name":"In\u00edcio","item":"https:\/\/www.blogsoestado.com\/flaviobraga\/"},{"@type":"ListItem","position":2,"name":"Um novo Congresso instalou-se no STF"}]},{"@type":"WebSite","@id":"https:\/\/www.blogsoestado.com\/flaviobraga\/#website","url":"https:\/\/www.blogsoestado.com\/flaviobraga\/","name":"Fl\u00e1vio Braga","description":"","potentialAction":[{"@type":"SearchAction","target":{"@type":"EntryPoint","urlTemplate":"https:\/\/www.blogsoestado.com\/flaviobraga\/?s={search_term_string}"},"query-input":{"@type":"PropertyValueSpecification","valueRequired":true,"valueName":"search_term_string"}}],"inLanguage":"pt-BR"},{"@type":"Person","@id":"https:\/\/www.blogsoestado.com\/flaviobraga\/#\/schema\/person\/6c6c778331775c757a82d15206bd8733","name":"Flavio Braga","image":{"@type":"ImageObject","inLanguage":"pt-BR","@id":"https:\/\/www.blogsoestado.com\/flaviobraga\/#\/schema\/person\/image\/","url":"https:\/\/secure.gravatar.com\/avatar\/ab173937dad8d78195c87778be8a0285d069ede375ce0ae24aac1cf8e58ccb2c?s=96&d=mm&r=g","contentUrl":"https:\/\/secure.gravatar.com\/avatar\/ab173937dad8d78195c87778be8a0285d069ede375ce0ae24aac1cf8e58ccb2c?s=96&d=mm&r=g","caption":"Flavio Braga"},"url":"https:\/\/www.blogsoestado.com\/flaviobraga\/author\/flaviobraga\/"}]}},"jetpack_featured_media_url":"","_links":{"self":[{"href":"https:\/\/www.blogsoestado.com\/flaviobraga\/wp-json\/wp\/v2\/posts\/1008","targetHints":{"allow":["GET"]}}],"collection":[{"href":"https:\/\/www.blogsoestado.com\/flaviobraga\/wp-json\/wp\/v2\/posts"}],"about":[{"href":"https:\/\/www.blogsoestado.com\/flaviobraga\/wp-json\/wp\/v2\/types\/post"}],"author":[{"embeddable":true,"href":"https:\/\/www.blogsoestado.com\/flaviobraga\/wp-json\/wp\/v2\/users\/8"}],"replies":[{"embeddable":true,"href":"https:\/\/www.blogsoestado.com\/flaviobraga\/wp-json\/wp\/v2\/comments?post=1008"}],"version-history":[{"count":0,"href":"https:\/\/www.blogsoestado.com\/flaviobraga\/wp-json\/wp\/v2\/posts\/1008\/revisions"}],"wp:attachment":[{"href":"https:\/\/www.blogsoestado.com\/flaviobraga\/wp-json\/wp\/v2\/media?parent=1008"}],"wp:term":[{"taxonomy":"category","embeddable":true,"href":"https:\/\/www.blogsoestado.com\/flaviobraga\/wp-json\/wp\/v2\/categories?post=1008"},{"taxonomy":"post_tag","embeddable":true,"href":"https:\/\/www.blogsoestado.com\/flaviobraga\/wp-json\/wp\/v2\/tags?post=1008"}],"curies":[{"name":"wp","href":"https:\/\/api.w.org\/{rel}","templated":true}]}}