{"id":1050,"date":"2011-02-08T16:45:20","date_gmt":"2011-02-08T18:45:20","guid":{"rendered":"https:\/\/www.blogsoestado.com\/flaviobraga\/?p=1050"},"modified":"2011-02-08T16:45:20","modified_gmt":"2011-02-08T18:45:20","slug":"sabatina-de-luiz-fux-deve-ocorrer-ate-quinta","status":"publish","type":"post","link":"https:\/\/www.blogsoestado.com\/flaviobraga\/sabatina-de-luiz-fux-deve-ocorrer-ate-quinta\/","title":{"rendered":"Sabatina de Luiz Fux deve ocorrer at\u00e9 quinta"},"content":{"rendered":"<p>\u00a0 O presidente do Senado, Jos\u00e9 Sarney (PMDB-AP), afirmou nesta ter\u00e7a-feira que a sabatina de Luiz Fux, primeiro indicado pela presidente Dilma Rousseff para o STF (Supremo Tribunal FederaL), deve ocorrer at\u00e9 quinta-feira.<\/p>\n<p>\u00a0O presidente do Senado esteve reunido hoje pela manh\u00e3 com o presidente do STF, Cezar Peluso.<\/p>\n<p>\u00a0&#8220;A sabatina do ministro Fux deve ocorrer amanh\u00e3 ou, no m\u00e1ximo, quinta-feira, porque ainda n\u00e3o temos a Comiss\u00e3o de Constitui\u00e7\u00e3o e Justi\u00e7a composta e eu pedi aos l\u00edderes que o fizessem hoje. Amanh\u00e3, ent\u00e3o poder\u00edamos eleger o presidente e, em seguida, n\u00f3s teremos condi\u00e7\u00f5es de ouvir o ministro Fux, conforme determina a Constitui\u00e7\u00e3o.&#8221;<\/p>\n<p>\u00a0A CCJ \u00e9 composta por 23 titulares e 23 suplentes. Ap\u00f3s essa defini\u00e7\u00e3o, um dos integrantes ser\u00e1 escolhido para a mensagem com a indica\u00e7\u00e3o de Fux, para somente ent\u00e3o ser realizada a sabatina que, regimentalmente, \u00e9 feita em reuni\u00e3o posterior \u00e0 leitura do relat\u00f3rio, caso n\u00e3o seja requerida dispensa de prazos.<\/p>\n<p>\u00a0Nesta quarta-feira, o colegiado dever\u00e1 realizar a primeira reuni\u00e3o do ano. Depois da CCJ, a indica\u00e7\u00e3o segue para an\u00e1lise do plen\u00e1rio.<\/p>\n<p>\u00a0O &#8220;Di\u00e1rio Oficial&#8221; da Uni\u00e3o publicou na edi\u00e7\u00e3o da \u00faltima quarta-feira a indica\u00e7\u00e3o de Fux, que tem o apoio do governador do Rio, S\u00e9rgio Cabral (PMDB).<\/p>\n<p>\u00a0A vaga no STF estava aberta desde agosto de 2010, quando o ministro Eros Grau se aposentou.<\/p>\n<p>\u00a0A demora para apontar o 11\u00ba ministro atrapalhou julgamentos cruciais, como o que trata da aplicabilidade da Lei da Ficha Limpa &#8211;empatado em 5 a 5 no tribunal.<\/p>\n","protected":false},"excerpt":{"rendered":"<p>\u00a0 O presidente do Senado, Jos\u00e9 Sarney (PMDB-AP), afirmou nesta ter\u00e7a-feira que a sabatina de Luiz Fux, primeiro indicado pela [&hellip;]<\/p>\n","protected":false},"author":8,"featured_media":0,"comment_status":"open","ping_status":"open","sticky":false,"template":"","format":"standard","meta":{"site-sidebar-layout":"default","site-content-layout":"","ast-site-content-layout":"default","site-content-style":"default","site-sidebar-style":"default","ast-global-header-display":"","ast-banner-title-visibility":"","ast-main-header-display":"","ast-hfb-above-header-display":"","ast-hfb-below-header-display":"","ast-hfb-mobile-header-display":"","site-post-title":"","ast-breadcrumbs-content":"","ast-featured-img":"","footer-sml-layout":"","ast-disable-related-posts":"","theme-transparent-header-meta":"","adv-header-id-meta":"","stick-header-meta":"","header-above-stick-meta":"","header-main-stick-meta":"","header-below-stick-meta":"","astra-migrate-meta-layouts":"default","ast-page-background-enabled":"default","ast-page-background-meta":{"desktop":{"background-color":"var(--ast-global-color-5)","background-image":"","background-repeat":"repeat","background-position":"center center","background-size":"auto","background-attachment":"scroll","background-type":"","background-media":"","overlay-type":"","overlay-color":"","overlay-opacity":"","overlay-gradient":""},"tablet":{"background-color":"","background-image":"","background-repeat":"repeat","background-position":"center center","background-size":"auto","background-attachment":"scroll","background-type":"","background-media":"","overlay-type":"","overlay-color":"","overlay-opacity":"","overlay-gradient":""},"mobile":{"background-color":"","background-image":"","background-repeat":"repeat","background-position":"center center","background-size":"auto","background-attachment":"scroll","background-type":"","background-media":"","overlay-type":"","overlay-color":"","overlay-opacity":"","overlay-gradient":""}},"ast-content-background-meta":{"desktop":{"background-color":"var(--ast-global-color-4)","background-image":"","background-repeat":"repeat","background-position":"center center","background-size":"auto","background-attachment":"scroll","background-type":"","background-media":"","overlay-type":"","overlay-color":"","overlay-opacity":"","overlay-gradient":""},"tablet":{"background-color":"var(--ast-global-color-4)","background-image":"","background-repeat":"repeat","background-position":"center center","background-size":"auto","background-attachment":"scroll","background-type":"","background-media":"","overlay-type":"","overlay-color":"","overlay-opacity":"","overlay-gradient":""},"mobile":{"background-color":"var(--ast-global-color-4)","background-image":"","background-repeat":"repeat","background-position":"center center","background-size":"auto","background-attachment":"scroll","background-type":"","background-media":"","overlay-type":"","overlay-color":"","overlay-opacity":"","overlay-gradient":""}},"footnotes":""},"categories":[1],"tags":[],"class_list":["post-1050","post","type-post","status-publish","format-standard","hentry","category-sem-categoria"],"yoast_head":"<!-- This site is optimized with the Yoast SEO plugin v26.6 - https:\/\/yoast.com\/wordpress\/plugins\/seo\/ -->\n<title>Sabatina de Luiz Fux deve ocorrer at\u00e9 quinta - Fl\u00e1vio Braga<\/title>\n<meta name=\"robots\" content=\"index, follow, max-snippet:-1, max-image-preview:large, max-video-preview:-1\" \/>\n<link rel=\"canonical\" href=\"https:\/\/www.blogsoestado.com\/flaviobraga\/sabatina-de-luiz-fux-deve-ocorrer-ate-quinta\/\" \/>\n<meta property=\"og:locale\" content=\"pt_BR\" \/>\n<meta property=\"og:type\" content=\"article\" \/>\n<meta property=\"og:title\" content=\"Sabatina de Luiz Fux deve ocorrer at\u00e9 quinta - Fl\u00e1vio Braga\" \/>\n<meta property=\"og:description\" content=\"\u00a0 O presidente do Senado, Jos\u00e9 Sarney (PMDB-AP), afirmou nesta ter\u00e7a-feira que a sabatina de Luiz Fux, primeiro indicado pela [&hellip;]\" \/>\n<meta property=\"og:url\" content=\"https:\/\/www.blogsoestado.com\/flaviobraga\/sabatina-de-luiz-fux-deve-ocorrer-ate-quinta\/\" \/>\n<meta property=\"og:site_name\" content=\"Fl\u00e1vio Braga\" \/>\n<meta property=\"article:published_time\" content=\"2011-02-08T18:45:20+00:00\" \/>\n<meta name=\"author\" content=\"Flavio Braga\" \/>\n<meta name=\"twitter:card\" content=\"summary_large_image\" \/>\n<meta name=\"twitter:label1\" content=\"Escrito por\" \/>\n\t<meta name=\"twitter:data1\" content=\"Flavio Braga\" \/>\n\t<meta name=\"twitter:label2\" content=\"Est. tempo de leitura\" \/>\n\t<meta name=\"twitter:data2\" content=\"1 minuto\" \/>\n<script type=\"application\/ld+json\" class=\"yoast-schema-graph\">{\"@context\":\"https:\/\/schema.org\",\"@graph\":[{\"@type\":\"WebPage\",\"@id\":\"https:\/\/www.blogsoestado.com\/flaviobraga\/sabatina-de-luiz-fux-deve-ocorrer-ate-quinta\/\",\"url\":\"https:\/\/www.blogsoestado.com\/flaviobraga\/sabatina-de-luiz-fux-deve-ocorrer-ate-quinta\/\",\"name\":\"Sabatina de Luiz Fux deve ocorrer at\u00e9 quinta - Fl\u00e1vio Braga\",\"isPartOf\":{\"@id\":\"https:\/\/www.blogsoestado.com\/flaviobraga\/#website\"},\"datePublished\":\"2011-02-08T18:45:20+00:00\",\"author\":{\"@id\":\"https:\/\/www.blogsoestado.com\/flaviobraga\/#\/schema\/person\/6c6c778331775c757a82d15206bd8733\"},\"breadcrumb\":{\"@id\":\"https:\/\/www.blogsoestado.com\/flaviobraga\/sabatina-de-luiz-fux-deve-ocorrer-ate-quinta\/#breadcrumb\"},\"inLanguage\":\"pt-BR\",\"potentialAction\":[{\"@type\":\"ReadAction\",\"target\":[\"https:\/\/www.blogsoestado.com\/flaviobraga\/sabatina-de-luiz-fux-deve-ocorrer-ate-quinta\/\"]}]},{\"@type\":\"BreadcrumbList\",\"@id\":\"https:\/\/www.blogsoestado.com\/flaviobraga\/sabatina-de-luiz-fux-deve-ocorrer-ate-quinta\/#breadcrumb\",\"itemListElement\":[{\"@type\":\"ListItem\",\"position\":1,\"name\":\"In\u00edcio\",\"item\":\"https:\/\/www.blogsoestado.com\/flaviobraga\/\"},{\"@type\":\"ListItem\",\"position\":2,\"name\":\"Sabatina de Luiz Fux deve ocorrer at\u00e9 quinta\"}]},{\"@type\":\"WebSite\",\"@id\":\"https:\/\/www.blogsoestado.com\/flaviobraga\/#website\",\"url\":\"https:\/\/www.blogsoestado.com\/flaviobraga\/\",\"name\":\"Fl\u00e1vio Braga\",\"description\":\"\",\"potentialAction\":[{\"@type\":\"SearchAction\",\"target\":{\"@type\":\"EntryPoint\",\"urlTemplate\":\"https:\/\/www.blogsoestado.com\/flaviobraga\/?s={search_term_string}\"},\"query-input\":{\"@type\":\"PropertyValueSpecification\",\"valueRequired\":true,\"valueName\":\"search_term_string\"}}],\"inLanguage\":\"pt-BR\"},{\"@type\":\"Person\",\"@id\":\"https:\/\/www.blogsoestado.com\/flaviobraga\/#\/schema\/person\/6c6c778331775c757a82d15206bd8733\",\"name\":\"Flavio Braga\",\"image\":{\"@type\":\"ImageObject\",\"inLanguage\":\"pt-BR\",\"@id\":\"https:\/\/www.blogsoestado.com\/flaviobraga\/#\/schema\/person\/image\/\",\"url\":\"https:\/\/secure.gravatar.com\/avatar\/ab173937dad8d78195c87778be8a0285d069ede375ce0ae24aac1cf8e58ccb2c?s=96&d=mm&r=g\",\"contentUrl\":\"https:\/\/secure.gravatar.com\/avatar\/ab173937dad8d78195c87778be8a0285d069ede375ce0ae24aac1cf8e58ccb2c?s=96&d=mm&r=g\",\"caption\":\"Flavio Braga\"},\"url\":\"https:\/\/www.blogsoestado.com\/flaviobraga\/author\/flaviobraga\/\"}]}<\/script>\n<!-- \/ Yoast SEO plugin. -->","yoast_head_json":{"title":"Sabatina de Luiz Fux deve ocorrer at\u00e9 quinta - Fl\u00e1vio Braga","robots":{"index":"index","follow":"follow","max-snippet":"max-snippet:-1","max-image-preview":"max-image-preview:large","max-video-preview":"max-video-preview:-1"},"canonical":"https:\/\/www.blogsoestado.com\/flaviobraga\/sabatina-de-luiz-fux-deve-ocorrer-ate-quinta\/","og_locale":"pt_BR","og_type":"article","og_title":"Sabatina de Luiz Fux deve ocorrer at\u00e9 quinta - Fl\u00e1vio Braga","og_description":"\u00a0 O presidente do Senado, Jos\u00e9 Sarney (PMDB-AP), afirmou nesta ter\u00e7a-feira que a sabatina de Luiz Fux, primeiro indicado pela [&hellip;]","og_url":"https:\/\/www.blogsoestado.com\/flaviobraga\/sabatina-de-luiz-fux-deve-ocorrer-ate-quinta\/","og_site_name":"Fl\u00e1vio Braga","article_published_time":"2011-02-08T18:45:20+00:00","author":"Flavio Braga","twitter_card":"summary_large_image","twitter_misc":{"Escrito por":"Flavio Braga","Est. tempo de leitura":"1 minuto"},"schema":{"@context":"https:\/\/schema.org","@graph":[{"@type":"WebPage","@id":"https:\/\/www.blogsoestado.com\/flaviobraga\/sabatina-de-luiz-fux-deve-ocorrer-ate-quinta\/","url":"https:\/\/www.blogsoestado.com\/flaviobraga\/sabatina-de-luiz-fux-deve-ocorrer-ate-quinta\/","name":"Sabatina de Luiz Fux deve ocorrer at\u00e9 quinta - Fl\u00e1vio Braga","isPartOf":{"@id":"https:\/\/www.blogsoestado.com\/flaviobraga\/#website"},"datePublished":"2011-02-08T18:45:20+00:00","author":{"@id":"https:\/\/www.blogsoestado.com\/flaviobraga\/#\/schema\/person\/6c6c778331775c757a82d15206bd8733"},"breadcrumb":{"@id":"https:\/\/www.blogsoestado.com\/flaviobraga\/sabatina-de-luiz-fux-deve-ocorrer-ate-quinta\/#breadcrumb"},"inLanguage":"pt-BR","potentialAction":[{"@type":"ReadAction","target":["https:\/\/www.blogsoestado.com\/flaviobraga\/sabatina-de-luiz-fux-deve-ocorrer-ate-quinta\/"]}]},{"@type":"BreadcrumbList","@id":"https:\/\/www.blogsoestado.com\/flaviobraga\/sabatina-de-luiz-fux-deve-ocorrer-ate-quinta\/#breadcrumb","itemListElement":[{"@type":"ListItem","position":1,"name":"In\u00edcio","item":"https:\/\/www.blogsoestado.com\/flaviobraga\/"},{"@type":"ListItem","position":2,"name":"Sabatina de Luiz Fux deve ocorrer at\u00e9 quinta"}]},{"@type":"WebSite","@id":"https:\/\/www.blogsoestado.com\/flaviobraga\/#website","url":"https:\/\/www.blogsoestado.com\/flaviobraga\/","name":"Fl\u00e1vio Braga","description":"","potentialAction":[{"@type":"SearchAction","target":{"@type":"EntryPoint","urlTemplate":"https:\/\/www.blogsoestado.com\/flaviobraga\/?s={search_term_string}"},"query-input":{"@type":"PropertyValueSpecification","valueRequired":true,"valueName":"search_term_string"}}],"inLanguage":"pt-BR"},{"@type":"Person","@id":"https:\/\/www.blogsoestado.com\/flaviobraga\/#\/schema\/person\/6c6c778331775c757a82d15206bd8733","name":"Flavio Braga","image":{"@type":"ImageObject","inLanguage":"pt-BR","@id":"https:\/\/www.blogsoestado.com\/flaviobraga\/#\/schema\/person\/image\/","url":"https:\/\/secure.gravatar.com\/avatar\/ab173937dad8d78195c87778be8a0285d069ede375ce0ae24aac1cf8e58ccb2c?s=96&d=mm&r=g","contentUrl":"https:\/\/secure.gravatar.com\/avatar\/ab173937dad8d78195c87778be8a0285d069ede375ce0ae24aac1cf8e58ccb2c?s=96&d=mm&r=g","caption":"Flavio Braga"},"url":"https:\/\/www.blogsoestado.com\/flaviobraga\/author\/flaviobraga\/"}]}},"jetpack_featured_media_url":"","_links":{"self":[{"href":"https:\/\/www.blogsoestado.com\/flaviobraga\/wp-json\/wp\/v2\/posts\/1050","targetHints":{"allow":["GET"]}}],"collection":[{"href":"https:\/\/www.blogsoestado.com\/flaviobraga\/wp-json\/wp\/v2\/posts"}],"about":[{"href":"https:\/\/www.blogsoestado.com\/flaviobraga\/wp-json\/wp\/v2\/types\/post"}],"author":[{"embeddable":true,"href":"https:\/\/www.blogsoestado.com\/flaviobraga\/wp-json\/wp\/v2\/users\/8"}],"replies":[{"embeddable":true,"href":"https:\/\/www.blogsoestado.com\/flaviobraga\/wp-json\/wp\/v2\/comments?post=1050"}],"version-history":[{"count":0,"href":"https:\/\/www.blogsoestado.com\/flaviobraga\/wp-json\/wp\/v2\/posts\/1050\/revisions"}],"wp:attachment":[{"href":"https:\/\/www.blogsoestado.com\/flaviobraga\/wp-json\/wp\/v2\/media?parent=1050"}],"wp:term":[{"taxonomy":"category","embeddable":true,"href":"https:\/\/www.blogsoestado.com\/flaviobraga\/wp-json\/wp\/v2\/categories?post=1050"},{"taxonomy":"post_tag","embeddable":true,"href":"https:\/\/www.blogsoestado.com\/flaviobraga\/wp-json\/wp\/v2\/tags?post=1050"}],"curies":[{"name":"wp","href":"https:\/\/api.w.org\/{rel}","templated":true}]}}