{"id":1051,"date":"2011-02-08T16:47:28","date_gmt":"2011-02-08T18:47:28","guid":{"rendered":"https:\/\/www.blogsoestado.com\/flaviobraga\/?p=1051"},"modified":"2011-02-08T16:47:28","modified_gmt":"2011-02-08T18:47:28","slug":"collor-itamar-e-aecio-devem-assumir-comissao-de-reforma-politica","status":"publish","type":"post","link":"https:\/\/www.blogsoestado.com\/flaviobraga\/collor-itamar-e-aecio-devem-assumir-comissao-de-reforma-politica\/","title":{"rendered":"Collor, Itamar e A\u00e9cio devem assumir comiss\u00e3o de reforma pol\u00edtica"},"content":{"rendered":"<p>\u00a0 Os ex-presidentes Itamar Franco (PPS-MG) e Fernando Collor (PTB-AL), que assumiram este ano uma cadeira no Senado, dever\u00e3o integrar a Comiss\u00e3o de Reforma Pol\u00edtica.<\/p>\n<p>\u00a0Segundo o presidente do Senado, Jos\u00e9 Sarney (PMDB-AP), &#8220;os ex-presidentes da Rep\u00fablica que est\u00e3o no Congresso evidentemente far\u00e3o parte da comiss\u00e3o&#8221;.<\/p>\n<p>\u00a0O senador Alvaro Dias (PSDB-PR) disse \u00e0 <strong>Folha<\/strong> que Sarney j\u00e1 cravou outros nomes para integrar a comiss\u00e3o: A\u00e9cio Neves (PSDB-MG), Pimentel (PT-CE), Walter Pinheiro (PT-BA), Requi\u00e3o (PMDB-PR), Luiz Henrique (PMDB-SC) e Francisco Dornelles (PP-RJ).<\/p>\n<p>\u00a0Segundo o tucano, ele e Sarney conversaram nesta ter\u00e7a-feira (8) a respeito da comiss\u00e3o &#8211;que ser\u00e1 instalada nesa semana e ter\u00e1 um prazo de 60 dias de funcionamento. As indica\u00e7\u00f5es dever\u00e3o ocorrer ainda hoje.<\/p>\n","protected":false},"excerpt":{"rendered":"<p>\u00a0 Os ex-presidentes Itamar Franco (PPS-MG) e Fernando Collor (PTB-AL), que assumiram este ano uma cadeira no Senado, dever\u00e3o integrar [&hellip;]<\/p>\n","protected":false},"author":8,"featured_media":0,"comment_status":"open","ping_status":"open","sticky":false,"template":"","format":"standard","meta":{"site-sidebar-layout":"default","site-content-layout":"","ast-site-content-layout":"default","site-content-style":"default","site-sidebar-style":"default","ast-global-header-display":"","ast-banner-title-visibility":"","ast-main-header-display":"","ast-hfb-above-header-display":"","ast-hfb-below-header-display":"","ast-hfb-mobile-header-display":"","site-post-title":"","ast-breadcrumbs-content":"","ast-featured-img":"","footer-sml-layout":"","ast-disable-related-posts":"","theme-transparent-header-meta":"","adv-header-id-meta":"","stick-header-meta":"","header-above-stick-meta":"","header-main-stick-meta":"","header-below-stick-meta":"","astra-migrate-meta-layouts":"default","ast-page-background-enabled":"default","ast-page-background-meta":{"desktop":{"background-color":"var(--ast-global-color-5)","background-image":"","background-repeat":"repeat","background-position":"center center","background-size":"auto","background-attachment":"scroll","background-type":"","background-media":"","overlay-type":"","overlay-color":"","overlay-opacity":"","overlay-gradient":""},"tablet":{"background-color":"","background-image":"","background-repeat":"repeat","background-position":"center center","background-size":"auto","background-attachment":"scroll","background-type":"","background-media":"","overlay-type":"","overlay-color":"","overlay-opacity":"","overlay-gradient":""},"mobile":{"background-color":"","background-image":"","background-repeat":"repeat","background-position":"center center","background-size":"auto","background-attachment":"scroll","background-type":"","background-media":"","overlay-type":"","overlay-color":"","overlay-opacity":"","overlay-gradient":""}},"ast-content-background-meta":{"desktop":{"background-color":"var(--ast-global-color-4)","background-image":"","background-repeat":"repeat","background-position":"center center","background-size":"auto","background-attachment":"scroll","background-type":"","background-media":"","overlay-type":"","overlay-color":"","overlay-opacity":"","overlay-gradient":""},"tablet":{"background-color":"var(--ast-global-color-4)","background-image":"","background-repeat":"repeat","background-position":"center center","background-size":"auto","background-attachment":"scroll","background-type":"","background-media":"","overlay-type":"","overlay-color":"","overlay-opacity":"","overlay-gradient":""},"mobile":{"background-color":"var(--ast-global-color-4)","background-image":"","background-repeat":"repeat","background-position":"center center","background-size":"auto","background-attachment":"scroll","background-type":"","background-media":"","overlay-type":"","overlay-color":"","overlay-opacity":"","overlay-gradient":""}},"footnotes":""},"categories":[1],"tags":[],"class_list":["post-1051","post","type-post","status-publish","format-standard","hentry","category-sem-categoria"],"yoast_head":"<!-- This site is optimized with the Yoast SEO plugin v26.6 - https:\/\/yoast.com\/wordpress\/plugins\/seo\/ -->\n<title>Collor, Itamar e A\u00e9cio devem assumir comiss\u00e3o de reforma pol\u00edtica - Fl\u00e1vio Braga<\/title>\n<meta name=\"robots\" content=\"index, follow, max-snippet:-1, max-image-preview:large, max-video-preview:-1\" \/>\n<link rel=\"canonical\" href=\"https:\/\/www.blogsoestado.com\/flaviobraga\/collor-itamar-e-aecio-devem-assumir-comissao-de-reforma-politica\/\" \/>\n<meta property=\"og:locale\" content=\"pt_BR\" \/>\n<meta property=\"og:type\" content=\"article\" \/>\n<meta property=\"og:title\" content=\"Collor, Itamar e A\u00e9cio devem assumir comiss\u00e3o de reforma pol\u00edtica - Fl\u00e1vio Braga\" \/>\n<meta property=\"og:description\" content=\"\u00a0 Os ex-presidentes Itamar Franco (PPS-MG) e Fernando Collor (PTB-AL), que assumiram este ano uma cadeira no Senado, dever\u00e3o integrar [&hellip;]\" \/>\n<meta property=\"og:url\" content=\"https:\/\/www.blogsoestado.com\/flaviobraga\/collor-itamar-e-aecio-devem-assumir-comissao-de-reforma-politica\/\" \/>\n<meta property=\"og:site_name\" content=\"Fl\u00e1vio Braga\" \/>\n<meta property=\"article:published_time\" content=\"2011-02-08T18:47:28+00:00\" \/>\n<meta name=\"author\" content=\"Flavio Braga\" \/>\n<meta name=\"twitter:card\" content=\"summary_large_image\" \/>\n<meta name=\"twitter:label1\" content=\"Escrito por\" \/>\n\t<meta name=\"twitter:data1\" content=\"Flavio Braga\" \/>\n\t<meta name=\"twitter:label2\" content=\"Est. tempo de leitura\" \/>\n\t<meta name=\"twitter:data2\" content=\"1 minuto\" \/>\n<script type=\"application\/ld+json\" class=\"yoast-schema-graph\">{\"@context\":\"https:\/\/schema.org\",\"@graph\":[{\"@type\":\"WebPage\",\"@id\":\"https:\/\/www.blogsoestado.com\/flaviobraga\/collor-itamar-e-aecio-devem-assumir-comissao-de-reforma-politica\/\",\"url\":\"https:\/\/www.blogsoestado.com\/flaviobraga\/collor-itamar-e-aecio-devem-assumir-comissao-de-reforma-politica\/\",\"name\":\"Collor, Itamar e A\u00e9cio devem assumir comiss\u00e3o de reforma pol\u00edtica - Fl\u00e1vio Braga\",\"isPartOf\":{\"@id\":\"https:\/\/www.blogsoestado.com\/flaviobraga\/#website\"},\"datePublished\":\"2011-02-08T18:47:28+00:00\",\"author\":{\"@id\":\"https:\/\/www.blogsoestado.com\/flaviobraga\/#\/schema\/person\/6c6c778331775c757a82d15206bd8733\"},\"breadcrumb\":{\"@id\":\"https:\/\/www.blogsoestado.com\/flaviobraga\/collor-itamar-e-aecio-devem-assumir-comissao-de-reforma-politica\/#breadcrumb\"},\"inLanguage\":\"pt-BR\",\"potentialAction\":[{\"@type\":\"ReadAction\",\"target\":[\"https:\/\/www.blogsoestado.com\/flaviobraga\/collor-itamar-e-aecio-devem-assumir-comissao-de-reforma-politica\/\"]}]},{\"@type\":\"BreadcrumbList\",\"@id\":\"https:\/\/www.blogsoestado.com\/flaviobraga\/collor-itamar-e-aecio-devem-assumir-comissao-de-reforma-politica\/#breadcrumb\",\"itemListElement\":[{\"@type\":\"ListItem\",\"position\":1,\"name\":\"In\u00edcio\",\"item\":\"https:\/\/www.blogsoestado.com\/flaviobraga\/\"},{\"@type\":\"ListItem\",\"position\":2,\"name\":\"Collor, Itamar e A\u00e9cio devem assumir comiss\u00e3o de reforma pol\u00edtica\"}]},{\"@type\":\"WebSite\",\"@id\":\"https:\/\/www.blogsoestado.com\/flaviobraga\/#website\",\"url\":\"https:\/\/www.blogsoestado.com\/flaviobraga\/\",\"name\":\"Fl\u00e1vio Braga\",\"description\":\"\",\"potentialAction\":[{\"@type\":\"SearchAction\",\"target\":{\"@type\":\"EntryPoint\",\"urlTemplate\":\"https:\/\/www.blogsoestado.com\/flaviobraga\/?s={search_term_string}\"},\"query-input\":{\"@type\":\"PropertyValueSpecification\",\"valueRequired\":true,\"valueName\":\"search_term_string\"}}],\"inLanguage\":\"pt-BR\"},{\"@type\":\"Person\",\"@id\":\"https:\/\/www.blogsoestado.com\/flaviobraga\/#\/schema\/person\/6c6c778331775c757a82d15206bd8733\",\"name\":\"Flavio Braga\",\"image\":{\"@type\":\"ImageObject\",\"inLanguage\":\"pt-BR\",\"@id\":\"https:\/\/www.blogsoestado.com\/flaviobraga\/#\/schema\/person\/image\/\",\"url\":\"https:\/\/secure.gravatar.com\/avatar\/ab173937dad8d78195c87778be8a0285d069ede375ce0ae24aac1cf8e58ccb2c?s=96&d=mm&r=g\",\"contentUrl\":\"https:\/\/secure.gravatar.com\/avatar\/ab173937dad8d78195c87778be8a0285d069ede375ce0ae24aac1cf8e58ccb2c?s=96&d=mm&r=g\",\"caption\":\"Flavio Braga\"},\"url\":\"https:\/\/www.blogsoestado.com\/flaviobraga\/author\/flaviobraga\/\"}]}<\/script>\n<!-- \/ Yoast SEO plugin. -->","yoast_head_json":{"title":"Collor, Itamar e A\u00e9cio devem assumir comiss\u00e3o de reforma pol\u00edtica - Fl\u00e1vio Braga","robots":{"index":"index","follow":"follow","max-snippet":"max-snippet:-1","max-image-preview":"max-image-preview:large","max-video-preview":"max-video-preview:-1"},"canonical":"https:\/\/www.blogsoestado.com\/flaviobraga\/collor-itamar-e-aecio-devem-assumir-comissao-de-reforma-politica\/","og_locale":"pt_BR","og_type":"article","og_title":"Collor, Itamar e A\u00e9cio devem assumir comiss\u00e3o de reforma pol\u00edtica - Fl\u00e1vio Braga","og_description":"\u00a0 Os ex-presidentes Itamar Franco (PPS-MG) e Fernando Collor (PTB-AL), que assumiram este ano uma cadeira no Senado, dever\u00e3o integrar [&hellip;]","og_url":"https:\/\/www.blogsoestado.com\/flaviobraga\/collor-itamar-e-aecio-devem-assumir-comissao-de-reforma-politica\/","og_site_name":"Fl\u00e1vio Braga","article_published_time":"2011-02-08T18:47:28+00:00","author":"Flavio Braga","twitter_card":"summary_large_image","twitter_misc":{"Escrito por":"Flavio Braga","Est. tempo de leitura":"1 minuto"},"schema":{"@context":"https:\/\/schema.org","@graph":[{"@type":"WebPage","@id":"https:\/\/www.blogsoestado.com\/flaviobraga\/collor-itamar-e-aecio-devem-assumir-comissao-de-reforma-politica\/","url":"https:\/\/www.blogsoestado.com\/flaviobraga\/collor-itamar-e-aecio-devem-assumir-comissao-de-reforma-politica\/","name":"Collor, Itamar e A\u00e9cio devem assumir comiss\u00e3o de reforma pol\u00edtica - Fl\u00e1vio Braga","isPartOf":{"@id":"https:\/\/www.blogsoestado.com\/flaviobraga\/#website"},"datePublished":"2011-02-08T18:47:28+00:00","author":{"@id":"https:\/\/www.blogsoestado.com\/flaviobraga\/#\/schema\/person\/6c6c778331775c757a82d15206bd8733"},"breadcrumb":{"@id":"https:\/\/www.blogsoestado.com\/flaviobraga\/collor-itamar-e-aecio-devem-assumir-comissao-de-reforma-politica\/#breadcrumb"},"inLanguage":"pt-BR","potentialAction":[{"@type":"ReadAction","target":["https:\/\/www.blogsoestado.com\/flaviobraga\/collor-itamar-e-aecio-devem-assumir-comissao-de-reforma-politica\/"]}]},{"@type":"BreadcrumbList","@id":"https:\/\/www.blogsoestado.com\/flaviobraga\/collor-itamar-e-aecio-devem-assumir-comissao-de-reforma-politica\/#breadcrumb","itemListElement":[{"@type":"ListItem","position":1,"name":"In\u00edcio","item":"https:\/\/www.blogsoestado.com\/flaviobraga\/"},{"@type":"ListItem","position":2,"name":"Collor, Itamar e A\u00e9cio devem assumir comiss\u00e3o de reforma pol\u00edtica"}]},{"@type":"WebSite","@id":"https:\/\/www.blogsoestado.com\/flaviobraga\/#website","url":"https:\/\/www.blogsoestado.com\/flaviobraga\/","name":"Fl\u00e1vio Braga","description":"","potentialAction":[{"@type":"SearchAction","target":{"@type":"EntryPoint","urlTemplate":"https:\/\/www.blogsoestado.com\/flaviobraga\/?s={search_term_string}"},"query-input":{"@type":"PropertyValueSpecification","valueRequired":true,"valueName":"search_term_string"}}],"inLanguage":"pt-BR"},{"@type":"Person","@id":"https:\/\/www.blogsoestado.com\/flaviobraga\/#\/schema\/person\/6c6c778331775c757a82d15206bd8733","name":"Flavio Braga","image":{"@type":"ImageObject","inLanguage":"pt-BR","@id":"https:\/\/www.blogsoestado.com\/flaviobraga\/#\/schema\/person\/image\/","url":"https:\/\/secure.gravatar.com\/avatar\/ab173937dad8d78195c87778be8a0285d069ede375ce0ae24aac1cf8e58ccb2c?s=96&d=mm&r=g","contentUrl":"https:\/\/secure.gravatar.com\/avatar\/ab173937dad8d78195c87778be8a0285d069ede375ce0ae24aac1cf8e58ccb2c?s=96&d=mm&r=g","caption":"Flavio Braga"},"url":"https:\/\/www.blogsoestado.com\/flaviobraga\/author\/flaviobraga\/"}]}},"jetpack_featured_media_url":"","_links":{"self":[{"href":"https:\/\/www.blogsoestado.com\/flaviobraga\/wp-json\/wp\/v2\/posts\/1051","targetHints":{"allow":["GET"]}}],"collection":[{"href":"https:\/\/www.blogsoestado.com\/flaviobraga\/wp-json\/wp\/v2\/posts"}],"about":[{"href":"https:\/\/www.blogsoestado.com\/flaviobraga\/wp-json\/wp\/v2\/types\/post"}],"author":[{"embeddable":true,"href":"https:\/\/www.blogsoestado.com\/flaviobraga\/wp-json\/wp\/v2\/users\/8"}],"replies":[{"embeddable":true,"href":"https:\/\/www.blogsoestado.com\/flaviobraga\/wp-json\/wp\/v2\/comments?post=1051"}],"version-history":[{"count":0,"href":"https:\/\/www.blogsoestado.com\/flaviobraga\/wp-json\/wp\/v2\/posts\/1051\/revisions"}],"wp:attachment":[{"href":"https:\/\/www.blogsoestado.com\/flaviobraga\/wp-json\/wp\/v2\/media?parent=1051"}],"wp:term":[{"taxonomy":"category","embeddable":true,"href":"https:\/\/www.blogsoestado.com\/flaviobraga\/wp-json\/wp\/v2\/categories?post=1051"},{"taxonomy":"post_tag","embeddable":true,"href":"https:\/\/www.blogsoestado.com\/flaviobraga\/wp-json\/wp\/v2\/tags?post=1051"}],"curies":[{"name":"wp","href":"https:\/\/api.w.org\/{rel}","templated":true}]}}