{"id":1053,"date":"2011-02-08T17:52:14","date_gmt":"2011-02-08T19:52:14","guid":{"rendered":"https:\/\/www.blogsoestado.com\/flaviobraga\/?p=1053"},"modified":"2011-02-08T17:52:14","modified_gmt":"2011-02-08T19:52:14","slug":"camara-vai-votar-proposta-sobre-suplentes-diz-maia","status":"publish","type":"post","link":"https:\/\/www.blogsoestado.com\/flaviobraga\/camara-vai-votar-proposta-sobre-suplentes-diz-maia\/","title":{"rendered":"C\u00e2mara vai votar proposta sobre suplentes, diz Maia"},"content":{"rendered":"<p>Depois da confus\u00e3o instalada pelas decis\u00f5es recentes do Supremo Tribunal Federal (STF), o presidente da C\u00e2mara dos Deputados, Marco Maia (PT-RS), afirmou nesta ter\u00e7a-feira (8) que a solu\u00e7\u00e3o para a quest\u00e3o dos suplentes vir\u00e1 do Legislativo.<\/p>\n<p>O an\u00fancio ocorreu em entrevista coletiva ap\u00f3s reuni\u00e3o com o presidente do STF, Cezar Peluso, e do Senado, Jos\u00e9 Sarney (PMDB-AP). Em quatro decis\u00f5es diferentes, os ministros da mais alta corte do pa\u00eds determinaram que a C\u00e2mara desse posse ao suplente mais votado do partido, e n\u00e3o da coliga\u00e7\u00e3o, como vinha ocorrendo.<\/p>\n<p>Eles se encontraram na manh\u00e3 de hoje no STF. Oficialmente, a pauta era a discuss\u00e3o da formaliza\u00e7\u00e3o do pacto federativo. No entanto, como o <strong>Congresso em Foco<\/strong> adiantou, a <a href=\"http:\/\/congressoemfoco.uol.com.br\/noticia.asp?cod_canal=21&amp;cod_publicacao=36002\"><strong>reuni\u00e3o tratou essencialmente de dois temas: suplentes e a sabatina de Luiz Fux para compor o Supremo<\/strong><\/a>.\u00a0<\/p>\n<p>A inten\u00e7\u00e3o era informar Peluso que a C\u00e2mara vai continuar a dar posse aos suplentes pela ordem na coliga\u00e7\u00e3o.\u00a0Marco Maia tamb\u00e9m disse ao presidente do STF\u00a0que os parlamentares pretendem aprovar uma proposta\u00a0para acabar com as d\u00favidas sobre quem assume o cargo.<\/p>\n<p>&#8220;O tema vai ter de ser analisado pelo pleno do Supremo. Colocamos algumas preocupa\u00e7\u00f5es em rela\u00e7\u00e3o a essa mat\u00e9ria e trabalhamos no sentido de buscar um caminho que possa viabilizar uma tranquilidade entre parlamento e STF. N\u00f3s, na C\u00e2mara, vamos tratar desse assunto nos pr\u00f3ximos dias e caminhamos para uma solu\u00e7\u00e3o que venha do Legislativo&#8221;, afirmou Maia.<\/p>\n<p>O presidente da C\u00e2mara disse que o Legislativo vai tentar &#8220;pacificar&#8221; a quest\u00e3o com o Supremo com a ideia de que h\u00e1 d\u00e9cadas a Casa empossa os suplentes da coliga\u00e7\u00e3o.<\/p>\n<p>A corte pode mudar de opini\u00e3o, j\u00e1 que tr\u00eas ministros n\u00e3o se posicionaram na mat\u00e9ria. Celso de Mello e Ellen Gracie n\u00e3o votaram na an\u00e1lise do primeiro caso, envolvendo o suplente do deputado Natan Donadon (PMDB-RO). O resultado foi cinco a tr\u00eas para dar posse ao suplente do partido. E ainda existe a vaga deixada por Eros Grau, aposentado em agosto do ano passado, e que deve ser substitu\u00eddo por Fux.<\/p>\n<p>&#8220;Vamos tentar pacificar isso a partir da ideia de que t\u00ednhamos uma regra existente da elei\u00e7\u00e3o dos suplentes a partir da coliga\u00e7\u00e3o, e que orientou a forma\u00e7\u00e3o das coliga\u00e7\u00f5es nas \u00faltimas elei\u00e7\u00f5es. N\u00e3o havendo condi\u00e7\u00f5es de chegar a um entendimento como esse, vamos avaliar l\u00e1 na frente quais medidas que poder\u00e3o ser tomadas para que haja pacifica\u00e7\u00e3o nessa mat\u00e9ria&#8221;, afirmou o presidente da C\u00e2mara.<\/p>\n<p>Hoje \u00e0 tarde, os l\u00edderes e depois a Mesa Diretora se re\u00fanem. Em pauta, al\u00e9m das mat\u00e9rias que ser\u00e3o analisadas pelos deputados, a quest\u00e3o dos suplentes.<\/p>\n<p>A reuni\u00e3o durou aproximadamente meia hora. Peluso foi o \u00fanico a n\u00e3o dar entrevista aos jornalistas. Maia refor\u00e7ou o que disse ontem. Segundo o presidente da C\u00e2mara, a Casa vai continuar dando posse aos suplentes de coliga\u00e7\u00e3o. &#8220;Vamos continuar mantendo o entendimento anterior, que \u00e9 o entendimento v\u00e1lido para esse momento, dando posse aos suplentes da coliga\u00e7\u00e3o. Esta informa\u00e7\u00e3o n\u00f3s temos dos TREs estaduais que, ao diplomar, diplomam na ordem da coliga\u00e7\u00e3o. Na sequ\u00eancia vamos analisar caso a caso as liminares as decis\u00f5es tomadas pelo Supremo. Agora vamos manter o entendimento anterior que o suplente \u00e9 da coliga\u00e7\u00e3o, e n\u00e3o do partido&#8221;, completou.<\/p>\n<p>(Com informa\u00e7\u00f5es do Congresso em Foco).<\/p>\n","protected":false},"excerpt":{"rendered":"<p>Depois da confus\u00e3o instalada pelas decis\u00f5es recentes do Supremo Tribunal Federal (STF), o presidente da C\u00e2mara dos Deputados, Marco Maia [&hellip;]<\/p>\n","protected":false},"author":8,"featured_media":0,"comment_status":"open","ping_status":"open","sticky":false,"template":"","format":"standard","meta":{"site-sidebar-layout":"default","site-content-layout":"","ast-site-content-layout":"default","site-content-style":"default","site-sidebar-style":"default","ast-global-header-display":"","ast-banner-title-visibility":"","ast-main-header-display":"","ast-hfb-above-header-display":"","ast-hfb-below-header-display":"","ast-hfb-mobile-header-display":"","site-post-title":"","ast-breadcrumbs-content":"","ast-featured-img":"","footer-sml-layout":"","ast-disable-related-posts":"","theme-transparent-header-meta":"","adv-header-id-meta":"","stick-header-meta":"","header-above-stick-meta":"","header-main-stick-meta":"","header-below-stick-meta":"","astra-migrate-meta-layouts":"default","ast-page-background-enabled":"default","ast-page-background-meta":{"desktop":{"background-color":"var(--ast-global-color-5)","background-image":"","background-repeat":"repeat","background-position":"center center","background-size":"auto","background-attachment":"scroll","background-type":"","background-media":"","overlay-type":"","overlay-color":"","overlay-opacity":"","overlay-gradient":""},"tablet":{"background-color":"","background-image":"","background-repeat":"repeat","background-position":"center center","background-size":"auto","background-attachment":"scroll","background-type":"","background-media":"","overlay-type":"","overlay-color":"","overlay-opacity":"","overlay-gradient":""},"mobile":{"background-color":"","background-image":"","background-repeat":"repeat","background-position":"center center","background-size":"auto","background-attachment":"scroll","background-type":"","background-media":"","overlay-type":"","overlay-color":"","overlay-opacity":"","overlay-gradient":""}},"ast-content-background-meta":{"desktop":{"background-color":"var(--ast-global-color-4)","background-image":"","background-repeat":"repeat","background-position":"center center","background-size":"auto","background-attachment":"scroll","background-type":"","background-media":"","overlay-type":"","overlay-color":"","overlay-opacity":"","overlay-gradient":""},"tablet":{"background-color":"var(--ast-global-color-4)","background-image":"","background-repeat":"repeat","background-position":"center center","background-size":"auto","background-attachment":"scroll","background-type":"","background-media":"","overlay-type":"","overlay-color":"","overlay-opacity":"","overlay-gradient":""},"mobile":{"background-color":"var(--ast-global-color-4)","background-image":"","background-repeat":"repeat","background-position":"center center","background-size":"auto","background-attachment":"scroll","background-type":"","background-media":"","overlay-type":"","overlay-color":"","overlay-opacity":"","overlay-gradient":""}},"footnotes":""},"categories":[1],"tags":[],"class_list":["post-1053","post","type-post","status-publish","format-standard","hentry","category-sem-categoria"],"yoast_head":"<!-- This site is optimized with the Yoast SEO plugin v26.6 - https:\/\/yoast.com\/wordpress\/plugins\/seo\/ -->\n<title>C\u00e2mara vai votar proposta sobre suplentes, diz Maia - Fl\u00e1vio Braga<\/title>\n<meta name=\"robots\" content=\"index, follow, max-snippet:-1, max-image-preview:large, max-video-preview:-1\" \/>\n<link rel=\"canonical\" href=\"https:\/\/www.blogsoestado.com\/flaviobraga\/camara-vai-votar-proposta-sobre-suplentes-diz-maia\/\" \/>\n<meta property=\"og:locale\" content=\"pt_BR\" \/>\n<meta property=\"og:type\" content=\"article\" \/>\n<meta property=\"og:title\" content=\"C\u00e2mara vai votar proposta sobre suplentes, diz Maia - Fl\u00e1vio Braga\" \/>\n<meta property=\"og:description\" content=\"Depois da confus\u00e3o instalada pelas decis\u00f5es recentes do Supremo Tribunal Federal (STF), o presidente da C\u00e2mara dos Deputados, Marco Maia [&hellip;]\" \/>\n<meta property=\"og:url\" content=\"https:\/\/www.blogsoestado.com\/flaviobraga\/camara-vai-votar-proposta-sobre-suplentes-diz-maia\/\" \/>\n<meta property=\"og:site_name\" content=\"Fl\u00e1vio Braga\" \/>\n<meta property=\"article:published_time\" content=\"2011-02-08T19:52:14+00:00\" \/>\n<meta name=\"author\" content=\"Flavio Braga\" \/>\n<meta name=\"twitter:card\" content=\"summary_large_image\" \/>\n<meta name=\"twitter:label1\" content=\"Escrito por\" \/>\n\t<meta name=\"twitter:data1\" content=\"Flavio Braga\" \/>\n\t<meta name=\"twitter:label2\" content=\"Est. tempo de leitura\" \/>\n\t<meta name=\"twitter:data2\" content=\"3 minutos\" \/>\n<script type=\"application\/ld+json\" class=\"yoast-schema-graph\">{\"@context\":\"https:\/\/schema.org\",\"@graph\":[{\"@type\":\"WebPage\",\"@id\":\"https:\/\/www.blogsoestado.com\/flaviobraga\/camara-vai-votar-proposta-sobre-suplentes-diz-maia\/\",\"url\":\"https:\/\/www.blogsoestado.com\/flaviobraga\/camara-vai-votar-proposta-sobre-suplentes-diz-maia\/\",\"name\":\"C\u00e2mara vai votar proposta sobre suplentes, diz Maia - Fl\u00e1vio Braga\",\"isPartOf\":{\"@id\":\"https:\/\/www.blogsoestado.com\/flaviobraga\/#website\"},\"datePublished\":\"2011-02-08T19:52:14+00:00\",\"author\":{\"@id\":\"https:\/\/www.blogsoestado.com\/flaviobraga\/#\/schema\/person\/6c6c778331775c757a82d15206bd8733\"},\"breadcrumb\":{\"@id\":\"https:\/\/www.blogsoestado.com\/flaviobraga\/camara-vai-votar-proposta-sobre-suplentes-diz-maia\/#breadcrumb\"},\"inLanguage\":\"pt-BR\",\"potentialAction\":[{\"@type\":\"ReadAction\",\"target\":[\"https:\/\/www.blogsoestado.com\/flaviobraga\/camara-vai-votar-proposta-sobre-suplentes-diz-maia\/\"]}]},{\"@type\":\"BreadcrumbList\",\"@id\":\"https:\/\/www.blogsoestado.com\/flaviobraga\/camara-vai-votar-proposta-sobre-suplentes-diz-maia\/#breadcrumb\",\"itemListElement\":[{\"@type\":\"ListItem\",\"position\":1,\"name\":\"In\u00edcio\",\"item\":\"https:\/\/www.blogsoestado.com\/flaviobraga\/\"},{\"@type\":\"ListItem\",\"position\":2,\"name\":\"C\u00e2mara vai votar proposta sobre suplentes, diz Maia\"}]},{\"@type\":\"WebSite\",\"@id\":\"https:\/\/www.blogsoestado.com\/flaviobraga\/#website\",\"url\":\"https:\/\/www.blogsoestado.com\/flaviobraga\/\",\"name\":\"Fl\u00e1vio Braga\",\"description\":\"\",\"potentialAction\":[{\"@type\":\"SearchAction\",\"target\":{\"@type\":\"EntryPoint\",\"urlTemplate\":\"https:\/\/www.blogsoestado.com\/flaviobraga\/?s={search_term_string}\"},\"query-input\":{\"@type\":\"PropertyValueSpecification\",\"valueRequired\":true,\"valueName\":\"search_term_string\"}}],\"inLanguage\":\"pt-BR\"},{\"@type\":\"Person\",\"@id\":\"https:\/\/www.blogsoestado.com\/flaviobraga\/#\/schema\/person\/6c6c778331775c757a82d15206bd8733\",\"name\":\"Flavio Braga\",\"image\":{\"@type\":\"ImageObject\",\"inLanguage\":\"pt-BR\",\"@id\":\"https:\/\/www.blogsoestado.com\/flaviobraga\/#\/schema\/person\/image\/\",\"url\":\"https:\/\/secure.gravatar.com\/avatar\/ab173937dad8d78195c87778be8a0285d069ede375ce0ae24aac1cf8e58ccb2c?s=96&d=mm&r=g\",\"contentUrl\":\"https:\/\/secure.gravatar.com\/avatar\/ab173937dad8d78195c87778be8a0285d069ede375ce0ae24aac1cf8e58ccb2c?s=96&d=mm&r=g\",\"caption\":\"Flavio Braga\"},\"url\":\"https:\/\/www.blogsoestado.com\/flaviobraga\/author\/flaviobraga\/\"}]}<\/script>\n<!-- \/ Yoast SEO plugin. -->","yoast_head_json":{"title":"C\u00e2mara vai votar proposta sobre suplentes, diz Maia - Fl\u00e1vio Braga","robots":{"index":"index","follow":"follow","max-snippet":"max-snippet:-1","max-image-preview":"max-image-preview:large","max-video-preview":"max-video-preview:-1"},"canonical":"https:\/\/www.blogsoestado.com\/flaviobraga\/camara-vai-votar-proposta-sobre-suplentes-diz-maia\/","og_locale":"pt_BR","og_type":"article","og_title":"C\u00e2mara vai votar proposta sobre suplentes, diz Maia - Fl\u00e1vio Braga","og_description":"Depois da confus\u00e3o instalada pelas decis\u00f5es recentes do Supremo Tribunal Federal (STF), o presidente da C\u00e2mara dos Deputados, Marco Maia [&hellip;]","og_url":"https:\/\/www.blogsoestado.com\/flaviobraga\/camara-vai-votar-proposta-sobre-suplentes-diz-maia\/","og_site_name":"Fl\u00e1vio Braga","article_published_time":"2011-02-08T19:52:14+00:00","author":"Flavio Braga","twitter_card":"summary_large_image","twitter_misc":{"Escrito por":"Flavio Braga","Est. tempo de leitura":"3 minutos"},"schema":{"@context":"https:\/\/schema.org","@graph":[{"@type":"WebPage","@id":"https:\/\/www.blogsoestado.com\/flaviobraga\/camara-vai-votar-proposta-sobre-suplentes-diz-maia\/","url":"https:\/\/www.blogsoestado.com\/flaviobraga\/camara-vai-votar-proposta-sobre-suplentes-diz-maia\/","name":"C\u00e2mara vai votar proposta sobre suplentes, diz Maia - Fl\u00e1vio Braga","isPartOf":{"@id":"https:\/\/www.blogsoestado.com\/flaviobraga\/#website"},"datePublished":"2011-02-08T19:52:14+00:00","author":{"@id":"https:\/\/www.blogsoestado.com\/flaviobraga\/#\/schema\/person\/6c6c778331775c757a82d15206bd8733"},"breadcrumb":{"@id":"https:\/\/www.blogsoestado.com\/flaviobraga\/camara-vai-votar-proposta-sobre-suplentes-diz-maia\/#breadcrumb"},"inLanguage":"pt-BR","potentialAction":[{"@type":"ReadAction","target":["https:\/\/www.blogsoestado.com\/flaviobraga\/camara-vai-votar-proposta-sobre-suplentes-diz-maia\/"]}]},{"@type":"BreadcrumbList","@id":"https:\/\/www.blogsoestado.com\/flaviobraga\/camara-vai-votar-proposta-sobre-suplentes-diz-maia\/#breadcrumb","itemListElement":[{"@type":"ListItem","position":1,"name":"In\u00edcio","item":"https:\/\/www.blogsoestado.com\/flaviobraga\/"},{"@type":"ListItem","position":2,"name":"C\u00e2mara vai votar proposta sobre suplentes, diz Maia"}]},{"@type":"WebSite","@id":"https:\/\/www.blogsoestado.com\/flaviobraga\/#website","url":"https:\/\/www.blogsoestado.com\/flaviobraga\/","name":"Fl\u00e1vio Braga","description":"","potentialAction":[{"@type":"SearchAction","target":{"@type":"EntryPoint","urlTemplate":"https:\/\/www.blogsoestado.com\/flaviobraga\/?s={search_term_string}"},"query-input":{"@type":"PropertyValueSpecification","valueRequired":true,"valueName":"search_term_string"}}],"inLanguage":"pt-BR"},{"@type":"Person","@id":"https:\/\/www.blogsoestado.com\/flaviobraga\/#\/schema\/person\/6c6c778331775c757a82d15206bd8733","name":"Flavio Braga","image":{"@type":"ImageObject","inLanguage":"pt-BR","@id":"https:\/\/www.blogsoestado.com\/flaviobraga\/#\/schema\/person\/image\/","url":"https:\/\/secure.gravatar.com\/avatar\/ab173937dad8d78195c87778be8a0285d069ede375ce0ae24aac1cf8e58ccb2c?s=96&d=mm&r=g","contentUrl":"https:\/\/secure.gravatar.com\/avatar\/ab173937dad8d78195c87778be8a0285d069ede375ce0ae24aac1cf8e58ccb2c?s=96&d=mm&r=g","caption":"Flavio Braga"},"url":"https:\/\/www.blogsoestado.com\/flaviobraga\/author\/flaviobraga\/"}]}},"jetpack_featured_media_url":"","_links":{"self":[{"href":"https:\/\/www.blogsoestado.com\/flaviobraga\/wp-json\/wp\/v2\/posts\/1053","targetHints":{"allow":["GET"]}}],"collection":[{"href":"https:\/\/www.blogsoestado.com\/flaviobraga\/wp-json\/wp\/v2\/posts"}],"about":[{"href":"https:\/\/www.blogsoestado.com\/flaviobraga\/wp-json\/wp\/v2\/types\/post"}],"author":[{"embeddable":true,"href":"https:\/\/www.blogsoestado.com\/flaviobraga\/wp-json\/wp\/v2\/users\/8"}],"replies":[{"embeddable":true,"href":"https:\/\/www.blogsoestado.com\/flaviobraga\/wp-json\/wp\/v2\/comments?post=1053"}],"version-history":[{"count":0,"href":"https:\/\/www.blogsoestado.com\/flaviobraga\/wp-json\/wp\/v2\/posts\/1053\/revisions"}],"wp:attachment":[{"href":"https:\/\/www.blogsoestado.com\/flaviobraga\/wp-json\/wp\/v2\/media?parent=1053"}],"wp:term":[{"taxonomy":"category","embeddable":true,"href":"https:\/\/www.blogsoestado.com\/flaviobraga\/wp-json\/wp\/v2\/categories?post=1053"},{"taxonomy":"post_tag","embeddable":true,"href":"https:\/\/www.blogsoestado.com\/flaviobraga\/wp-json\/wp\/v2\/tags?post=1053"}],"curies":[{"name":"wp","href":"https:\/\/api.w.org\/{rel}","templated":true}]}}