{"id":1055,"date":"2011-02-08T18:05:53","date_gmt":"2011-02-08T20:05:53","guid":{"rendered":"https:\/\/www.blogsoestado.com\/flaviobraga\/?p=1055"},"modified":"2011-02-08T18:05:53","modified_gmt":"2011-02-08T20:05:53","slug":"a-reforma-eleitoral-necessaria","status":"publish","type":"post","link":"https:\/\/www.blogsoestado.com\/flaviobraga\/a-reforma-eleitoral-necessaria\/","title":{"rendered":"A reforma eleitoral necess\u00e1ria"},"content":{"rendered":"<p><strong>Por Lizete Andreis Sebben*<\/strong><\/p>\n<p>O ministro do Supremo Tribunal Federal (STF) Dias Toffoli, presidente da comiss\u00e3o criada e nomeada em junho de 2010 pelo Senado para a elabora\u00e7\u00e3o do anteprojeto de reforma da legisla\u00e7\u00e3o eleitoral, disse que \u201ca Justi\u00e7a eleitoral brasileira \u00e9 exemplo para o mundo, por\u00e9m pode e deve ser aperfei\u00e7oada\u201d.<\/p>\n<p>O exemplo, que extrapola as fronteiras nacionais, vem embasado nas normas existentes, constitucionais e infraconstitucionais, constitu\u00eddas do C\u00f3digo Eleitoral (1965), Lei das Inelegibilidades (1990), Lei dos Partidos Pol\u00edticos (1995) e Lei das Elei\u00e7\u00f5es (1997), dentre outras, fundamentando as in\u00fameras decis\u00f5es proferidas pela Justi\u00e7a Eleitoral do pa\u00eds.<\/p>\n<p>At\u00e9 1996, em cada pleito surgiram normas editadas que vigoravam at\u00e9 o encerramento das elei\u00e7\u00f5es. Com a vig\u00eancia da Lei 9.504\/97, conhecida como Lei das Elei\u00e7\u00f5es, a ent\u00e3o temporariedade deixou de existir, prevalecendo essa, em car\u00e1ter permanente. Por delega\u00e7\u00e3o expressa do C\u00f3digo Eleitoral, o Tribunal Superior Eleitoral estabelece, por meio de resolu\u00e7\u00f5es, normas espec\u00edficas a regrar o comportamento eleitoral em cada pleito.<\/p>\n<p>\u00c9 evidente que tais normas, elaboradas em diferentes momentos hist\u00f3ricos brasileiros, reclamam urgente reformula\u00e7\u00e3o, inclusive com a consolida\u00e7\u00e3o e o aperfei\u00e7oamento dessas.<\/p>\n<p>O questionamento levantado e do qual n\u00e3o se pode fugir \u00e9 sobre a conveni\u00eancia e oportunidade da edi\u00e7\u00e3o de um novo C\u00f3digo Eleitoral, ou se a simples consolida\u00e7\u00e3o das normas existentes j\u00e1 atingiria o objetivo pretendido, tendo sempre presente a ideia j\u00e1 fixada e externada pelo presidente da comiss\u00e3o nomeada pela Justi\u00e7a eleitoral. Soma-se que o processo eleitoral \u00e9 muito din\u00e2mico e a eventual unifica\u00e7\u00e3o pode engessar quest\u00f5es que venham a necessitar de adequa\u00e7\u00e3o em curto espa\u00e7o de tempo, prejudicando o processo.<\/p>\n<p>Aperfei\u00e7oamento, adequa\u00e7\u00e3o \u00e0 realidade, exclus\u00e3o de t\u00f3picos in\u00f3cuos ou a cria\u00e7\u00e3o de institutos necess\u00e1rios podem ser introduzidos nas normas existentes, inclusive por meio de consolida\u00e7\u00e3o, sem a necessidade de cria\u00e7\u00e3o de nova codifica\u00e7\u00e3o, em que se evidenciaria uma quebra nos regramentos existentes, como se o mencionado exemplo mundial inexistisse.<\/p>\n<p>Objetivando sistematizar, facilitar e agilizar o trabalho, a comiss\u00e3o de juristas dividiu a reforma em quatro sub-relatorias \u2013 administra\u00e7\u00e3o e organiza\u00e7\u00e3o das elei\u00e7\u00f5es, direito penal eleitoral e direito processual penal eleitoral, direito processual eleitoral n\u00e3o penal e direito material eleitoral n\u00e3o penal.<\/p>\n<p>O momento \u00e9 de elabora\u00e7\u00e3o do anteprojeto pela respectiva comiss\u00e3o, j\u00e1 tendo sido encerrada a fase de realiza\u00e7\u00e3o de audi\u00eancias p\u00fablicas nas quais foram coletadas propostas. O prazo inicial, de 120 dias para a conclus\u00e3o da tarefa, foi prorrogado, sendo que o anteprojeto dever\u00e1 ser apresentado em abril deste ano, quando, ent\u00e3o, ser\u00e1 submetido, primeiramente, \u00e0 an\u00e1lise do Senado.<\/p>\n<p>Aprovado o projeto nas duas casas legislativas e sancionado pela presidenta da Rep\u00fablica, ainda em 2011, as elei\u00e7\u00f5es de 2012 j\u00e1 seriam regradas por essas normas. \u00c9 grande a expectativa dos operadores do direito nessa Justi\u00e7a especializada, os quais est\u00e3o aguardando o instrumento a ser criado para, ent\u00e3o, analisar pontualmente as modifica\u00e7\u00f5es, externando considera\u00e7\u00f5es e agregando opini\u00f5es reformistas.<\/p>\n<p><strong><em>*Advogada e ex-ju\u00edza do TRE\/RS<\/em><\/strong><strong>.<\/strong><\/p>\n","protected":false},"excerpt":{"rendered":"<p>Por Lizete Andreis Sebben* O ministro do Supremo Tribunal Federal (STF) Dias Toffoli, presidente da comiss\u00e3o criada e nomeada em [&hellip;]<\/p>\n","protected":false},"author":8,"featured_media":0,"comment_status":"open","ping_status":"open","sticky":false,"template":"","format":"standard","meta":{"site-sidebar-layout":"default","site-content-layout":"","ast-site-content-layout":"default","site-content-style":"default","site-sidebar-style":"default","ast-global-header-display":"","ast-banner-title-visibility":"","ast-main-header-display":"","ast-hfb-above-header-display":"","ast-hfb-below-header-display":"","ast-hfb-mobile-header-display":"","site-post-title":"","ast-breadcrumbs-content":"","ast-featured-img":"","footer-sml-layout":"","ast-disable-related-posts":"","theme-transparent-header-meta":"","adv-header-id-meta":"","stick-header-meta":"","header-above-stick-meta":"","header-main-stick-meta":"","header-below-stick-meta":"","astra-migrate-meta-layouts":"default","ast-page-background-enabled":"default","ast-page-background-meta":{"desktop":{"background-color":"var(--ast-global-color-5)","background-image":"","background-repeat":"repeat","background-position":"center center","background-size":"auto","background-attachment":"scroll","background-type":"","background-media":"","overlay-type":"","overlay-color":"","overlay-opacity":"","overlay-gradient":""},"tablet":{"background-color":"","background-image":"","background-repeat":"repeat","background-position":"center center","background-size":"auto","background-attachment":"scroll","background-type":"","background-media":"","overlay-type":"","overlay-color":"","overlay-opacity":"","overlay-gradient":""},"mobile":{"background-color":"","background-image":"","background-repeat":"repeat","background-position":"center center","background-size":"auto","background-attachment":"scroll","background-type":"","background-media":"","overlay-type":"","overlay-color":"","overlay-opacity":"","overlay-gradient":""}},"ast-content-background-meta":{"desktop":{"background-color":"var(--ast-global-color-4)","background-image":"","background-repeat":"repeat","background-position":"center center","background-size":"auto","background-attachment":"scroll","background-type":"","background-media":"","overlay-type":"","overlay-color":"","overlay-opacity":"","overlay-gradient":""},"tablet":{"background-color":"var(--ast-global-color-4)","background-image":"","background-repeat":"repeat","background-position":"center center","background-size":"auto","background-attachment":"scroll","background-type":"","background-media":"","overlay-type":"","overlay-color":"","overlay-opacity":"","overlay-gradient":""},"mobile":{"background-color":"var(--ast-global-color-4)","background-image":"","background-repeat":"repeat","background-position":"center center","background-size":"auto","background-attachment":"scroll","background-type":"","background-media":"","overlay-type":"","overlay-color":"","overlay-opacity":"","overlay-gradient":""}},"footnotes":""},"categories":[1],"tags":[],"class_list":["post-1055","post","type-post","status-publish","format-standard","hentry","category-sem-categoria"],"yoast_head":"<!-- This site is optimized with the Yoast SEO plugin v26.6 - https:\/\/yoast.com\/wordpress\/plugins\/seo\/ -->\n<title>A reforma eleitoral necess\u00e1ria - Fl\u00e1vio Braga<\/title>\n<meta name=\"robots\" content=\"index, follow, max-snippet:-1, max-image-preview:large, max-video-preview:-1\" \/>\n<link rel=\"canonical\" href=\"https:\/\/www.blogsoestado.com\/flaviobraga\/a-reforma-eleitoral-necessaria\/\" \/>\n<meta property=\"og:locale\" content=\"pt_BR\" \/>\n<meta property=\"og:type\" content=\"article\" \/>\n<meta property=\"og:title\" content=\"A reforma eleitoral necess\u00e1ria - Fl\u00e1vio Braga\" \/>\n<meta property=\"og:description\" content=\"Por Lizete Andreis Sebben* O ministro do Supremo Tribunal Federal (STF) Dias Toffoli, presidente da comiss\u00e3o criada e nomeada em [&hellip;]\" \/>\n<meta property=\"og:url\" content=\"https:\/\/www.blogsoestado.com\/flaviobraga\/a-reforma-eleitoral-necessaria\/\" \/>\n<meta property=\"og:site_name\" content=\"Fl\u00e1vio Braga\" \/>\n<meta property=\"article:published_time\" content=\"2011-02-08T20:05:53+00:00\" \/>\n<meta name=\"author\" content=\"Flavio Braga\" \/>\n<meta name=\"twitter:card\" content=\"summary_large_image\" \/>\n<meta name=\"twitter:label1\" content=\"Escrito por\" \/>\n\t<meta name=\"twitter:data1\" content=\"Flavio Braga\" \/>\n\t<meta name=\"twitter:label2\" content=\"Est. tempo de leitura\" \/>\n\t<meta name=\"twitter:data2\" content=\"3 minutos\" \/>\n<script type=\"application\/ld+json\" class=\"yoast-schema-graph\">{\"@context\":\"https:\/\/schema.org\",\"@graph\":[{\"@type\":\"WebPage\",\"@id\":\"https:\/\/www.blogsoestado.com\/flaviobraga\/a-reforma-eleitoral-necessaria\/\",\"url\":\"https:\/\/www.blogsoestado.com\/flaviobraga\/a-reforma-eleitoral-necessaria\/\",\"name\":\"A reforma eleitoral necess\u00e1ria - Fl\u00e1vio Braga\",\"isPartOf\":{\"@id\":\"https:\/\/www.blogsoestado.com\/flaviobraga\/#website\"},\"datePublished\":\"2011-02-08T20:05:53+00:00\",\"author\":{\"@id\":\"https:\/\/www.blogsoestado.com\/flaviobraga\/#\/schema\/person\/6c6c778331775c757a82d15206bd8733\"},\"breadcrumb\":{\"@id\":\"https:\/\/www.blogsoestado.com\/flaviobraga\/a-reforma-eleitoral-necessaria\/#breadcrumb\"},\"inLanguage\":\"pt-BR\",\"potentialAction\":[{\"@type\":\"ReadAction\",\"target\":[\"https:\/\/www.blogsoestado.com\/flaviobraga\/a-reforma-eleitoral-necessaria\/\"]}]},{\"@type\":\"BreadcrumbList\",\"@id\":\"https:\/\/www.blogsoestado.com\/flaviobraga\/a-reforma-eleitoral-necessaria\/#breadcrumb\",\"itemListElement\":[{\"@type\":\"ListItem\",\"position\":1,\"name\":\"In\u00edcio\",\"item\":\"https:\/\/www.blogsoestado.com\/flaviobraga\/\"},{\"@type\":\"ListItem\",\"position\":2,\"name\":\"A reforma eleitoral necess\u00e1ria\"}]},{\"@type\":\"WebSite\",\"@id\":\"https:\/\/www.blogsoestado.com\/flaviobraga\/#website\",\"url\":\"https:\/\/www.blogsoestado.com\/flaviobraga\/\",\"name\":\"Fl\u00e1vio Braga\",\"description\":\"\",\"potentialAction\":[{\"@type\":\"SearchAction\",\"target\":{\"@type\":\"EntryPoint\",\"urlTemplate\":\"https:\/\/www.blogsoestado.com\/flaviobraga\/?s={search_term_string}\"},\"query-input\":{\"@type\":\"PropertyValueSpecification\",\"valueRequired\":true,\"valueName\":\"search_term_string\"}}],\"inLanguage\":\"pt-BR\"},{\"@type\":\"Person\",\"@id\":\"https:\/\/www.blogsoestado.com\/flaviobraga\/#\/schema\/person\/6c6c778331775c757a82d15206bd8733\",\"name\":\"Flavio Braga\",\"image\":{\"@type\":\"ImageObject\",\"inLanguage\":\"pt-BR\",\"@id\":\"https:\/\/www.blogsoestado.com\/flaviobraga\/#\/schema\/person\/image\/\",\"url\":\"https:\/\/secure.gravatar.com\/avatar\/ab173937dad8d78195c87778be8a0285d069ede375ce0ae24aac1cf8e58ccb2c?s=96&d=mm&r=g\",\"contentUrl\":\"https:\/\/secure.gravatar.com\/avatar\/ab173937dad8d78195c87778be8a0285d069ede375ce0ae24aac1cf8e58ccb2c?s=96&d=mm&r=g\",\"caption\":\"Flavio Braga\"},\"url\":\"https:\/\/www.blogsoestado.com\/flaviobraga\/author\/flaviobraga\/\"}]}<\/script>\n<!-- \/ Yoast SEO plugin. -->","yoast_head_json":{"title":"A reforma eleitoral necess\u00e1ria - Fl\u00e1vio Braga","robots":{"index":"index","follow":"follow","max-snippet":"max-snippet:-1","max-image-preview":"max-image-preview:large","max-video-preview":"max-video-preview:-1"},"canonical":"https:\/\/www.blogsoestado.com\/flaviobraga\/a-reforma-eleitoral-necessaria\/","og_locale":"pt_BR","og_type":"article","og_title":"A reforma eleitoral necess\u00e1ria - Fl\u00e1vio Braga","og_description":"Por Lizete Andreis Sebben* O ministro do Supremo Tribunal Federal (STF) Dias Toffoli, presidente da comiss\u00e3o criada e nomeada em [&hellip;]","og_url":"https:\/\/www.blogsoestado.com\/flaviobraga\/a-reforma-eleitoral-necessaria\/","og_site_name":"Fl\u00e1vio Braga","article_published_time":"2011-02-08T20:05:53+00:00","author":"Flavio Braga","twitter_card":"summary_large_image","twitter_misc":{"Escrito por":"Flavio Braga","Est. tempo de leitura":"3 minutos"},"schema":{"@context":"https:\/\/schema.org","@graph":[{"@type":"WebPage","@id":"https:\/\/www.blogsoestado.com\/flaviobraga\/a-reforma-eleitoral-necessaria\/","url":"https:\/\/www.blogsoestado.com\/flaviobraga\/a-reforma-eleitoral-necessaria\/","name":"A reforma eleitoral necess\u00e1ria - Fl\u00e1vio Braga","isPartOf":{"@id":"https:\/\/www.blogsoestado.com\/flaviobraga\/#website"},"datePublished":"2011-02-08T20:05:53+00:00","author":{"@id":"https:\/\/www.blogsoestado.com\/flaviobraga\/#\/schema\/person\/6c6c778331775c757a82d15206bd8733"},"breadcrumb":{"@id":"https:\/\/www.blogsoestado.com\/flaviobraga\/a-reforma-eleitoral-necessaria\/#breadcrumb"},"inLanguage":"pt-BR","potentialAction":[{"@type":"ReadAction","target":["https:\/\/www.blogsoestado.com\/flaviobraga\/a-reforma-eleitoral-necessaria\/"]}]},{"@type":"BreadcrumbList","@id":"https:\/\/www.blogsoestado.com\/flaviobraga\/a-reforma-eleitoral-necessaria\/#breadcrumb","itemListElement":[{"@type":"ListItem","position":1,"name":"In\u00edcio","item":"https:\/\/www.blogsoestado.com\/flaviobraga\/"},{"@type":"ListItem","position":2,"name":"A reforma eleitoral necess\u00e1ria"}]},{"@type":"WebSite","@id":"https:\/\/www.blogsoestado.com\/flaviobraga\/#website","url":"https:\/\/www.blogsoestado.com\/flaviobraga\/","name":"Fl\u00e1vio Braga","description":"","potentialAction":[{"@type":"SearchAction","target":{"@type":"EntryPoint","urlTemplate":"https:\/\/www.blogsoestado.com\/flaviobraga\/?s={search_term_string}"},"query-input":{"@type":"PropertyValueSpecification","valueRequired":true,"valueName":"search_term_string"}}],"inLanguage":"pt-BR"},{"@type":"Person","@id":"https:\/\/www.blogsoestado.com\/flaviobraga\/#\/schema\/person\/6c6c778331775c757a82d15206bd8733","name":"Flavio Braga","image":{"@type":"ImageObject","inLanguage":"pt-BR","@id":"https:\/\/www.blogsoestado.com\/flaviobraga\/#\/schema\/person\/image\/","url":"https:\/\/secure.gravatar.com\/avatar\/ab173937dad8d78195c87778be8a0285d069ede375ce0ae24aac1cf8e58ccb2c?s=96&d=mm&r=g","contentUrl":"https:\/\/secure.gravatar.com\/avatar\/ab173937dad8d78195c87778be8a0285d069ede375ce0ae24aac1cf8e58ccb2c?s=96&d=mm&r=g","caption":"Flavio Braga"},"url":"https:\/\/www.blogsoestado.com\/flaviobraga\/author\/flaviobraga\/"}]}},"jetpack_featured_media_url":"","_links":{"self":[{"href":"https:\/\/www.blogsoestado.com\/flaviobraga\/wp-json\/wp\/v2\/posts\/1055","targetHints":{"allow":["GET"]}}],"collection":[{"href":"https:\/\/www.blogsoestado.com\/flaviobraga\/wp-json\/wp\/v2\/posts"}],"about":[{"href":"https:\/\/www.blogsoestado.com\/flaviobraga\/wp-json\/wp\/v2\/types\/post"}],"author":[{"embeddable":true,"href":"https:\/\/www.blogsoestado.com\/flaviobraga\/wp-json\/wp\/v2\/users\/8"}],"replies":[{"embeddable":true,"href":"https:\/\/www.blogsoestado.com\/flaviobraga\/wp-json\/wp\/v2\/comments?post=1055"}],"version-history":[{"count":0,"href":"https:\/\/www.blogsoestado.com\/flaviobraga\/wp-json\/wp\/v2\/posts\/1055\/revisions"}],"wp:attachment":[{"href":"https:\/\/www.blogsoestado.com\/flaviobraga\/wp-json\/wp\/v2\/media?parent=1055"}],"wp:term":[{"taxonomy":"category","embeddable":true,"href":"https:\/\/www.blogsoestado.com\/flaviobraga\/wp-json\/wp\/v2\/categories?post=1055"},{"taxonomy":"post_tag","embeddable":true,"href":"https:\/\/www.blogsoestado.com\/flaviobraga\/wp-json\/wp\/v2\/tags?post=1055"}],"curies":[{"name":"wp","href":"https:\/\/api.w.org\/{rel}","templated":true}]}}