{"id":1071,"date":"2011-02-10T15:51:57","date_gmt":"2011-02-10T17:51:57","guid":{"rendered":"https:\/\/www.blogsoestado.com\/flaviobraga\/?p=1071"},"modified":"2011-02-10T15:51:57","modified_gmt":"2011-02-10T17:51:57","slug":"ministro-esclarece-competencia-do-supremo-para-acoes-que-envolvam-cnj","status":"publish","type":"post","link":"https:\/\/www.blogsoestado.com\/flaviobraga\/ministro-esclarece-competencia-do-supremo-para-acoes-que-envolvam-cnj\/","title":{"rendered":"Ministro esclarece compet\u00eancia do Supremo para a\u00e7\u00f5es que envolvam CNJ"},"content":{"rendered":"<p>Em raz\u00e3o da incompet\u00eancia do Supremo Tribunal Federal (STF) para julgar a mat\u00e9ria, o ministro Ayres Britto deixou de examinar o m\u00e9rito de duas A\u00e7\u00f5es C\u00edveis Origin\u00e1rias (ACO 1680 e ACO 1704) que foram propostas por\u00a0 ocupantes\u00a0 de cart\u00f3rios de Alagoas e S\u00e3o Paulo contra a Uni\u00e3o, em raz\u00e3o de ato editado pelo Conselho Nacional de Justi\u00e7a (CNJ).<\/p>\n<p>Nas a\u00e7\u00f5es, foi apontada a compet\u00eancia origin\u00e1ria do STF para processar e julgar originariamente as a\u00e7\u00f5es contra o CNJ e o Conselho Nacional do Minist\u00e9rio P\u00fablico, com base no artigo 102\u00a0 (al\u00ednea \u201cr\u201d, inciso I) da Constitui\u00e7\u00e3o.\u00a0<br \/>\n\u00a0<br \/>\nMas, segundo o ministro Ayres Britto, somente uma \u201cleitura apressada\u201d do texto constitucional pode levar \u00e0 conclus\u00e3o de que o STF tem compet\u00eancia para processar e julgar toda e qualquer demanda em que se discuta ato do CNJ.<\/p>\n<p>\u201cSucede que um dos pressupostos de constitui\u00e7\u00e3o v\u00e1lida e regular da rela\u00e7\u00e3o jur\u00eddica processual \u00e9 justamente a capacidade de ser parte ou legitimatio ad processum. Capacidade de ser parte que ordinariamente s\u00f3 \u00e9 reconhecida \u00e0s pessoas f\u00edsicas ou jur\u00eddicas, e n\u00e3o a meros \u00f3rg\u00e3os\u201d, explicou o relator.\u00a0<\/p>\n<p>Ayres Britto acrescentou que, sendo o CNJ um \u00f3rg\u00e3o do Poder Judici\u00e1rio, de acordo com o inciso I-A do artigo 92 da Constitui\u00e7\u00e3o, deve-se concluir que \u00e9 a Uni\u00e3o, e n\u00e3o o CNJ, a pessoa legitimada a figurar no p\u00f3lo passivo de a\u00e7\u00f5es ordin\u00e1rias em que se questionem atos daquele Conselho.<\/p>\n<p>\u201cP\u00f3lo passivo em que a Uni\u00e3o deve comparecer representada pela sua Advocacia-Geral, como determina a cabe\u00e7a do artigo 131 da Lei Maior\u201d, acrescentou Ayres Britto.<\/p>\n<p>O ministro do STF ressalvou a aplica\u00e7\u00e3o de tal interpreta\u00e7\u00e3o quando se tratar de mandado de seguran\u00e7a, mandado de injun\u00e7\u00e3o e habeas data contra atos do CNJ.<\/p>\n<p>\u201cNessas hip\u00f3teses, o p\u00f3lo passivo \u00e9 ocupado diretamente por aquele Conselho ou pelo seu presidente, como autoridade impetrada, ainda que a Uni\u00e3o figure como parte. Isso diante da chamada personalidade judici\u00e1ria que \u00e9 conferida aos \u00f3rg\u00e3os das pessoas pol\u00edtico-administrativas para defesa de seus atos e prerrogativas nessas a\u00e7\u00f5es constitucionais mandamentais\u201d, concluiu.<\/p>\n<p>Em raz\u00e3o do entendimento, o ministro remeteu as a\u00e7\u00f5es \u00e0s Se\u00e7\u00f5es\u00a0 Judici\u00e1rias da Justi\u00e7a Federal nos estados de Alagoas e S\u00e3o Paulo.<\/p>\n","protected":false},"excerpt":{"rendered":"<p>Em raz\u00e3o da incompet\u00eancia do Supremo Tribunal Federal (STF) para julgar a mat\u00e9ria, o ministro Ayres Britto deixou de examinar [&hellip;]<\/p>\n","protected":false},"author":8,"featured_media":0,"comment_status":"open","ping_status":"open","sticky":false,"template":"","format":"standard","meta":{"site-sidebar-layout":"default","site-content-layout":"","ast-site-content-layout":"default","site-content-style":"default","site-sidebar-style":"default","ast-global-header-display":"","ast-banner-title-visibility":"","ast-main-header-display":"","ast-hfb-above-header-display":"","ast-hfb-below-header-display":"","ast-hfb-mobile-header-display":"","site-post-title":"","ast-breadcrumbs-content":"","ast-featured-img":"","footer-sml-layout":"","ast-disable-related-posts":"","theme-transparent-header-meta":"","adv-header-id-meta":"","stick-header-meta":"","header-above-stick-meta":"","header-main-stick-meta":"","header-below-stick-meta":"","astra-migrate-meta-layouts":"default","ast-page-background-enabled":"default","ast-page-background-meta":{"desktop":{"background-color":"var(--ast-global-color-5)","background-image":"","background-repeat":"repeat","background-position":"center center","background-size":"auto","background-attachment":"scroll","background-type":"","background-media":"","overlay-type":"","overlay-color":"","overlay-opacity":"","overlay-gradient":""},"tablet":{"background-color":"","background-image":"","background-repeat":"repeat","background-position":"center center","background-size":"auto","background-attachment":"scroll","background-type":"","background-media":"","overlay-type":"","overlay-color":"","overlay-opacity":"","overlay-gradient":""},"mobile":{"background-color":"","background-image":"","background-repeat":"repeat","background-position":"center center","background-size":"auto","background-attachment":"scroll","background-type":"","background-media":"","overlay-type":"","overlay-color":"","overlay-opacity":"","overlay-gradient":""}},"ast-content-background-meta":{"desktop":{"background-color":"var(--ast-global-color-4)","background-image":"","background-repeat":"repeat","background-position":"center center","background-size":"auto","background-attachment":"scroll","background-type":"","background-media":"","overlay-type":"","overlay-color":"","overlay-opacity":"","overlay-gradient":""},"tablet":{"background-color":"var(--ast-global-color-4)","background-image":"","background-repeat":"repeat","background-position":"center center","background-size":"auto","background-attachment":"scroll","background-type":"","background-media":"","overlay-type":"","overlay-color":"","overlay-opacity":"","overlay-gradient":""},"mobile":{"background-color":"var(--ast-global-color-4)","background-image":"","background-repeat":"repeat","background-position":"center center","background-size":"auto","background-attachment":"scroll","background-type":"","background-media":"","overlay-type":"","overlay-color":"","overlay-opacity":"","overlay-gradient":""}},"footnotes":""},"categories":[1],"tags":[],"class_list":["post-1071","post","type-post","status-publish","format-standard","hentry","category-sem-categoria"],"yoast_head":"<!-- This site is optimized with the Yoast SEO plugin v26.6 - https:\/\/yoast.com\/wordpress\/plugins\/seo\/ -->\n<title>Ministro esclarece compet\u00eancia do Supremo para a\u00e7\u00f5es que envolvam CNJ - Fl\u00e1vio Braga<\/title>\n<meta name=\"robots\" content=\"index, follow, max-snippet:-1, max-image-preview:large, max-video-preview:-1\" \/>\n<link rel=\"canonical\" href=\"https:\/\/www.blogsoestado.com\/flaviobraga\/ministro-esclarece-competencia-do-supremo-para-acoes-que-envolvam-cnj\/\" \/>\n<meta property=\"og:locale\" content=\"pt_BR\" \/>\n<meta property=\"og:type\" content=\"article\" \/>\n<meta property=\"og:title\" content=\"Ministro esclarece compet\u00eancia do Supremo para a\u00e7\u00f5es que envolvam CNJ - Fl\u00e1vio Braga\" \/>\n<meta property=\"og:description\" content=\"Em raz\u00e3o da incompet\u00eancia do Supremo Tribunal Federal (STF) para julgar a mat\u00e9ria, o ministro Ayres Britto deixou de examinar [&hellip;]\" \/>\n<meta property=\"og:url\" content=\"https:\/\/www.blogsoestado.com\/flaviobraga\/ministro-esclarece-competencia-do-supremo-para-acoes-que-envolvam-cnj\/\" \/>\n<meta property=\"og:site_name\" content=\"Fl\u00e1vio Braga\" \/>\n<meta property=\"article:published_time\" content=\"2011-02-10T17:51:57+00:00\" \/>\n<meta name=\"author\" content=\"Flavio Braga\" \/>\n<meta name=\"twitter:card\" content=\"summary_large_image\" \/>\n<meta name=\"twitter:label1\" content=\"Escrito por\" \/>\n\t<meta name=\"twitter:data1\" content=\"Flavio Braga\" \/>\n\t<meta name=\"twitter:label2\" content=\"Est. tempo de leitura\" \/>\n\t<meta name=\"twitter:data2\" content=\"2 minutos\" \/>\n<script type=\"application\/ld+json\" class=\"yoast-schema-graph\">{\"@context\":\"https:\/\/schema.org\",\"@graph\":[{\"@type\":\"WebPage\",\"@id\":\"https:\/\/www.blogsoestado.com\/flaviobraga\/ministro-esclarece-competencia-do-supremo-para-acoes-que-envolvam-cnj\/\",\"url\":\"https:\/\/www.blogsoestado.com\/flaviobraga\/ministro-esclarece-competencia-do-supremo-para-acoes-que-envolvam-cnj\/\",\"name\":\"Ministro esclarece compet\u00eancia do Supremo para a\u00e7\u00f5es que envolvam CNJ - Fl\u00e1vio Braga\",\"isPartOf\":{\"@id\":\"https:\/\/www.blogsoestado.com\/flaviobraga\/#website\"},\"datePublished\":\"2011-02-10T17:51:57+00:00\",\"author\":{\"@id\":\"https:\/\/www.blogsoestado.com\/flaviobraga\/#\/schema\/person\/6c6c778331775c757a82d15206bd8733\"},\"breadcrumb\":{\"@id\":\"https:\/\/www.blogsoestado.com\/flaviobraga\/ministro-esclarece-competencia-do-supremo-para-acoes-que-envolvam-cnj\/#breadcrumb\"},\"inLanguage\":\"pt-BR\",\"potentialAction\":[{\"@type\":\"ReadAction\",\"target\":[\"https:\/\/www.blogsoestado.com\/flaviobraga\/ministro-esclarece-competencia-do-supremo-para-acoes-que-envolvam-cnj\/\"]}]},{\"@type\":\"BreadcrumbList\",\"@id\":\"https:\/\/www.blogsoestado.com\/flaviobraga\/ministro-esclarece-competencia-do-supremo-para-acoes-que-envolvam-cnj\/#breadcrumb\",\"itemListElement\":[{\"@type\":\"ListItem\",\"position\":1,\"name\":\"In\u00edcio\",\"item\":\"https:\/\/www.blogsoestado.com\/flaviobraga\/\"},{\"@type\":\"ListItem\",\"position\":2,\"name\":\"Ministro esclarece compet\u00eancia do Supremo para a\u00e7\u00f5es que envolvam CNJ\"}]},{\"@type\":\"WebSite\",\"@id\":\"https:\/\/www.blogsoestado.com\/flaviobraga\/#website\",\"url\":\"https:\/\/www.blogsoestado.com\/flaviobraga\/\",\"name\":\"Fl\u00e1vio Braga\",\"description\":\"\",\"potentialAction\":[{\"@type\":\"SearchAction\",\"target\":{\"@type\":\"EntryPoint\",\"urlTemplate\":\"https:\/\/www.blogsoestado.com\/flaviobraga\/?s={search_term_string}\"},\"query-input\":{\"@type\":\"PropertyValueSpecification\",\"valueRequired\":true,\"valueName\":\"search_term_string\"}}],\"inLanguage\":\"pt-BR\"},{\"@type\":\"Person\",\"@id\":\"https:\/\/www.blogsoestado.com\/flaviobraga\/#\/schema\/person\/6c6c778331775c757a82d15206bd8733\",\"name\":\"Flavio Braga\",\"image\":{\"@type\":\"ImageObject\",\"inLanguage\":\"pt-BR\",\"@id\":\"https:\/\/www.blogsoestado.com\/flaviobraga\/#\/schema\/person\/image\/\",\"url\":\"https:\/\/secure.gravatar.com\/avatar\/ab173937dad8d78195c87778be8a0285d069ede375ce0ae24aac1cf8e58ccb2c?s=96&d=mm&r=g\",\"contentUrl\":\"https:\/\/secure.gravatar.com\/avatar\/ab173937dad8d78195c87778be8a0285d069ede375ce0ae24aac1cf8e58ccb2c?s=96&d=mm&r=g\",\"caption\":\"Flavio Braga\"},\"url\":\"https:\/\/www.blogsoestado.com\/flaviobraga\/author\/flaviobraga\/\"}]}<\/script>\n<!-- \/ Yoast SEO plugin. -->","yoast_head_json":{"title":"Ministro esclarece compet\u00eancia do Supremo para a\u00e7\u00f5es que envolvam CNJ - Fl\u00e1vio Braga","robots":{"index":"index","follow":"follow","max-snippet":"max-snippet:-1","max-image-preview":"max-image-preview:large","max-video-preview":"max-video-preview:-1"},"canonical":"https:\/\/www.blogsoestado.com\/flaviobraga\/ministro-esclarece-competencia-do-supremo-para-acoes-que-envolvam-cnj\/","og_locale":"pt_BR","og_type":"article","og_title":"Ministro esclarece compet\u00eancia do Supremo para a\u00e7\u00f5es que envolvam CNJ - Fl\u00e1vio Braga","og_description":"Em raz\u00e3o da incompet\u00eancia do Supremo Tribunal Federal (STF) para julgar a mat\u00e9ria, o ministro Ayres Britto deixou de examinar [&hellip;]","og_url":"https:\/\/www.blogsoestado.com\/flaviobraga\/ministro-esclarece-competencia-do-supremo-para-acoes-que-envolvam-cnj\/","og_site_name":"Fl\u00e1vio Braga","article_published_time":"2011-02-10T17:51:57+00:00","author":"Flavio Braga","twitter_card":"summary_large_image","twitter_misc":{"Escrito por":"Flavio Braga","Est. tempo de leitura":"2 minutos"},"schema":{"@context":"https:\/\/schema.org","@graph":[{"@type":"WebPage","@id":"https:\/\/www.blogsoestado.com\/flaviobraga\/ministro-esclarece-competencia-do-supremo-para-acoes-que-envolvam-cnj\/","url":"https:\/\/www.blogsoestado.com\/flaviobraga\/ministro-esclarece-competencia-do-supremo-para-acoes-que-envolvam-cnj\/","name":"Ministro esclarece compet\u00eancia do Supremo para a\u00e7\u00f5es que envolvam CNJ - Fl\u00e1vio Braga","isPartOf":{"@id":"https:\/\/www.blogsoestado.com\/flaviobraga\/#website"},"datePublished":"2011-02-10T17:51:57+00:00","author":{"@id":"https:\/\/www.blogsoestado.com\/flaviobraga\/#\/schema\/person\/6c6c778331775c757a82d15206bd8733"},"breadcrumb":{"@id":"https:\/\/www.blogsoestado.com\/flaviobraga\/ministro-esclarece-competencia-do-supremo-para-acoes-que-envolvam-cnj\/#breadcrumb"},"inLanguage":"pt-BR","potentialAction":[{"@type":"ReadAction","target":["https:\/\/www.blogsoestado.com\/flaviobraga\/ministro-esclarece-competencia-do-supremo-para-acoes-que-envolvam-cnj\/"]}]},{"@type":"BreadcrumbList","@id":"https:\/\/www.blogsoestado.com\/flaviobraga\/ministro-esclarece-competencia-do-supremo-para-acoes-que-envolvam-cnj\/#breadcrumb","itemListElement":[{"@type":"ListItem","position":1,"name":"In\u00edcio","item":"https:\/\/www.blogsoestado.com\/flaviobraga\/"},{"@type":"ListItem","position":2,"name":"Ministro esclarece compet\u00eancia do Supremo para a\u00e7\u00f5es que envolvam CNJ"}]},{"@type":"WebSite","@id":"https:\/\/www.blogsoestado.com\/flaviobraga\/#website","url":"https:\/\/www.blogsoestado.com\/flaviobraga\/","name":"Fl\u00e1vio Braga","description":"","potentialAction":[{"@type":"SearchAction","target":{"@type":"EntryPoint","urlTemplate":"https:\/\/www.blogsoestado.com\/flaviobraga\/?s={search_term_string}"},"query-input":{"@type":"PropertyValueSpecification","valueRequired":true,"valueName":"search_term_string"}}],"inLanguage":"pt-BR"},{"@type":"Person","@id":"https:\/\/www.blogsoestado.com\/flaviobraga\/#\/schema\/person\/6c6c778331775c757a82d15206bd8733","name":"Flavio Braga","image":{"@type":"ImageObject","inLanguage":"pt-BR","@id":"https:\/\/www.blogsoestado.com\/flaviobraga\/#\/schema\/person\/image\/","url":"https:\/\/secure.gravatar.com\/avatar\/ab173937dad8d78195c87778be8a0285d069ede375ce0ae24aac1cf8e58ccb2c?s=96&d=mm&r=g","contentUrl":"https:\/\/secure.gravatar.com\/avatar\/ab173937dad8d78195c87778be8a0285d069ede375ce0ae24aac1cf8e58ccb2c?s=96&d=mm&r=g","caption":"Flavio Braga"},"url":"https:\/\/www.blogsoestado.com\/flaviobraga\/author\/flaviobraga\/"}]}},"jetpack_featured_media_url":"","_links":{"self":[{"href":"https:\/\/www.blogsoestado.com\/flaviobraga\/wp-json\/wp\/v2\/posts\/1071","targetHints":{"allow":["GET"]}}],"collection":[{"href":"https:\/\/www.blogsoestado.com\/flaviobraga\/wp-json\/wp\/v2\/posts"}],"about":[{"href":"https:\/\/www.blogsoestado.com\/flaviobraga\/wp-json\/wp\/v2\/types\/post"}],"author":[{"embeddable":true,"href":"https:\/\/www.blogsoestado.com\/flaviobraga\/wp-json\/wp\/v2\/users\/8"}],"replies":[{"embeddable":true,"href":"https:\/\/www.blogsoestado.com\/flaviobraga\/wp-json\/wp\/v2\/comments?post=1071"}],"version-history":[{"count":0,"href":"https:\/\/www.blogsoestado.com\/flaviobraga\/wp-json\/wp\/v2\/posts\/1071\/revisions"}],"wp:attachment":[{"href":"https:\/\/www.blogsoestado.com\/flaviobraga\/wp-json\/wp\/v2\/media?parent=1071"}],"wp:term":[{"taxonomy":"category","embeddable":true,"href":"https:\/\/www.blogsoestado.com\/flaviobraga\/wp-json\/wp\/v2\/categories?post=1071"},{"taxonomy":"post_tag","embeddable":true,"href":"https:\/\/www.blogsoestado.com\/flaviobraga\/wp-json\/wp\/v2\/tags?post=1071"}],"curies":[{"name":"wp","href":"https:\/\/api.w.org\/{rel}","templated":true}]}}