{"id":1088,"date":"2011-02-14T14:33:46","date_gmt":"2011-02-14T16:33:46","guid":{"rendered":"https:\/\/www.blogsoestado.com\/flaviobraga\/?p=1088"},"modified":"2011-02-14T14:33:46","modified_gmt":"2011-02-14T16:33:46","slug":"o-novo-quadro-no-oriente-medio","status":"publish","type":"post","link":"https:\/\/www.blogsoestado.com\/flaviobraga\/o-novo-quadro-no-oriente-medio\/","title":{"rendered":"O novo quadro no Oriente M\u00e9dio"},"content":{"rendered":"<p><a href=\"https:\/\/www.blogsoestado.com\/flaviobraga\/files\/2011\/02\/emir_sader.jpg\"><img fetchpriority=\"high\" decoding=\"async\" class=\"aligncenter size-full wp-image-1089\" src=\"https:\/\/www.blogsoestado.com\/flaviobraga\/files\/2011\/02\/emir_sader.jpg\" alt=\"\" width=\"200\" height=\"300\" \/><\/a><\/p>\n<p>Por Emir Sader<\/p>\n<p>Por duas fortes raz\u00f5es o Oriente M\u00e9dio tornou-se um pilar da pol\u00edtica externa do imp\u00e9rio norte-americano: a necessidade estrat\u00e9gica do abastecimento de petr\u00f3leo seguro e barato para os EUA, a Europa e o Jap\u00e3o, e a prote\u00e7\u00e3o a Israel \u2013 aliado fundamental dos EUA na regi\u00e3o, cercado por pa\u00edses \u00e1rabes.<\/p>\n<p>Por isso o surgimento do nacionalismo \u00e1rabe tornou-se um dos fantasmas mais assustadores para os EUA no mundo. Por um lado, pela nacionaliza\u00e7\u00e3o do petr\u00f3leo pelos governos nacionalistas, afetando diretamente os interesses das gigantes do petr\u00f3leo \u2013 norte-americanas ou europeias \u2013, pela ideologia nacionalista e antimperialista que propagam \u2013 de que o eg\u00edpcio Gamal Abder Nasser foi o principal expoente \u2013 e pela reivindica\u00e7\u00e3o da quest\u00e3o palestina.<\/p>\n<p>A hist\u00f3ria contempor\u00e2nea do M\u00e9dio Oriente tem assim na guerra \u00e1rabe-israelense de 1967 sua refer\u00eancia mais importante. A uni\u00e3o dos governos \u00e1rabes permitiu a retomada da reivindica\u00e7\u00e3o do direito ao Estado Palestino, que foi respondida por Israel com a invas\u00e3o de novos territ\u00f3rios \u2013 inclusive do Egito -, com o apoio militar direto dos EUA.<\/p>\n<p>Novo conflito se deu em 1973, agora acompanhado da pol\u00edtica da OPEP de eleva\u00e7\u00e3o dos pre\u00e7os do petr\u00f3leo. A partir daquele momento ou o Ocidente buscava superar sua depend\u00eancia do petr\u00f3leo ou trataria de dividir o mundo \u00e1rabe. Triunfou esta segunda possibilidade, com a guerra Iraque-Ir\u00e3, incentivada e armada pelos EUA, que golpeou dois pa\u00edses com governos nacionalistas, que se neutralizaram mutuamente, em um enfrentamento sangrento. Como subproduto da guerra, o Iraque se sentiu autorizado a invadir o Kuwait \u2013 com anu\u00eancia t\u00e1cita dos EUA -, o que foi tomado como pretexto para a invas\u00e3o do Iraque e o assentamento definitivo de tropas norte-americanas no centro mesmo da regi\u00e3o mais rica em petr\u00f3leo no mundo.<\/p>\n<p>Os EUA conseguiram dividir o mundo \u00e1rabe tendo, por um lado os regimes mais reacion\u00e1rios \u2013 encabe\u00e7ados pelas monarquias, a come\u00e7ar pela Ar\u00e1bia Saudita, detentora da maior reserva de petr\u00f3leo do mundo, e por outro governos moderados, como o Egito e a Jord\u00e2nia. A maior conquista norte-americana foi a coopta\u00e7\u00e3o de Anuar el Sadat, o sucessor de Nasser, que supreendentemente normalizou rela\u00e7\u00f5es com Israel \u2013 o primeiro regime da regi\u00e3o a faz\u00ea-lo -, abrindo caminho para a cria\u00e7\u00e3o de um bloco moderado, pr\u00f3-norteamericano na regi\u00e3o, que se caracteriza pela retomada de rela\u00e7\u00f5es com Israel \u2013 portanto o reconhecimento do Estado de Israel \u2013 e praticamente o abandono da quest\u00e3o palestina. Passaram a atuar tamb\u00e9m dento da OPEP, como for\u00e7a moderadora, favor\u00e1vel aos interesses das pot\u00eancias ocidentais.<\/p>\n<p>O Egito, como pa\u00eds de maior popula\u00e7\u00e3o da regi\u00e3o, com grande produ\u00e7\u00e3o de petr\u00f3leo e pa\u00eds daquele que havia sido o maior l\u00edder nacionalista de toda a regi\u00e3o \u2013 Nasser \u2013 passou a ser o pe\u00e3o fundamental no plano pol\u00edtico dos EUA na regi\u00e3o. N\u00e3o por acaso o Egito tornou-se o segundo pa\u00eds em auxilio militar dos EUA no mundo, depois de Israel e \u00e0 frente da Col\u00f4mbia.<\/p>\n<p>Essa neutraliza\u00e7\u00e3o do mundo \u00e1rabe, pela coopta\u00e7\u00e3o de governos e pela presen\u00e7a militar dos EUA no cora\u00e7\u00e3o da regi\u00e3o \u2013 atualizada com a invas\u00e3o do Iraque \u2013 constituiu-se em elemento essencial da politica norte-americana no mundo e da garantia de abastecimento de petr\u00f3leo para complementar a declinante produ\u00e7\u00e3o dos EUA e todo o petr\u00f3leo para abastecer a Europa e o Jap\u00e3o.<\/p>\n<p>\u00c9 isso que est\u00e1 em jogo agora, depois da queda das ditaduras na Tun\u00edsia e no Egito. Impotente para agir de forma direta no plano militar, os EUA tentam articular transi\u00e7\u00f5es que mudem a forma de domina\u00e7\u00e3o, mas mantenham sua ess\u00eancia. O Ex\u00e9rcito preferiu a ren\u00fancia de Mubarak, porque se deu conta que sua presen\u00e7a unia a oposi\u00e7\u00e3o. Tem esperan\u00e7a que, sem ele, possa cooptar setores opositores para uma coaliza\u00e7\u00e3o moderada \u2013 com El Baradei, a Irmandade Mul\u00e7umana, com o apoio dos EUA e da Europa \u2013 que possa fazer reformas constitucionais, mas controlar o processo sucess\u00f3rio nas elei\u00e7\u00f5es de setembro, conseguindo desmobilizar o movimento popular antes que este consigar forjar novas lideran\u00e7as.<\/p>\n<p>Indepentemente de que possa se estender a outros pa\u00edses da regi\u00e3o \u2013 de que a Arg\u00e9lia, a Jord\u00e2nia, o Marrocos, a Ar\u00e1bia Saudita, s\u00e3o candidatos fortes \u2013 a queda das ditaduras na Tun\u00edsia e no Egito demonstra que os EUA j\u00e1 n\u00e3o poder\u00e3o manter o esquema de poder montado h\u00e1 mais de tr\u00eas d\u00e9cadas. O menos que se pode esperar \u00e9 a instabilidade pol\u00edtica na regi\u00e3o, at\u00e9 que outras coaliz\u00f5es de poder possam se organizar, cujo car\u00e1ter dar\u00e1 a t\u00f4nica do novo per\u00edodo em que entra o Oriente M\u00e9dio.<\/p>\n","protected":false},"excerpt":{"rendered":"<p>Por Emir Sader Por duas fortes raz\u00f5es o Oriente M\u00e9dio tornou-se um pilar da pol\u00edtica externa do imp\u00e9rio norte-americano: a [&hellip;]<\/p>\n","protected":false},"author":8,"featured_media":0,"comment_status":"open","ping_status":"open","sticky":false,"template":"","format":"standard","meta":{"site-sidebar-layout":"default","site-content-layout":"","ast-site-content-layout":"default","site-content-style":"default","site-sidebar-style":"default","ast-global-header-display":"","ast-banner-title-visibility":"","ast-main-header-display":"","ast-hfb-above-header-display":"","ast-hfb-below-header-display":"","ast-hfb-mobile-header-display":"","site-post-title":"","ast-breadcrumbs-content":"","ast-featured-img":"","footer-sml-layout":"","ast-disable-related-posts":"","theme-transparent-header-meta":"","adv-header-id-meta":"","stick-header-meta":"","header-above-stick-meta":"","header-main-stick-meta":"","header-below-stick-meta":"","astra-migrate-meta-layouts":"default","ast-page-background-enabled":"default","ast-page-background-meta":{"desktop":{"background-color":"var(--ast-global-color-5)","background-image":"","background-repeat":"repeat","background-position":"center center","background-size":"auto","background-attachment":"scroll","background-type":"","background-media":"","overlay-type":"","overlay-color":"","overlay-opacity":"","overlay-gradient":""},"tablet":{"background-color":"","background-image":"","background-repeat":"repeat","background-position":"center center","background-size":"auto","background-attachment":"scroll","background-type":"","background-media":"","overlay-type":"","overlay-color":"","overlay-opacity":"","overlay-gradient":""},"mobile":{"background-color":"","background-image":"","background-repeat":"repeat","background-position":"center center","background-size":"auto","background-attachment":"scroll","background-type":"","background-media":"","overlay-type":"","overlay-color":"","overlay-opacity":"","overlay-gradient":""}},"ast-content-background-meta":{"desktop":{"background-color":"var(--ast-global-color-4)","background-image":"","background-repeat":"repeat","background-position":"center center","background-size":"auto","background-attachment":"scroll","background-type":"","background-media":"","overlay-type":"","overlay-color":"","overlay-opacity":"","overlay-gradient":""},"tablet":{"background-color":"var(--ast-global-color-4)","background-image":"","background-repeat":"repeat","background-position":"center center","background-size":"auto","background-attachment":"scroll","background-type":"","background-media":"","overlay-type":"","overlay-color":"","overlay-opacity":"","overlay-gradient":""},"mobile":{"background-color":"var(--ast-global-color-4)","background-image":"","background-repeat":"repeat","background-position":"center center","background-size":"auto","background-attachment":"scroll","background-type":"","background-media":"","overlay-type":"","overlay-color":"","overlay-opacity":"","overlay-gradient":""}},"footnotes":""},"categories":[1],"tags":[],"class_list":["post-1088","post","type-post","status-publish","format-standard","hentry","category-sem-categoria"],"yoast_head":"<!-- This site is optimized with the Yoast SEO plugin v26.6 - https:\/\/yoast.com\/wordpress\/plugins\/seo\/ -->\n<title>O novo quadro no Oriente M\u00e9dio - Fl\u00e1vio Braga<\/title>\n<meta name=\"robots\" content=\"index, follow, max-snippet:-1, max-image-preview:large, max-video-preview:-1\" \/>\n<link rel=\"canonical\" href=\"https:\/\/www.blogsoestado.com\/flaviobraga\/o-novo-quadro-no-oriente-medio\/\" \/>\n<meta property=\"og:locale\" content=\"pt_BR\" \/>\n<meta property=\"og:type\" content=\"article\" \/>\n<meta property=\"og:title\" content=\"O novo quadro no Oriente M\u00e9dio - Fl\u00e1vio Braga\" \/>\n<meta property=\"og:description\" content=\"Por Emir Sader Por duas fortes raz\u00f5es o Oriente M\u00e9dio tornou-se um pilar da pol\u00edtica externa do imp\u00e9rio norte-americano: a [&hellip;]\" \/>\n<meta property=\"og:url\" content=\"https:\/\/www.blogsoestado.com\/flaviobraga\/o-novo-quadro-no-oriente-medio\/\" \/>\n<meta property=\"og:site_name\" content=\"Fl\u00e1vio Braga\" \/>\n<meta property=\"article:published_time\" content=\"2011-02-14T16:33:46+00:00\" \/>\n<meta property=\"og:image\" content=\"https:\/\/www.blogsoestado.com\/flaviobraga\/files\/2011\/02\/emir_sader.jpg\" \/>\n<meta name=\"author\" content=\"Flavio Braga\" \/>\n<meta name=\"twitter:card\" content=\"summary_large_image\" \/>\n<meta name=\"twitter:label1\" content=\"Escrito por\" \/>\n\t<meta name=\"twitter:data1\" content=\"Flavio Braga\" \/>\n\t<meta name=\"twitter:label2\" content=\"Est. tempo de leitura\" \/>\n\t<meta name=\"twitter:data2\" content=\"4 minutos\" \/>\n<script type=\"application\/ld+json\" class=\"yoast-schema-graph\">{\"@context\":\"https:\/\/schema.org\",\"@graph\":[{\"@type\":\"WebPage\",\"@id\":\"https:\/\/www.blogsoestado.com\/flaviobraga\/o-novo-quadro-no-oriente-medio\/\",\"url\":\"https:\/\/www.blogsoestado.com\/flaviobraga\/o-novo-quadro-no-oriente-medio\/\",\"name\":\"O novo quadro no Oriente M\u00e9dio - Fl\u00e1vio Braga\",\"isPartOf\":{\"@id\":\"https:\/\/www.blogsoestado.com\/flaviobraga\/#website\"},\"primaryImageOfPage\":{\"@id\":\"https:\/\/www.blogsoestado.com\/flaviobraga\/o-novo-quadro-no-oriente-medio\/#primaryimage\"},\"image\":{\"@id\":\"https:\/\/www.blogsoestado.com\/flaviobraga\/o-novo-quadro-no-oriente-medio\/#primaryimage\"},\"thumbnailUrl\":\"https:\/\/www.blogsoestado.com\/flaviobraga\/files\/2011\/02\/emir_sader.jpg\",\"datePublished\":\"2011-02-14T16:33:46+00:00\",\"author\":{\"@id\":\"https:\/\/www.blogsoestado.com\/flaviobraga\/#\/schema\/person\/6c6c778331775c757a82d15206bd8733\"},\"breadcrumb\":{\"@id\":\"https:\/\/www.blogsoestado.com\/flaviobraga\/o-novo-quadro-no-oriente-medio\/#breadcrumb\"},\"inLanguage\":\"pt-BR\",\"potentialAction\":[{\"@type\":\"ReadAction\",\"target\":[\"https:\/\/www.blogsoestado.com\/flaviobraga\/o-novo-quadro-no-oriente-medio\/\"]}]},{\"@type\":\"ImageObject\",\"inLanguage\":\"pt-BR\",\"@id\":\"https:\/\/www.blogsoestado.com\/flaviobraga\/o-novo-quadro-no-oriente-medio\/#primaryimage\",\"url\":\"https:\/\/www.blogsoestado.com\/flaviobraga\/files\/2011\/02\/emir_sader.jpg\",\"contentUrl\":\"https:\/\/www.blogsoestado.com\/flaviobraga\/files\/2011\/02\/emir_sader.jpg\"},{\"@type\":\"BreadcrumbList\",\"@id\":\"https:\/\/www.blogsoestado.com\/flaviobraga\/o-novo-quadro-no-oriente-medio\/#breadcrumb\",\"itemListElement\":[{\"@type\":\"ListItem\",\"position\":1,\"name\":\"In\u00edcio\",\"item\":\"https:\/\/www.blogsoestado.com\/flaviobraga\/\"},{\"@type\":\"ListItem\",\"position\":2,\"name\":\"O novo quadro no Oriente M\u00e9dio\"}]},{\"@type\":\"WebSite\",\"@id\":\"https:\/\/www.blogsoestado.com\/flaviobraga\/#website\",\"url\":\"https:\/\/www.blogsoestado.com\/flaviobraga\/\",\"name\":\"Fl\u00e1vio Braga\",\"description\":\"\",\"potentialAction\":[{\"@type\":\"SearchAction\",\"target\":{\"@type\":\"EntryPoint\",\"urlTemplate\":\"https:\/\/www.blogsoestado.com\/flaviobraga\/?s={search_term_string}\"},\"query-input\":{\"@type\":\"PropertyValueSpecification\",\"valueRequired\":true,\"valueName\":\"search_term_string\"}}],\"inLanguage\":\"pt-BR\"},{\"@type\":\"Person\",\"@id\":\"https:\/\/www.blogsoestado.com\/flaviobraga\/#\/schema\/person\/6c6c778331775c757a82d15206bd8733\",\"name\":\"Flavio Braga\",\"image\":{\"@type\":\"ImageObject\",\"inLanguage\":\"pt-BR\",\"@id\":\"https:\/\/www.blogsoestado.com\/flaviobraga\/#\/schema\/person\/image\/\",\"url\":\"https:\/\/secure.gravatar.com\/avatar\/ab173937dad8d78195c87778be8a0285d069ede375ce0ae24aac1cf8e58ccb2c?s=96&d=mm&r=g\",\"contentUrl\":\"https:\/\/secure.gravatar.com\/avatar\/ab173937dad8d78195c87778be8a0285d069ede375ce0ae24aac1cf8e58ccb2c?s=96&d=mm&r=g\",\"caption\":\"Flavio Braga\"},\"url\":\"https:\/\/www.blogsoestado.com\/flaviobraga\/author\/flaviobraga\/\"}]}<\/script>\n<!-- \/ Yoast SEO plugin. -->","yoast_head_json":{"title":"O novo quadro no Oriente M\u00e9dio - Fl\u00e1vio Braga","robots":{"index":"index","follow":"follow","max-snippet":"max-snippet:-1","max-image-preview":"max-image-preview:large","max-video-preview":"max-video-preview:-1"},"canonical":"https:\/\/www.blogsoestado.com\/flaviobraga\/o-novo-quadro-no-oriente-medio\/","og_locale":"pt_BR","og_type":"article","og_title":"O novo quadro no Oriente M\u00e9dio - Fl\u00e1vio Braga","og_description":"Por Emir Sader Por duas fortes raz\u00f5es o Oriente M\u00e9dio tornou-se um pilar da pol\u00edtica externa do imp\u00e9rio norte-americano: a [&hellip;]","og_url":"https:\/\/www.blogsoestado.com\/flaviobraga\/o-novo-quadro-no-oriente-medio\/","og_site_name":"Fl\u00e1vio Braga","article_published_time":"2011-02-14T16:33:46+00:00","og_image":[{"url":"https:\/\/www.blogsoestado.com\/flaviobraga\/files\/2011\/02\/emir_sader.jpg","type":"","width":"","height":""}],"author":"Flavio Braga","twitter_card":"summary_large_image","twitter_misc":{"Escrito por":"Flavio Braga","Est. tempo de leitura":"4 minutos"},"schema":{"@context":"https:\/\/schema.org","@graph":[{"@type":"WebPage","@id":"https:\/\/www.blogsoestado.com\/flaviobraga\/o-novo-quadro-no-oriente-medio\/","url":"https:\/\/www.blogsoestado.com\/flaviobraga\/o-novo-quadro-no-oriente-medio\/","name":"O novo quadro no Oriente M\u00e9dio - Fl\u00e1vio Braga","isPartOf":{"@id":"https:\/\/www.blogsoestado.com\/flaviobraga\/#website"},"primaryImageOfPage":{"@id":"https:\/\/www.blogsoestado.com\/flaviobraga\/o-novo-quadro-no-oriente-medio\/#primaryimage"},"image":{"@id":"https:\/\/www.blogsoestado.com\/flaviobraga\/o-novo-quadro-no-oriente-medio\/#primaryimage"},"thumbnailUrl":"https:\/\/www.blogsoestado.com\/flaviobraga\/files\/2011\/02\/emir_sader.jpg","datePublished":"2011-02-14T16:33:46+00:00","author":{"@id":"https:\/\/www.blogsoestado.com\/flaviobraga\/#\/schema\/person\/6c6c778331775c757a82d15206bd8733"},"breadcrumb":{"@id":"https:\/\/www.blogsoestado.com\/flaviobraga\/o-novo-quadro-no-oriente-medio\/#breadcrumb"},"inLanguage":"pt-BR","potentialAction":[{"@type":"ReadAction","target":["https:\/\/www.blogsoestado.com\/flaviobraga\/o-novo-quadro-no-oriente-medio\/"]}]},{"@type":"ImageObject","inLanguage":"pt-BR","@id":"https:\/\/www.blogsoestado.com\/flaviobraga\/o-novo-quadro-no-oriente-medio\/#primaryimage","url":"https:\/\/www.blogsoestado.com\/flaviobraga\/files\/2011\/02\/emir_sader.jpg","contentUrl":"https:\/\/www.blogsoestado.com\/flaviobraga\/files\/2011\/02\/emir_sader.jpg"},{"@type":"BreadcrumbList","@id":"https:\/\/www.blogsoestado.com\/flaviobraga\/o-novo-quadro-no-oriente-medio\/#breadcrumb","itemListElement":[{"@type":"ListItem","position":1,"name":"In\u00edcio","item":"https:\/\/www.blogsoestado.com\/flaviobraga\/"},{"@type":"ListItem","position":2,"name":"O novo quadro no Oriente M\u00e9dio"}]},{"@type":"WebSite","@id":"https:\/\/www.blogsoestado.com\/flaviobraga\/#website","url":"https:\/\/www.blogsoestado.com\/flaviobraga\/","name":"Fl\u00e1vio Braga","description":"","potentialAction":[{"@type":"SearchAction","target":{"@type":"EntryPoint","urlTemplate":"https:\/\/www.blogsoestado.com\/flaviobraga\/?s={search_term_string}"},"query-input":{"@type":"PropertyValueSpecification","valueRequired":true,"valueName":"search_term_string"}}],"inLanguage":"pt-BR"},{"@type":"Person","@id":"https:\/\/www.blogsoestado.com\/flaviobraga\/#\/schema\/person\/6c6c778331775c757a82d15206bd8733","name":"Flavio Braga","image":{"@type":"ImageObject","inLanguage":"pt-BR","@id":"https:\/\/www.blogsoestado.com\/flaviobraga\/#\/schema\/person\/image\/","url":"https:\/\/secure.gravatar.com\/avatar\/ab173937dad8d78195c87778be8a0285d069ede375ce0ae24aac1cf8e58ccb2c?s=96&d=mm&r=g","contentUrl":"https:\/\/secure.gravatar.com\/avatar\/ab173937dad8d78195c87778be8a0285d069ede375ce0ae24aac1cf8e58ccb2c?s=96&d=mm&r=g","caption":"Flavio Braga"},"url":"https:\/\/www.blogsoestado.com\/flaviobraga\/author\/flaviobraga\/"}]}},"jetpack_featured_media_url":"","_links":{"self":[{"href":"https:\/\/www.blogsoestado.com\/flaviobraga\/wp-json\/wp\/v2\/posts\/1088","targetHints":{"allow":["GET"]}}],"collection":[{"href":"https:\/\/www.blogsoestado.com\/flaviobraga\/wp-json\/wp\/v2\/posts"}],"about":[{"href":"https:\/\/www.blogsoestado.com\/flaviobraga\/wp-json\/wp\/v2\/types\/post"}],"author":[{"embeddable":true,"href":"https:\/\/www.blogsoestado.com\/flaviobraga\/wp-json\/wp\/v2\/users\/8"}],"replies":[{"embeddable":true,"href":"https:\/\/www.blogsoestado.com\/flaviobraga\/wp-json\/wp\/v2\/comments?post=1088"}],"version-history":[{"count":0,"href":"https:\/\/www.blogsoestado.com\/flaviobraga\/wp-json\/wp\/v2\/posts\/1088\/revisions"}],"wp:attachment":[{"href":"https:\/\/www.blogsoestado.com\/flaviobraga\/wp-json\/wp\/v2\/media?parent=1088"}],"wp:term":[{"taxonomy":"category","embeddable":true,"href":"https:\/\/www.blogsoestado.com\/flaviobraga\/wp-json\/wp\/v2\/categories?post=1088"},{"taxonomy":"post_tag","embeddable":true,"href":"https:\/\/www.blogsoestado.com\/flaviobraga\/wp-json\/wp\/v2\/tags?post=1088"}],"curies":[{"name":"wp","href":"https:\/\/api.w.org\/{rel}","templated":true}]}}