{"id":1104,"date":"2011-02-14T16:21:43","date_gmt":"2011-02-14T18:21:43","guid":{"rendered":"https:\/\/www.blogsoestado.com\/flaviobraga\/?p=1104"},"modified":"2011-02-14T16:21:43","modified_gmt":"2011-02-14T18:21:43","slug":"por-que-os-advogados-do-brasil-nao-estao-no-poder","status":"publish","type":"post","link":"https:\/\/www.blogsoestado.com\/flaviobraga\/por-que-os-advogados-do-brasil-nao-estao-no-poder\/","title":{"rendered":"Por que os advogados do Brasil n\u00e3o est\u00e3o no poder?"},"content":{"rendered":"<p>Por Gustavo Rocha*<\/p>\n<p>Voc\u00ea se orgulha de ser advogado? Um recente artigo publicado na <strong>Consultor Jur\u00eddico<\/strong> chamou aten\u00e7\u00e3o: ressalta que nos Estados Unidos os advogados ocupam posi\u00e7\u00f5es estrat\u00e9gicas e de poder. <em>Leia a reportagem completa <\/em><a href=\"http:\/\/www.conjur.com.br\/2011-fev-06\/advogados-altas-esferas-poder-estados-unidos\"><em>aqui<\/em><\/a>.<\/p>\n<p>O artigo descreve personalidades como o presidente dos EUA Barack Obama, Hillary Clinton, entre outros, como advogados que chegaram a posi\u00e7\u00f5es de destaque, sendo que o presidente dos EUA afirma que busca muito de seus aliados e trabalhadores em Harvard, conceituada escola jur\u00eddica americana.<\/p>\n<p>Tal distin\u00e7\u00e3o nos leva a uma profunda reflex\u00e3o: Porque no Brasil \u00e9 t\u00e3o diferente?<\/p>\n<p>Aqui o que temos \u00e9 bem mais simpl\u00f3rio. Temos advogados que s\u00e3o parlamentares, contudo, isto n\u00e3o enobrece a profiss\u00e3o. Temos advogados que se tornam ju\u00edzes e parece que esquecem que um dia foram advogados. Temos advogados que chegam ao executivo, mas seus atos n\u00e3o s\u00e3o compat\u00edveis com esta nobre profiss\u00e3o.<\/p>\n<p>Porque ser\u00e1 que \u00e9 assim? Parece uma pergunta imposs\u00edvel de ser respondida de forma objetiva, contudo, temos algumas pistas do porque isto acontece e mais, das consequ\u00eancias destas atitudes.<\/p>\n<p><strong>Pistas<\/strong><strong><br \/>\n<\/strong>Quantas vezes observamos advogados falando mal de outros advogados? Advogados que s\u00e3o vistos em novelas como vil\u00f5es, sempre querendo prejudicar algu\u00e9m. Advogados que sequer parecem saber o que \u00e9 o direito e pelo que o defendem.<\/p>\n<p>As pistas apontam para faculdades com objetivo mais financeiro do que de estudo, ali\u00e1s, n\u00e3o apenas faculdades, hoje estudar \u00e9 sin\u00f4nimo de se o aluno paga ele merece passar de ano, conhecimento \u00e9 problema dele e n\u00e3o da escola. Eu discordo frontalmente, mas \u00e9 uma realidade que temos que enfrentar, onde alunos chegam ao segundo grau sendo analfabetos funcionais, sequer conseguem compreender corretamente o que l\u00eaem.<\/p>\n<p>As pistas apontam para os pr\u00f3prios profissionais que passaram na prova da OAB &#8211; j\u00e1 imaginou sem a prova como seria o mercado com qualquer tipo de profissional?- e reclamam da profiss\u00e3o, sempre falam mal da advocacia e na primeira oportunidade querem ser assistentes do Minist\u00e9rio P\u00fablico, Oficiais de Justi\u00e7a e por a\u00ed vai. N\u00e3o desmere\u00e7o qualquer profiss\u00e3o, mas quem lutou e batalhou para passar na prova da OAB e ser advogado (a), deve honrar a sua OAB.<\/p>\n<p>As pistas apontam para profissionais que ao inv\u00e9s de se profissionalizarem, buscarem a gest\u00e3o e tecnologia como diferenciais competitivos, querer ser diferentes e fazer a diferen\u00e7a, se preocupam unicamente com o pre\u00e7o. Humilham-se em honor\u00e1rios p\u00edfios. Aceitam cuidar de processos por anos a fio e receberem mis\u00e9rias. Dizem que isto que faz \u00e9 o mercado. Afirmo categoricamente: N\u00e3o \u00e9. Quem faz o pre\u00e7o \u00e9 o pr\u00f3prio profissional. Se ele tem vis\u00e3o, sabe do direito e quer evoluir, ele pode e ser\u00e1 bem sucedido.<\/p>\n<p><strong>Conseq\u00fc\u00eancias<\/strong><\/p>\n<p>Uma das piores consequ\u00eancias \u00e9 o advogado largar a advocacia e buscar outra profiss\u00e3o. Muitas vezes ele \u00e9 talentoso, sabe do que faz, mas lhe falta vis\u00e3o, gest\u00e3o, tecnologia. Da\u00ed advogar parece um fardo.<\/p>\n<p>Outra consequ\u00eancia terr\u00edvel \u00e9 o profissional que fica estagnado, pensando que j\u00e1 fez tudo que a advocacia permite. Este profissional n\u00e3o tem vis\u00e3o do mercado. Falta ver que o mercado est\u00e1 em plena expans\u00e3o, crescendo diariamente, com novas \u00e1reas, mercados, produtos novos (fa\u00e7o quase semanalmente em meus clientes este exerc\u00edcio de vis\u00e3o de mercado e os resultados s\u00e3o produtos diferentes, muitos que eu sequer havia visto, pois a criatividade faz parte da carreira jur\u00eddica).<\/p>\n<p>Quem fica parado achando que o mundo deve mudar primeiro, realmente est\u00e1 na profiss\u00e3o errada. Estamos diante de desafios enormes na \u00e1rea em si do direito material, igualmente processual e mais o eletr\u00f4nico. Temos redes sociais reinventando a nossa comunica\u00e7\u00e3o, nunca antes na hist\u00f3ria deste pa\u00eds houve tanto para se promover no universo jur\u00eddico, a exemplo do direito no \u00e2mbito da internet assim como o processo virtual promovido pelo judici\u00e1rio em todo pa\u00eds. S\u00e3o quest\u00f5es que precisam ser enfrentadas. Antes, tudo ocorria no papel. Agora, s\u00e3o bytes, rede e mem\u00f3ria que fazem o mundo girar.<\/p>\n<p>N\u00e3o basta ficar achando ruim a situa\u00e7\u00e3o atual. Fa\u00e7a algo a respeito!<\/p>\n<p>Enfim, voc\u00ea se orgulha de ser advogado?<\/p>\n<p>Deveria. \u00c9 uma profiss\u00e3o maravilhosa. Basta vis\u00e3o, gest\u00e3o, tecnologia e muito trabalho para que o sucesso seja constante no seu caminho.<\/p>\n<p>* <a href=\"mailto:gustavo%40gestao.adv.br\">Gustavo Rocha<\/a> \u00e9 advogado, p\u00f3s-Graduado em Direito Empresarial. Presta consultoria nas \u00e1reas de gest\u00e3o, tecnologia e qualidade para escrit\u00f3rios de advocacia.<\/p>\n","protected":false},"excerpt":{"rendered":"<p>Por Gustavo Rocha* Voc\u00ea se orgulha de ser advogado? Um recente artigo publicado na Consultor Jur\u00eddico chamou aten\u00e7\u00e3o: ressalta que [&hellip;]<\/p>\n","protected":false},"author":8,"featured_media":0,"comment_status":"open","ping_status":"open","sticky":false,"template":"","format":"standard","meta":{"site-sidebar-layout":"default","site-content-layout":"","ast-site-content-layout":"default","site-content-style":"default","site-sidebar-style":"default","ast-global-header-display":"","ast-banner-title-visibility":"","ast-main-header-display":"","ast-hfb-above-header-display":"","ast-hfb-below-header-display":"","ast-hfb-mobile-header-display":"","site-post-title":"","ast-breadcrumbs-content":"","ast-featured-img":"","footer-sml-layout":"","ast-disable-related-posts":"","theme-transparent-header-meta":"","adv-header-id-meta":"","stick-header-meta":"","header-above-stick-meta":"","header-main-stick-meta":"","header-below-stick-meta":"","astra-migrate-meta-layouts":"default","ast-page-background-enabled":"default","ast-page-background-meta":{"desktop":{"background-color":"var(--ast-global-color-5)","background-image":"","background-repeat":"repeat","background-position":"center center","background-size":"auto","background-attachment":"scroll","background-type":"","background-media":"","overlay-type":"","overlay-color":"","overlay-opacity":"","overlay-gradient":""},"tablet":{"background-color":"","background-image":"","background-repeat":"repeat","background-position":"center center","background-size":"auto","background-attachment":"scroll","background-type":"","background-media":"","overlay-type":"","overlay-color":"","overlay-opacity":"","overlay-gradient":""},"mobile":{"background-color":"","background-image":"","background-repeat":"repeat","background-position":"center center","background-size":"auto","background-attachment":"scroll","background-type":"","background-media":"","overlay-type":"","overlay-color":"","overlay-opacity":"","overlay-gradient":""}},"ast-content-background-meta":{"desktop":{"background-color":"var(--ast-global-color-4)","background-image":"","background-repeat":"repeat","background-position":"center center","background-size":"auto","background-attachment":"scroll","background-type":"","background-media":"","overlay-type":"","overlay-color":"","overlay-opacity":"","overlay-gradient":""},"tablet":{"background-color":"var(--ast-global-color-4)","background-image":"","background-repeat":"repeat","background-position":"center center","background-size":"auto","background-attachment":"scroll","background-type":"","background-media":"","overlay-type":"","overlay-color":"","overlay-opacity":"","overlay-gradient":""},"mobile":{"background-color":"var(--ast-global-color-4)","background-image":"","background-repeat":"repeat","background-position":"center center","background-size":"auto","background-attachment":"scroll","background-type":"","background-media":"","overlay-type":"","overlay-color":"","overlay-opacity":"","overlay-gradient":""}},"footnotes":""},"categories":[1],"tags":[],"class_list":["post-1104","post","type-post","status-publish","format-standard","hentry","category-sem-categoria"],"yoast_head":"<!-- This site is optimized with the Yoast SEO plugin v26.6 - https:\/\/yoast.com\/wordpress\/plugins\/seo\/ -->\n<title>Por que os advogados do Brasil n\u00e3o est\u00e3o no poder? - Fl\u00e1vio Braga<\/title>\n<meta name=\"robots\" content=\"index, follow, max-snippet:-1, max-image-preview:large, max-video-preview:-1\" \/>\n<link rel=\"canonical\" href=\"https:\/\/www.blogsoestado.com\/flaviobraga\/por-que-os-advogados-do-brasil-nao-estao-no-poder\/\" \/>\n<meta property=\"og:locale\" content=\"pt_BR\" \/>\n<meta property=\"og:type\" content=\"article\" \/>\n<meta property=\"og:title\" content=\"Por que os advogados do Brasil n\u00e3o est\u00e3o no poder? - Fl\u00e1vio Braga\" \/>\n<meta property=\"og:description\" content=\"Por Gustavo Rocha* Voc\u00ea se orgulha de ser advogado? Um recente artigo publicado na Consultor Jur\u00eddico chamou aten\u00e7\u00e3o: ressalta que [&hellip;]\" \/>\n<meta property=\"og:url\" content=\"https:\/\/www.blogsoestado.com\/flaviobraga\/por-que-os-advogados-do-brasil-nao-estao-no-poder\/\" \/>\n<meta property=\"og:site_name\" content=\"Fl\u00e1vio Braga\" \/>\n<meta property=\"article:published_time\" content=\"2011-02-14T18:21:43+00:00\" \/>\n<meta name=\"author\" content=\"Flavio Braga\" \/>\n<meta name=\"twitter:card\" content=\"summary_large_image\" \/>\n<meta name=\"twitter:label1\" content=\"Escrito por\" \/>\n\t<meta name=\"twitter:data1\" content=\"Flavio Braga\" \/>\n\t<meta name=\"twitter:label2\" content=\"Est. tempo de leitura\" \/>\n\t<meta name=\"twitter:data2\" content=\"4 minutos\" \/>\n<script type=\"application\/ld+json\" class=\"yoast-schema-graph\">{\"@context\":\"https:\/\/schema.org\",\"@graph\":[{\"@type\":\"WebPage\",\"@id\":\"https:\/\/www.blogsoestado.com\/flaviobraga\/por-que-os-advogados-do-brasil-nao-estao-no-poder\/\",\"url\":\"https:\/\/www.blogsoestado.com\/flaviobraga\/por-que-os-advogados-do-brasil-nao-estao-no-poder\/\",\"name\":\"Por que os advogados do Brasil n\u00e3o est\u00e3o no poder? - Fl\u00e1vio Braga\",\"isPartOf\":{\"@id\":\"https:\/\/www.blogsoestado.com\/flaviobraga\/#website\"},\"datePublished\":\"2011-02-14T18:21:43+00:00\",\"author\":{\"@id\":\"https:\/\/www.blogsoestado.com\/flaviobraga\/#\/schema\/person\/6c6c778331775c757a82d15206bd8733\"},\"breadcrumb\":{\"@id\":\"https:\/\/www.blogsoestado.com\/flaviobraga\/por-que-os-advogados-do-brasil-nao-estao-no-poder\/#breadcrumb\"},\"inLanguage\":\"pt-BR\",\"potentialAction\":[{\"@type\":\"ReadAction\",\"target\":[\"https:\/\/www.blogsoestado.com\/flaviobraga\/por-que-os-advogados-do-brasil-nao-estao-no-poder\/\"]}]},{\"@type\":\"BreadcrumbList\",\"@id\":\"https:\/\/www.blogsoestado.com\/flaviobraga\/por-que-os-advogados-do-brasil-nao-estao-no-poder\/#breadcrumb\",\"itemListElement\":[{\"@type\":\"ListItem\",\"position\":1,\"name\":\"In\u00edcio\",\"item\":\"https:\/\/www.blogsoestado.com\/flaviobraga\/\"},{\"@type\":\"ListItem\",\"position\":2,\"name\":\"Por que os advogados do Brasil n\u00e3o est\u00e3o no poder?\"}]},{\"@type\":\"WebSite\",\"@id\":\"https:\/\/www.blogsoestado.com\/flaviobraga\/#website\",\"url\":\"https:\/\/www.blogsoestado.com\/flaviobraga\/\",\"name\":\"Fl\u00e1vio Braga\",\"description\":\"\",\"potentialAction\":[{\"@type\":\"SearchAction\",\"target\":{\"@type\":\"EntryPoint\",\"urlTemplate\":\"https:\/\/www.blogsoestado.com\/flaviobraga\/?s={search_term_string}\"},\"query-input\":{\"@type\":\"PropertyValueSpecification\",\"valueRequired\":true,\"valueName\":\"search_term_string\"}}],\"inLanguage\":\"pt-BR\"},{\"@type\":\"Person\",\"@id\":\"https:\/\/www.blogsoestado.com\/flaviobraga\/#\/schema\/person\/6c6c778331775c757a82d15206bd8733\",\"name\":\"Flavio Braga\",\"image\":{\"@type\":\"ImageObject\",\"inLanguage\":\"pt-BR\",\"@id\":\"https:\/\/www.blogsoestado.com\/flaviobraga\/#\/schema\/person\/image\/\",\"url\":\"https:\/\/secure.gravatar.com\/avatar\/ab173937dad8d78195c87778be8a0285d069ede375ce0ae24aac1cf8e58ccb2c?s=96&d=mm&r=g\",\"contentUrl\":\"https:\/\/secure.gravatar.com\/avatar\/ab173937dad8d78195c87778be8a0285d069ede375ce0ae24aac1cf8e58ccb2c?s=96&d=mm&r=g\",\"caption\":\"Flavio Braga\"},\"url\":\"https:\/\/www.blogsoestado.com\/flaviobraga\/author\/flaviobraga\/\"}]}<\/script>\n<!-- \/ Yoast SEO plugin. -->","yoast_head_json":{"title":"Por que os advogados do Brasil n\u00e3o est\u00e3o no poder? - Fl\u00e1vio Braga","robots":{"index":"index","follow":"follow","max-snippet":"max-snippet:-1","max-image-preview":"max-image-preview:large","max-video-preview":"max-video-preview:-1"},"canonical":"https:\/\/www.blogsoestado.com\/flaviobraga\/por-que-os-advogados-do-brasil-nao-estao-no-poder\/","og_locale":"pt_BR","og_type":"article","og_title":"Por que os advogados do Brasil n\u00e3o est\u00e3o no poder? - Fl\u00e1vio Braga","og_description":"Por Gustavo Rocha* Voc\u00ea se orgulha de ser advogado? Um recente artigo publicado na Consultor Jur\u00eddico chamou aten\u00e7\u00e3o: ressalta que [&hellip;]","og_url":"https:\/\/www.blogsoestado.com\/flaviobraga\/por-que-os-advogados-do-brasil-nao-estao-no-poder\/","og_site_name":"Fl\u00e1vio Braga","article_published_time":"2011-02-14T18:21:43+00:00","author":"Flavio Braga","twitter_card":"summary_large_image","twitter_misc":{"Escrito por":"Flavio Braga","Est. tempo de leitura":"4 minutos"},"schema":{"@context":"https:\/\/schema.org","@graph":[{"@type":"WebPage","@id":"https:\/\/www.blogsoestado.com\/flaviobraga\/por-que-os-advogados-do-brasil-nao-estao-no-poder\/","url":"https:\/\/www.blogsoestado.com\/flaviobraga\/por-que-os-advogados-do-brasil-nao-estao-no-poder\/","name":"Por que os advogados do Brasil n\u00e3o est\u00e3o no poder? - Fl\u00e1vio Braga","isPartOf":{"@id":"https:\/\/www.blogsoestado.com\/flaviobraga\/#website"},"datePublished":"2011-02-14T18:21:43+00:00","author":{"@id":"https:\/\/www.blogsoestado.com\/flaviobraga\/#\/schema\/person\/6c6c778331775c757a82d15206bd8733"},"breadcrumb":{"@id":"https:\/\/www.blogsoestado.com\/flaviobraga\/por-que-os-advogados-do-brasil-nao-estao-no-poder\/#breadcrumb"},"inLanguage":"pt-BR","potentialAction":[{"@type":"ReadAction","target":["https:\/\/www.blogsoestado.com\/flaviobraga\/por-que-os-advogados-do-brasil-nao-estao-no-poder\/"]}]},{"@type":"BreadcrumbList","@id":"https:\/\/www.blogsoestado.com\/flaviobraga\/por-que-os-advogados-do-brasil-nao-estao-no-poder\/#breadcrumb","itemListElement":[{"@type":"ListItem","position":1,"name":"In\u00edcio","item":"https:\/\/www.blogsoestado.com\/flaviobraga\/"},{"@type":"ListItem","position":2,"name":"Por que os advogados do Brasil n\u00e3o est\u00e3o no poder?"}]},{"@type":"WebSite","@id":"https:\/\/www.blogsoestado.com\/flaviobraga\/#website","url":"https:\/\/www.blogsoestado.com\/flaviobraga\/","name":"Fl\u00e1vio Braga","description":"","potentialAction":[{"@type":"SearchAction","target":{"@type":"EntryPoint","urlTemplate":"https:\/\/www.blogsoestado.com\/flaviobraga\/?s={search_term_string}"},"query-input":{"@type":"PropertyValueSpecification","valueRequired":true,"valueName":"search_term_string"}}],"inLanguage":"pt-BR"},{"@type":"Person","@id":"https:\/\/www.blogsoestado.com\/flaviobraga\/#\/schema\/person\/6c6c778331775c757a82d15206bd8733","name":"Flavio Braga","image":{"@type":"ImageObject","inLanguage":"pt-BR","@id":"https:\/\/www.blogsoestado.com\/flaviobraga\/#\/schema\/person\/image\/","url":"https:\/\/secure.gravatar.com\/avatar\/ab173937dad8d78195c87778be8a0285d069ede375ce0ae24aac1cf8e58ccb2c?s=96&d=mm&r=g","contentUrl":"https:\/\/secure.gravatar.com\/avatar\/ab173937dad8d78195c87778be8a0285d069ede375ce0ae24aac1cf8e58ccb2c?s=96&d=mm&r=g","caption":"Flavio Braga"},"url":"https:\/\/www.blogsoestado.com\/flaviobraga\/author\/flaviobraga\/"}]}},"jetpack_featured_media_url":"","_links":{"self":[{"href":"https:\/\/www.blogsoestado.com\/flaviobraga\/wp-json\/wp\/v2\/posts\/1104","targetHints":{"allow":["GET"]}}],"collection":[{"href":"https:\/\/www.blogsoestado.com\/flaviobraga\/wp-json\/wp\/v2\/posts"}],"about":[{"href":"https:\/\/www.blogsoestado.com\/flaviobraga\/wp-json\/wp\/v2\/types\/post"}],"author":[{"embeddable":true,"href":"https:\/\/www.blogsoestado.com\/flaviobraga\/wp-json\/wp\/v2\/users\/8"}],"replies":[{"embeddable":true,"href":"https:\/\/www.blogsoestado.com\/flaviobraga\/wp-json\/wp\/v2\/comments?post=1104"}],"version-history":[{"count":0,"href":"https:\/\/www.blogsoestado.com\/flaviobraga\/wp-json\/wp\/v2\/posts\/1104\/revisions"}],"wp:attachment":[{"href":"https:\/\/www.blogsoestado.com\/flaviobraga\/wp-json\/wp\/v2\/media?parent=1104"}],"wp:term":[{"taxonomy":"category","embeddable":true,"href":"https:\/\/www.blogsoestado.com\/flaviobraga\/wp-json\/wp\/v2\/categories?post=1104"},{"taxonomy":"post_tag","embeddable":true,"href":"https:\/\/www.blogsoestado.com\/flaviobraga\/wp-json\/wp\/v2\/tags?post=1104"}],"curies":[{"name":"wp","href":"https:\/\/api.w.org\/{rel}","templated":true}]}}