{"id":1107,"date":"2011-02-16T19:30:35","date_gmt":"2011-02-16T21:30:35","guid":{"rendered":"https:\/\/www.blogsoestado.com\/flaviobraga\/?p=1107"},"modified":"2011-02-16T19:30:35","modified_gmt":"2011-02-16T21:30:35","slug":"prefeito-de-pau-darco-do-piaui-e-inelegivel-por-ser-filho-de-criacao-de-ex-prefeito","status":"publish","type":"post","link":"https:\/\/www.blogsoestado.com\/flaviobraga\/prefeito-de-pau-darco-do-piaui-e-inelegivel-por-ser-filho-de-criacao-de-ex-prefeito\/","title":{"rendered":"Prefeito de Pau D\u2019Arco do Piau\u00ed \u00e9 ineleg\u00edvel por ser filho de cria\u00e7\u00e3o de ex-prefeito"},"content":{"rendered":"<p>O plen\u00e1rio do Tribunal Superior Eleitoral (TSE) considerou, na sess\u00e3o plen\u00e1ria de ter\u00e7a-feira, o prefeito de Pau D\u2019Arco do Piau\u00ed-PI, F\u00e1bio Soares Ces\u00e1rio, ineleg\u00edvel para o cargo por ser parente socioafetivo (filho de cria\u00e7\u00e3o) de Expedito Sind\u00f4, ex-prefeito do munic\u00edpio. Por maioria de votos, os ministros do TSE entenderam que a rela\u00e7\u00e3o socioafetiva de F\u00e1bio Ces\u00e1rio com o ex-prefeito \u00e9 evidente, j\u00e1 que \u00e9 conhecido na cidade como J\u00fanior Sind\u00f4, sendo inclusive apresentado como \u201cfilho\u201d por Expedito Sind\u00f4 em calend\u00e1rios que este distribuiu \u00e0 popula\u00e7\u00e3o.<\/p>\n<p>\u00a0O TSE manteve assim decis\u00e3o do Tribunal Regional Eleitoral do Piau\u00ed (TRE-PI) que considerou F\u00e1bio Soares Ces\u00e1rio (J\u00fanior Sind\u00f4) ineleg\u00edvel por ser filho adotivo de fato do ex-prefeito de Pau D\u2019Arco do Piau\u00ed, que exerceu por duas vezes o cargo e apoiou F\u00e1bio Soares na elei\u00e7\u00e3o de 2008. Ap\u00f3s desconstituir F\u00e1bio Soares e seu vice, o TRE-PI determinou a posse dos segundos colocados nas elei\u00e7\u00f5es de 2008 nos cargos de prefeito e vice-prefeito.<\/p>\n<p>Relator do processo, o ministro Arnaldo Versiani sustentou que a rela\u00e7\u00e3o socioafetiva de F\u00e1bio Soares (J\u00fanior Sind\u00f4) com o ex-prefeito Expedito Sind\u00f4 \u00e9 causa de inelegibilidade, com base no par\u00e1grafo 7\u00ba, do artigo 14, da Constitui\u00e7\u00e3o Federal. O dispositivo constitucional determina que s\u00e3o ineleg\u00edveis, no territ\u00f3rio de jurisdi\u00e7\u00e3o do titular, o c\u00f4njuge e os parentes consangu\u00edneos ou afins, at\u00e9 o segundo grau ou por ado\u00e7\u00e3o.<\/p>\n<p>\u201cEmbora o v\u00ednculo filial entre o prefeito e o ex-prefeito n\u00e3o seja formal, os autos do processo demonstram a paternidade socioafetiva e que h\u00e1, no caso, uma ado\u00e7\u00e3o de fato\u201d, afirmou o ministro Arnaldo Versiani.<\/p>\n<p>O ministro disse que nos calend\u00e1rios de 2004 e 2007 que Expedito Sind\u00f4 distribuiu, aparece o ent\u00e3o prefeito e seus filhos, entre eles F\u00e1bio Soares (J\u00fanior Sind\u00f4), felicitando a popula\u00e7\u00e3o.<\/p>\n<p>Acompanharam o voto do relator, o presidente do TSE, ministro Ricardo Lewandowski, a ministra C\u00e1rmen L\u00facia e o ministro Hamilton Carvalhido. O ministro Ricardo Lewandowski ressaltou que o objetivo do artigo 14 da Constitui\u00e7\u00e3o Federal foi de \u201cevitar a forma\u00e7\u00e3o de oligarquias, o continu\u00edsmo, o compadrio, a perpetua\u00e7\u00e3o de uma fam\u00edlia em determinados cargos do Executivo\u201d.<\/p>\n<p>O presidente do TSE salientou inclusive que, pelo conte\u00fado dos autos, o prefeito era conhecido na comunidade como J\u00fanior Sind\u00f4 e como \u201cfilho\u201d do ent\u00e3o prefeito do munic\u00edpio, Expedito Sind\u00f4, era assim apresentado \u00e0 popula\u00e7\u00e3o em calend\u00e1rios de felicita\u00e7\u00f5es distribu\u00eddos no munic\u00edpio. Segundo o presidente do TSE, isto evidencia a paternidade socioafetiva no caso.<\/p>\n<p>Al\u00e9m disso, o ministro Ricardo Lewandowski afirmou que a paternidade socioafetiva est\u00e1 amparada em artigos (1593 e 1603) do C\u00f3digo Civil como uma vertente de parentesco.<\/p>\n<p><strong>Diverg\u00eancia <\/strong><\/p>\n<p>A diverg\u00eancia do voto do relator foi aberta pelo ministro Marco Aur\u00e9lio. Segundo o ministro, a ado\u00e7\u00e3o mencionada no par\u00e1grafo 7\u00ba, do artigo 14 da Constitui\u00e7\u00e3o Federal como causa de inelegibilidade para cargos de chefias no Poder Executivo \u00e9 a ado\u00e7\u00e3o formal e n\u00e3o a derivada de uma eventual liga\u00e7\u00e3o socioafetiva.<\/p>\n<p>\u00a0\u201cN\u00e3o se pode enquadrar neste dispositivo o filho de cria\u00e7\u00e3o, o afilhado na vida greg\u00e1ria ou pol\u00edtica. Ao aludir \u00e0 ado\u00e7\u00e3o, \u00e9 a ado\u00e7\u00e3o disposta pelo C\u00f3digo Civil. A ado\u00e7\u00e3o meramente de fato n\u00e3o enseja a inelegibilidade do par\u00e1grafo 7\u00ba do artigo 14 da Constitui\u00e7\u00e3o\u201d, afirmou o ministro.<\/p>\n<p>Os ministros Aldir Passarinho Junior e Marcelo Ribeiro acompanharam a diverg\u00eancia. De acordo com o ministro Aldir Passarinho Junior a norma contida no item do artigo 14 da Constitui\u00e7\u00e3o \u201c\u00e9 expressa e objetiva\u201d, sendo a ado\u00e7\u00e3o mencionada a que decorre de um procedimento legal. J\u00e1 o ministro Marcelo Ribeiro disse que inelegibilidade \u00e9 mat\u00e9ria de direito estrito.<\/p>\n<p>\u201cN\u00e3o podemos ampliar as causas de inelegibilidade previstas na Constitui\u00e7\u00e3o para abranger novas situa\u00e7\u00f5es, no caso de filho adotivo, entre outras\u201d, disse o ministro.<\/p>\n","protected":false},"excerpt":{"rendered":"<p>O plen\u00e1rio do Tribunal Superior Eleitoral (TSE) considerou, na sess\u00e3o plen\u00e1ria de ter\u00e7a-feira, o prefeito de Pau D\u2019Arco do Piau\u00ed-PI, [&hellip;]<\/p>\n","protected":false},"author":8,"featured_media":0,"comment_status":"open","ping_status":"open","sticky":false,"template":"","format":"standard","meta":{"site-sidebar-layout":"default","site-content-layout":"","ast-site-content-layout":"default","site-content-style":"default","site-sidebar-style":"default","ast-global-header-display":"","ast-banner-title-visibility":"","ast-main-header-display":"","ast-hfb-above-header-display":"","ast-hfb-below-header-display":"","ast-hfb-mobile-header-display":"","site-post-title":"","ast-breadcrumbs-content":"","ast-featured-img":"","footer-sml-layout":"","ast-disable-related-posts":"","theme-transparent-header-meta":"","adv-header-id-meta":"","stick-header-meta":"","header-above-stick-meta":"","header-main-stick-meta":"","header-below-stick-meta":"","astra-migrate-meta-layouts":"default","ast-page-background-enabled":"default","ast-page-background-meta":{"desktop":{"background-color":"var(--ast-global-color-5)","background-image":"","background-repeat":"repeat","background-position":"center center","background-size":"auto","background-attachment":"scroll","background-type":"","background-media":"","overlay-type":"","overlay-color":"","overlay-opacity":"","overlay-gradient":""},"tablet":{"background-color":"","background-image":"","background-repeat":"repeat","background-position":"center center","background-size":"auto","background-attachment":"scroll","background-type":"","background-media":"","overlay-type":"","overlay-color":"","overlay-opacity":"","overlay-gradient":""},"mobile":{"background-color":"","background-image":"","background-repeat":"repeat","background-position":"center center","background-size":"auto","background-attachment":"scroll","background-type":"","background-media":"","overlay-type":"","overlay-color":"","overlay-opacity":"","overlay-gradient":""}},"ast-content-background-meta":{"desktop":{"background-color":"var(--ast-global-color-4)","background-image":"","background-repeat":"repeat","background-position":"center center","background-size":"auto","background-attachment":"scroll","background-type":"","background-media":"","overlay-type":"","overlay-color":"","overlay-opacity":"","overlay-gradient":""},"tablet":{"background-color":"var(--ast-global-color-4)","background-image":"","background-repeat":"repeat","background-position":"center center","background-size":"auto","background-attachment":"scroll","background-type":"","background-media":"","overlay-type":"","overlay-color":"","overlay-opacity":"","overlay-gradient":""},"mobile":{"background-color":"var(--ast-global-color-4)","background-image":"","background-repeat":"repeat","background-position":"center center","background-size":"auto","background-attachment":"scroll","background-type":"","background-media":"","overlay-type":"","overlay-color":"","overlay-opacity":"","overlay-gradient":""}},"footnotes":""},"categories":[1],"tags":[],"class_list":["post-1107","post","type-post","status-publish","format-standard","hentry","category-sem-categoria"],"yoast_head":"<!-- This site is optimized with the Yoast SEO plugin v26.6 - https:\/\/yoast.com\/wordpress\/plugins\/seo\/ -->\n<title>Prefeito de Pau D\u2019Arco do Piau\u00ed \u00e9 ineleg\u00edvel por ser filho de cria\u00e7\u00e3o de ex-prefeito - Fl\u00e1vio Braga<\/title>\n<meta name=\"robots\" content=\"index, follow, max-snippet:-1, max-image-preview:large, max-video-preview:-1\" \/>\n<link rel=\"canonical\" href=\"https:\/\/www.blogsoestado.com\/flaviobraga\/prefeito-de-pau-darco-do-piaui-e-inelegivel-por-ser-filho-de-criacao-de-ex-prefeito\/\" \/>\n<meta property=\"og:locale\" content=\"pt_BR\" \/>\n<meta property=\"og:type\" content=\"article\" \/>\n<meta property=\"og:title\" content=\"Prefeito de Pau D\u2019Arco do Piau\u00ed \u00e9 ineleg\u00edvel por ser filho de cria\u00e7\u00e3o de ex-prefeito - Fl\u00e1vio Braga\" \/>\n<meta property=\"og:description\" content=\"O plen\u00e1rio do Tribunal Superior Eleitoral (TSE) considerou, na sess\u00e3o plen\u00e1ria de ter\u00e7a-feira, o prefeito de Pau D\u2019Arco do Piau\u00ed-PI, [&hellip;]\" \/>\n<meta property=\"og:url\" content=\"https:\/\/www.blogsoestado.com\/flaviobraga\/prefeito-de-pau-darco-do-piaui-e-inelegivel-por-ser-filho-de-criacao-de-ex-prefeito\/\" \/>\n<meta property=\"og:site_name\" content=\"Fl\u00e1vio Braga\" \/>\n<meta property=\"article:published_time\" content=\"2011-02-16T21:30:35+00:00\" \/>\n<meta name=\"author\" content=\"Flavio Braga\" \/>\n<meta name=\"twitter:card\" content=\"summary_large_image\" \/>\n<meta name=\"twitter:label1\" content=\"Escrito por\" \/>\n\t<meta name=\"twitter:data1\" content=\"Flavio Braga\" \/>\n\t<meta name=\"twitter:label2\" content=\"Est. tempo de leitura\" \/>\n\t<meta name=\"twitter:data2\" content=\"3 minutos\" \/>\n<script type=\"application\/ld+json\" class=\"yoast-schema-graph\">{\"@context\":\"https:\/\/schema.org\",\"@graph\":[{\"@type\":\"WebPage\",\"@id\":\"https:\/\/www.blogsoestado.com\/flaviobraga\/prefeito-de-pau-darco-do-piaui-e-inelegivel-por-ser-filho-de-criacao-de-ex-prefeito\/\",\"url\":\"https:\/\/www.blogsoestado.com\/flaviobraga\/prefeito-de-pau-darco-do-piaui-e-inelegivel-por-ser-filho-de-criacao-de-ex-prefeito\/\",\"name\":\"Prefeito de Pau D\u2019Arco do Piau\u00ed \u00e9 ineleg\u00edvel por ser filho de cria\u00e7\u00e3o de ex-prefeito - Fl\u00e1vio Braga\",\"isPartOf\":{\"@id\":\"https:\/\/www.blogsoestado.com\/flaviobraga\/#website\"},\"datePublished\":\"2011-02-16T21:30:35+00:00\",\"author\":{\"@id\":\"https:\/\/www.blogsoestado.com\/flaviobraga\/#\/schema\/person\/6c6c778331775c757a82d15206bd8733\"},\"breadcrumb\":{\"@id\":\"https:\/\/www.blogsoestado.com\/flaviobraga\/prefeito-de-pau-darco-do-piaui-e-inelegivel-por-ser-filho-de-criacao-de-ex-prefeito\/#breadcrumb\"},\"inLanguage\":\"pt-BR\",\"potentialAction\":[{\"@type\":\"ReadAction\",\"target\":[\"https:\/\/www.blogsoestado.com\/flaviobraga\/prefeito-de-pau-darco-do-piaui-e-inelegivel-por-ser-filho-de-criacao-de-ex-prefeito\/\"]}]},{\"@type\":\"BreadcrumbList\",\"@id\":\"https:\/\/www.blogsoestado.com\/flaviobraga\/prefeito-de-pau-darco-do-piaui-e-inelegivel-por-ser-filho-de-criacao-de-ex-prefeito\/#breadcrumb\",\"itemListElement\":[{\"@type\":\"ListItem\",\"position\":1,\"name\":\"In\u00edcio\",\"item\":\"https:\/\/www.blogsoestado.com\/flaviobraga\/\"},{\"@type\":\"ListItem\",\"position\":2,\"name\":\"Prefeito de Pau D\u2019Arco do Piau\u00ed \u00e9 ineleg\u00edvel por ser filho de cria\u00e7\u00e3o de ex-prefeito\"}]},{\"@type\":\"WebSite\",\"@id\":\"https:\/\/www.blogsoestado.com\/flaviobraga\/#website\",\"url\":\"https:\/\/www.blogsoestado.com\/flaviobraga\/\",\"name\":\"Fl\u00e1vio Braga\",\"description\":\"\",\"potentialAction\":[{\"@type\":\"SearchAction\",\"target\":{\"@type\":\"EntryPoint\",\"urlTemplate\":\"https:\/\/www.blogsoestado.com\/flaviobraga\/?s={search_term_string}\"},\"query-input\":{\"@type\":\"PropertyValueSpecification\",\"valueRequired\":true,\"valueName\":\"search_term_string\"}}],\"inLanguage\":\"pt-BR\"},{\"@type\":\"Person\",\"@id\":\"https:\/\/www.blogsoestado.com\/flaviobraga\/#\/schema\/person\/6c6c778331775c757a82d15206bd8733\",\"name\":\"Flavio Braga\",\"image\":{\"@type\":\"ImageObject\",\"inLanguage\":\"pt-BR\",\"@id\":\"https:\/\/www.blogsoestado.com\/flaviobraga\/#\/schema\/person\/image\/\",\"url\":\"https:\/\/secure.gravatar.com\/avatar\/ab173937dad8d78195c87778be8a0285d069ede375ce0ae24aac1cf8e58ccb2c?s=96&d=mm&r=g\",\"contentUrl\":\"https:\/\/secure.gravatar.com\/avatar\/ab173937dad8d78195c87778be8a0285d069ede375ce0ae24aac1cf8e58ccb2c?s=96&d=mm&r=g\",\"caption\":\"Flavio Braga\"},\"url\":\"https:\/\/www.blogsoestado.com\/flaviobraga\/author\/flaviobraga\/\"}]}<\/script>\n<!-- \/ Yoast SEO plugin. -->","yoast_head_json":{"title":"Prefeito de Pau D\u2019Arco do Piau\u00ed \u00e9 ineleg\u00edvel por ser filho de cria\u00e7\u00e3o de ex-prefeito - Fl\u00e1vio Braga","robots":{"index":"index","follow":"follow","max-snippet":"max-snippet:-1","max-image-preview":"max-image-preview:large","max-video-preview":"max-video-preview:-1"},"canonical":"https:\/\/www.blogsoestado.com\/flaviobraga\/prefeito-de-pau-darco-do-piaui-e-inelegivel-por-ser-filho-de-criacao-de-ex-prefeito\/","og_locale":"pt_BR","og_type":"article","og_title":"Prefeito de Pau D\u2019Arco do Piau\u00ed \u00e9 ineleg\u00edvel por ser filho de cria\u00e7\u00e3o de ex-prefeito - Fl\u00e1vio Braga","og_description":"O plen\u00e1rio do Tribunal Superior Eleitoral (TSE) considerou, na sess\u00e3o plen\u00e1ria de ter\u00e7a-feira, o prefeito de Pau D\u2019Arco do Piau\u00ed-PI, [&hellip;]","og_url":"https:\/\/www.blogsoestado.com\/flaviobraga\/prefeito-de-pau-darco-do-piaui-e-inelegivel-por-ser-filho-de-criacao-de-ex-prefeito\/","og_site_name":"Fl\u00e1vio Braga","article_published_time":"2011-02-16T21:30:35+00:00","author":"Flavio Braga","twitter_card":"summary_large_image","twitter_misc":{"Escrito por":"Flavio Braga","Est. tempo de leitura":"3 minutos"},"schema":{"@context":"https:\/\/schema.org","@graph":[{"@type":"WebPage","@id":"https:\/\/www.blogsoestado.com\/flaviobraga\/prefeito-de-pau-darco-do-piaui-e-inelegivel-por-ser-filho-de-criacao-de-ex-prefeito\/","url":"https:\/\/www.blogsoestado.com\/flaviobraga\/prefeito-de-pau-darco-do-piaui-e-inelegivel-por-ser-filho-de-criacao-de-ex-prefeito\/","name":"Prefeito de Pau D\u2019Arco do Piau\u00ed \u00e9 ineleg\u00edvel por ser filho de cria\u00e7\u00e3o de ex-prefeito - Fl\u00e1vio Braga","isPartOf":{"@id":"https:\/\/www.blogsoestado.com\/flaviobraga\/#website"},"datePublished":"2011-02-16T21:30:35+00:00","author":{"@id":"https:\/\/www.blogsoestado.com\/flaviobraga\/#\/schema\/person\/6c6c778331775c757a82d15206bd8733"},"breadcrumb":{"@id":"https:\/\/www.blogsoestado.com\/flaviobraga\/prefeito-de-pau-darco-do-piaui-e-inelegivel-por-ser-filho-de-criacao-de-ex-prefeito\/#breadcrumb"},"inLanguage":"pt-BR","potentialAction":[{"@type":"ReadAction","target":["https:\/\/www.blogsoestado.com\/flaviobraga\/prefeito-de-pau-darco-do-piaui-e-inelegivel-por-ser-filho-de-criacao-de-ex-prefeito\/"]}]},{"@type":"BreadcrumbList","@id":"https:\/\/www.blogsoestado.com\/flaviobraga\/prefeito-de-pau-darco-do-piaui-e-inelegivel-por-ser-filho-de-criacao-de-ex-prefeito\/#breadcrumb","itemListElement":[{"@type":"ListItem","position":1,"name":"In\u00edcio","item":"https:\/\/www.blogsoestado.com\/flaviobraga\/"},{"@type":"ListItem","position":2,"name":"Prefeito de Pau D\u2019Arco do Piau\u00ed \u00e9 ineleg\u00edvel por ser filho de cria\u00e7\u00e3o de ex-prefeito"}]},{"@type":"WebSite","@id":"https:\/\/www.blogsoestado.com\/flaviobraga\/#website","url":"https:\/\/www.blogsoestado.com\/flaviobraga\/","name":"Fl\u00e1vio Braga","description":"","potentialAction":[{"@type":"SearchAction","target":{"@type":"EntryPoint","urlTemplate":"https:\/\/www.blogsoestado.com\/flaviobraga\/?s={search_term_string}"},"query-input":{"@type":"PropertyValueSpecification","valueRequired":true,"valueName":"search_term_string"}}],"inLanguage":"pt-BR"},{"@type":"Person","@id":"https:\/\/www.blogsoestado.com\/flaviobraga\/#\/schema\/person\/6c6c778331775c757a82d15206bd8733","name":"Flavio Braga","image":{"@type":"ImageObject","inLanguage":"pt-BR","@id":"https:\/\/www.blogsoestado.com\/flaviobraga\/#\/schema\/person\/image\/","url":"https:\/\/secure.gravatar.com\/avatar\/ab173937dad8d78195c87778be8a0285d069ede375ce0ae24aac1cf8e58ccb2c?s=96&d=mm&r=g","contentUrl":"https:\/\/secure.gravatar.com\/avatar\/ab173937dad8d78195c87778be8a0285d069ede375ce0ae24aac1cf8e58ccb2c?s=96&d=mm&r=g","caption":"Flavio Braga"},"url":"https:\/\/www.blogsoestado.com\/flaviobraga\/author\/flaviobraga\/"}]}},"jetpack_featured_media_url":"","_links":{"self":[{"href":"https:\/\/www.blogsoestado.com\/flaviobraga\/wp-json\/wp\/v2\/posts\/1107","targetHints":{"allow":["GET"]}}],"collection":[{"href":"https:\/\/www.blogsoestado.com\/flaviobraga\/wp-json\/wp\/v2\/posts"}],"about":[{"href":"https:\/\/www.blogsoestado.com\/flaviobraga\/wp-json\/wp\/v2\/types\/post"}],"author":[{"embeddable":true,"href":"https:\/\/www.blogsoestado.com\/flaviobraga\/wp-json\/wp\/v2\/users\/8"}],"replies":[{"embeddable":true,"href":"https:\/\/www.blogsoestado.com\/flaviobraga\/wp-json\/wp\/v2\/comments?post=1107"}],"version-history":[{"count":0,"href":"https:\/\/www.blogsoestado.com\/flaviobraga\/wp-json\/wp\/v2\/posts\/1107\/revisions"}],"wp:attachment":[{"href":"https:\/\/www.blogsoestado.com\/flaviobraga\/wp-json\/wp\/v2\/media?parent=1107"}],"wp:term":[{"taxonomy":"category","embeddable":true,"href":"https:\/\/www.blogsoestado.com\/flaviobraga\/wp-json\/wp\/v2\/categories?post=1107"},{"taxonomy":"post_tag","embeddable":true,"href":"https:\/\/www.blogsoestado.com\/flaviobraga\/wp-json\/wp\/v2\/tags?post=1107"}],"curies":[{"name":"wp","href":"https:\/\/api.w.org\/{rel}","templated":true}]}}