{"id":1113,"date":"2011-02-17T19:05:37","date_gmt":"2011-02-17T21:05:37","guid":{"rendered":"https:\/\/www.blogsoestado.com\/flaviobraga\/?p=1113"},"modified":"2011-02-17T19:05:37","modified_gmt":"2011-02-17T21:05:37","slug":"pr-dissolve-diretorio-de-goias-como-medida-preventiva-contra-mabel","status":"publish","type":"post","link":"https:\/\/www.blogsoestado.com\/flaviobraga\/pr-dissolve-diretorio-de-goias-como-medida-preventiva-contra-mabel\/","title":{"rendered":"PR dissolve diret\u00f3rio de Goi\u00e1s como &#8216;medida preventiva&#8217; contra Mabel"},"content":{"rendered":"<p>\u00a0<\/p>\n<figure id=\"attachment_1114\" aria-describedby=\"caption-attachment-1114\" style=\"width: 300px\" class=\"wp-caption aligncenter\"><a href=\"https:\/\/www.blogsoestado.com\/flaviobraga\/files\/2011\/02\/Mabel.jpg\"><img fetchpriority=\"high\" decoding=\"async\" class=\"size-full wp-image-1114\" src=\"https:\/\/www.blogsoestado.com\/flaviobraga\/files\/2011\/02\/Mabel.jpg\" alt=\"\" width=\"300\" height=\"225\" \/><\/a><figcaption id=\"caption-attachment-1114\" class=\"wp-caption-text\">Deputado Sandro Mabel<\/figcaption><\/figure>\n<p>Do site G1, em Bras\u00edlia<\/p>\n<p>\u00a0A executiva nacional do PR decidiu, por unanimidade, nesta quinta-feira (17), dissolver o diret\u00f3rio estadual do partido em Goi\u00e1s, que \u00e9 presidido pelo deputado federal Sandro Mabel. Segundo o partido, a decis\u00e3o faz parte de uma &#8220;medida preventiva&#8221; do partido contra o deputado, por ele ter concorrido \u00e0 presid\u00eancia da C\u00e2mara contra a orienta\u00e7\u00e3o da legenda.<\/p>\n<p>\u00a0Na decis\u00e3o anunciada nesta tarde, ele\u00a0 tamb\u00e9m ficou impedido de assumir qualquer cargo dentro da C\u00e2mara como representante do partido. Por meio de sua assessoria, Mabel afirmou que s\u00f3 vai se manifestar sobre o assunto ap\u00f3s ser notificado oficialmente da decis\u00e3o do partido.<\/p>\n<p>Segundo o partido, Mabel ainda n\u00e3o tem prazo para ser notificado oficialmente. A notifica\u00e7\u00e3o deve ser feita pelo relator do processo no Conselho de \u00c9tica, Marildo Costa. Ap\u00f3s ser notificado, Mabel ter\u00e1 48 horas para apresentar sua defesa ao partido.<\/p>\n<p>\u00a0O processo no Conselho de \u00c9tica pode resultar na expuls\u00e3o do deputado da legenda devido a sua candidatura \u00e0 presid\u00eancia da C\u00e2mara. O PR, que integra a base aliada do governo, apoiava a candidatura de Marco Maia (PT-RS) para a presid\u00eancia da Casa.<\/p>\n<p>\u00a0O presidente do Conselho de \u00c9tica do partido, S\u00e9rgio Tamer, afirmou que, em at\u00e9 60 dias, a legenda deve anunciar se haver\u00e1 puni\u00e7\u00e3o ao deputado.<\/p>\n","protected":false},"excerpt":{"rendered":"<p>\u00a0 Do site G1, em Bras\u00edlia \u00a0A executiva nacional do PR decidiu, por unanimidade, nesta quinta-feira (17), dissolver o diret\u00f3rio [&hellip;]<\/p>\n","protected":false},"author":8,"featured_media":0,"comment_status":"open","ping_status":"open","sticky":false,"template":"","format":"standard","meta":{"site-sidebar-layout":"default","site-content-layout":"","ast-site-content-layout":"default","site-content-style":"default","site-sidebar-style":"default","ast-global-header-display":"","ast-banner-title-visibility":"","ast-main-header-display":"","ast-hfb-above-header-display":"","ast-hfb-below-header-display":"","ast-hfb-mobile-header-display":"","site-post-title":"","ast-breadcrumbs-content":"","ast-featured-img":"","footer-sml-layout":"","ast-disable-related-posts":"","theme-transparent-header-meta":"","adv-header-id-meta":"","stick-header-meta":"","header-above-stick-meta":"","header-main-stick-meta":"","header-below-stick-meta":"","astra-migrate-meta-layouts":"default","ast-page-background-enabled":"default","ast-page-background-meta":{"desktop":{"background-color":"var(--ast-global-color-5)","background-image":"","background-repeat":"repeat","background-position":"center center","background-size":"auto","background-attachment":"scroll","background-type":"","background-media":"","overlay-type":"","overlay-color":"","overlay-opacity":"","overlay-gradient":""},"tablet":{"background-color":"","background-image":"","background-repeat":"repeat","background-position":"center center","background-size":"auto","background-attachment":"scroll","background-type":"","background-media":"","overlay-type":"","overlay-color":"","overlay-opacity":"","overlay-gradient":""},"mobile":{"background-color":"","background-image":"","background-repeat":"repeat","background-position":"center center","background-size":"auto","background-attachment":"scroll","background-type":"","background-media":"","overlay-type":"","overlay-color":"","overlay-opacity":"","overlay-gradient":""}},"ast-content-background-meta":{"desktop":{"background-color":"var(--ast-global-color-4)","background-image":"","background-repeat":"repeat","background-position":"center center","background-size":"auto","background-attachment":"scroll","background-type":"","background-media":"","overlay-type":"","overlay-color":"","overlay-opacity":"","overlay-gradient":""},"tablet":{"background-color":"var(--ast-global-color-4)","background-image":"","background-repeat":"repeat","background-position":"center center","background-size":"auto","background-attachment":"scroll","background-type":"","background-media":"","overlay-type":"","overlay-color":"","overlay-opacity":"","overlay-gradient":""},"mobile":{"background-color":"var(--ast-global-color-4)","background-image":"","background-repeat":"repeat","background-position":"center center","background-size":"auto","background-attachment":"scroll","background-type":"","background-media":"","overlay-type":"","overlay-color":"","overlay-opacity":"","overlay-gradient":""}},"footnotes":""},"categories":[1],"tags":[],"class_list":["post-1113","post","type-post","status-publish","format-standard","hentry","category-sem-categoria"],"yoast_head":"<!-- This site is optimized with the Yoast SEO plugin v26.6 - https:\/\/yoast.com\/wordpress\/plugins\/seo\/ -->\n<title>PR dissolve diret\u00f3rio de Goi\u00e1s como &#039;medida preventiva&#039; contra Mabel - Fl\u00e1vio Braga<\/title>\n<meta name=\"robots\" content=\"index, follow, max-snippet:-1, max-image-preview:large, max-video-preview:-1\" \/>\n<link rel=\"canonical\" href=\"https:\/\/www.blogsoestado.com\/flaviobraga\/pr-dissolve-diretorio-de-goias-como-medida-preventiva-contra-mabel\/\" \/>\n<meta property=\"og:locale\" content=\"pt_BR\" \/>\n<meta property=\"og:type\" content=\"article\" \/>\n<meta property=\"og:title\" content=\"PR dissolve diret\u00f3rio de Goi\u00e1s como &#039;medida preventiva&#039; contra Mabel - Fl\u00e1vio Braga\" \/>\n<meta property=\"og:description\" content=\"\u00a0 Do site G1, em Bras\u00edlia \u00a0A executiva nacional do PR decidiu, por unanimidade, nesta quinta-feira (17), dissolver o diret\u00f3rio [&hellip;]\" \/>\n<meta property=\"og:url\" content=\"https:\/\/www.blogsoestado.com\/flaviobraga\/pr-dissolve-diretorio-de-goias-como-medida-preventiva-contra-mabel\/\" \/>\n<meta property=\"og:site_name\" content=\"Fl\u00e1vio Braga\" \/>\n<meta property=\"article:published_time\" content=\"2011-02-17T21:05:37+00:00\" \/>\n<meta property=\"og:image\" content=\"https:\/\/www.blogsoestado.com\/flaviobraga\/files\/2011\/02\/Mabel.jpg\" \/>\n<meta name=\"author\" content=\"Flavio Braga\" \/>\n<meta name=\"twitter:card\" content=\"summary_large_image\" \/>\n<meta name=\"twitter:label1\" content=\"Escrito por\" \/>\n\t<meta name=\"twitter:data1\" content=\"Flavio Braga\" \/>\n\t<meta name=\"twitter:label2\" content=\"Est. tempo de leitura\" \/>\n\t<meta name=\"twitter:data2\" content=\"1 minuto\" \/>\n<script type=\"application\/ld+json\" class=\"yoast-schema-graph\">{\"@context\":\"https:\/\/schema.org\",\"@graph\":[{\"@type\":\"WebPage\",\"@id\":\"https:\/\/www.blogsoestado.com\/flaviobraga\/pr-dissolve-diretorio-de-goias-como-medida-preventiva-contra-mabel\/\",\"url\":\"https:\/\/www.blogsoestado.com\/flaviobraga\/pr-dissolve-diretorio-de-goias-como-medida-preventiva-contra-mabel\/\",\"name\":\"PR dissolve diret\u00f3rio de Goi\u00e1s como 'medida preventiva' contra Mabel - Fl\u00e1vio Braga\",\"isPartOf\":{\"@id\":\"https:\/\/www.blogsoestado.com\/flaviobraga\/#website\"},\"primaryImageOfPage\":{\"@id\":\"https:\/\/www.blogsoestado.com\/flaviobraga\/pr-dissolve-diretorio-de-goias-como-medida-preventiva-contra-mabel\/#primaryimage\"},\"image\":{\"@id\":\"https:\/\/www.blogsoestado.com\/flaviobraga\/pr-dissolve-diretorio-de-goias-como-medida-preventiva-contra-mabel\/#primaryimage\"},\"thumbnailUrl\":\"https:\/\/www.blogsoestado.com\/flaviobraga\/files\/2011\/02\/Mabel.jpg\",\"datePublished\":\"2011-02-17T21:05:37+00:00\",\"author\":{\"@id\":\"https:\/\/www.blogsoestado.com\/flaviobraga\/#\/schema\/person\/6c6c778331775c757a82d15206bd8733\"},\"breadcrumb\":{\"@id\":\"https:\/\/www.blogsoestado.com\/flaviobraga\/pr-dissolve-diretorio-de-goias-como-medida-preventiva-contra-mabel\/#breadcrumb\"},\"inLanguage\":\"pt-BR\",\"potentialAction\":[{\"@type\":\"ReadAction\",\"target\":[\"https:\/\/www.blogsoestado.com\/flaviobraga\/pr-dissolve-diretorio-de-goias-como-medida-preventiva-contra-mabel\/\"]}]},{\"@type\":\"ImageObject\",\"inLanguage\":\"pt-BR\",\"@id\":\"https:\/\/www.blogsoestado.com\/flaviobraga\/pr-dissolve-diretorio-de-goias-como-medida-preventiva-contra-mabel\/#primaryimage\",\"url\":\"https:\/\/www.blogsoestado.com\/flaviobraga\/files\/2011\/02\/Mabel.jpg\",\"contentUrl\":\"https:\/\/www.blogsoestado.com\/flaviobraga\/files\/2011\/02\/Mabel.jpg\"},{\"@type\":\"BreadcrumbList\",\"@id\":\"https:\/\/www.blogsoestado.com\/flaviobraga\/pr-dissolve-diretorio-de-goias-como-medida-preventiva-contra-mabel\/#breadcrumb\",\"itemListElement\":[{\"@type\":\"ListItem\",\"position\":1,\"name\":\"In\u00edcio\",\"item\":\"https:\/\/www.blogsoestado.com\/flaviobraga\/\"},{\"@type\":\"ListItem\",\"position\":2,\"name\":\"PR dissolve diret\u00f3rio de Goi\u00e1s como &#8216;medida preventiva&#8217; contra Mabel\"}]},{\"@type\":\"WebSite\",\"@id\":\"https:\/\/www.blogsoestado.com\/flaviobraga\/#website\",\"url\":\"https:\/\/www.blogsoestado.com\/flaviobraga\/\",\"name\":\"Fl\u00e1vio Braga\",\"description\":\"\",\"potentialAction\":[{\"@type\":\"SearchAction\",\"target\":{\"@type\":\"EntryPoint\",\"urlTemplate\":\"https:\/\/www.blogsoestado.com\/flaviobraga\/?s={search_term_string}\"},\"query-input\":{\"@type\":\"PropertyValueSpecification\",\"valueRequired\":true,\"valueName\":\"search_term_string\"}}],\"inLanguage\":\"pt-BR\"},{\"@type\":\"Person\",\"@id\":\"https:\/\/www.blogsoestado.com\/flaviobraga\/#\/schema\/person\/6c6c778331775c757a82d15206bd8733\",\"name\":\"Flavio Braga\",\"image\":{\"@type\":\"ImageObject\",\"inLanguage\":\"pt-BR\",\"@id\":\"https:\/\/www.blogsoestado.com\/flaviobraga\/#\/schema\/person\/image\/\",\"url\":\"https:\/\/secure.gravatar.com\/avatar\/ab173937dad8d78195c87778be8a0285d069ede375ce0ae24aac1cf8e58ccb2c?s=96&d=mm&r=g\",\"contentUrl\":\"https:\/\/secure.gravatar.com\/avatar\/ab173937dad8d78195c87778be8a0285d069ede375ce0ae24aac1cf8e58ccb2c?s=96&d=mm&r=g\",\"caption\":\"Flavio Braga\"},\"url\":\"https:\/\/www.blogsoestado.com\/flaviobraga\/author\/flaviobraga\/\"}]}<\/script>\n<!-- \/ Yoast SEO plugin. -->","yoast_head_json":{"title":"PR dissolve diret\u00f3rio de Goi\u00e1s como 'medida preventiva' contra Mabel - Fl\u00e1vio Braga","robots":{"index":"index","follow":"follow","max-snippet":"max-snippet:-1","max-image-preview":"max-image-preview:large","max-video-preview":"max-video-preview:-1"},"canonical":"https:\/\/www.blogsoestado.com\/flaviobraga\/pr-dissolve-diretorio-de-goias-como-medida-preventiva-contra-mabel\/","og_locale":"pt_BR","og_type":"article","og_title":"PR dissolve diret\u00f3rio de Goi\u00e1s como 'medida preventiva' contra Mabel - Fl\u00e1vio Braga","og_description":"\u00a0 Do site G1, em Bras\u00edlia \u00a0A executiva nacional do PR decidiu, por unanimidade, nesta quinta-feira (17), dissolver o diret\u00f3rio [&hellip;]","og_url":"https:\/\/www.blogsoestado.com\/flaviobraga\/pr-dissolve-diretorio-de-goias-como-medida-preventiva-contra-mabel\/","og_site_name":"Fl\u00e1vio Braga","article_published_time":"2011-02-17T21:05:37+00:00","og_image":[{"url":"https:\/\/www.blogsoestado.com\/flaviobraga\/files\/2011\/02\/Mabel.jpg","type":"","width":"","height":""}],"author":"Flavio Braga","twitter_card":"summary_large_image","twitter_misc":{"Escrito por":"Flavio Braga","Est. tempo de leitura":"1 minuto"},"schema":{"@context":"https:\/\/schema.org","@graph":[{"@type":"WebPage","@id":"https:\/\/www.blogsoestado.com\/flaviobraga\/pr-dissolve-diretorio-de-goias-como-medida-preventiva-contra-mabel\/","url":"https:\/\/www.blogsoestado.com\/flaviobraga\/pr-dissolve-diretorio-de-goias-como-medida-preventiva-contra-mabel\/","name":"PR dissolve diret\u00f3rio de Goi\u00e1s como 'medida preventiva' contra Mabel - Fl\u00e1vio Braga","isPartOf":{"@id":"https:\/\/www.blogsoestado.com\/flaviobraga\/#website"},"primaryImageOfPage":{"@id":"https:\/\/www.blogsoestado.com\/flaviobraga\/pr-dissolve-diretorio-de-goias-como-medida-preventiva-contra-mabel\/#primaryimage"},"image":{"@id":"https:\/\/www.blogsoestado.com\/flaviobraga\/pr-dissolve-diretorio-de-goias-como-medida-preventiva-contra-mabel\/#primaryimage"},"thumbnailUrl":"https:\/\/www.blogsoestado.com\/flaviobraga\/files\/2011\/02\/Mabel.jpg","datePublished":"2011-02-17T21:05:37+00:00","author":{"@id":"https:\/\/www.blogsoestado.com\/flaviobraga\/#\/schema\/person\/6c6c778331775c757a82d15206bd8733"},"breadcrumb":{"@id":"https:\/\/www.blogsoestado.com\/flaviobraga\/pr-dissolve-diretorio-de-goias-como-medida-preventiva-contra-mabel\/#breadcrumb"},"inLanguage":"pt-BR","potentialAction":[{"@type":"ReadAction","target":["https:\/\/www.blogsoestado.com\/flaviobraga\/pr-dissolve-diretorio-de-goias-como-medida-preventiva-contra-mabel\/"]}]},{"@type":"ImageObject","inLanguage":"pt-BR","@id":"https:\/\/www.blogsoestado.com\/flaviobraga\/pr-dissolve-diretorio-de-goias-como-medida-preventiva-contra-mabel\/#primaryimage","url":"https:\/\/www.blogsoestado.com\/flaviobraga\/files\/2011\/02\/Mabel.jpg","contentUrl":"https:\/\/www.blogsoestado.com\/flaviobraga\/files\/2011\/02\/Mabel.jpg"},{"@type":"BreadcrumbList","@id":"https:\/\/www.blogsoestado.com\/flaviobraga\/pr-dissolve-diretorio-de-goias-como-medida-preventiva-contra-mabel\/#breadcrumb","itemListElement":[{"@type":"ListItem","position":1,"name":"In\u00edcio","item":"https:\/\/www.blogsoestado.com\/flaviobraga\/"},{"@type":"ListItem","position":2,"name":"PR dissolve diret\u00f3rio de Goi\u00e1s como &#8216;medida preventiva&#8217; contra Mabel"}]},{"@type":"WebSite","@id":"https:\/\/www.blogsoestado.com\/flaviobraga\/#website","url":"https:\/\/www.blogsoestado.com\/flaviobraga\/","name":"Fl\u00e1vio Braga","description":"","potentialAction":[{"@type":"SearchAction","target":{"@type":"EntryPoint","urlTemplate":"https:\/\/www.blogsoestado.com\/flaviobraga\/?s={search_term_string}"},"query-input":{"@type":"PropertyValueSpecification","valueRequired":true,"valueName":"search_term_string"}}],"inLanguage":"pt-BR"},{"@type":"Person","@id":"https:\/\/www.blogsoestado.com\/flaviobraga\/#\/schema\/person\/6c6c778331775c757a82d15206bd8733","name":"Flavio Braga","image":{"@type":"ImageObject","inLanguage":"pt-BR","@id":"https:\/\/www.blogsoestado.com\/flaviobraga\/#\/schema\/person\/image\/","url":"https:\/\/secure.gravatar.com\/avatar\/ab173937dad8d78195c87778be8a0285d069ede375ce0ae24aac1cf8e58ccb2c?s=96&d=mm&r=g","contentUrl":"https:\/\/secure.gravatar.com\/avatar\/ab173937dad8d78195c87778be8a0285d069ede375ce0ae24aac1cf8e58ccb2c?s=96&d=mm&r=g","caption":"Flavio Braga"},"url":"https:\/\/www.blogsoestado.com\/flaviobraga\/author\/flaviobraga\/"}]}},"jetpack_featured_media_url":"","_links":{"self":[{"href":"https:\/\/www.blogsoestado.com\/flaviobraga\/wp-json\/wp\/v2\/posts\/1113","targetHints":{"allow":["GET"]}}],"collection":[{"href":"https:\/\/www.blogsoestado.com\/flaviobraga\/wp-json\/wp\/v2\/posts"}],"about":[{"href":"https:\/\/www.blogsoestado.com\/flaviobraga\/wp-json\/wp\/v2\/types\/post"}],"author":[{"embeddable":true,"href":"https:\/\/www.blogsoestado.com\/flaviobraga\/wp-json\/wp\/v2\/users\/8"}],"replies":[{"embeddable":true,"href":"https:\/\/www.blogsoestado.com\/flaviobraga\/wp-json\/wp\/v2\/comments?post=1113"}],"version-history":[{"count":0,"href":"https:\/\/www.blogsoestado.com\/flaviobraga\/wp-json\/wp\/v2\/posts\/1113\/revisions"}],"wp:attachment":[{"href":"https:\/\/www.blogsoestado.com\/flaviobraga\/wp-json\/wp\/v2\/media?parent=1113"}],"wp:term":[{"taxonomy":"category","embeddable":true,"href":"https:\/\/www.blogsoestado.com\/flaviobraga\/wp-json\/wp\/v2\/categories?post=1113"},{"taxonomy":"post_tag","embeddable":true,"href":"https:\/\/www.blogsoestado.com\/flaviobraga\/wp-json\/wp\/v2\/tags?post=1113"}],"curies":[{"name":"wp","href":"https:\/\/api.w.org\/{rel}","templated":true}]}}