{"id":1120,"date":"2011-02-18T10:42:01","date_gmt":"2011-02-18T12:42:01","guid":{"rendered":"https:\/\/www.blogsoestado.com\/flaviobraga\/?p=1120"},"modified":"2011-02-18T10:42:01","modified_gmt":"2011-02-18T12:42:01","slug":"eleitor-inadimplente-tem-ate-14-de-abril-para-regularizar-situacao","status":"publish","type":"post","link":"https:\/\/www.blogsoestado.com\/flaviobraga\/eleitor-inadimplente-tem-ate-14-de-abril-para-regularizar-situacao\/","title":{"rendered":"Eleitor inadimplente tem at\u00e9 14 de abril para regularizar situa\u00e7\u00e3o"},"content":{"rendered":"<p><a href=\"https:\/\/www.blogsoestado.com\/flaviobraga\/files\/2011\/02\/Titulo.jpg\"><img fetchpriority=\"high\" decoding=\"async\" class=\"alignleft size-full wp-image-1121\" src=\"https:\/\/www.blogsoestado.com\/flaviobraga\/files\/2011\/02\/Titulo.jpg\" alt=\"\" width=\"259\" height=\"194\" \/><\/a>\u00a0Os\u00a0eleitores considerados faltosos, ou seja, aqueles que n\u00e3o votaram e n\u00e3o justificaram a aus\u00eancia nas tr\u00eas \u00faltimas elei\u00e7\u00f5es, tem at\u00e9 o dia 14 de abril para\u00a0regularizem a sua situa\u00e7\u00e3o com a Justi\u00e7a Eleitoral. \u00c9 necess\u00e1rio que o eleitor em d\u00e9bito compare\u00e7a ao cart\u00f3rio eleitoral mais pr\u00f3ximo.<\/p>\n<p>De acordo com os dados informados pela se\u00e7\u00e3o de informa\u00e7\u00f5es e estat\u00edsticas eleitorais (SELEI) do TRE-MA, atualmente existe um total de 56.211 eleitores maranhenses inadimplentes com as obriga\u00e7\u00f5es eleitorais, correndo o risco de ter seu t\u00edtulo cancelado.<\/p>\n<p>A atualiza\u00e7\u00e3o sempre ocorre ap\u00f3s as elei\u00e7\u00f5es. Cada turno de vota\u00e7\u00e3o \u00e9 considerado uma elei\u00e7\u00e3o aut\u00f4noma e isolada. As elei\u00e7\u00f5es que tiverem sido anuladas por determina\u00e7\u00e3o da Justi\u00e7a, n\u00e3o s\u00e3o contadas.<\/p>\n<p>A inadimpl\u00eancia acarreta san\u00e7\u00f5es ao eleitor, como o impedimento de obter passaporte ou carteira de identidade, receber sal\u00e1rios de fun\u00e7\u00e3o ou emprego p\u00fablico, obter empr\u00e9stimos em bancos oficiais, \u00a0tomar posse em cargo p\u00fablico, renova\u00e7\u00e3o de matr\u00edcula em estabelecimento de ensino oficial ou fiscalizado pelo governo e obten\u00e7\u00e3o de certid\u00e3o de quita\u00e7\u00e3o eleitoral.<\/p>\n<p>N\u00e3o est\u00e3o sujeitos a penalidades, os eleitores que det\u00e9m a prerrogativa constitucional do voto facultativo como: os analfabetos, os que tenham idade entre 16 e 18 anos e os maiores de 70 anos, al\u00e9m dos eleitores portadores de necessidades especais que o impe\u00e7a de cumprir as obriga\u00e7\u00f5es eleitorais.<\/p>\n","protected":false},"excerpt":{"rendered":"<p>\u00a0Os\u00a0eleitores considerados faltosos, ou seja, aqueles que n\u00e3o votaram e n\u00e3o justificaram a aus\u00eancia nas tr\u00eas \u00faltimas elei\u00e7\u00f5es, tem at\u00e9 [&hellip;]<\/p>\n","protected":false},"author":8,"featured_media":0,"comment_status":"open","ping_status":"open","sticky":false,"template":"","format":"standard","meta":{"site-sidebar-layout":"default","site-content-layout":"","ast-site-content-layout":"default","site-content-style":"default","site-sidebar-style":"default","ast-global-header-display":"","ast-banner-title-visibility":"","ast-main-header-display":"","ast-hfb-above-header-display":"","ast-hfb-below-header-display":"","ast-hfb-mobile-header-display":"","site-post-title":"","ast-breadcrumbs-content":"","ast-featured-img":"","footer-sml-layout":"","ast-disable-related-posts":"","theme-transparent-header-meta":"","adv-header-id-meta":"","stick-header-meta":"","header-above-stick-meta":"","header-main-stick-meta":"","header-below-stick-meta":"","astra-migrate-meta-layouts":"default","ast-page-background-enabled":"default","ast-page-background-meta":{"desktop":{"background-color":"var(--ast-global-color-5)","background-image":"","background-repeat":"repeat","background-position":"center center","background-size":"auto","background-attachment":"scroll","background-type":"","background-media":"","overlay-type":"","overlay-color":"","overlay-opacity":"","overlay-gradient":""},"tablet":{"background-color":"","background-image":"","background-repeat":"repeat","background-position":"center center","background-size":"auto","background-attachment":"scroll","background-type":"","background-media":"","overlay-type":"","overlay-color":"","overlay-opacity":"","overlay-gradient":""},"mobile":{"background-color":"","background-image":"","background-repeat":"repeat","background-position":"center center","background-size":"auto","background-attachment":"scroll","background-type":"","background-media":"","overlay-type":"","overlay-color":"","overlay-opacity":"","overlay-gradient":""}},"ast-content-background-meta":{"desktop":{"background-color":"var(--ast-global-color-4)","background-image":"","background-repeat":"repeat","background-position":"center center","background-size":"auto","background-attachment":"scroll","background-type":"","background-media":"","overlay-type":"","overlay-color":"","overlay-opacity":"","overlay-gradient":""},"tablet":{"background-color":"var(--ast-global-color-4)","background-image":"","background-repeat":"repeat","background-position":"center center","background-size":"auto","background-attachment":"scroll","background-type":"","background-media":"","overlay-type":"","overlay-color":"","overlay-opacity":"","overlay-gradient":""},"mobile":{"background-color":"var(--ast-global-color-4)","background-image":"","background-repeat":"repeat","background-position":"center center","background-size":"auto","background-attachment":"scroll","background-type":"","background-media":"","overlay-type":"","overlay-color":"","overlay-opacity":"","overlay-gradient":""}},"footnotes":""},"categories":[1],"tags":[],"class_list":["post-1120","post","type-post","status-publish","format-standard","hentry","category-sem-categoria"],"yoast_head":"<!-- This site is optimized with the Yoast SEO plugin v26.6 - https:\/\/yoast.com\/wordpress\/plugins\/seo\/ -->\n<title>Eleitor inadimplente tem at\u00e9 14 de abril para regularizar situa\u00e7\u00e3o - Fl\u00e1vio Braga<\/title>\n<meta name=\"robots\" content=\"index, follow, max-snippet:-1, max-image-preview:large, max-video-preview:-1\" \/>\n<link rel=\"canonical\" href=\"https:\/\/www.blogsoestado.com\/flaviobraga\/eleitor-inadimplente-tem-ate-14-de-abril-para-regularizar-situacao\/\" \/>\n<meta property=\"og:locale\" content=\"pt_BR\" \/>\n<meta property=\"og:type\" content=\"article\" \/>\n<meta property=\"og:title\" content=\"Eleitor inadimplente tem at\u00e9 14 de abril para regularizar situa\u00e7\u00e3o - Fl\u00e1vio Braga\" \/>\n<meta property=\"og:description\" content=\"\u00a0Os\u00a0eleitores considerados faltosos, ou seja, aqueles que n\u00e3o votaram e n\u00e3o justificaram a aus\u00eancia nas tr\u00eas \u00faltimas elei\u00e7\u00f5es, tem at\u00e9 [&hellip;]\" \/>\n<meta property=\"og:url\" content=\"https:\/\/www.blogsoestado.com\/flaviobraga\/eleitor-inadimplente-tem-ate-14-de-abril-para-regularizar-situacao\/\" \/>\n<meta property=\"og:site_name\" content=\"Fl\u00e1vio Braga\" \/>\n<meta property=\"article:published_time\" content=\"2011-02-18T12:42:01+00:00\" \/>\n<meta property=\"og:image\" content=\"https:\/\/www.blogsoestado.com\/flaviobraga\/files\/2011\/02\/Titulo.jpg\" \/>\n<meta name=\"author\" content=\"Flavio Braga\" \/>\n<meta name=\"twitter:card\" content=\"summary_large_image\" \/>\n<meta name=\"twitter:label1\" content=\"Escrito por\" \/>\n\t<meta name=\"twitter:data1\" content=\"Flavio Braga\" \/>\n\t<meta name=\"twitter:label2\" content=\"Est. tempo de leitura\" \/>\n\t<meta name=\"twitter:data2\" content=\"1 minuto\" \/>\n<script type=\"application\/ld+json\" class=\"yoast-schema-graph\">{\"@context\":\"https:\/\/schema.org\",\"@graph\":[{\"@type\":\"WebPage\",\"@id\":\"https:\/\/www.blogsoestado.com\/flaviobraga\/eleitor-inadimplente-tem-ate-14-de-abril-para-regularizar-situacao\/\",\"url\":\"https:\/\/www.blogsoestado.com\/flaviobraga\/eleitor-inadimplente-tem-ate-14-de-abril-para-regularizar-situacao\/\",\"name\":\"Eleitor inadimplente tem at\u00e9 14 de abril para regularizar situa\u00e7\u00e3o - Fl\u00e1vio Braga\",\"isPartOf\":{\"@id\":\"https:\/\/www.blogsoestado.com\/flaviobraga\/#website\"},\"primaryImageOfPage\":{\"@id\":\"https:\/\/www.blogsoestado.com\/flaviobraga\/eleitor-inadimplente-tem-ate-14-de-abril-para-regularizar-situacao\/#primaryimage\"},\"image\":{\"@id\":\"https:\/\/www.blogsoestado.com\/flaviobraga\/eleitor-inadimplente-tem-ate-14-de-abril-para-regularizar-situacao\/#primaryimage\"},\"thumbnailUrl\":\"https:\/\/www.blogsoestado.com\/flaviobraga\/files\/2011\/02\/Titulo.jpg\",\"datePublished\":\"2011-02-18T12:42:01+00:00\",\"author\":{\"@id\":\"https:\/\/www.blogsoestado.com\/flaviobraga\/#\/schema\/person\/6c6c778331775c757a82d15206bd8733\"},\"breadcrumb\":{\"@id\":\"https:\/\/www.blogsoestado.com\/flaviobraga\/eleitor-inadimplente-tem-ate-14-de-abril-para-regularizar-situacao\/#breadcrumb\"},\"inLanguage\":\"pt-BR\",\"potentialAction\":[{\"@type\":\"ReadAction\",\"target\":[\"https:\/\/www.blogsoestado.com\/flaviobraga\/eleitor-inadimplente-tem-ate-14-de-abril-para-regularizar-situacao\/\"]}]},{\"@type\":\"ImageObject\",\"inLanguage\":\"pt-BR\",\"@id\":\"https:\/\/www.blogsoestado.com\/flaviobraga\/eleitor-inadimplente-tem-ate-14-de-abril-para-regularizar-situacao\/#primaryimage\",\"url\":\"https:\/\/www.blogsoestado.com\/flaviobraga\/files\/2011\/02\/Titulo.jpg\",\"contentUrl\":\"https:\/\/www.blogsoestado.com\/flaviobraga\/files\/2011\/02\/Titulo.jpg\"},{\"@type\":\"BreadcrumbList\",\"@id\":\"https:\/\/www.blogsoestado.com\/flaviobraga\/eleitor-inadimplente-tem-ate-14-de-abril-para-regularizar-situacao\/#breadcrumb\",\"itemListElement\":[{\"@type\":\"ListItem\",\"position\":1,\"name\":\"In\u00edcio\",\"item\":\"https:\/\/www.blogsoestado.com\/flaviobraga\/\"},{\"@type\":\"ListItem\",\"position\":2,\"name\":\"Eleitor inadimplente tem at\u00e9 14 de abril para regularizar situa\u00e7\u00e3o\"}]},{\"@type\":\"WebSite\",\"@id\":\"https:\/\/www.blogsoestado.com\/flaviobraga\/#website\",\"url\":\"https:\/\/www.blogsoestado.com\/flaviobraga\/\",\"name\":\"Fl\u00e1vio Braga\",\"description\":\"\",\"potentialAction\":[{\"@type\":\"SearchAction\",\"target\":{\"@type\":\"EntryPoint\",\"urlTemplate\":\"https:\/\/www.blogsoestado.com\/flaviobraga\/?s={search_term_string}\"},\"query-input\":{\"@type\":\"PropertyValueSpecification\",\"valueRequired\":true,\"valueName\":\"search_term_string\"}}],\"inLanguage\":\"pt-BR\"},{\"@type\":\"Person\",\"@id\":\"https:\/\/www.blogsoestado.com\/flaviobraga\/#\/schema\/person\/6c6c778331775c757a82d15206bd8733\",\"name\":\"Flavio Braga\",\"image\":{\"@type\":\"ImageObject\",\"inLanguage\":\"pt-BR\",\"@id\":\"https:\/\/www.blogsoestado.com\/flaviobraga\/#\/schema\/person\/image\/\",\"url\":\"https:\/\/secure.gravatar.com\/avatar\/ab173937dad8d78195c87778be8a0285d069ede375ce0ae24aac1cf8e58ccb2c?s=96&d=mm&r=g\",\"contentUrl\":\"https:\/\/secure.gravatar.com\/avatar\/ab173937dad8d78195c87778be8a0285d069ede375ce0ae24aac1cf8e58ccb2c?s=96&d=mm&r=g\",\"caption\":\"Flavio Braga\"},\"url\":\"https:\/\/www.blogsoestado.com\/flaviobraga\/author\/flaviobraga\/\"}]}<\/script>\n<!-- \/ Yoast SEO plugin. -->","yoast_head_json":{"title":"Eleitor inadimplente tem at\u00e9 14 de abril para regularizar situa\u00e7\u00e3o - Fl\u00e1vio Braga","robots":{"index":"index","follow":"follow","max-snippet":"max-snippet:-1","max-image-preview":"max-image-preview:large","max-video-preview":"max-video-preview:-1"},"canonical":"https:\/\/www.blogsoestado.com\/flaviobraga\/eleitor-inadimplente-tem-ate-14-de-abril-para-regularizar-situacao\/","og_locale":"pt_BR","og_type":"article","og_title":"Eleitor inadimplente tem at\u00e9 14 de abril para regularizar situa\u00e7\u00e3o - Fl\u00e1vio Braga","og_description":"\u00a0Os\u00a0eleitores considerados faltosos, ou seja, aqueles que n\u00e3o votaram e n\u00e3o justificaram a aus\u00eancia nas tr\u00eas \u00faltimas elei\u00e7\u00f5es, tem at\u00e9 [&hellip;]","og_url":"https:\/\/www.blogsoestado.com\/flaviobraga\/eleitor-inadimplente-tem-ate-14-de-abril-para-regularizar-situacao\/","og_site_name":"Fl\u00e1vio Braga","article_published_time":"2011-02-18T12:42:01+00:00","og_image":[{"url":"https:\/\/www.blogsoestado.com\/flaviobraga\/files\/2011\/02\/Titulo.jpg","type":"","width":"","height":""}],"author":"Flavio Braga","twitter_card":"summary_large_image","twitter_misc":{"Escrito por":"Flavio Braga","Est. tempo de leitura":"1 minuto"},"schema":{"@context":"https:\/\/schema.org","@graph":[{"@type":"WebPage","@id":"https:\/\/www.blogsoestado.com\/flaviobraga\/eleitor-inadimplente-tem-ate-14-de-abril-para-regularizar-situacao\/","url":"https:\/\/www.blogsoestado.com\/flaviobraga\/eleitor-inadimplente-tem-ate-14-de-abril-para-regularizar-situacao\/","name":"Eleitor inadimplente tem at\u00e9 14 de abril para regularizar situa\u00e7\u00e3o - Fl\u00e1vio Braga","isPartOf":{"@id":"https:\/\/www.blogsoestado.com\/flaviobraga\/#website"},"primaryImageOfPage":{"@id":"https:\/\/www.blogsoestado.com\/flaviobraga\/eleitor-inadimplente-tem-ate-14-de-abril-para-regularizar-situacao\/#primaryimage"},"image":{"@id":"https:\/\/www.blogsoestado.com\/flaviobraga\/eleitor-inadimplente-tem-ate-14-de-abril-para-regularizar-situacao\/#primaryimage"},"thumbnailUrl":"https:\/\/www.blogsoestado.com\/flaviobraga\/files\/2011\/02\/Titulo.jpg","datePublished":"2011-02-18T12:42:01+00:00","author":{"@id":"https:\/\/www.blogsoestado.com\/flaviobraga\/#\/schema\/person\/6c6c778331775c757a82d15206bd8733"},"breadcrumb":{"@id":"https:\/\/www.blogsoestado.com\/flaviobraga\/eleitor-inadimplente-tem-ate-14-de-abril-para-regularizar-situacao\/#breadcrumb"},"inLanguage":"pt-BR","potentialAction":[{"@type":"ReadAction","target":["https:\/\/www.blogsoestado.com\/flaviobraga\/eleitor-inadimplente-tem-ate-14-de-abril-para-regularizar-situacao\/"]}]},{"@type":"ImageObject","inLanguage":"pt-BR","@id":"https:\/\/www.blogsoestado.com\/flaviobraga\/eleitor-inadimplente-tem-ate-14-de-abril-para-regularizar-situacao\/#primaryimage","url":"https:\/\/www.blogsoestado.com\/flaviobraga\/files\/2011\/02\/Titulo.jpg","contentUrl":"https:\/\/www.blogsoestado.com\/flaviobraga\/files\/2011\/02\/Titulo.jpg"},{"@type":"BreadcrumbList","@id":"https:\/\/www.blogsoestado.com\/flaviobraga\/eleitor-inadimplente-tem-ate-14-de-abril-para-regularizar-situacao\/#breadcrumb","itemListElement":[{"@type":"ListItem","position":1,"name":"In\u00edcio","item":"https:\/\/www.blogsoestado.com\/flaviobraga\/"},{"@type":"ListItem","position":2,"name":"Eleitor inadimplente tem at\u00e9 14 de abril para regularizar situa\u00e7\u00e3o"}]},{"@type":"WebSite","@id":"https:\/\/www.blogsoestado.com\/flaviobraga\/#website","url":"https:\/\/www.blogsoestado.com\/flaviobraga\/","name":"Fl\u00e1vio Braga","description":"","potentialAction":[{"@type":"SearchAction","target":{"@type":"EntryPoint","urlTemplate":"https:\/\/www.blogsoestado.com\/flaviobraga\/?s={search_term_string}"},"query-input":{"@type":"PropertyValueSpecification","valueRequired":true,"valueName":"search_term_string"}}],"inLanguage":"pt-BR"},{"@type":"Person","@id":"https:\/\/www.blogsoestado.com\/flaviobraga\/#\/schema\/person\/6c6c778331775c757a82d15206bd8733","name":"Flavio Braga","image":{"@type":"ImageObject","inLanguage":"pt-BR","@id":"https:\/\/www.blogsoestado.com\/flaviobraga\/#\/schema\/person\/image\/","url":"https:\/\/secure.gravatar.com\/avatar\/ab173937dad8d78195c87778be8a0285d069ede375ce0ae24aac1cf8e58ccb2c?s=96&d=mm&r=g","contentUrl":"https:\/\/secure.gravatar.com\/avatar\/ab173937dad8d78195c87778be8a0285d069ede375ce0ae24aac1cf8e58ccb2c?s=96&d=mm&r=g","caption":"Flavio Braga"},"url":"https:\/\/www.blogsoestado.com\/flaviobraga\/author\/flaviobraga\/"}]}},"jetpack_featured_media_url":"","_links":{"self":[{"href":"https:\/\/www.blogsoestado.com\/flaviobraga\/wp-json\/wp\/v2\/posts\/1120","targetHints":{"allow":["GET"]}}],"collection":[{"href":"https:\/\/www.blogsoestado.com\/flaviobraga\/wp-json\/wp\/v2\/posts"}],"about":[{"href":"https:\/\/www.blogsoestado.com\/flaviobraga\/wp-json\/wp\/v2\/types\/post"}],"author":[{"embeddable":true,"href":"https:\/\/www.blogsoestado.com\/flaviobraga\/wp-json\/wp\/v2\/users\/8"}],"replies":[{"embeddable":true,"href":"https:\/\/www.blogsoestado.com\/flaviobraga\/wp-json\/wp\/v2\/comments?post=1120"}],"version-history":[{"count":0,"href":"https:\/\/www.blogsoestado.com\/flaviobraga\/wp-json\/wp\/v2\/posts\/1120\/revisions"}],"wp:attachment":[{"href":"https:\/\/www.blogsoestado.com\/flaviobraga\/wp-json\/wp\/v2\/media?parent=1120"}],"wp:term":[{"taxonomy":"category","embeddable":true,"href":"https:\/\/www.blogsoestado.com\/flaviobraga\/wp-json\/wp\/v2\/categories?post=1120"},{"taxonomy":"post_tag","embeddable":true,"href":"https:\/\/www.blogsoestado.com\/flaviobraga\/wp-json\/wp\/v2\/tags?post=1120"}],"curies":[{"name":"wp","href":"https:\/\/api.w.org\/{rel}","templated":true}]}}