{"id":1124,"date":"2011-02-18T10:53:17","date_gmt":"2011-02-18T12:53:17","guid":{"rendered":"https:\/\/www.blogsoestado.com\/flaviobraga\/?p=1124"},"modified":"2011-02-18T10:53:17","modified_gmt":"2011-02-18T12:53:17","slug":"stf-inclui-uma-mulher-na-lista-de-advogados-para-vaga-no-tse","status":"publish","type":"post","link":"https:\/\/www.blogsoestado.com\/flaviobraga\/stf-inclui-uma-mulher-na-lista-de-advogados-para-vaga-no-tse\/","title":{"rendered":"STF inclui uma mulher na lista de advogados para vaga no TSE"},"content":{"rendered":"<p>O Plen\u00e1rio do Supremo Tribunal Federal (STF) aprovou, nesta quinta-feira (17), a lista tr\u00edplice de candidatos a ministro substituto do Tribunal Superior Eleitoral (TSE) na categoria dos advogados, a ser encaminhada \u00e0 Presidente da Rep\u00fablica.<\/p>\n<p>Pela primeira vez, uma mulher integra a lista na classe de advogados. O nome de Luciana L\u00f3ssio foi aprovado juntamente com o de Joelson Costa Dias, que j\u00e1 \u00e9 ministro substituto, e Evandro Castello Branco Pertence.<\/p>\n<p>O ministro substituto a ser escolhido pela Presidente Dilma Rousseff ir\u00e1 exercer a fun\u00e7\u00e3o por dois anos.<\/p>\n<p>A lista foi elaborada pelo STF porque est\u00e1 para terminar o mandato do advogado Joelson Costa Dias, na condi\u00e7\u00e3o de ministro substituto. Ele foi nomeado pelo presidente Luiz In\u00e1cio Lula da Silva em mar\u00e7o de 2009 e, caso seja reconduzido, permanecer\u00e1 no TSE por mais um bi\u00eanio.<\/p>\n<p>Evandro Pertence tamb\u00e9m j\u00e1 integrou a lista de nomes de advogados elaborada pelo STF para ministro substituto do TSE. Atualmente \u00e9 juiz do Tribunal Regional Eleitoral do Distrito Federal.<\/p>\n<p>Luciana L\u00f3ssio advogou, nas Elei\u00e7\u00f5es Gerais de 2010, para a candidata Dilma Rousseff (PT), eleita presidente da Rep\u00fablica. Fez in\u00fameras sustenta\u00e7\u00f5es orais no Plen\u00e1rio do TSE. Ela tamb\u00e9m j\u00e1 atuou na defesa dos ent\u00e3o governadores Jos\u00e9 Roberto Arruda (DEM\/DF), Rog\u00e9rio Rosso (PMDB\/DF) e Roseana Sarney (PMDB\/MA). \u00c9 especialista em Direito Eleitoral e \u00e9 membro do Instituto Brasileiro de Direito Eleitoral \u2013 IBRADE.<\/p>\n","protected":false},"excerpt":{"rendered":"<p>O Plen\u00e1rio do Supremo Tribunal Federal (STF) aprovou, nesta quinta-feira (17), a lista tr\u00edplice de candidatos a ministro substituto do [&hellip;]<\/p>\n","protected":false},"author":8,"featured_media":0,"comment_status":"open","ping_status":"open","sticky":false,"template":"","format":"standard","meta":{"site-sidebar-layout":"default","site-content-layout":"","ast-site-content-layout":"default","site-content-style":"default","site-sidebar-style":"default","ast-global-header-display":"","ast-banner-title-visibility":"","ast-main-header-display":"","ast-hfb-above-header-display":"","ast-hfb-below-header-display":"","ast-hfb-mobile-header-display":"","site-post-title":"","ast-breadcrumbs-content":"","ast-featured-img":"","footer-sml-layout":"","ast-disable-related-posts":"","theme-transparent-header-meta":"","adv-header-id-meta":"","stick-header-meta":"","header-above-stick-meta":"","header-main-stick-meta":"","header-below-stick-meta":"","astra-migrate-meta-layouts":"default","ast-page-background-enabled":"default","ast-page-background-meta":{"desktop":{"background-color":"var(--ast-global-color-5)","background-image":"","background-repeat":"repeat","background-position":"center center","background-size":"auto","background-attachment":"scroll","background-type":"","background-media":"","overlay-type":"","overlay-color":"","overlay-opacity":"","overlay-gradient":""},"tablet":{"background-color":"","background-image":"","background-repeat":"repeat","background-position":"center center","background-size":"auto","background-attachment":"scroll","background-type":"","background-media":"","overlay-type":"","overlay-color":"","overlay-opacity":"","overlay-gradient":""},"mobile":{"background-color":"","background-image":"","background-repeat":"repeat","background-position":"center center","background-size":"auto","background-attachment":"scroll","background-type":"","background-media":"","overlay-type":"","overlay-color":"","overlay-opacity":"","overlay-gradient":""}},"ast-content-background-meta":{"desktop":{"background-color":"var(--ast-global-color-4)","background-image":"","background-repeat":"repeat","background-position":"center center","background-size":"auto","background-attachment":"scroll","background-type":"","background-media":"","overlay-type":"","overlay-color":"","overlay-opacity":"","overlay-gradient":""},"tablet":{"background-color":"var(--ast-global-color-4)","background-image":"","background-repeat":"repeat","background-position":"center center","background-size":"auto","background-attachment":"scroll","background-type":"","background-media":"","overlay-type":"","overlay-color":"","overlay-opacity":"","overlay-gradient":""},"mobile":{"background-color":"var(--ast-global-color-4)","background-image":"","background-repeat":"repeat","background-position":"center center","background-size":"auto","background-attachment":"scroll","background-type":"","background-media":"","overlay-type":"","overlay-color":"","overlay-opacity":"","overlay-gradient":""}},"footnotes":""},"categories":[1],"tags":[],"class_list":["post-1124","post","type-post","status-publish","format-standard","hentry","category-sem-categoria"],"yoast_head":"<!-- This site is optimized with the Yoast SEO plugin v26.6 - https:\/\/yoast.com\/wordpress\/plugins\/seo\/ -->\n<title>STF inclui uma mulher na lista de advogados para vaga no TSE - Fl\u00e1vio Braga<\/title>\n<meta name=\"robots\" content=\"index, follow, max-snippet:-1, max-image-preview:large, max-video-preview:-1\" \/>\n<link rel=\"canonical\" href=\"https:\/\/www.blogsoestado.com\/flaviobraga\/stf-inclui-uma-mulher-na-lista-de-advogados-para-vaga-no-tse\/\" \/>\n<meta property=\"og:locale\" content=\"pt_BR\" \/>\n<meta property=\"og:type\" content=\"article\" \/>\n<meta property=\"og:title\" content=\"STF inclui uma mulher na lista de advogados para vaga no TSE - Fl\u00e1vio Braga\" \/>\n<meta property=\"og:description\" content=\"O Plen\u00e1rio do Supremo Tribunal Federal (STF) aprovou, nesta quinta-feira (17), a lista tr\u00edplice de candidatos a ministro substituto do [&hellip;]\" \/>\n<meta property=\"og:url\" content=\"https:\/\/www.blogsoestado.com\/flaviobraga\/stf-inclui-uma-mulher-na-lista-de-advogados-para-vaga-no-tse\/\" \/>\n<meta property=\"og:site_name\" content=\"Fl\u00e1vio Braga\" \/>\n<meta property=\"article:published_time\" content=\"2011-02-18T12:53:17+00:00\" \/>\n<meta name=\"author\" content=\"Flavio Braga\" \/>\n<meta name=\"twitter:card\" content=\"summary_large_image\" \/>\n<meta name=\"twitter:label1\" content=\"Escrito por\" \/>\n\t<meta name=\"twitter:data1\" content=\"Flavio Braga\" \/>\n\t<meta name=\"twitter:label2\" content=\"Est. tempo de leitura\" \/>\n\t<meta name=\"twitter:data2\" content=\"1 minuto\" \/>\n<script type=\"application\/ld+json\" class=\"yoast-schema-graph\">{\"@context\":\"https:\/\/schema.org\",\"@graph\":[{\"@type\":\"WebPage\",\"@id\":\"https:\/\/www.blogsoestado.com\/flaviobraga\/stf-inclui-uma-mulher-na-lista-de-advogados-para-vaga-no-tse\/\",\"url\":\"https:\/\/www.blogsoestado.com\/flaviobraga\/stf-inclui-uma-mulher-na-lista-de-advogados-para-vaga-no-tse\/\",\"name\":\"STF inclui uma mulher na lista de advogados para vaga no TSE - Fl\u00e1vio Braga\",\"isPartOf\":{\"@id\":\"https:\/\/www.blogsoestado.com\/flaviobraga\/#website\"},\"datePublished\":\"2011-02-18T12:53:17+00:00\",\"author\":{\"@id\":\"https:\/\/www.blogsoestado.com\/flaviobraga\/#\/schema\/person\/6c6c778331775c757a82d15206bd8733\"},\"breadcrumb\":{\"@id\":\"https:\/\/www.blogsoestado.com\/flaviobraga\/stf-inclui-uma-mulher-na-lista-de-advogados-para-vaga-no-tse\/#breadcrumb\"},\"inLanguage\":\"pt-BR\",\"potentialAction\":[{\"@type\":\"ReadAction\",\"target\":[\"https:\/\/www.blogsoestado.com\/flaviobraga\/stf-inclui-uma-mulher-na-lista-de-advogados-para-vaga-no-tse\/\"]}]},{\"@type\":\"BreadcrumbList\",\"@id\":\"https:\/\/www.blogsoestado.com\/flaviobraga\/stf-inclui-uma-mulher-na-lista-de-advogados-para-vaga-no-tse\/#breadcrumb\",\"itemListElement\":[{\"@type\":\"ListItem\",\"position\":1,\"name\":\"In\u00edcio\",\"item\":\"https:\/\/www.blogsoestado.com\/flaviobraga\/\"},{\"@type\":\"ListItem\",\"position\":2,\"name\":\"STF inclui uma mulher na lista de advogados para vaga no TSE\"}]},{\"@type\":\"WebSite\",\"@id\":\"https:\/\/www.blogsoestado.com\/flaviobraga\/#website\",\"url\":\"https:\/\/www.blogsoestado.com\/flaviobraga\/\",\"name\":\"Fl\u00e1vio Braga\",\"description\":\"\",\"potentialAction\":[{\"@type\":\"SearchAction\",\"target\":{\"@type\":\"EntryPoint\",\"urlTemplate\":\"https:\/\/www.blogsoestado.com\/flaviobraga\/?s={search_term_string}\"},\"query-input\":{\"@type\":\"PropertyValueSpecification\",\"valueRequired\":true,\"valueName\":\"search_term_string\"}}],\"inLanguage\":\"pt-BR\"},{\"@type\":\"Person\",\"@id\":\"https:\/\/www.blogsoestado.com\/flaviobraga\/#\/schema\/person\/6c6c778331775c757a82d15206bd8733\",\"name\":\"Flavio Braga\",\"image\":{\"@type\":\"ImageObject\",\"inLanguage\":\"pt-BR\",\"@id\":\"https:\/\/www.blogsoestado.com\/flaviobraga\/#\/schema\/person\/image\/\",\"url\":\"https:\/\/secure.gravatar.com\/avatar\/ab173937dad8d78195c87778be8a0285d069ede375ce0ae24aac1cf8e58ccb2c?s=96&d=mm&r=g\",\"contentUrl\":\"https:\/\/secure.gravatar.com\/avatar\/ab173937dad8d78195c87778be8a0285d069ede375ce0ae24aac1cf8e58ccb2c?s=96&d=mm&r=g\",\"caption\":\"Flavio Braga\"},\"url\":\"https:\/\/www.blogsoestado.com\/flaviobraga\/author\/flaviobraga\/\"}]}<\/script>\n<!-- \/ Yoast SEO plugin. -->","yoast_head_json":{"title":"STF inclui uma mulher na lista de advogados para vaga no TSE - Fl\u00e1vio Braga","robots":{"index":"index","follow":"follow","max-snippet":"max-snippet:-1","max-image-preview":"max-image-preview:large","max-video-preview":"max-video-preview:-1"},"canonical":"https:\/\/www.blogsoestado.com\/flaviobraga\/stf-inclui-uma-mulher-na-lista-de-advogados-para-vaga-no-tse\/","og_locale":"pt_BR","og_type":"article","og_title":"STF inclui uma mulher na lista de advogados para vaga no TSE - Fl\u00e1vio Braga","og_description":"O Plen\u00e1rio do Supremo Tribunal Federal (STF) aprovou, nesta quinta-feira (17), a lista tr\u00edplice de candidatos a ministro substituto do [&hellip;]","og_url":"https:\/\/www.blogsoestado.com\/flaviobraga\/stf-inclui-uma-mulher-na-lista-de-advogados-para-vaga-no-tse\/","og_site_name":"Fl\u00e1vio Braga","article_published_time":"2011-02-18T12:53:17+00:00","author":"Flavio Braga","twitter_card":"summary_large_image","twitter_misc":{"Escrito por":"Flavio Braga","Est. tempo de leitura":"1 minuto"},"schema":{"@context":"https:\/\/schema.org","@graph":[{"@type":"WebPage","@id":"https:\/\/www.blogsoestado.com\/flaviobraga\/stf-inclui-uma-mulher-na-lista-de-advogados-para-vaga-no-tse\/","url":"https:\/\/www.blogsoestado.com\/flaviobraga\/stf-inclui-uma-mulher-na-lista-de-advogados-para-vaga-no-tse\/","name":"STF inclui uma mulher na lista de advogados para vaga no TSE - Fl\u00e1vio Braga","isPartOf":{"@id":"https:\/\/www.blogsoestado.com\/flaviobraga\/#website"},"datePublished":"2011-02-18T12:53:17+00:00","author":{"@id":"https:\/\/www.blogsoestado.com\/flaviobraga\/#\/schema\/person\/6c6c778331775c757a82d15206bd8733"},"breadcrumb":{"@id":"https:\/\/www.blogsoestado.com\/flaviobraga\/stf-inclui-uma-mulher-na-lista-de-advogados-para-vaga-no-tse\/#breadcrumb"},"inLanguage":"pt-BR","potentialAction":[{"@type":"ReadAction","target":["https:\/\/www.blogsoestado.com\/flaviobraga\/stf-inclui-uma-mulher-na-lista-de-advogados-para-vaga-no-tse\/"]}]},{"@type":"BreadcrumbList","@id":"https:\/\/www.blogsoestado.com\/flaviobraga\/stf-inclui-uma-mulher-na-lista-de-advogados-para-vaga-no-tse\/#breadcrumb","itemListElement":[{"@type":"ListItem","position":1,"name":"In\u00edcio","item":"https:\/\/www.blogsoestado.com\/flaviobraga\/"},{"@type":"ListItem","position":2,"name":"STF inclui uma mulher na lista de advogados para vaga no TSE"}]},{"@type":"WebSite","@id":"https:\/\/www.blogsoestado.com\/flaviobraga\/#website","url":"https:\/\/www.blogsoestado.com\/flaviobraga\/","name":"Fl\u00e1vio Braga","description":"","potentialAction":[{"@type":"SearchAction","target":{"@type":"EntryPoint","urlTemplate":"https:\/\/www.blogsoestado.com\/flaviobraga\/?s={search_term_string}"},"query-input":{"@type":"PropertyValueSpecification","valueRequired":true,"valueName":"search_term_string"}}],"inLanguage":"pt-BR"},{"@type":"Person","@id":"https:\/\/www.blogsoestado.com\/flaviobraga\/#\/schema\/person\/6c6c778331775c757a82d15206bd8733","name":"Flavio Braga","image":{"@type":"ImageObject","inLanguage":"pt-BR","@id":"https:\/\/www.blogsoestado.com\/flaviobraga\/#\/schema\/person\/image\/","url":"https:\/\/secure.gravatar.com\/avatar\/ab173937dad8d78195c87778be8a0285d069ede375ce0ae24aac1cf8e58ccb2c?s=96&d=mm&r=g","contentUrl":"https:\/\/secure.gravatar.com\/avatar\/ab173937dad8d78195c87778be8a0285d069ede375ce0ae24aac1cf8e58ccb2c?s=96&d=mm&r=g","caption":"Flavio Braga"},"url":"https:\/\/www.blogsoestado.com\/flaviobraga\/author\/flaviobraga\/"}]}},"jetpack_featured_media_url":"","_links":{"self":[{"href":"https:\/\/www.blogsoestado.com\/flaviobraga\/wp-json\/wp\/v2\/posts\/1124","targetHints":{"allow":["GET"]}}],"collection":[{"href":"https:\/\/www.blogsoestado.com\/flaviobraga\/wp-json\/wp\/v2\/posts"}],"about":[{"href":"https:\/\/www.blogsoestado.com\/flaviobraga\/wp-json\/wp\/v2\/types\/post"}],"author":[{"embeddable":true,"href":"https:\/\/www.blogsoestado.com\/flaviobraga\/wp-json\/wp\/v2\/users\/8"}],"replies":[{"embeddable":true,"href":"https:\/\/www.blogsoestado.com\/flaviobraga\/wp-json\/wp\/v2\/comments?post=1124"}],"version-history":[{"count":0,"href":"https:\/\/www.blogsoestado.com\/flaviobraga\/wp-json\/wp\/v2\/posts\/1124\/revisions"}],"wp:attachment":[{"href":"https:\/\/www.blogsoestado.com\/flaviobraga\/wp-json\/wp\/v2\/media?parent=1124"}],"wp:term":[{"taxonomy":"category","embeddable":true,"href":"https:\/\/www.blogsoestado.com\/flaviobraga\/wp-json\/wp\/v2\/categories?post=1124"},{"taxonomy":"post_tag","embeddable":true,"href":"https:\/\/www.blogsoestado.com\/flaviobraga\/wp-json\/wp\/v2\/tags?post=1124"}],"curies":[{"name":"wp","href":"https:\/\/api.w.org\/{rel}","templated":true}]}}