{"id":1127,"date":"2011-02-18T12:00:16","date_gmt":"2011-02-18T14:00:16","guid":{"rendered":"https:\/\/www.blogsoestado.com\/flaviobraga\/?p=1127"},"modified":"2011-02-18T12:00:16","modified_gmt":"2011-02-18T14:00:16","slug":"mensagem-de-despedida-do-desembargador-joaquim-figueiredo","status":"publish","type":"post","link":"https:\/\/www.blogsoestado.com\/flaviobraga\/mensagem-de-despedida-do-desembargador-joaquim-figueiredo\/","title":{"rendered":"Mensagem de despedida do Desembargador Joaquim Figueiredo"},"content":{"rendered":"<p><a href=\"https:\/\/www.blogsoestado.com\/flaviobraga\/files\/2011\/02\/Des-JJ.jpg\"><img decoding=\"async\" class=\"aligncenter size-full wp-image-1128\" src=\"https:\/\/www.blogsoestado.com\/flaviobraga\/files\/2011\/02\/Des-JJ.jpg\" alt=\"\" width=\"200\" height=\"150\" \/><\/a><\/p>\n<p>O <em>blog<\/em> reproduz abaixo a mensagem do Desembargador Joaquim Figueiredo em face de sua despedida da Corte do TRE\/MA:<\/p>\n<p>\u201cComo todos sabem, o meu bi\u00eanio neste Tribunal chegou ao final, aqui desempenhei com orgulho as fun\u00e7\u00f5es de membro da Corte, Vice-Presidente e Corregedor Regional Eleitoral e, apesar de repudiar a id\u00e9ia de que n\u00e3o mais terei o saud\u00e1vel e alegre conv\u00edvio di\u00e1rio com todos neste Tribunal, fico feliz pelos amigos que fiz e pelo trabalho que juntos desempenhamos.<\/p>\n<p>H\u00e1 dois anos, quando cheguei \u00e0 Corregedoria me dirigi a todos os funcion\u00e1rios e, de forma franca, afirmei que precisar\u00edamos construir uma rela\u00e7\u00e3o de confian\u00e7a, o que \u00e9 natural quando as pessoas n\u00e3o se conhecem. Isso porque, quando se vai realizar um trabalho da magnitude daquele exigido pelo cargo de Corregedor Regional Eleitoral \u00e9 fundamental que exista confian\u00e7a entre todos os envolvidos. E assim procedi: fiquei a observar a postura de todos e de cada um, bem como o interesse que demonstravam na execu\u00e7\u00e3o de suas atividades.<\/p>\n<p>Passados esses dois anos \u00e9 gratificante dizer a voc\u00eas que minhas expectativas restaram atingidas e diria que chegaram a ser superadas, pois o que vi neste Tribunal foram pessoas comprometidas com suas responsabilidades profissionais, vi que todos buscavam sempre desempenhar suas tarefas com zelo e dedica\u00e7\u00e3o e que, apesar de ser tido por muitos como uma pessoa exigente, percebi que o produto do trabalho de voc\u00eas era de alt\u00edssima qualidade e que talvez at\u00e9 fosse correto o coment\u00e1rio feito por outros que aqui passaram de que bastava &#8220;ligar o piloto autom\u00e1tico&#8221;, pois os funcion\u00e1rios fariam com que tudo funcionasse bem no TRE\/MA.<\/p>\n<p>Mas n\u00e3o concordo de todo com tal afirmativa de que devamos deixar tudo no &#8220;autom\u00e1tico&#8221;, pois entendo que qualquer grupo de trabalho consegue ser mais bem sucedido quando tem como exemplo a pessoa que o lidera. \u00c9 em raz\u00e3o disso que afirmo ser extremamente necess\u00e1rio que esse l\u00edder seja exigente e fa\u00e7a as cobran\u00e7as necess\u00e1rias, mas, no entanto, \u00e9 fundamental que este mesmo l\u00edder trabalhe, at\u00e9 mais que os outros, e se envolva plenamente para que as metas estabelecidas sejam atingidas. E sob este aspecto sinto-me gratificado pelas exitosas tarefas em que todos n\u00f3s trabalhamos e que conseguimos fazer t\u00e3o bem.<\/p>\n<p>Cheguei aqui para cumprir o meu bi\u00eanio e complet\u00e1-lo da forma mais proveitosa poss\u00edvel. A recondu\u00e7\u00e3o era algo que podia acontecer, mas nunca procurei fazer planos contando que permaneceria por mais de dois anos neste Tribunal, raz\u00e3o porque meus projetos se limitavam a esse tempo, que agora chega ao seu final.<\/p>\n<p>Agrade\u00e7o todos: aprendizes, estagi\u00e1rios, colaboradores, funcion\u00e1rios deste Tribunal, das Zonas Eleitorais e tamb\u00e9m aos Ju\u00edzes Eleitorais, Membros da Corte Eleitoral e \u00e0 Procuradora Regional Eleitoral.<\/p>\n<p>Mas quero dedicar especial aten\u00e7\u00e3o e carinho ao grupo de funcion\u00e1rios da Corregedoria com quem tive a honra de conviver diariamente. Neles percebi o quanto \u00e9 forte o grau de seus comprometimentos com suas tarefas que sempre foram executadas com zelo e dedica\u00e7\u00e3o pela Assessoria Jur\u00eddica e T\u00e9cnica e pelas duas Coordenadorias.<\/p>\n<p>Com essas breves palavras reitero o meu muito obrigado a todos, e coloco-me \u00e0 disposi\u00e7\u00e3o no egr\u00e9gio Tribunal de Justi\u00e7a.\u201d<\/p>\n","protected":false},"excerpt":{"rendered":"<p>O blog reproduz abaixo a mensagem do Desembargador Joaquim Figueiredo em face de sua despedida da Corte do TRE\/MA: \u201cComo [&hellip;]<\/p>\n","protected":false},"author":8,"featured_media":0,"comment_status":"open","ping_status":"open","sticky":false,"template":"","format":"standard","meta":{"site-sidebar-layout":"default","site-content-layout":"","ast-site-content-layout":"default","site-content-style":"default","site-sidebar-style":"default","ast-global-header-display":"","ast-banner-title-visibility":"","ast-main-header-display":"","ast-hfb-above-header-display":"","ast-hfb-below-header-display":"","ast-hfb-mobile-header-display":"","site-post-title":"","ast-breadcrumbs-content":"","ast-featured-img":"","footer-sml-layout":"","ast-disable-related-posts":"","theme-transparent-header-meta":"","adv-header-id-meta":"","stick-header-meta":"","header-above-stick-meta":"","header-main-stick-meta":"","header-below-stick-meta":"","astra-migrate-meta-layouts":"default","ast-page-background-enabled":"default","ast-page-background-meta":{"desktop":{"background-color":"var(--ast-global-color-5)","background-image":"","background-repeat":"repeat","background-position":"center center","background-size":"auto","background-attachment":"scroll","background-type":"","background-media":"","overlay-type":"","overlay-color":"","overlay-opacity":"","overlay-gradient":""},"tablet":{"background-color":"","background-image":"","background-repeat":"repeat","background-position":"center center","background-size":"auto","background-attachment":"scroll","background-type":"","background-media":"","overlay-type":"","overlay-color":"","overlay-opacity":"","overlay-gradient":""},"mobile":{"background-color":"","background-image":"","background-repeat":"repeat","background-position":"center center","background-size":"auto","background-attachment":"scroll","background-type":"","background-media":"","overlay-type":"","overlay-color":"","overlay-opacity":"","overlay-gradient":""}},"ast-content-background-meta":{"desktop":{"background-color":"var(--ast-global-color-4)","background-image":"","background-repeat":"repeat","background-position":"center center","background-size":"auto","background-attachment":"scroll","background-type":"","background-media":"","overlay-type":"","overlay-color":"","overlay-opacity":"","overlay-gradient":""},"tablet":{"background-color":"var(--ast-global-color-4)","background-image":"","background-repeat":"repeat","background-position":"center center","background-size":"auto","background-attachment":"scroll","background-type":"","background-media":"","overlay-type":"","overlay-color":"","overlay-opacity":"","overlay-gradient":""},"mobile":{"background-color":"var(--ast-global-color-4)","background-image":"","background-repeat":"repeat","background-position":"center center","background-size":"auto","background-attachment":"scroll","background-type":"","background-media":"","overlay-type":"","overlay-color":"","overlay-opacity":"","overlay-gradient":""}},"footnotes":""},"categories":[1],"tags":[],"class_list":["post-1127","post","type-post","status-publish","format-standard","hentry","category-sem-categoria"],"yoast_head":"<!-- This site is optimized with the Yoast SEO plugin v26.6 - https:\/\/yoast.com\/wordpress\/plugins\/seo\/ -->\n<title>Mensagem de despedida do Desembargador Joaquim Figueiredo - Fl\u00e1vio Braga<\/title>\n<meta name=\"robots\" content=\"index, follow, max-snippet:-1, max-image-preview:large, max-video-preview:-1\" \/>\n<link rel=\"canonical\" href=\"https:\/\/www.blogsoestado.com\/flaviobraga\/mensagem-de-despedida-do-desembargador-joaquim-figueiredo\/\" \/>\n<meta property=\"og:locale\" content=\"pt_BR\" \/>\n<meta property=\"og:type\" content=\"article\" \/>\n<meta property=\"og:title\" content=\"Mensagem de despedida do Desembargador Joaquim Figueiredo - Fl\u00e1vio Braga\" \/>\n<meta property=\"og:description\" content=\"O blog reproduz abaixo a mensagem do Desembargador Joaquim Figueiredo em face de sua despedida da Corte do TRE\/MA: \u201cComo [&hellip;]\" \/>\n<meta property=\"og:url\" content=\"https:\/\/www.blogsoestado.com\/flaviobraga\/mensagem-de-despedida-do-desembargador-joaquim-figueiredo\/\" \/>\n<meta property=\"og:site_name\" content=\"Fl\u00e1vio Braga\" \/>\n<meta property=\"article:published_time\" content=\"2011-02-18T14:00:16+00:00\" \/>\n<meta property=\"og:image\" content=\"https:\/\/www.blogsoestado.com\/flaviobraga\/files\/2011\/02\/Des-JJ.jpg\" \/>\n<meta name=\"author\" content=\"Flavio Braga\" \/>\n<meta name=\"twitter:card\" content=\"summary_large_image\" \/>\n<meta name=\"twitter:label1\" content=\"Escrito por\" \/>\n\t<meta name=\"twitter:data1\" content=\"Flavio Braga\" \/>\n\t<meta name=\"twitter:label2\" content=\"Est. tempo de leitura\" \/>\n\t<meta name=\"twitter:data2\" content=\"3 minutos\" \/>\n<script type=\"application\/ld+json\" class=\"yoast-schema-graph\">{\"@context\":\"https:\/\/schema.org\",\"@graph\":[{\"@type\":\"WebPage\",\"@id\":\"https:\/\/www.blogsoestado.com\/flaviobraga\/mensagem-de-despedida-do-desembargador-joaquim-figueiredo\/\",\"url\":\"https:\/\/www.blogsoestado.com\/flaviobraga\/mensagem-de-despedida-do-desembargador-joaquim-figueiredo\/\",\"name\":\"Mensagem de despedida do Desembargador Joaquim Figueiredo - Fl\u00e1vio Braga\",\"isPartOf\":{\"@id\":\"https:\/\/www.blogsoestado.com\/flaviobraga\/#website\"},\"primaryImageOfPage\":{\"@id\":\"https:\/\/www.blogsoestado.com\/flaviobraga\/mensagem-de-despedida-do-desembargador-joaquim-figueiredo\/#primaryimage\"},\"image\":{\"@id\":\"https:\/\/www.blogsoestado.com\/flaviobraga\/mensagem-de-despedida-do-desembargador-joaquim-figueiredo\/#primaryimage\"},\"thumbnailUrl\":\"https:\/\/www.blogsoestado.com\/flaviobraga\/files\/2011\/02\/Des-JJ.jpg\",\"datePublished\":\"2011-02-18T14:00:16+00:00\",\"author\":{\"@id\":\"https:\/\/www.blogsoestado.com\/flaviobraga\/#\/schema\/person\/6c6c778331775c757a82d15206bd8733\"},\"breadcrumb\":{\"@id\":\"https:\/\/www.blogsoestado.com\/flaviobraga\/mensagem-de-despedida-do-desembargador-joaquim-figueiredo\/#breadcrumb\"},\"inLanguage\":\"pt-BR\",\"potentialAction\":[{\"@type\":\"ReadAction\",\"target\":[\"https:\/\/www.blogsoestado.com\/flaviobraga\/mensagem-de-despedida-do-desembargador-joaquim-figueiredo\/\"]}]},{\"@type\":\"ImageObject\",\"inLanguage\":\"pt-BR\",\"@id\":\"https:\/\/www.blogsoestado.com\/flaviobraga\/mensagem-de-despedida-do-desembargador-joaquim-figueiredo\/#primaryimage\",\"url\":\"https:\/\/www.blogsoestado.com\/flaviobraga\/files\/2011\/02\/Des-JJ.jpg\",\"contentUrl\":\"https:\/\/www.blogsoestado.com\/flaviobraga\/files\/2011\/02\/Des-JJ.jpg\"},{\"@type\":\"BreadcrumbList\",\"@id\":\"https:\/\/www.blogsoestado.com\/flaviobraga\/mensagem-de-despedida-do-desembargador-joaquim-figueiredo\/#breadcrumb\",\"itemListElement\":[{\"@type\":\"ListItem\",\"position\":1,\"name\":\"In\u00edcio\",\"item\":\"https:\/\/www.blogsoestado.com\/flaviobraga\/\"},{\"@type\":\"ListItem\",\"position\":2,\"name\":\"Mensagem de despedida do Desembargador Joaquim Figueiredo\"}]},{\"@type\":\"WebSite\",\"@id\":\"https:\/\/www.blogsoestado.com\/flaviobraga\/#website\",\"url\":\"https:\/\/www.blogsoestado.com\/flaviobraga\/\",\"name\":\"Fl\u00e1vio Braga\",\"description\":\"\",\"potentialAction\":[{\"@type\":\"SearchAction\",\"target\":{\"@type\":\"EntryPoint\",\"urlTemplate\":\"https:\/\/www.blogsoestado.com\/flaviobraga\/?s={search_term_string}\"},\"query-input\":{\"@type\":\"PropertyValueSpecification\",\"valueRequired\":true,\"valueName\":\"search_term_string\"}}],\"inLanguage\":\"pt-BR\"},{\"@type\":\"Person\",\"@id\":\"https:\/\/www.blogsoestado.com\/flaviobraga\/#\/schema\/person\/6c6c778331775c757a82d15206bd8733\",\"name\":\"Flavio Braga\",\"image\":{\"@type\":\"ImageObject\",\"inLanguage\":\"pt-BR\",\"@id\":\"https:\/\/www.blogsoestado.com\/flaviobraga\/#\/schema\/person\/image\/\",\"url\":\"https:\/\/secure.gravatar.com\/avatar\/ab173937dad8d78195c87778be8a0285d069ede375ce0ae24aac1cf8e58ccb2c?s=96&d=mm&r=g\",\"contentUrl\":\"https:\/\/secure.gravatar.com\/avatar\/ab173937dad8d78195c87778be8a0285d069ede375ce0ae24aac1cf8e58ccb2c?s=96&d=mm&r=g\",\"caption\":\"Flavio Braga\"},\"url\":\"https:\/\/www.blogsoestado.com\/flaviobraga\/author\/flaviobraga\/\"}]}<\/script>\n<!-- \/ Yoast SEO plugin. -->","yoast_head_json":{"title":"Mensagem de despedida do Desembargador Joaquim Figueiredo - Fl\u00e1vio Braga","robots":{"index":"index","follow":"follow","max-snippet":"max-snippet:-1","max-image-preview":"max-image-preview:large","max-video-preview":"max-video-preview:-1"},"canonical":"https:\/\/www.blogsoestado.com\/flaviobraga\/mensagem-de-despedida-do-desembargador-joaquim-figueiredo\/","og_locale":"pt_BR","og_type":"article","og_title":"Mensagem de despedida do Desembargador Joaquim Figueiredo - Fl\u00e1vio Braga","og_description":"O blog reproduz abaixo a mensagem do Desembargador Joaquim Figueiredo em face de sua despedida da Corte do TRE\/MA: \u201cComo [&hellip;]","og_url":"https:\/\/www.blogsoestado.com\/flaviobraga\/mensagem-de-despedida-do-desembargador-joaquim-figueiredo\/","og_site_name":"Fl\u00e1vio Braga","article_published_time":"2011-02-18T14:00:16+00:00","og_image":[{"url":"https:\/\/www.blogsoestado.com\/flaviobraga\/files\/2011\/02\/Des-JJ.jpg","type":"","width":"","height":""}],"author":"Flavio Braga","twitter_card":"summary_large_image","twitter_misc":{"Escrito por":"Flavio Braga","Est. tempo de leitura":"3 minutos"},"schema":{"@context":"https:\/\/schema.org","@graph":[{"@type":"WebPage","@id":"https:\/\/www.blogsoestado.com\/flaviobraga\/mensagem-de-despedida-do-desembargador-joaquim-figueiredo\/","url":"https:\/\/www.blogsoestado.com\/flaviobraga\/mensagem-de-despedida-do-desembargador-joaquim-figueiredo\/","name":"Mensagem de despedida do Desembargador Joaquim Figueiredo - Fl\u00e1vio Braga","isPartOf":{"@id":"https:\/\/www.blogsoestado.com\/flaviobraga\/#website"},"primaryImageOfPage":{"@id":"https:\/\/www.blogsoestado.com\/flaviobraga\/mensagem-de-despedida-do-desembargador-joaquim-figueiredo\/#primaryimage"},"image":{"@id":"https:\/\/www.blogsoestado.com\/flaviobraga\/mensagem-de-despedida-do-desembargador-joaquim-figueiredo\/#primaryimage"},"thumbnailUrl":"https:\/\/www.blogsoestado.com\/flaviobraga\/files\/2011\/02\/Des-JJ.jpg","datePublished":"2011-02-18T14:00:16+00:00","author":{"@id":"https:\/\/www.blogsoestado.com\/flaviobraga\/#\/schema\/person\/6c6c778331775c757a82d15206bd8733"},"breadcrumb":{"@id":"https:\/\/www.blogsoestado.com\/flaviobraga\/mensagem-de-despedida-do-desembargador-joaquim-figueiredo\/#breadcrumb"},"inLanguage":"pt-BR","potentialAction":[{"@type":"ReadAction","target":["https:\/\/www.blogsoestado.com\/flaviobraga\/mensagem-de-despedida-do-desembargador-joaquim-figueiredo\/"]}]},{"@type":"ImageObject","inLanguage":"pt-BR","@id":"https:\/\/www.blogsoestado.com\/flaviobraga\/mensagem-de-despedida-do-desembargador-joaquim-figueiredo\/#primaryimage","url":"https:\/\/www.blogsoestado.com\/flaviobraga\/files\/2011\/02\/Des-JJ.jpg","contentUrl":"https:\/\/www.blogsoestado.com\/flaviobraga\/files\/2011\/02\/Des-JJ.jpg"},{"@type":"BreadcrumbList","@id":"https:\/\/www.blogsoestado.com\/flaviobraga\/mensagem-de-despedida-do-desembargador-joaquim-figueiredo\/#breadcrumb","itemListElement":[{"@type":"ListItem","position":1,"name":"In\u00edcio","item":"https:\/\/www.blogsoestado.com\/flaviobraga\/"},{"@type":"ListItem","position":2,"name":"Mensagem de despedida do Desembargador Joaquim Figueiredo"}]},{"@type":"WebSite","@id":"https:\/\/www.blogsoestado.com\/flaviobraga\/#website","url":"https:\/\/www.blogsoestado.com\/flaviobraga\/","name":"Fl\u00e1vio Braga","description":"","potentialAction":[{"@type":"SearchAction","target":{"@type":"EntryPoint","urlTemplate":"https:\/\/www.blogsoestado.com\/flaviobraga\/?s={search_term_string}"},"query-input":{"@type":"PropertyValueSpecification","valueRequired":true,"valueName":"search_term_string"}}],"inLanguage":"pt-BR"},{"@type":"Person","@id":"https:\/\/www.blogsoestado.com\/flaviobraga\/#\/schema\/person\/6c6c778331775c757a82d15206bd8733","name":"Flavio Braga","image":{"@type":"ImageObject","inLanguage":"pt-BR","@id":"https:\/\/www.blogsoestado.com\/flaviobraga\/#\/schema\/person\/image\/","url":"https:\/\/secure.gravatar.com\/avatar\/ab173937dad8d78195c87778be8a0285d069ede375ce0ae24aac1cf8e58ccb2c?s=96&d=mm&r=g","contentUrl":"https:\/\/secure.gravatar.com\/avatar\/ab173937dad8d78195c87778be8a0285d069ede375ce0ae24aac1cf8e58ccb2c?s=96&d=mm&r=g","caption":"Flavio Braga"},"url":"https:\/\/www.blogsoestado.com\/flaviobraga\/author\/flaviobraga\/"}]}},"jetpack_featured_media_url":"","_links":{"self":[{"href":"https:\/\/www.blogsoestado.com\/flaviobraga\/wp-json\/wp\/v2\/posts\/1127","targetHints":{"allow":["GET"]}}],"collection":[{"href":"https:\/\/www.blogsoestado.com\/flaviobraga\/wp-json\/wp\/v2\/posts"}],"about":[{"href":"https:\/\/www.blogsoestado.com\/flaviobraga\/wp-json\/wp\/v2\/types\/post"}],"author":[{"embeddable":true,"href":"https:\/\/www.blogsoestado.com\/flaviobraga\/wp-json\/wp\/v2\/users\/8"}],"replies":[{"embeddable":true,"href":"https:\/\/www.blogsoestado.com\/flaviobraga\/wp-json\/wp\/v2\/comments?post=1127"}],"version-history":[{"count":0,"href":"https:\/\/www.blogsoestado.com\/flaviobraga\/wp-json\/wp\/v2\/posts\/1127\/revisions"}],"wp:attachment":[{"href":"https:\/\/www.blogsoestado.com\/flaviobraga\/wp-json\/wp\/v2\/media?parent=1127"}],"wp:term":[{"taxonomy":"category","embeddable":true,"href":"https:\/\/www.blogsoestado.com\/flaviobraga\/wp-json\/wp\/v2\/categories?post=1127"},{"taxonomy":"post_tag","embeddable":true,"href":"https:\/\/www.blogsoestado.com\/flaviobraga\/wp-json\/wp\/v2\/tags?post=1127"}],"curies":[{"name":"wp","href":"https:\/\/api.w.org\/{rel}","templated":true}]}}