{"id":1138,"date":"2011-02-21T16:56:25","date_gmt":"2011-02-21T19:56:25","guid":{"rendered":"https:\/\/www.blogsoestado.com\/flaviobraga\/?p=1138"},"modified":"2011-02-21T16:56:25","modified_gmt":"2011-02-21T19:56:25","slug":"padre-astolfo-serra","status":"publish","type":"post","link":"https:\/\/www.blogsoestado.com\/flaviobraga\/padre-astolfo-serra\/","title":{"rendered":"Padre Astolfo Serra"},"content":{"rendered":"<p><strong>Por Jos\u00e9 Raimundo Santos*<\/strong><\/p>\n<p>Astolfo Henrique de Barros Serra nasceu em 22 de maio de 1900, na vila de Matinha, ent\u00e3o munic\u00edpio de Viana, em nosso Estado do Maranh\u00e3o, a 14 quil\u00f4metros de verdes relvas e do azul celeste do lago Aquiri, um dos nove lagos formadores do ros\u00e1rio de lagos do Maracu, tudo sob o c\u00e9u mais azul de todos os azuis, nasce, para gl\u00f3ria da f\u00e9 crist\u00e3, da pol\u00edtica do bem servir e do mundo jur\u00eddico, Astolfo Henrique de Barros Serra, talento fulgurante e pena vers\u00e1til, fizeram-no jornalista destemeroso e admirado, poeta vibrante de cintilante inspira\u00e7\u00e3o e, com o dom f\u00e1cil da palavra, orador eloquente e apreciad\u00edssimo; era padre secular, tendo por\u00e9m abandonado o sacerd\u00f3cio. Seus pais foram Joaquim Ign\u00e1cio Serra e Judith Barros Serra.<\/p>\n<p>Filho de \u201cum professor simples de aldeia\u201d e de uma m\u00e3e extremosa, tornou-se uma estrela cujo brilho na hist\u00f3ria do Maranh\u00e3o e do Brasil jamais se apagar\u00e1.<\/p>\n<p>Como todo menino pobre, notadamente do interior maranhense, seu destino seria o analfabetismo, n\u00e3o fora ter sido filho de um modesto professor, que fazia de seu magist\u00e9rio a voca\u00e7\u00e3o do exerc\u00edcio da dedica\u00e7\u00e3o e devotamento a todos os meninos pobres da vila de Matinha.<\/p>\n<p>Com ele estudou as primeiras letras numa escola coberta de palha de baba\u00e7u e tapada de barro, tendo como piso o ch\u00e3o batido de soquete, mas nos sonhos, um ideal definido, quer na vila de Matinha, onde ficara at\u00e9 aos sete anos de idade, quer na cidade de Viana, onde completou seu curso prim\u00e1rio.<\/p>\n<p>A vida o encaminhou para o velho e tradicional Semin\u00e1rio de Santo Ant\u00f4nio, em S\u00e3o Lu\u00eds do Maranh\u00e3o.<\/p>\n<p>Nesse mesmo vestuto e aben\u00e7oado casar\u00e3o, Astolfo Serra p\u00f4de moldar seu cora\u00e7\u00e3o e sua intelig\u00eancia at\u00e9 sua ordena\u00e7\u00e3o sacerdotal, em 25 de mar\u00e7o de 1925, festa lit\u00fargica da Anuncia\u00e7\u00e3o de Nossa Serra, juntamente com outro ilustre vianense, o padre Constantino Vieira.<\/p>\n<p>Na vida p\u00fablica, foi inspetor do Liceu Maranhense, diretor da ent\u00e3o Junta Comercial do Maranh\u00e3o, e, por fim, interventor federal em seu Estado; mudando-se para o Rio de Janeiro e depois de ter exercido o cargo de diretor-geral do Minist\u00e9rio do Trabalho, ascendeu \u00e0 alta posi\u00e7\u00e3o de ministro do Tribunal Superior do Trabalho. Era s\u00f3cio efetivo do Instituto Hist\u00f3rico e Geogr\u00e1fico do Maranh\u00e3o e, na Academia Maranhense de Letras, sucedeu a Clodoaldo de Freitas, fundador da poltrona de Sousa Andrade (n\u00b0 18).<\/p>\n<p>Sua vida liter\u00e1ria \u00e9 de uma grandeza inigual\u00e1vel, bastando lembrar as obras publicadas, sem que sejam citadas aquelas que ficaram in\u00e9ditas.<\/p>\n<p>Podem ser citadas: \u201cDepoimento para a Hist\u00f3ria Pol\u00edtica do Maranh\u00e3o e V\u00e9rtice\u201d, \u201cGleba que Canta\u201d, \u201cProfetas de Fogo\u201d, \u201cTerra enfeitada e rica\u201d, \u201cCaxias e seu governo civil na Prov\u00edncia do Maranh\u00e3o\u201d, \u201cNoventa Dias de Governo\u201d, A \u201cVida vale um sorriso\u201d, \u201cGuia Hist\u00f3rico e Sentimental de S\u00e3o Lu\u00eds\u201d, \u201cA Balaiada\u201d, \u201cA vida simples de um professor de aldeia\u201d, dentre tantas outras.<\/p>\n<p>Seu falecimento, lamentavelmente, ocorreu distante de sua terra natal, na cidade do Rio de Janeiro, em 19 de fevereiro de 1978, depois de \u201ccombater o bom combate\u201d, na forte express\u00e3o paulina, que tantas vezes na vida anunciou.<\/p>\n<p>O Estado do Maranh\u00e3o prestou significativa homenagem a este ilustre filho, emprestando ao Tribunal Regional do Trabalho, em S\u00e3o Lu\u00eds, o seu nome, para honra de todos os maranhenses.<\/p>\n<p><em>*O autor \u00e9 vianense nascido no povoado Pira\u00ed, engenheiro agr\u00f4nomo e primeiro tenente QOAPM da Reserva Remunerada da Pol\u00edcia Militar do Maranh\u00e3o \u2013 PMMA. <\/em><em><\/em><\/p>\n","protected":false},"excerpt":{"rendered":"<p>Por Jos\u00e9 Raimundo Santos* Astolfo Henrique de Barros Serra nasceu em 22 de maio de 1900, na vila de Matinha, [&hellip;]<\/p>\n","protected":false},"author":8,"featured_media":0,"comment_status":"open","ping_status":"open","sticky":false,"template":"","format":"standard","meta":{"site-sidebar-layout":"default","site-content-layout":"","ast-site-content-layout":"default","site-content-style":"default","site-sidebar-style":"default","ast-global-header-display":"","ast-banner-title-visibility":"","ast-main-header-display":"","ast-hfb-above-header-display":"","ast-hfb-below-header-display":"","ast-hfb-mobile-header-display":"","site-post-title":"","ast-breadcrumbs-content":"","ast-featured-img":"","footer-sml-layout":"","ast-disable-related-posts":"","theme-transparent-header-meta":"","adv-header-id-meta":"","stick-header-meta":"","header-above-stick-meta":"","header-main-stick-meta":"","header-below-stick-meta":"","astra-migrate-meta-layouts":"default","ast-page-background-enabled":"default","ast-page-background-meta":{"desktop":{"background-color":"var(--ast-global-color-5)","background-image":"","background-repeat":"repeat","background-position":"center center","background-size":"auto","background-attachment":"scroll","background-type":"","background-media":"","overlay-type":"","overlay-color":"","overlay-opacity":"","overlay-gradient":""},"tablet":{"background-color":"","background-image":"","background-repeat":"repeat","background-position":"center center","background-size":"auto","background-attachment":"scroll","background-type":"","background-media":"","overlay-type":"","overlay-color":"","overlay-opacity":"","overlay-gradient":""},"mobile":{"background-color":"","background-image":"","background-repeat":"repeat","background-position":"center center","background-size":"auto","background-attachment":"scroll","background-type":"","background-media":"","overlay-type":"","overlay-color":"","overlay-opacity":"","overlay-gradient":""}},"ast-content-background-meta":{"desktop":{"background-color":"var(--ast-global-color-4)","background-image":"","background-repeat":"repeat","background-position":"center center","background-size":"auto","background-attachment":"scroll","background-type":"","background-media":"","overlay-type":"","overlay-color":"","overlay-opacity":"","overlay-gradient":""},"tablet":{"background-color":"var(--ast-global-color-4)","background-image":"","background-repeat":"repeat","background-position":"center center","background-size":"auto","background-attachment":"scroll","background-type":"","background-media":"","overlay-type":"","overlay-color":"","overlay-opacity":"","overlay-gradient":""},"mobile":{"background-color":"var(--ast-global-color-4)","background-image":"","background-repeat":"repeat","background-position":"center center","background-size":"auto","background-attachment":"scroll","background-type":"","background-media":"","overlay-type":"","overlay-color":"","overlay-opacity":"","overlay-gradient":""}},"footnotes":""},"categories":[1],"tags":[],"class_list":["post-1138","post","type-post","status-publish","format-standard","hentry","category-sem-categoria"],"yoast_head":"<!-- This site is optimized with the Yoast SEO plugin v26.6 - https:\/\/yoast.com\/wordpress\/plugins\/seo\/ -->\n<title>Padre Astolfo Serra - Fl\u00e1vio Braga<\/title>\n<meta name=\"robots\" content=\"index, follow, max-snippet:-1, max-image-preview:large, max-video-preview:-1\" \/>\n<link rel=\"canonical\" href=\"https:\/\/www.blogsoestado.com\/flaviobraga\/padre-astolfo-serra\/\" \/>\n<meta property=\"og:locale\" content=\"pt_BR\" \/>\n<meta property=\"og:type\" content=\"article\" \/>\n<meta property=\"og:title\" content=\"Padre Astolfo Serra - Fl\u00e1vio Braga\" \/>\n<meta property=\"og:description\" content=\"Por Jos\u00e9 Raimundo Santos* Astolfo Henrique de Barros Serra nasceu em 22 de maio de 1900, na vila de Matinha, [&hellip;]\" \/>\n<meta property=\"og:url\" content=\"https:\/\/www.blogsoestado.com\/flaviobraga\/padre-astolfo-serra\/\" \/>\n<meta property=\"og:site_name\" content=\"Fl\u00e1vio Braga\" \/>\n<meta property=\"article:published_time\" content=\"2011-02-21T19:56:25+00:00\" \/>\n<meta name=\"author\" content=\"Flavio Braga\" \/>\n<meta name=\"twitter:card\" content=\"summary_large_image\" \/>\n<meta name=\"twitter:label1\" content=\"Escrito por\" \/>\n\t<meta name=\"twitter:data1\" content=\"Flavio Braga\" \/>\n\t<meta name=\"twitter:label2\" content=\"Est. tempo de leitura\" \/>\n\t<meta name=\"twitter:data2\" content=\"3 minutos\" \/>\n<script type=\"application\/ld+json\" class=\"yoast-schema-graph\">{\"@context\":\"https:\/\/schema.org\",\"@graph\":[{\"@type\":\"WebPage\",\"@id\":\"https:\/\/www.blogsoestado.com\/flaviobraga\/padre-astolfo-serra\/\",\"url\":\"https:\/\/www.blogsoestado.com\/flaviobraga\/padre-astolfo-serra\/\",\"name\":\"Padre Astolfo Serra - Fl\u00e1vio Braga\",\"isPartOf\":{\"@id\":\"https:\/\/www.blogsoestado.com\/flaviobraga\/#website\"},\"datePublished\":\"2011-02-21T19:56:25+00:00\",\"author\":{\"@id\":\"https:\/\/www.blogsoestado.com\/flaviobraga\/#\/schema\/person\/6c6c778331775c757a82d15206bd8733\"},\"breadcrumb\":{\"@id\":\"https:\/\/www.blogsoestado.com\/flaviobraga\/padre-astolfo-serra\/#breadcrumb\"},\"inLanguage\":\"pt-BR\",\"potentialAction\":[{\"@type\":\"ReadAction\",\"target\":[\"https:\/\/www.blogsoestado.com\/flaviobraga\/padre-astolfo-serra\/\"]}]},{\"@type\":\"BreadcrumbList\",\"@id\":\"https:\/\/www.blogsoestado.com\/flaviobraga\/padre-astolfo-serra\/#breadcrumb\",\"itemListElement\":[{\"@type\":\"ListItem\",\"position\":1,\"name\":\"In\u00edcio\",\"item\":\"https:\/\/www.blogsoestado.com\/flaviobraga\/\"},{\"@type\":\"ListItem\",\"position\":2,\"name\":\"Padre Astolfo Serra\"}]},{\"@type\":\"WebSite\",\"@id\":\"https:\/\/www.blogsoestado.com\/flaviobraga\/#website\",\"url\":\"https:\/\/www.blogsoestado.com\/flaviobraga\/\",\"name\":\"Fl\u00e1vio Braga\",\"description\":\"\",\"potentialAction\":[{\"@type\":\"SearchAction\",\"target\":{\"@type\":\"EntryPoint\",\"urlTemplate\":\"https:\/\/www.blogsoestado.com\/flaviobraga\/?s={search_term_string}\"},\"query-input\":{\"@type\":\"PropertyValueSpecification\",\"valueRequired\":true,\"valueName\":\"search_term_string\"}}],\"inLanguage\":\"pt-BR\"},{\"@type\":\"Person\",\"@id\":\"https:\/\/www.blogsoestado.com\/flaviobraga\/#\/schema\/person\/6c6c778331775c757a82d15206bd8733\",\"name\":\"Flavio Braga\",\"image\":{\"@type\":\"ImageObject\",\"inLanguage\":\"pt-BR\",\"@id\":\"https:\/\/www.blogsoestado.com\/flaviobraga\/#\/schema\/person\/image\/\",\"url\":\"https:\/\/secure.gravatar.com\/avatar\/ab173937dad8d78195c87778be8a0285d069ede375ce0ae24aac1cf8e58ccb2c?s=96&d=mm&r=g\",\"contentUrl\":\"https:\/\/secure.gravatar.com\/avatar\/ab173937dad8d78195c87778be8a0285d069ede375ce0ae24aac1cf8e58ccb2c?s=96&d=mm&r=g\",\"caption\":\"Flavio Braga\"},\"url\":\"https:\/\/www.blogsoestado.com\/flaviobraga\/author\/flaviobraga\/\"}]}<\/script>\n<!-- \/ Yoast SEO plugin. -->","yoast_head_json":{"title":"Padre Astolfo Serra - Fl\u00e1vio Braga","robots":{"index":"index","follow":"follow","max-snippet":"max-snippet:-1","max-image-preview":"max-image-preview:large","max-video-preview":"max-video-preview:-1"},"canonical":"https:\/\/www.blogsoestado.com\/flaviobraga\/padre-astolfo-serra\/","og_locale":"pt_BR","og_type":"article","og_title":"Padre Astolfo Serra - Fl\u00e1vio Braga","og_description":"Por Jos\u00e9 Raimundo Santos* Astolfo Henrique de Barros Serra nasceu em 22 de maio de 1900, na vila de Matinha, [&hellip;]","og_url":"https:\/\/www.blogsoestado.com\/flaviobraga\/padre-astolfo-serra\/","og_site_name":"Fl\u00e1vio Braga","article_published_time":"2011-02-21T19:56:25+00:00","author":"Flavio Braga","twitter_card":"summary_large_image","twitter_misc":{"Escrito por":"Flavio Braga","Est. tempo de leitura":"3 minutos"},"schema":{"@context":"https:\/\/schema.org","@graph":[{"@type":"WebPage","@id":"https:\/\/www.blogsoestado.com\/flaviobraga\/padre-astolfo-serra\/","url":"https:\/\/www.blogsoestado.com\/flaviobraga\/padre-astolfo-serra\/","name":"Padre Astolfo Serra - Fl\u00e1vio Braga","isPartOf":{"@id":"https:\/\/www.blogsoestado.com\/flaviobraga\/#website"},"datePublished":"2011-02-21T19:56:25+00:00","author":{"@id":"https:\/\/www.blogsoestado.com\/flaviobraga\/#\/schema\/person\/6c6c778331775c757a82d15206bd8733"},"breadcrumb":{"@id":"https:\/\/www.blogsoestado.com\/flaviobraga\/padre-astolfo-serra\/#breadcrumb"},"inLanguage":"pt-BR","potentialAction":[{"@type":"ReadAction","target":["https:\/\/www.blogsoestado.com\/flaviobraga\/padre-astolfo-serra\/"]}]},{"@type":"BreadcrumbList","@id":"https:\/\/www.blogsoestado.com\/flaviobraga\/padre-astolfo-serra\/#breadcrumb","itemListElement":[{"@type":"ListItem","position":1,"name":"In\u00edcio","item":"https:\/\/www.blogsoestado.com\/flaviobraga\/"},{"@type":"ListItem","position":2,"name":"Padre Astolfo Serra"}]},{"@type":"WebSite","@id":"https:\/\/www.blogsoestado.com\/flaviobraga\/#website","url":"https:\/\/www.blogsoestado.com\/flaviobraga\/","name":"Fl\u00e1vio Braga","description":"","potentialAction":[{"@type":"SearchAction","target":{"@type":"EntryPoint","urlTemplate":"https:\/\/www.blogsoestado.com\/flaviobraga\/?s={search_term_string}"},"query-input":{"@type":"PropertyValueSpecification","valueRequired":true,"valueName":"search_term_string"}}],"inLanguage":"pt-BR"},{"@type":"Person","@id":"https:\/\/www.blogsoestado.com\/flaviobraga\/#\/schema\/person\/6c6c778331775c757a82d15206bd8733","name":"Flavio Braga","image":{"@type":"ImageObject","inLanguage":"pt-BR","@id":"https:\/\/www.blogsoestado.com\/flaviobraga\/#\/schema\/person\/image\/","url":"https:\/\/secure.gravatar.com\/avatar\/ab173937dad8d78195c87778be8a0285d069ede375ce0ae24aac1cf8e58ccb2c?s=96&d=mm&r=g","contentUrl":"https:\/\/secure.gravatar.com\/avatar\/ab173937dad8d78195c87778be8a0285d069ede375ce0ae24aac1cf8e58ccb2c?s=96&d=mm&r=g","caption":"Flavio Braga"},"url":"https:\/\/www.blogsoestado.com\/flaviobraga\/author\/flaviobraga\/"}]}},"jetpack_featured_media_url":"","_links":{"self":[{"href":"https:\/\/www.blogsoestado.com\/flaviobraga\/wp-json\/wp\/v2\/posts\/1138","targetHints":{"allow":["GET"]}}],"collection":[{"href":"https:\/\/www.blogsoestado.com\/flaviobraga\/wp-json\/wp\/v2\/posts"}],"about":[{"href":"https:\/\/www.blogsoestado.com\/flaviobraga\/wp-json\/wp\/v2\/types\/post"}],"author":[{"embeddable":true,"href":"https:\/\/www.blogsoestado.com\/flaviobraga\/wp-json\/wp\/v2\/users\/8"}],"replies":[{"embeddable":true,"href":"https:\/\/www.blogsoestado.com\/flaviobraga\/wp-json\/wp\/v2\/comments?post=1138"}],"version-history":[{"count":0,"href":"https:\/\/www.blogsoestado.com\/flaviobraga\/wp-json\/wp\/v2\/posts\/1138\/revisions"}],"wp:attachment":[{"href":"https:\/\/www.blogsoestado.com\/flaviobraga\/wp-json\/wp\/v2\/media?parent=1138"}],"wp:term":[{"taxonomy":"category","embeddable":true,"href":"https:\/\/www.blogsoestado.com\/flaviobraga\/wp-json\/wp\/v2\/categories?post=1138"},{"taxonomy":"post_tag","embeddable":true,"href":"https:\/\/www.blogsoestado.com\/flaviobraga\/wp-json\/wp\/v2\/tags?post=1138"}],"curies":[{"name":"wp","href":"https:\/\/api.w.org\/{rel}","templated":true}]}}