{"id":1144,"date":"2011-02-21T18:43:28","date_gmt":"2011-02-21T21:43:28","guid":{"rendered":"https:\/\/www.blogsoestado.com\/flaviobraga\/?p=1144"},"modified":"2011-02-21T18:43:28","modified_gmt":"2011-02-21T21:43:28","slug":"o-que-e-o-quociente-eleitoral","status":"publish","type":"post","link":"https:\/\/www.blogsoestado.com\/flaviobraga\/o-que-e-o-quociente-eleitoral\/","title":{"rendered":"O que \u00e9 o quociente eleitoral?"},"content":{"rendered":"<p>Por Rog\u00e9rio Schmitt*<\/p>\n<p>O sistema eleitoral que utilizamos para a escolha dos nossos deputados (e vereadores) n\u00e3o \u00e9 facilmente compreens\u00edvel para os eleitores ou sequer para os pr\u00f3prios parlamentares. Em linguagem t\u00e9cnica, trata-se de um sistema de representa\u00e7\u00e3o proporcional com listas abertas. Esse sistema existe para representar partidos, e n\u00e3o indiv\u00edduos.<\/p>\n<p>\u00a0Em tese, cada partido eleger\u00e1 uma bancada diretamente proporcional \u00e0 vota\u00e7\u00e3o total recebida pela sigla. Uma legenda que tenha recebido 10% dos votos eleger\u00e1 cerca de 10% dos deputados, e assim por diante. Se um partido ganhou o direito de eleger\u00a0cinco deputados, ser\u00e3o empossados os\u00a0cinco candidatos mais bem votados da sigla.\u00a0\u00a0\u00a0<\/p>\n<p>\u00a0O instrumento matem\u00e1tico utilizado para determinar o n\u00famero de deputados eleitos por cada partido \u00e9 conhecido como \u201cquociente eleitoral\u201d. Esse n\u00famero representa a cota m\u00ednima de votos necess\u00e1ria para se eleger um parlamentar. Num estado hipot\u00e9tico com 15 deputados (A) e com 1,5 milh\u00e3o de votos v\u00e1lidos (B), o quociente eleitoral ser\u00e1 de 100 mil votos (B dividido por A).<\/p>\n<p>Assim, um partido que, por exemplo, tenha alcan\u00e7ado 500 mil votos nessa elei\u00e7\u00e3o imagin\u00e1ria ter\u00e1 atingido\u00a0cinco vezes o quociente eleitoral. Portanto, essa sigla eleger\u00e1\u00a0cinco candidatos. Os eleitos ser\u00e3o os\u00a0cinco que tiverem obtido as melhores vota\u00e7\u00f5es individuais.\u00a0<\/p>\n<p>\u00a0O \u201cquociente eleitoral\u201d virou o vil\u00e3o da vez. Ningu\u00e9m parece entender para o que ele serve. Os adeptos mais ardorosos da reforma pol\u00edtica atribuem ao quociente eleitoral a responsabilidade por todas as imperfei\u00e7\u00f5es do nosso sistema representativo.<\/p>\n<p>Mas o quociente eleitoral \u00e9 justamente o mecanismo que possibilita a convers\u00e3o dos votos dos eleitores em cadeiras legislativas. \u00c9 ele que assegura, na pr\u00e1tica, que essa convers\u00e3o seja feita de modo proporcional \u2013 como manda, ali\u00e1s, o nosso texto constitucional.<\/p>\n<p>Com um pouco de aten\u00e7\u00e3o, podemos facilmente perceber que o quociente eleitoral num sistema de representa\u00e7\u00e3o proporcional \u00e9 o equivalente funcional do \u201cdistrito\u201d num sistema de representa\u00e7\u00e3o majorit\u00e1ria. Ambos cumprem exatamente o mesmo papel. O distrito \u00e9 uma circunscri\u00e7\u00e3o geograficamente definida antes das elei\u00e7\u00f5es. O quociente \u00e9 uma esp\u00e9cie de distrito informal que resulta da apura\u00e7\u00e3o de votos espalhados por todo o estado.<\/p>\n<p>\u00a0Autores cl\u00e1ssicos do s\u00e9culo XIX como John Stuart Mill e o nosso Jos\u00e9 de Alencar corretamente denominavam os quocientes eleitorais como \u201cdistritos volunt\u00e1rios\u201d. Por esse sistema, eleitores distribu\u00eddos em diferentes partes de um mesmo territ\u00f3rio poderiam espontaneamente combinar os seus votos para eleger deputados que compartilhassem das mesmas opini\u00f5es pol\u00edticas. Na \u00e9poca, era uma id\u00e9ia revolucion\u00e1ria. Creio que continua sendo extremamente atual e democr\u00e1tica.<\/p>\n<p>O quociente eleitoral nada mais \u00e9, portanto, do que um distrito n\u00e3o territorial. Ser\u00e1 que algu\u00e9m ainda se anima a defender essa boa id\u00e9ia?<\/p>\n<p>\u00a0<em>* Consultor pol\u00edtico e doutor em Ci\u00eancia Pol\u00edtica pelo Instituto Universit\u00e1rio de Pesquisas do Rio de Janeiro (Iuperj). Publicou o livro \u201cPartidos pol\u00edticos no Brasil: 1945-2000\u201d (Jorge Zahar Editor, 2000) e co-organizou a colet\u00e2nea \u201cPartidos e coliga\u00e7\u00f5es eleitorais no Brasil\u201d (Unesp\/Funda\u00e7\u00e3o Konrad Adenauer, 2005).<\/em><\/p>\n","protected":false},"excerpt":{"rendered":"<p>Por Rog\u00e9rio Schmitt* O sistema eleitoral que utilizamos para a escolha dos nossos deputados (e vereadores) n\u00e3o \u00e9 facilmente compreens\u00edvel [&hellip;]<\/p>\n","protected":false},"author":8,"featured_media":0,"comment_status":"open","ping_status":"open","sticky":false,"template":"","format":"standard","meta":{"site-sidebar-layout":"default","site-content-layout":"","ast-site-content-layout":"default","site-content-style":"default","site-sidebar-style":"default","ast-global-header-display":"","ast-banner-title-visibility":"","ast-main-header-display":"","ast-hfb-above-header-display":"","ast-hfb-below-header-display":"","ast-hfb-mobile-header-display":"","site-post-title":"","ast-breadcrumbs-content":"","ast-featured-img":"","footer-sml-layout":"","ast-disable-related-posts":"","theme-transparent-header-meta":"","adv-header-id-meta":"","stick-header-meta":"","header-above-stick-meta":"","header-main-stick-meta":"","header-below-stick-meta":"","astra-migrate-meta-layouts":"default","ast-page-background-enabled":"default","ast-page-background-meta":{"desktop":{"background-color":"var(--ast-global-color-5)","background-image":"","background-repeat":"repeat","background-position":"center center","background-size":"auto","background-attachment":"scroll","background-type":"","background-media":"","overlay-type":"","overlay-color":"","overlay-opacity":"","overlay-gradient":""},"tablet":{"background-color":"","background-image":"","background-repeat":"repeat","background-position":"center center","background-size":"auto","background-attachment":"scroll","background-type":"","background-media":"","overlay-type":"","overlay-color":"","overlay-opacity":"","overlay-gradient":""},"mobile":{"background-color":"","background-image":"","background-repeat":"repeat","background-position":"center center","background-size":"auto","background-attachment":"scroll","background-type":"","background-media":"","overlay-type":"","overlay-color":"","overlay-opacity":"","overlay-gradient":""}},"ast-content-background-meta":{"desktop":{"background-color":"var(--ast-global-color-4)","background-image":"","background-repeat":"repeat","background-position":"center center","background-size":"auto","background-attachment":"scroll","background-type":"","background-media":"","overlay-type":"","overlay-color":"","overlay-opacity":"","overlay-gradient":""},"tablet":{"background-color":"var(--ast-global-color-4)","background-image":"","background-repeat":"repeat","background-position":"center center","background-size":"auto","background-attachment":"scroll","background-type":"","background-media":"","overlay-type":"","overlay-color":"","overlay-opacity":"","overlay-gradient":""},"mobile":{"background-color":"var(--ast-global-color-4)","background-image":"","background-repeat":"repeat","background-position":"center center","background-size":"auto","background-attachment":"scroll","background-type":"","background-media":"","overlay-type":"","overlay-color":"","overlay-opacity":"","overlay-gradient":""}},"footnotes":""},"categories":[1],"tags":[],"class_list":["post-1144","post","type-post","status-publish","format-standard","hentry","category-sem-categoria"],"yoast_head":"<!-- This site is optimized with the Yoast SEO plugin v26.6 - https:\/\/yoast.com\/wordpress\/plugins\/seo\/ -->\n<title>O que \u00e9 o quociente eleitoral? - Fl\u00e1vio Braga<\/title>\n<meta name=\"robots\" content=\"index, follow, max-snippet:-1, max-image-preview:large, max-video-preview:-1\" \/>\n<link rel=\"canonical\" href=\"https:\/\/www.blogsoestado.com\/flaviobraga\/o-que-e-o-quociente-eleitoral\/\" \/>\n<meta property=\"og:locale\" content=\"pt_BR\" \/>\n<meta property=\"og:type\" content=\"article\" \/>\n<meta property=\"og:title\" content=\"O que \u00e9 o quociente eleitoral? - Fl\u00e1vio Braga\" \/>\n<meta property=\"og:description\" content=\"Por Rog\u00e9rio Schmitt* O sistema eleitoral que utilizamos para a escolha dos nossos deputados (e vereadores) n\u00e3o \u00e9 facilmente compreens\u00edvel [&hellip;]\" \/>\n<meta property=\"og:url\" content=\"https:\/\/www.blogsoestado.com\/flaviobraga\/o-que-e-o-quociente-eleitoral\/\" \/>\n<meta property=\"og:site_name\" content=\"Fl\u00e1vio Braga\" \/>\n<meta property=\"article:published_time\" content=\"2011-02-21T21:43:28+00:00\" \/>\n<meta name=\"author\" content=\"Flavio Braga\" \/>\n<meta name=\"twitter:card\" content=\"summary_large_image\" \/>\n<meta name=\"twitter:label1\" content=\"Escrito por\" \/>\n\t<meta name=\"twitter:data1\" content=\"Flavio Braga\" \/>\n\t<meta name=\"twitter:label2\" content=\"Est. tempo de leitura\" \/>\n\t<meta name=\"twitter:data2\" content=\"3 minutos\" \/>\n<script type=\"application\/ld+json\" class=\"yoast-schema-graph\">{\"@context\":\"https:\/\/schema.org\",\"@graph\":[{\"@type\":\"WebPage\",\"@id\":\"https:\/\/www.blogsoestado.com\/flaviobraga\/o-que-e-o-quociente-eleitoral\/\",\"url\":\"https:\/\/www.blogsoestado.com\/flaviobraga\/o-que-e-o-quociente-eleitoral\/\",\"name\":\"O que \u00e9 o quociente eleitoral? - Fl\u00e1vio Braga\",\"isPartOf\":{\"@id\":\"https:\/\/www.blogsoestado.com\/flaviobraga\/#website\"},\"datePublished\":\"2011-02-21T21:43:28+00:00\",\"author\":{\"@id\":\"https:\/\/www.blogsoestado.com\/flaviobraga\/#\/schema\/person\/6c6c778331775c757a82d15206bd8733\"},\"breadcrumb\":{\"@id\":\"https:\/\/www.blogsoestado.com\/flaviobraga\/o-que-e-o-quociente-eleitoral\/#breadcrumb\"},\"inLanguage\":\"pt-BR\",\"potentialAction\":[{\"@type\":\"ReadAction\",\"target\":[\"https:\/\/www.blogsoestado.com\/flaviobraga\/o-que-e-o-quociente-eleitoral\/\"]}]},{\"@type\":\"BreadcrumbList\",\"@id\":\"https:\/\/www.blogsoestado.com\/flaviobraga\/o-que-e-o-quociente-eleitoral\/#breadcrumb\",\"itemListElement\":[{\"@type\":\"ListItem\",\"position\":1,\"name\":\"In\u00edcio\",\"item\":\"https:\/\/www.blogsoestado.com\/flaviobraga\/\"},{\"@type\":\"ListItem\",\"position\":2,\"name\":\"O que \u00e9 o quociente eleitoral?\"}]},{\"@type\":\"WebSite\",\"@id\":\"https:\/\/www.blogsoestado.com\/flaviobraga\/#website\",\"url\":\"https:\/\/www.blogsoestado.com\/flaviobraga\/\",\"name\":\"Fl\u00e1vio Braga\",\"description\":\"\",\"potentialAction\":[{\"@type\":\"SearchAction\",\"target\":{\"@type\":\"EntryPoint\",\"urlTemplate\":\"https:\/\/www.blogsoestado.com\/flaviobraga\/?s={search_term_string}\"},\"query-input\":{\"@type\":\"PropertyValueSpecification\",\"valueRequired\":true,\"valueName\":\"search_term_string\"}}],\"inLanguage\":\"pt-BR\"},{\"@type\":\"Person\",\"@id\":\"https:\/\/www.blogsoestado.com\/flaviobraga\/#\/schema\/person\/6c6c778331775c757a82d15206bd8733\",\"name\":\"Flavio Braga\",\"image\":{\"@type\":\"ImageObject\",\"inLanguage\":\"pt-BR\",\"@id\":\"https:\/\/www.blogsoestado.com\/flaviobraga\/#\/schema\/person\/image\/\",\"url\":\"https:\/\/secure.gravatar.com\/avatar\/ab173937dad8d78195c87778be8a0285d069ede375ce0ae24aac1cf8e58ccb2c?s=96&d=mm&r=g\",\"contentUrl\":\"https:\/\/secure.gravatar.com\/avatar\/ab173937dad8d78195c87778be8a0285d069ede375ce0ae24aac1cf8e58ccb2c?s=96&d=mm&r=g\",\"caption\":\"Flavio Braga\"},\"url\":\"https:\/\/www.blogsoestado.com\/flaviobraga\/author\/flaviobraga\/\"}]}<\/script>\n<!-- \/ Yoast SEO plugin. -->","yoast_head_json":{"title":"O que \u00e9 o quociente eleitoral? - Fl\u00e1vio Braga","robots":{"index":"index","follow":"follow","max-snippet":"max-snippet:-1","max-image-preview":"max-image-preview:large","max-video-preview":"max-video-preview:-1"},"canonical":"https:\/\/www.blogsoestado.com\/flaviobraga\/o-que-e-o-quociente-eleitoral\/","og_locale":"pt_BR","og_type":"article","og_title":"O que \u00e9 o quociente eleitoral? - Fl\u00e1vio Braga","og_description":"Por Rog\u00e9rio Schmitt* O sistema eleitoral que utilizamos para a escolha dos nossos deputados (e vereadores) n\u00e3o \u00e9 facilmente compreens\u00edvel [&hellip;]","og_url":"https:\/\/www.blogsoestado.com\/flaviobraga\/o-que-e-o-quociente-eleitoral\/","og_site_name":"Fl\u00e1vio Braga","article_published_time":"2011-02-21T21:43:28+00:00","author":"Flavio Braga","twitter_card":"summary_large_image","twitter_misc":{"Escrito por":"Flavio Braga","Est. tempo de leitura":"3 minutos"},"schema":{"@context":"https:\/\/schema.org","@graph":[{"@type":"WebPage","@id":"https:\/\/www.blogsoestado.com\/flaviobraga\/o-que-e-o-quociente-eleitoral\/","url":"https:\/\/www.blogsoestado.com\/flaviobraga\/o-que-e-o-quociente-eleitoral\/","name":"O que \u00e9 o quociente eleitoral? - Fl\u00e1vio Braga","isPartOf":{"@id":"https:\/\/www.blogsoestado.com\/flaviobraga\/#website"},"datePublished":"2011-02-21T21:43:28+00:00","author":{"@id":"https:\/\/www.blogsoestado.com\/flaviobraga\/#\/schema\/person\/6c6c778331775c757a82d15206bd8733"},"breadcrumb":{"@id":"https:\/\/www.blogsoestado.com\/flaviobraga\/o-que-e-o-quociente-eleitoral\/#breadcrumb"},"inLanguage":"pt-BR","potentialAction":[{"@type":"ReadAction","target":["https:\/\/www.blogsoestado.com\/flaviobraga\/o-que-e-o-quociente-eleitoral\/"]}]},{"@type":"BreadcrumbList","@id":"https:\/\/www.blogsoestado.com\/flaviobraga\/o-que-e-o-quociente-eleitoral\/#breadcrumb","itemListElement":[{"@type":"ListItem","position":1,"name":"In\u00edcio","item":"https:\/\/www.blogsoestado.com\/flaviobraga\/"},{"@type":"ListItem","position":2,"name":"O que \u00e9 o quociente eleitoral?"}]},{"@type":"WebSite","@id":"https:\/\/www.blogsoestado.com\/flaviobraga\/#website","url":"https:\/\/www.blogsoestado.com\/flaviobraga\/","name":"Fl\u00e1vio Braga","description":"","potentialAction":[{"@type":"SearchAction","target":{"@type":"EntryPoint","urlTemplate":"https:\/\/www.blogsoestado.com\/flaviobraga\/?s={search_term_string}"},"query-input":{"@type":"PropertyValueSpecification","valueRequired":true,"valueName":"search_term_string"}}],"inLanguage":"pt-BR"},{"@type":"Person","@id":"https:\/\/www.blogsoestado.com\/flaviobraga\/#\/schema\/person\/6c6c778331775c757a82d15206bd8733","name":"Flavio Braga","image":{"@type":"ImageObject","inLanguage":"pt-BR","@id":"https:\/\/www.blogsoestado.com\/flaviobraga\/#\/schema\/person\/image\/","url":"https:\/\/secure.gravatar.com\/avatar\/ab173937dad8d78195c87778be8a0285d069ede375ce0ae24aac1cf8e58ccb2c?s=96&d=mm&r=g","contentUrl":"https:\/\/secure.gravatar.com\/avatar\/ab173937dad8d78195c87778be8a0285d069ede375ce0ae24aac1cf8e58ccb2c?s=96&d=mm&r=g","caption":"Flavio Braga"},"url":"https:\/\/www.blogsoestado.com\/flaviobraga\/author\/flaviobraga\/"}]}},"jetpack_featured_media_url":"","_links":{"self":[{"href":"https:\/\/www.blogsoestado.com\/flaviobraga\/wp-json\/wp\/v2\/posts\/1144","targetHints":{"allow":["GET"]}}],"collection":[{"href":"https:\/\/www.blogsoestado.com\/flaviobraga\/wp-json\/wp\/v2\/posts"}],"about":[{"href":"https:\/\/www.blogsoestado.com\/flaviobraga\/wp-json\/wp\/v2\/types\/post"}],"author":[{"embeddable":true,"href":"https:\/\/www.blogsoestado.com\/flaviobraga\/wp-json\/wp\/v2\/users\/8"}],"replies":[{"embeddable":true,"href":"https:\/\/www.blogsoestado.com\/flaviobraga\/wp-json\/wp\/v2\/comments?post=1144"}],"version-history":[{"count":0,"href":"https:\/\/www.blogsoestado.com\/flaviobraga\/wp-json\/wp\/v2\/posts\/1144\/revisions"}],"wp:attachment":[{"href":"https:\/\/www.blogsoestado.com\/flaviobraga\/wp-json\/wp\/v2\/media?parent=1144"}],"wp:term":[{"taxonomy":"category","embeddable":true,"href":"https:\/\/www.blogsoestado.com\/flaviobraga\/wp-json\/wp\/v2\/categories?post=1144"},{"taxonomy":"post_tag","embeddable":true,"href":"https:\/\/www.blogsoestado.com\/flaviobraga\/wp-json\/wp\/v2\/tags?post=1144"}],"curies":[{"name":"wp","href":"https:\/\/api.w.org\/{rel}","templated":true}]}}