{"id":1151,"date":"2011-02-22T13:36:36","date_gmt":"2011-02-22T16:36:36","guid":{"rendered":"https:\/\/www.blogsoestado.com\/flaviobraga\/?p=1151"},"modified":"2011-02-22T13:36:36","modified_gmt":"2011-02-22T16:36:36","slug":"oab-incorpora-principios-da-ficha-limpa-as-eleicoes-de-seus-dirigentes","status":"publish","type":"post","link":"https:\/\/www.blogsoestado.com\/flaviobraga\/oab-incorpora-principios-da-ficha-limpa-as-eleicoes-de-seus-dirigentes\/","title":{"rendered":"OAB incorpora princ\u00edpios da Ficha Limpa \u00e0s elei\u00e7\u00f5es de seus dirigentes"},"content":{"rendered":"<p>Bras\u00edlia, 21\/02\/2011 &#8211; O Conselho Federal da Ordem dos Advogados do Brasil decidiu incorporar \u00e0 legisla\u00e7\u00e3o que rege as elei\u00e7\u00f5es em todo o pa\u00eds para os dirigentes da entidade os mesmos princ\u00edpios e valores da Lei Complementar n\u00famero 135, de 4 de junho de 2010 &#8211; mais conhecida como a Lei Ficha Limpa.<\/p>\n<p>O candidato a dirigente poder\u00e1 ter de comprovar, quando do pedido de seu registro, situa\u00e7\u00e3o regular perante \u00e0 OAB, que n\u00e3o ocupa cargo exoner\u00e1vel <em>ad nutum, <\/em>que n\u00e3o foi<em> <\/em>condenado em definitivo por infra\u00e7\u00e3o disciplinar e nem condenado criminalmente em decis\u00e3o transitada em julgado.<\/p>\n<p>Essas altera\u00e7\u00f5es ao Estatuto da Advocacia (Lei n\u00ba 8906\/94) foram debatidas exaustivamente com base nas proposi\u00e7\u00f5es apresentadas pela Comiss\u00e3o Especial de Reforma do Sistema Eleitoral da OAB, presidida pelo conselheiro federal da OAB, Orestes Muniz Filho.<\/p>\n<p>As altera\u00e7\u00f5es aprovadas &#8211; e que ainda ser\u00e3o enviadas para vota\u00e7\u00e3o no Congresso Nacional &#8211; foram votadas durante sess\u00e3o plen\u00e1ria extraordin\u00e1ria neste domingo.<\/p>\n<p>Outra altera\u00e7\u00e3o\u00a0aprovada nessa mesma sess\u00e3o foi a redu\u00e7\u00e3o de cinco para tr\u00eas anos da chamada &#8220;cl\u00e1usula de barreira&#8221;, prevista no artigo 131, par\u00e1grafo segundo, f, do Regulamento Geral e\u00a0que estabelece a quantidade m\u00ednima de anos de efetivo exerc\u00edcio na profiss\u00e3o como pr\u00e9-condi\u00e7\u00e3o ao advogado que pretende disputar as elei\u00e7\u00f5es internas da entidade.<\/p>\n<p>O\u00a0acr\u00e9scimo dos presidentes de Seccionais ao col\u00e9gio eleitoral da diretoria do Conselho Federal da OAB tamb\u00e9m foi efetivado. Novas altera\u00e7\u00f5es \u00e0 Lei 8.906\/94 ainda ser\u00e3o debatidas nas pr\u00f3ximas sess\u00f5es do Conselho Federal da OAB.<\/p>\n<p><strong>Coment\u00e1rio do blog:<\/strong> A presente mat\u00e9ria foi colhida do <em>site<\/em> da OAB nacional. Cumpre observar que a Lei da Ficha Limpa n\u00e3o exige o tr\u00e2nsito em julgado da senten\u00e7a condenat\u00f3ria para configurar a inelegibilidade do pretendente. Basta que o indiv\u00edduo tenha contra si uma decis\u00e3o condenat\u00f3ria proferida por \u00f3rg\u00e3o judici\u00e1rio colegiado.<\/p>\n","protected":false},"excerpt":{"rendered":"<p>Bras\u00edlia, 21\/02\/2011 &#8211; O Conselho Federal da Ordem dos Advogados do Brasil decidiu incorporar \u00e0 legisla\u00e7\u00e3o que rege as elei\u00e7\u00f5es [&hellip;]<\/p>\n","protected":false},"author":8,"featured_media":0,"comment_status":"open","ping_status":"open","sticky":false,"template":"","format":"standard","meta":{"site-sidebar-layout":"default","site-content-layout":"","ast-site-content-layout":"default","site-content-style":"default","site-sidebar-style":"default","ast-global-header-display":"","ast-banner-title-visibility":"","ast-main-header-display":"","ast-hfb-above-header-display":"","ast-hfb-below-header-display":"","ast-hfb-mobile-header-display":"","site-post-title":"","ast-breadcrumbs-content":"","ast-featured-img":"","footer-sml-layout":"","ast-disable-related-posts":"","theme-transparent-header-meta":"","adv-header-id-meta":"","stick-header-meta":"","header-above-stick-meta":"","header-main-stick-meta":"","header-below-stick-meta":"","astra-migrate-meta-layouts":"default","ast-page-background-enabled":"default","ast-page-background-meta":{"desktop":{"background-color":"var(--ast-global-color-5)","background-image":"","background-repeat":"repeat","background-position":"center center","background-size":"auto","background-attachment":"scroll","background-type":"","background-media":"","overlay-type":"","overlay-color":"","overlay-opacity":"","overlay-gradient":""},"tablet":{"background-color":"","background-image":"","background-repeat":"repeat","background-position":"center center","background-size":"auto","background-attachment":"scroll","background-type":"","background-media":"","overlay-type":"","overlay-color":"","overlay-opacity":"","overlay-gradient":""},"mobile":{"background-color":"","background-image":"","background-repeat":"repeat","background-position":"center center","background-size":"auto","background-attachment":"scroll","background-type":"","background-media":"","overlay-type":"","overlay-color":"","overlay-opacity":"","overlay-gradient":""}},"ast-content-background-meta":{"desktop":{"background-color":"var(--ast-global-color-4)","background-image":"","background-repeat":"repeat","background-position":"center center","background-size":"auto","background-attachment":"scroll","background-type":"","background-media":"","overlay-type":"","overlay-color":"","overlay-opacity":"","overlay-gradient":""},"tablet":{"background-color":"var(--ast-global-color-4)","background-image":"","background-repeat":"repeat","background-position":"center center","background-size":"auto","background-attachment":"scroll","background-type":"","background-media":"","overlay-type":"","overlay-color":"","overlay-opacity":"","overlay-gradient":""},"mobile":{"background-color":"var(--ast-global-color-4)","background-image":"","background-repeat":"repeat","background-position":"center center","background-size":"auto","background-attachment":"scroll","background-type":"","background-media":"","overlay-type":"","overlay-color":"","overlay-opacity":"","overlay-gradient":""}},"footnotes":""},"categories":[1],"tags":[],"class_list":["post-1151","post","type-post","status-publish","format-standard","hentry","category-sem-categoria"],"yoast_head":"<!-- This site is optimized with the Yoast SEO plugin v26.6 - https:\/\/yoast.com\/wordpress\/plugins\/seo\/ -->\n<title>OAB incorpora princ\u00edpios da Ficha Limpa \u00e0s elei\u00e7\u00f5es de seus dirigentes - Fl\u00e1vio Braga<\/title>\n<meta name=\"robots\" content=\"index, follow, max-snippet:-1, max-image-preview:large, max-video-preview:-1\" \/>\n<link rel=\"canonical\" href=\"https:\/\/www.blogsoestado.com\/flaviobraga\/oab-incorpora-principios-da-ficha-limpa-as-eleicoes-de-seus-dirigentes\/\" \/>\n<meta property=\"og:locale\" content=\"pt_BR\" \/>\n<meta property=\"og:type\" content=\"article\" \/>\n<meta property=\"og:title\" content=\"OAB incorpora princ\u00edpios da Ficha Limpa \u00e0s elei\u00e7\u00f5es de seus dirigentes - Fl\u00e1vio Braga\" \/>\n<meta property=\"og:description\" content=\"Bras\u00edlia, 21\/02\/2011 &#8211; O Conselho Federal da Ordem dos Advogados do Brasil decidiu incorporar \u00e0 legisla\u00e7\u00e3o que rege as elei\u00e7\u00f5es [&hellip;]\" \/>\n<meta property=\"og:url\" content=\"https:\/\/www.blogsoestado.com\/flaviobraga\/oab-incorpora-principios-da-ficha-limpa-as-eleicoes-de-seus-dirigentes\/\" \/>\n<meta property=\"og:site_name\" content=\"Fl\u00e1vio Braga\" \/>\n<meta property=\"article:published_time\" content=\"2011-02-22T16:36:36+00:00\" \/>\n<meta name=\"author\" content=\"Flavio Braga\" \/>\n<meta name=\"twitter:card\" content=\"summary_large_image\" \/>\n<meta name=\"twitter:label1\" content=\"Escrito por\" \/>\n\t<meta name=\"twitter:data1\" content=\"Flavio Braga\" \/>\n\t<meta name=\"twitter:label2\" content=\"Est. tempo de leitura\" \/>\n\t<meta name=\"twitter:data2\" content=\"2 minutos\" \/>\n<script type=\"application\/ld+json\" class=\"yoast-schema-graph\">{\"@context\":\"https:\/\/schema.org\",\"@graph\":[{\"@type\":\"WebPage\",\"@id\":\"https:\/\/www.blogsoestado.com\/flaviobraga\/oab-incorpora-principios-da-ficha-limpa-as-eleicoes-de-seus-dirigentes\/\",\"url\":\"https:\/\/www.blogsoestado.com\/flaviobraga\/oab-incorpora-principios-da-ficha-limpa-as-eleicoes-de-seus-dirigentes\/\",\"name\":\"OAB incorpora princ\u00edpios da Ficha Limpa \u00e0s elei\u00e7\u00f5es de seus dirigentes - Fl\u00e1vio Braga\",\"isPartOf\":{\"@id\":\"https:\/\/www.blogsoestado.com\/flaviobraga\/#website\"},\"datePublished\":\"2011-02-22T16:36:36+00:00\",\"author\":{\"@id\":\"https:\/\/www.blogsoestado.com\/flaviobraga\/#\/schema\/person\/6c6c778331775c757a82d15206bd8733\"},\"breadcrumb\":{\"@id\":\"https:\/\/www.blogsoestado.com\/flaviobraga\/oab-incorpora-principios-da-ficha-limpa-as-eleicoes-de-seus-dirigentes\/#breadcrumb\"},\"inLanguage\":\"pt-BR\",\"potentialAction\":[{\"@type\":\"ReadAction\",\"target\":[\"https:\/\/www.blogsoestado.com\/flaviobraga\/oab-incorpora-principios-da-ficha-limpa-as-eleicoes-de-seus-dirigentes\/\"]}]},{\"@type\":\"BreadcrumbList\",\"@id\":\"https:\/\/www.blogsoestado.com\/flaviobraga\/oab-incorpora-principios-da-ficha-limpa-as-eleicoes-de-seus-dirigentes\/#breadcrumb\",\"itemListElement\":[{\"@type\":\"ListItem\",\"position\":1,\"name\":\"In\u00edcio\",\"item\":\"https:\/\/www.blogsoestado.com\/flaviobraga\/\"},{\"@type\":\"ListItem\",\"position\":2,\"name\":\"OAB incorpora princ\u00edpios da Ficha Limpa \u00e0s elei\u00e7\u00f5es de seus dirigentes\"}]},{\"@type\":\"WebSite\",\"@id\":\"https:\/\/www.blogsoestado.com\/flaviobraga\/#website\",\"url\":\"https:\/\/www.blogsoestado.com\/flaviobraga\/\",\"name\":\"Fl\u00e1vio Braga\",\"description\":\"\",\"potentialAction\":[{\"@type\":\"SearchAction\",\"target\":{\"@type\":\"EntryPoint\",\"urlTemplate\":\"https:\/\/www.blogsoestado.com\/flaviobraga\/?s={search_term_string}\"},\"query-input\":{\"@type\":\"PropertyValueSpecification\",\"valueRequired\":true,\"valueName\":\"search_term_string\"}}],\"inLanguage\":\"pt-BR\"},{\"@type\":\"Person\",\"@id\":\"https:\/\/www.blogsoestado.com\/flaviobraga\/#\/schema\/person\/6c6c778331775c757a82d15206bd8733\",\"name\":\"Flavio Braga\",\"image\":{\"@type\":\"ImageObject\",\"inLanguage\":\"pt-BR\",\"@id\":\"https:\/\/www.blogsoestado.com\/flaviobraga\/#\/schema\/person\/image\/\",\"url\":\"https:\/\/secure.gravatar.com\/avatar\/ab173937dad8d78195c87778be8a0285d069ede375ce0ae24aac1cf8e58ccb2c?s=96&d=mm&r=g\",\"contentUrl\":\"https:\/\/secure.gravatar.com\/avatar\/ab173937dad8d78195c87778be8a0285d069ede375ce0ae24aac1cf8e58ccb2c?s=96&d=mm&r=g\",\"caption\":\"Flavio Braga\"},\"url\":\"https:\/\/www.blogsoestado.com\/flaviobraga\/author\/flaviobraga\/\"}]}<\/script>\n<!-- \/ Yoast SEO plugin. -->","yoast_head_json":{"title":"OAB incorpora princ\u00edpios da Ficha Limpa \u00e0s elei\u00e7\u00f5es de seus dirigentes - Fl\u00e1vio Braga","robots":{"index":"index","follow":"follow","max-snippet":"max-snippet:-1","max-image-preview":"max-image-preview:large","max-video-preview":"max-video-preview:-1"},"canonical":"https:\/\/www.blogsoestado.com\/flaviobraga\/oab-incorpora-principios-da-ficha-limpa-as-eleicoes-de-seus-dirigentes\/","og_locale":"pt_BR","og_type":"article","og_title":"OAB incorpora princ\u00edpios da Ficha Limpa \u00e0s elei\u00e7\u00f5es de seus dirigentes - Fl\u00e1vio Braga","og_description":"Bras\u00edlia, 21\/02\/2011 &#8211; O Conselho Federal da Ordem dos Advogados do Brasil decidiu incorporar \u00e0 legisla\u00e7\u00e3o que rege as elei\u00e7\u00f5es [&hellip;]","og_url":"https:\/\/www.blogsoestado.com\/flaviobraga\/oab-incorpora-principios-da-ficha-limpa-as-eleicoes-de-seus-dirigentes\/","og_site_name":"Fl\u00e1vio Braga","article_published_time":"2011-02-22T16:36:36+00:00","author":"Flavio Braga","twitter_card":"summary_large_image","twitter_misc":{"Escrito por":"Flavio Braga","Est. tempo de leitura":"2 minutos"},"schema":{"@context":"https:\/\/schema.org","@graph":[{"@type":"WebPage","@id":"https:\/\/www.blogsoestado.com\/flaviobraga\/oab-incorpora-principios-da-ficha-limpa-as-eleicoes-de-seus-dirigentes\/","url":"https:\/\/www.blogsoestado.com\/flaviobraga\/oab-incorpora-principios-da-ficha-limpa-as-eleicoes-de-seus-dirigentes\/","name":"OAB incorpora princ\u00edpios da Ficha Limpa \u00e0s elei\u00e7\u00f5es de seus dirigentes - Fl\u00e1vio Braga","isPartOf":{"@id":"https:\/\/www.blogsoestado.com\/flaviobraga\/#website"},"datePublished":"2011-02-22T16:36:36+00:00","author":{"@id":"https:\/\/www.blogsoestado.com\/flaviobraga\/#\/schema\/person\/6c6c778331775c757a82d15206bd8733"},"breadcrumb":{"@id":"https:\/\/www.blogsoestado.com\/flaviobraga\/oab-incorpora-principios-da-ficha-limpa-as-eleicoes-de-seus-dirigentes\/#breadcrumb"},"inLanguage":"pt-BR","potentialAction":[{"@type":"ReadAction","target":["https:\/\/www.blogsoestado.com\/flaviobraga\/oab-incorpora-principios-da-ficha-limpa-as-eleicoes-de-seus-dirigentes\/"]}]},{"@type":"BreadcrumbList","@id":"https:\/\/www.blogsoestado.com\/flaviobraga\/oab-incorpora-principios-da-ficha-limpa-as-eleicoes-de-seus-dirigentes\/#breadcrumb","itemListElement":[{"@type":"ListItem","position":1,"name":"In\u00edcio","item":"https:\/\/www.blogsoestado.com\/flaviobraga\/"},{"@type":"ListItem","position":2,"name":"OAB incorpora princ\u00edpios da Ficha Limpa \u00e0s elei\u00e7\u00f5es de seus dirigentes"}]},{"@type":"WebSite","@id":"https:\/\/www.blogsoestado.com\/flaviobraga\/#website","url":"https:\/\/www.blogsoestado.com\/flaviobraga\/","name":"Fl\u00e1vio Braga","description":"","potentialAction":[{"@type":"SearchAction","target":{"@type":"EntryPoint","urlTemplate":"https:\/\/www.blogsoestado.com\/flaviobraga\/?s={search_term_string}"},"query-input":{"@type":"PropertyValueSpecification","valueRequired":true,"valueName":"search_term_string"}}],"inLanguage":"pt-BR"},{"@type":"Person","@id":"https:\/\/www.blogsoestado.com\/flaviobraga\/#\/schema\/person\/6c6c778331775c757a82d15206bd8733","name":"Flavio Braga","image":{"@type":"ImageObject","inLanguage":"pt-BR","@id":"https:\/\/www.blogsoestado.com\/flaviobraga\/#\/schema\/person\/image\/","url":"https:\/\/secure.gravatar.com\/avatar\/ab173937dad8d78195c87778be8a0285d069ede375ce0ae24aac1cf8e58ccb2c?s=96&d=mm&r=g","contentUrl":"https:\/\/secure.gravatar.com\/avatar\/ab173937dad8d78195c87778be8a0285d069ede375ce0ae24aac1cf8e58ccb2c?s=96&d=mm&r=g","caption":"Flavio Braga"},"url":"https:\/\/www.blogsoestado.com\/flaviobraga\/author\/flaviobraga\/"}]}},"jetpack_featured_media_url":"","_links":{"self":[{"href":"https:\/\/www.blogsoestado.com\/flaviobraga\/wp-json\/wp\/v2\/posts\/1151","targetHints":{"allow":["GET"]}}],"collection":[{"href":"https:\/\/www.blogsoestado.com\/flaviobraga\/wp-json\/wp\/v2\/posts"}],"about":[{"href":"https:\/\/www.blogsoestado.com\/flaviobraga\/wp-json\/wp\/v2\/types\/post"}],"author":[{"embeddable":true,"href":"https:\/\/www.blogsoestado.com\/flaviobraga\/wp-json\/wp\/v2\/users\/8"}],"replies":[{"embeddable":true,"href":"https:\/\/www.blogsoestado.com\/flaviobraga\/wp-json\/wp\/v2\/comments?post=1151"}],"version-history":[{"count":0,"href":"https:\/\/www.blogsoestado.com\/flaviobraga\/wp-json\/wp\/v2\/posts\/1151\/revisions"}],"wp:attachment":[{"href":"https:\/\/www.blogsoestado.com\/flaviobraga\/wp-json\/wp\/v2\/media?parent=1151"}],"wp:term":[{"taxonomy":"category","embeddable":true,"href":"https:\/\/www.blogsoestado.com\/flaviobraga\/wp-json\/wp\/v2\/categories?post=1151"},{"taxonomy":"post_tag","embeddable":true,"href":"https:\/\/www.blogsoestado.com\/flaviobraga\/wp-json\/wp\/v2\/tags?post=1151"}],"curies":[{"name":"wp","href":"https:\/\/api.w.org\/{rel}","templated":true}]}}