{"id":1164,"date":"2011-02-23T15:41:24","date_gmt":"2011-02-23T18:41:24","guid":{"rendered":"https:\/\/www.blogsoestado.com\/flaviobraga\/?p=1164"},"modified":"2011-02-23T15:41:24","modified_gmt":"2011-02-23T18:41:24","slug":"sarney-e-a-reforma-politica","status":"publish","type":"post","link":"https:\/\/www.blogsoestado.com\/flaviobraga\/sarney-e-a-reforma-politica\/","title":{"rendered":"Sarney e a reforma pol\u00edtica"},"content":{"rendered":"<p>O presidente do Senado, Jos\u00e9 Sarney, defende que o projeto de reforma pol\u00edtica deve-se limitar aos temas sobre os quais haja o m\u00ednimo de consenso, para que seja conclu\u00eddo ainda este ano. &#8220;\u00c9 necess\u00e1rio se concentrar nas decis\u00f5es e n\u00e3o nos debates puramente te\u00f3ricos&#8221;, disse Sarney. Ele destacou a import\u00e2ncia do prazo de 45 dias que a comiss\u00e3o conta para a elabora\u00e7\u00e3o do novo texto.<\/p>\n<p>Para Sarney, o Brasil prosperou na \u00e1rea econ\u00f4mica, na diminui\u00e7\u00e3o da desigualdade social, na distribui\u00e7\u00e3o de renda, mas n\u00e3o avan\u00e7ou na sua organiza\u00e7\u00e3o pol\u00edtica. Algumas das regras atuais remontam ainda ao s\u00e9culo XIX, como, por exemplo, o voto proporcional, que j\u00e1 tinha sido debatido por Assis Brasil, lembrou Sarney.<\/p>\n<p>&#8220;Hoje temos uma sociedade vasta, pluralista, aberta, com instrumentos de comunica\u00e7\u00e3o, de maneira que as id\u00e9ias circulam n\u00e3o somente dentro do Parlamento, mas dentro da sociedade. A sociedade civil organizada, as ONG\u2019s, os sindicatos de trabalhadores e de patr\u00f5es, cada uma dessas organiza\u00e7\u00f5es exerce uma representatividade muito grande, opina e decide de tal modo que os parlamentos n\u00e3o t\u00eam mais aquela exclusividade que existia no s\u00e9culo XIX,&#8221; argumentou o senador.<\/p>\n<p>Depois de considerar o voto proporcional uninominal o grande gerador da atual decad\u00eancia do sistema eleitoral partid\u00e1rio, Sarney refor\u00e7ou que o ideal seria conciliar os benef\u00edcios do sistema majorit\u00e1rio, que &#8220;obt\u00e9m maiorias est\u00e1veis&#8221;, com o sistema de listas partid\u00e1rias fechadas, &#8220;valorizando os programas partid\u00e1rios&#8221;.<\/p>\n<p>O presidente da Casa insistiu que o principal desafio da comiss\u00e3o n\u00e3o era a busca de uma solu\u00e7\u00e3o ideal, &#8220;mas de uma solu\u00e7\u00e3o poss\u00edvel&#8221;, indicando que debates dispersivos deveriam ser evitados, sempre com o objetivo de &#8220;alcan\u00e7ar uma f\u00f3rmula consensual&#8221;.<\/p>\n<p>\u00a0Finalizou sua fala, insistindo na import\u00e2ncia da agilidade na elabora\u00e7\u00e3o do projeto de reforma pol\u00edtica para &#8220;desmentir o pessimismo que n\u00e3o v\u00ea nossos esfor\u00e7os&#8221;.<\/p>\n","protected":false},"excerpt":{"rendered":"<p>O presidente do Senado, Jos\u00e9 Sarney, defende que o projeto de reforma pol\u00edtica deve-se limitar aos temas sobre os quais [&hellip;]<\/p>\n","protected":false},"author":8,"featured_media":0,"comment_status":"open","ping_status":"open","sticky":false,"template":"","format":"standard","meta":{"site-sidebar-layout":"default","site-content-layout":"","ast-site-content-layout":"default","site-content-style":"default","site-sidebar-style":"default","ast-global-header-display":"","ast-banner-title-visibility":"","ast-main-header-display":"","ast-hfb-above-header-display":"","ast-hfb-below-header-display":"","ast-hfb-mobile-header-display":"","site-post-title":"","ast-breadcrumbs-content":"","ast-featured-img":"","footer-sml-layout":"","ast-disable-related-posts":"","theme-transparent-header-meta":"","adv-header-id-meta":"","stick-header-meta":"","header-above-stick-meta":"","header-main-stick-meta":"","header-below-stick-meta":"","astra-migrate-meta-layouts":"default","ast-page-background-enabled":"default","ast-page-background-meta":{"desktop":{"background-color":"var(--ast-global-color-5)","background-image":"","background-repeat":"repeat","background-position":"center center","background-size":"auto","background-attachment":"scroll","background-type":"","background-media":"","overlay-type":"","overlay-color":"","overlay-opacity":"","overlay-gradient":""},"tablet":{"background-color":"","background-image":"","background-repeat":"repeat","background-position":"center center","background-size":"auto","background-attachment":"scroll","background-type":"","background-media":"","overlay-type":"","overlay-color":"","overlay-opacity":"","overlay-gradient":""},"mobile":{"background-color":"","background-image":"","background-repeat":"repeat","background-position":"center center","background-size":"auto","background-attachment":"scroll","background-type":"","background-media":"","overlay-type":"","overlay-color":"","overlay-opacity":"","overlay-gradient":""}},"ast-content-background-meta":{"desktop":{"background-color":"var(--ast-global-color-4)","background-image":"","background-repeat":"repeat","background-position":"center center","background-size":"auto","background-attachment":"scroll","background-type":"","background-media":"","overlay-type":"","overlay-color":"","overlay-opacity":"","overlay-gradient":""},"tablet":{"background-color":"var(--ast-global-color-4)","background-image":"","background-repeat":"repeat","background-position":"center center","background-size":"auto","background-attachment":"scroll","background-type":"","background-media":"","overlay-type":"","overlay-color":"","overlay-opacity":"","overlay-gradient":""},"mobile":{"background-color":"var(--ast-global-color-4)","background-image":"","background-repeat":"repeat","background-position":"center center","background-size":"auto","background-attachment":"scroll","background-type":"","background-media":"","overlay-type":"","overlay-color":"","overlay-opacity":"","overlay-gradient":""}},"footnotes":""},"categories":[1],"tags":[],"class_list":["post-1164","post","type-post","status-publish","format-standard","hentry","category-sem-categoria"],"yoast_head":"<!-- This site is optimized with the Yoast SEO plugin v26.6 - https:\/\/yoast.com\/wordpress\/plugins\/seo\/ -->\n<title>Sarney e a reforma pol\u00edtica - Fl\u00e1vio Braga<\/title>\n<meta name=\"robots\" content=\"index, follow, max-snippet:-1, max-image-preview:large, max-video-preview:-1\" \/>\n<link rel=\"canonical\" href=\"https:\/\/www.blogsoestado.com\/flaviobraga\/sarney-e-a-reforma-politica\/\" \/>\n<meta property=\"og:locale\" content=\"pt_BR\" \/>\n<meta property=\"og:type\" content=\"article\" \/>\n<meta property=\"og:title\" content=\"Sarney e a reforma pol\u00edtica - Fl\u00e1vio Braga\" \/>\n<meta property=\"og:description\" content=\"O presidente do Senado, Jos\u00e9 Sarney, defende que o projeto de reforma pol\u00edtica deve-se limitar aos temas sobre os quais [&hellip;]\" \/>\n<meta property=\"og:url\" content=\"https:\/\/www.blogsoestado.com\/flaviobraga\/sarney-e-a-reforma-politica\/\" \/>\n<meta property=\"og:site_name\" content=\"Fl\u00e1vio Braga\" \/>\n<meta property=\"article:published_time\" content=\"2011-02-23T18:41:24+00:00\" \/>\n<meta name=\"author\" content=\"Flavio Braga\" \/>\n<meta name=\"twitter:card\" content=\"summary_large_image\" \/>\n<meta name=\"twitter:label1\" content=\"Escrito por\" \/>\n\t<meta name=\"twitter:data1\" content=\"Flavio Braga\" \/>\n\t<meta name=\"twitter:label2\" content=\"Est. tempo de leitura\" \/>\n\t<meta name=\"twitter:data2\" content=\"2 minutos\" \/>\n<script type=\"application\/ld+json\" class=\"yoast-schema-graph\">{\"@context\":\"https:\/\/schema.org\",\"@graph\":[{\"@type\":\"WebPage\",\"@id\":\"https:\/\/www.blogsoestado.com\/flaviobraga\/sarney-e-a-reforma-politica\/\",\"url\":\"https:\/\/www.blogsoestado.com\/flaviobraga\/sarney-e-a-reforma-politica\/\",\"name\":\"Sarney e a reforma pol\u00edtica - Fl\u00e1vio Braga\",\"isPartOf\":{\"@id\":\"https:\/\/www.blogsoestado.com\/flaviobraga\/#website\"},\"datePublished\":\"2011-02-23T18:41:24+00:00\",\"author\":{\"@id\":\"https:\/\/www.blogsoestado.com\/flaviobraga\/#\/schema\/person\/6c6c778331775c757a82d15206bd8733\"},\"breadcrumb\":{\"@id\":\"https:\/\/www.blogsoestado.com\/flaviobraga\/sarney-e-a-reforma-politica\/#breadcrumb\"},\"inLanguage\":\"pt-BR\",\"potentialAction\":[{\"@type\":\"ReadAction\",\"target\":[\"https:\/\/www.blogsoestado.com\/flaviobraga\/sarney-e-a-reforma-politica\/\"]}]},{\"@type\":\"BreadcrumbList\",\"@id\":\"https:\/\/www.blogsoestado.com\/flaviobraga\/sarney-e-a-reforma-politica\/#breadcrumb\",\"itemListElement\":[{\"@type\":\"ListItem\",\"position\":1,\"name\":\"In\u00edcio\",\"item\":\"https:\/\/www.blogsoestado.com\/flaviobraga\/\"},{\"@type\":\"ListItem\",\"position\":2,\"name\":\"Sarney e a reforma pol\u00edtica\"}]},{\"@type\":\"WebSite\",\"@id\":\"https:\/\/www.blogsoestado.com\/flaviobraga\/#website\",\"url\":\"https:\/\/www.blogsoestado.com\/flaviobraga\/\",\"name\":\"Fl\u00e1vio Braga\",\"description\":\"\",\"potentialAction\":[{\"@type\":\"SearchAction\",\"target\":{\"@type\":\"EntryPoint\",\"urlTemplate\":\"https:\/\/www.blogsoestado.com\/flaviobraga\/?s={search_term_string}\"},\"query-input\":{\"@type\":\"PropertyValueSpecification\",\"valueRequired\":true,\"valueName\":\"search_term_string\"}}],\"inLanguage\":\"pt-BR\"},{\"@type\":\"Person\",\"@id\":\"https:\/\/www.blogsoestado.com\/flaviobraga\/#\/schema\/person\/6c6c778331775c757a82d15206bd8733\",\"name\":\"Flavio Braga\",\"image\":{\"@type\":\"ImageObject\",\"inLanguage\":\"pt-BR\",\"@id\":\"https:\/\/www.blogsoestado.com\/flaviobraga\/#\/schema\/person\/image\/\",\"url\":\"https:\/\/secure.gravatar.com\/avatar\/ab173937dad8d78195c87778be8a0285d069ede375ce0ae24aac1cf8e58ccb2c?s=96&d=mm&r=g\",\"contentUrl\":\"https:\/\/secure.gravatar.com\/avatar\/ab173937dad8d78195c87778be8a0285d069ede375ce0ae24aac1cf8e58ccb2c?s=96&d=mm&r=g\",\"caption\":\"Flavio Braga\"},\"url\":\"https:\/\/www.blogsoestado.com\/flaviobraga\/author\/flaviobraga\/\"}]}<\/script>\n<!-- \/ Yoast SEO plugin. -->","yoast_head_json":{"title":"Sarney e a reforma pol\u00edtica - Fl\u00e1vio Braga","robots":{"index":"index","follow":"follow","max-snippet":"max-snippet:-1","max-image-preview":"max-image-preview:large","max-video-preview":"max-video-preview:-1"},"canonical":"https:\/\/www.blogsoestado.com\/flaviobraga\/sarney-e-a-reforma-politica\/","og_locale":"pt_BR","og_type":"article","og_title":"Sarney e a reforma pol\u00edtica - Fl\u00e1vio Braga","og_description":"O presidente do Senado, Jos\u00e9 Sarney, defende que o projeto de reforma pol\u00edtica deve-se limitar aos temas sobre os quais [&hellip;]","og_url":"https:\/\/www.blogsoestado.com\/flaviobraga\/sarney-e-a-reforma-politica\/","og_site_name":"Fl\u00e1vio Braga","article_published_time":"2011-02-23T18:41:24+00:00","author":"Flavio Braga","twitter_card":"summary_large_image","twitter_misc":{"Escrito por":"Flavio Braga","Est. tempo de leitura":"2 minutos"},"schema":{"@context":"https:\/\/schema.org","@graph":[{"@type":"WebPage","@id":"https:\/\/www.blogsoestado.com\/flaviobraga\/sarney-e-a-reforma-politica\/","url":"https:\/\/www.blogsoestado.com\/flaviobraga\/sarney-e-a-reforma-politica\/","name":"Sarney e a reforma pol\u00edtica - Fl\u00e1vio Braga","isPartOf":{"@id":"https:\/\/www.blogsoestado.com\/flaviobraga\/#website"},"datePublished":"2011-02-23T18:41:24+00:00","author":{"@id":"https:\/\/www.blogsoestado.com\/flaviobraga\/#\/schema\/person\/6c6c778331775c757a82d15206bd8733"},"breadcrumb":{"@id":"https:\/\/www.blogsoestado.com\/flaviobraga\/sarney-e-a-reforma-politica\/#breadcrumb"},"inLanguage":"pt-BR","potentialAction":[{"@type":"ReadAction","target":["https:\/\/www.blogsoestado.com\/flaviobraga\/sarney-e-a-reforma-politica\/"]}]},{"@type":"BreadcrumbList","@id":"https:\/\/www.blogsoestado.com\/flaviobraga\/sarney-e-a-reforma-politica\/#breadcrumb","itemListElement":[{"@type":"ListItem","position":1,"name":"In\u00edcio","item":"https:\/\/www.blogsoestado.com\/flaviobraga\/"},{"@type":"ListItem","position":2,"name":"Sarney e a reforma pol\u00edtica"}]},{"@type":"WebSite","@id":"https:\/\/www.blogsoestado.com\/flaviobraga\/#website","url":"https:\/\/www.blogsoestado.com\/flaviobraga\/","name":"Fl\u00e1vio Braga","description":"","potentialAction":[{"@type":"SearchAction","target":{"@type":"EntryPoint","urlTemplate":"https:\/\/www.blogsoestado.com\/flaviobraga\/?s={search_term_string}"},"query-input":{"@type":"PropertyValueSpecification","valueRequired":true,"valueName":"search_term_string"}}],"inLanguage":"pt-BR"},{"@type":"Person","@id":"https:\/\/www.blogsoestado.com\/flaviobraga\/#\/schema\/person\/6c6c778331775c757a82d15206bd8733","name":"Flavio Braga","image":{"@type":"ImageObject","inLanguage":"pt-BR","@id":"https:\/\/www.blogsoestado.com\/flaviobraga\/#\/schema\/person\/image\/","url":"https:\/\/secure.gravatar.com\/avatar\/ab173937dad8d78195c87778be8a0285d069ede375ce0ae24aac1cf8e58ccb2c?s=96&d=mm&r=g","contentUrl":"https:\/\/secure.gravatar.com\/avatar\/ab173937dad8d78195c87778be8a0285d069ede375ce0ae24aac1cf8e58ccb2c?s=96&d=mm&r=g","caption":"Flavio Braga"},"url":"https:\/\/www.blogsoestado.com\/flaviobraga\/author\/flaviobraga\/"}]}},"jetpack_featured_media_url":"","_links":{"self":[{"href":"https:\/\/www.blogsoestado.com\/flaviobraga\/wp-json\/wp\/v2\/posts\/1164","targetHints":{"allow":["GET"]}}],"collection":[{"href":"https:\/\/www.blogsoestado.com\/flaviobraga\/wp-json\/wp\/v2\/posts"}],"about":[{"href":"https:\/\/www.blogsoestado.com\/flaviobraga\/wp-json\/wp\/v2\/types\/post"}],"author":[{"embeddable":true,"href":"https:\/\/www.blogsoestado.com\/flaviobraga\/wp-json\/wp\/v2\/users\/8"}],"replies":[{"embeddable":true,"href":"https:\/\/www.blogsoestado.com\/flaviobraga\/wp-json\/wp\/v2\/comments?post=1164"}],"version-history":[{"count":0,"href":"https:\/\/www.blogsoestado.com\/flaviobraga\/wp-json\/wp\/v2\/posts\/1164\/revisions"}],"wp:attachment":[{"href":"https:\/\/www.blogsoestado.com\/flaviobraga\/wp-json\/wp\/v2\/media?parent=1164"}],"wp:term":[{"taxonomy":"category","embeddable":true,"href":"https:\/\/www.blogsoestado.com\/flaviobraga\/wp-json\/wp\/v2\/categories?post=1164"},{"taxonomy":"post_tag","embeddable":true,"href":"https:\/\/www.blogsoestado.com\/flaviobraga\/wp-json\/wp\/v2\/tags?post=1164"}],"curies":[{"name":"wp","href":"https:\/\/api.w.org\/{rel}","templated":true}]}}