{"id":1165,"date":"2011-02-23T17:34:23","date_gmt":"2011-02-23T20:34:23","guid":{"rendered":"https:\/\/www.blogsoestado.com\/flaviobraga\/?p=1165"},"modified":"2011-02-23T17:34:23","modified_gmt":"2011-02-23T20:34:23","slug":"distritao-lista-fechada-e-voto-distrital-misto-estao-na-pauta-da-comissao-de-reforma-politica","status":"publish","type":"post","link":"https:\/\/www.blogsoestado.com\/flaviobraga\/distritao-lista-fechada-e-voto-distrital-misto-estao-na-pauta-da-comissao-de-reforma-politica\/","title":{"rendered":"\u2018Distrit\u00e3o\u2019, lista fechada e voto distrital misto est\u00e3o na pauta da Comiss\u00e3o de Reforma Pol\u00edtica"},"content":{"rendered":"<p><a href=\"https:\/\/www.blogsoestado.com\/flaviobraga\/files\/2011\/02\/REf-Politica.jpg\"><img fetchpriority=\"high\" decoding=\"async\" class=\"aligncenter size-full wp-image-1166\" src=\"https:\/\/www.blogsoestado.com\/flaviobraga\/files\/2011\/02\/REf-Politica.jpg\" alt=\"\" width=\"338\" height=\"218\" \/><\/a><\/p>\n<p>Alterar a forma como s\u00e3o eleitos os deputados federais, assim como vereadores, deputados estaduais e distritais, est\u00e1 entre as iniciativas a serem discutidas pela Comiss\u00e3o de Reforma Pol\u00edtica rec\u00e9m-criada pelo Senado. H\u00e1 muitas cr\u00edticas ao sistema proporcional de lista aberta, atualmente utilizado nas elei\u00e7\u00f5es para esses cargos, mas n\u00e3o h\u00e1 consenso sobre o modelo que poderia substitu\u00ed-lo.<\/p>\n<p>\u00a0O PSDB defende o voto distrital misto, enquanto o PT da presidente Dilma Rousseff se mant\u00e9m a favor da lista fechada. J\u00e1 o presidente da Comiss\u00e3o de Reforma Pol\u00edtica, Francisco Dornelles (PP-RJ), prop\u00f5e o chamado &#8220;distrit\u00e3o&#8221;, ou seja, o voto majorit\u00e1rio para estados e munic\u00edpios.<\/p>\n<p>\u00a0Uma das cr\u00edticas ao sistema atual \u00e9 que o eleitor vota em um candidato, mas, ao faz\u00ea-lo, pode contribuir para eleger outros que perten\u00e7am ao mesmo partido (ou a uma eventual coliga\u00e7\u00e3o). Isso ocorre porque, no sistema proporcional de lista aberta, o voto n\u00e3o \u00e9 contabilizado apenas para o candidato, mas tamb\u00e9m para seu partido. E \u00e9 o n\u00famero total dos votos v\u00e1lidos de cada partido que define a quantidade de vagas a que a legenda ter\u00e1 direito.<\/p>\n<p>\u00a0Por causa dessa l\u00f3gica, um candidato &#8220;puxador de votos&#8221; (capaz de conquistar, sozinho, uma grande fatia do eleitorado) ajuda a eleger colegas de partido ou coliga\u00e7\u00e3o, at\u00e9 quando a vota\u00e7\u00e3o deles \u00e9 menor que a de candidatos de outras legendas.<\/p>\n<p>\u00a0O caso do falecido deputado federal En\u00e9as Carneiro, do antigo Prona, \u00e9 lembrado com frequ\u00eancia. Em 2002, ele se elegeu para a C\u00e2mara ap\u00f3s obter cerca de 1,5 milh\u00e3o de votos no estado de S\u00e3o Paulo. En\u00e9as tornou-se um &#8220;puxador de votos&#8221; para o seu partido, que, gra\u00e7as \u00e0 sua vota\u00e7\u00e3o, levou outros cinco candidatos ao Congresso Nacional &#8211; um deles com menos de 300 votos.<\/p>\n<p>\u00a0&#8211; Por causa dessas distor\u00e7\u00f5es, h\u00e1 legendas que escolhem candidatos sem preparo para a vida parlamentar, mas que t\u00eam grande apelo eleitoral e podem atuar como puxadores de votos para o partido ou a coliga\u00e7\u00e3o &#8211; diz Francisco Dornelles.<\/p>\n<p>\u00a0Ele argumenta que dessa forma, os brasileiros acabam elegendo candidatos em quem nem pretendiam votar ou que nem conhecem. O senador acrescenta ainda que &#8220;tais candidatos muitas vezes nem t\u00eam afinidade ideol\u00f3gica ou program\u00e1tica com o puxador de votos&#8221;.<\/p>\n<p>\u00a0<strong>Voto distrital<\/strong><\/p>\n<p>\u00a0Para substituir o sistema vigente, h\u00e1 alternativas como a defendida pelo PSDB, que \u00e9 favor\u00e1vel ao voto distrital misto, modelo que mescla caracter\u00edsticas dos sistemas proporcional e majorit\u00e1rio. Apesar desse posicionamento, o senador Aloysio Nunes Ferreira (PSDB-SP) diz que &#8220;o ideal seria adotar o voto distrital puro&#8221;, no qual os estados s\u00e3o divididos em distritos e cada distrito escolhe, de forma majorit\u00e1ria, apenas um representante.<\/p>\n<p>\u00a0&#8211; No voto distrital puro o eleito est\u00e1 mais pr\u00f3ximo do eleitor. Fica mais f\u00e1cil para o cidad\u00e3o fazer cobran\u00e7as de seu representante &#8211; argumenta Aloysio Nunes.<\/p>\n<p>\u00a0Francisco Dornelles tamb\u00e9m considera o voto distrital puro &#8220;a solu\u00e7\u00e3o ideal&#8221;, mas avalia que a divis\u00e3o de estados em diversos distritos eleitorais seria uma coisa &#8220;muito complexa e dif\u00edcil de operacionalizar neste momento&#8221;. Por isso, ele sugere &#8220;como primeiro passo&#8221; a convers\u00e3o de estados, no caso dos deputados, e munic\u00edpios, no caso dos vereadores, em grandes distritos (da\u00ed o apelido &#8220;distrit\u00e3o&#8221;), onde seriam eleitos apenas os mais votados.<\/p>\n<p>\u00a0O presidente da Comiss\u00e3o de Reforma Pol\u00edtica diz ainda que, com o fim do voto proporcional em lista aberta, &#8220;perdem sentido as coliga\u00e7\u00f5es para eleger deputados e vereadores&#8221;. As coliga\u00e7\u00f5es muitas vezes beneficiam as legendas que, sozinhas, n\u00e3o conseguem votos suficientes para atingir o quociente eleitoral.<\/p>\n<p>\u00a0Tanto o presidente do Senado, Jos\u00e9 Sarney, como o vice-presidente da Rep\u00fablica, Michel Temer, ambos do PMDB, j\u00e1 demonstraram simpatia pela elei\u00e7\u00e3o majorit\u00e1ria para deputados e vereadores. A mudan\u00e7a defendida por Dornelles est\u00e1 prevista em uma proposta de emenda \u00e0 Constitui\u00e7\u00e3o de sua autoria: a <a href=\"http:\/\/www.senado.gov.br\/atividade\/materia\/detalhes.asp?p_cod_mate=81587\" target=\"_blank\"><strong>PEC 54\/07<\/strong><\/a>.<\/p>\n<p>\u00a0<strong>Lista fechada<\/strong><\/p>\n<p>\u00a0A proposta do &#8220;distrit\u00e3o&#8221;, por\u00e9m, \u00e9 criticada pelo PT, que defende a manuten\u00e7\u00e3o do sistema proporcional &#8211; desde que a lista aberta seja substitu\u00edda pela lista fechada. Segundo o l\u00edder do PT no Senado, Humberto Costa (PE):<\/p>\n<p>\u00a0&#8211; O distrit\u00e3o significa a aboli\u00e7\u00e3o definitiva dos partidos pol\u00edticos, pois leva a uma personaliza\u00e7\u00e3o ainda maior das campanhas [j\u00e1 que o voto se destina unicamente ao candidato] e torna as elei\u00e7\u00f5es ainda mais caras, privilegiando os candidatos mais ricos &#8211; argumenta.<\/p>\n<p>\u00a0Nessa linha de racioc\u00ednio, a senadora Gleisi Hoffman (PT-PR) argumenta que &#8220;os partidos s\u00e3o fundamentais porque trazem \u00e0s campanhas eleitorais o debate de ideias e de programas, debate que seria eliminado se o distrit\u00e3o fosse implantado&#8221;.<\/p>\n<p>No sistema de lista fechada mais difundido, o eleitor vota no partido, que j\u00e1 tem um grupo de candidatos escolhidos internamente. Ao defender a lista fechada, o PT\u00a0afirma que esse sistema induz ao fortalecimento de partidos e, consequentemente, \u00e0 consolida\u00e7\u00e3o da democracia.<\/p>\n<p>\u00a0O PT defende a implementa\u00e7\u00e3o da lista fechada junto com o financiamento p\u00fablico de campanha,\u00a0argumentando que\u00a0isso evitaria, por exemplo, o encarecimento das campanhas. O senador Wellington Dias (PT-PI) assinala que, assim, &#8220;qualquer brasileiro, tendo dinheiro ou n\u00e3o, poder\u00e1 participar do processo eleitoral e chegar ao Congresso sem estar comprometido com o financiador A ou B&#8221;.<\/p>\n<p>\u00a0&#8211; Defendemos um sistema no qual haja a preponder\u00e2ncia de partidos ideol\u00f3gicos e program\u00e1ticos &#8211; reiterou Humberto Costa.<\/p>\n<p>\u00a0Por outro lado, at\u00e9 dentro PT, n\u00e3o h\u00e1 consenso em rela\u00e7\u00e3o ao modelo exato de lista fechada a ser implantado. Wellington Dias, por exemplo, defende uma lista na qual o eleitor possa escolher, entre os candidatos definidos pelo partido, aquele que ele prefere (ou seja, seria poss\u00edvel &#8220;reordenar&#8221; a lista).<\/p>\n<p>\u00a0Gleisi Hoffman admite simpatizar, &#8220;ao menos inicialmente, como ideia a ser discutida&#8221;, com o voto distrital misto. Al\u00e9m disso, ela prop\u00f5e que o Brasil se baseie na experi\u00eancia de pa\u00edses como a Argentina, onde se implantou um sistema de lista fechada que promoveu o aumento do n\u00famero de mulheres entre os parlamentares.<\/p>\n<p>\u00a0Os cr\u00edticos da lista fechada afirmam que esse modelo enfraquece o v\u00ednculo entre os candidatos e os eleitores e refor\u00e7a o poder das c\u00fapulas das legendas. Francisco Dornelles, por exemplo, diz que &#8220;tal sistema levaria, hoje, \u00e0 ditadura das c\u00fapulas partid\u00e1rias&#8221;. J\u00e1 o l\u00edder do PSDB no Senado, Alvaro Dias (PSDB), observa que &#8220;n\u00e3o existem ainda partidos consolidados no Brasil, sendo que muitos s\u00e3o artificiais e v\u00e1rios n\u00e3o passam de siglas para mero registro de candidaturas&#8221;.<\/p>\n<p>\u00a0&#8211; Ainda h\u00e1 muito a superar para, quem sabe, um dia discutirmos a possibilidade de implantar a lista fechada &#8211; diz.<\/p>\n","protected":false},"excerpt":{"rendered":"<p>Alterar a forma como s\u00e3o eleitos os deputados federais, assim como vereadores, deputados estaduais e distritais, est\u00e1 entre as iniciativas [&hellip;]<\/p>\n","protected":false},"author":8,"featured_media":0,"comment_status":"open","ping_status":"open","sticky":false,"template":"","format":"standard","meta":{"site-sidebar-layout":"default","site-content-layout":"","ast-site-content-layout":"default","site-content-style":"default","site-sidebar-style":"default","ast-global-header-display":"","ast-banner-title-visibility":"","ast-main-header-display":"","ast-hfb-above-header-display":"","ast-hfb-below-header-display":"","ast-hfb-mobile-header-display":"","site-post-title":"","ast-breadcrumbs-content":"","ast-featured-img":"","footer-sml-layout":"","ast-disable-related-posts":"","theme-transparent-header-meta":"","adv-header-id-meta":"","stick-header-meta":"","header-above-stick-meta":"","header-main-stick-meta":"","header-below-stick-meta":"","astra-migrate-meta-layouts":"default","ast-page-background-enabled":"default","ast-page-background-meta":{"desktop":{"background-color":"var(--ast-global-color-5)","background-image":"","background-repeat":"repeat","background-position":"center center","background-size":"auto","background-attachment":"scroll","background-type":"","background-media":"","overlay-type":"","overlay-color":"","overlay-opacity":"","overlay-gradient":""},"tablet":{"background-color":"","background-image":"","background-repeat":"repeat","background-position":"center center","background-size":"auto","background-attachment":"scroll","background-type":"","background-media":"","overlay-type":"","overlay-color":"","overlay-opacity":"","overlay-gradient":""},"mobile":{"background-color":"","background-image":"","background-repeat":"repeat","background-position":"center center","background-size":"auto","background-attachment":"scroll","background-type":"","background-media":"","overlay-type":"","overlay-color":"","overlay-opacity":"","overlay-gradient":""}},"ast-content-background-meta":{"desktop":{"background-color":"var(--ast-global-color-4)","background-image":"","background-repeat":"repeat","background-position":"center center","background-size":"auto","background-attachment":"scroll","background-type":"","background-media":"","overlay-type":"","overlay-color":"","overlay-opacity":"","overlay-gradient":""},"tablet":{"background-color":"var(--ast-global-color-4)","background-image":"","background-repeat":"repeat","background-position":"center center","background-size":"auto","background-attachment":"scroll","background-type":"","background-media":"","overlay-type":"","overlay-color":"","overlay-opacity":"","overlay-gradient":""},"mobile":{"background-color":"var(--ast-global-color-4)","background-image":"","background-repeat":"repeat","background-position":"center center","background-size":"auto","background-attachment":"scroll","background-type":"","background-media":"","overlay-type":"","overlay-color":"","overlay-opacity":"","overlay-gradient":""}},"footnotes":""},"categories":[1],"tags":[],"class_list":["post-1165","post","type-post","status-publish","format-standard","hentry","category-sem-categoria"],"yoast_head":"<!-- This site is optimized with the Yoast SEO plugin v26.6 - https:\/\/yoast.com\/wordpress\/plugins\/seo\/ -->\n<title>\u2018Distrit\u00e3o\u2019, lista fechada e voto distrital misto est\u00e3o na pauta da Comiss\u00e3o de Reforma Pol\u00edtica - Fl\u00e1vio Braga<\/title>\n<meta name=\"robots\" content=\"index, follow, max-snippet:-1, max-image-preview:large, max-video-preview:-1\" \/>\n<link rel=\"canonical\" href=\"https:\/\/www.blogsoestado.com\/flaviobraga\/distritao-lista-fechada-e-voto-distrital-misto-estao-na-pauta-da-comissao-de-reforma-politica\/\" \/>\n<meta property=\"og:locale\" content=\"pt_BR\" \/>\n<meta property=\"og:type\" content=\"article\" \/>\n<meta property=\"og:title\" content=\"\u2018Distrit\u00e3o\u2019, lista fechada e voto distrital misto est\u00e3o na pauta da Comiss\u00e3o de Reforma Pol\u00edtica - Fl\u00e1vio Braga\" \/>\n<meta property=\"og:description\" content=\"Alterar a forma como s\u00e3o eleitos os deputados federais, assim como vereadores, deputados estaduais e distritais, est\u00e1 entre as iniciativas [&hellip;]\" \/>\n<meta property=\"og:url\" content=\"https:\/\/www.blogsoestado.com\/flaviobraga\/distritao-lista-fechada-e-voto-distrital-misto-estao-na-pauta-da-comissao-de-reforma-politica\/\" \/>\n<meta property=\"og:site_name\" content=\"Fl\u00e1vio Braga\" \/>\n<meta property=\"article:published_time\" content=\"2011-02-23T20:34:23+00:00\" \/>\n<meta property=\"og:image\" content=\"https:\/\/www.blogsoestado.com\/flaviobraga\/files\/2011\/02\/REf-Politica.jpg\" \/>\n<meta name=\"author\" content=\"Flavio Braga\" \/>\n<meta name=\"twitter:card\" content=\"summary_large_image\" \/>\n<meta name=\"twitter:label1\" content=\"Escrito por\" \/>\n\t<meta name=\"twitter:data1\" content=\"Flavio Braga\" \/>\n\t<meta name=\"twitter:label2\" content=\"Est. tempo de leitura\" \/>\n\t<meta name=\"twitter:data2\" content=\"6 minutos\" \/>\n<script type=\"application\/ld+json\" class=\"yoast-schema-graph\">{\"@context\":\"https:\/\/schema.org\",\"@graph\":[{\"@type\":\"WebPage\",\"@id\":\"https:\/\/www.blogsoestado.com\/flaviobraga\/distritao-lista-fechada-e-voto-distrital-misto-estao-na-pauta-da-comissao-de-reforma-politica\/\",\"url\":\"https:\/\/www.blogsoestado.com\/flaviobraga\/distritao-lista-fechada-e-voto-distrital-misto-estao-na-pauta-da-comissao-de-reforma-politica\/\",\"name\":\"\u2018Distrit\u00e3o\u2019, lista fechada e voto distrital misto est\u00e3o na pauta da Comiss\u00e3o de Reforma Pol\u00edtica - Fl\u00e1vio Braga\",\"isPartOf\":{\"@id\":\"https:\/\/www.blogsoestado.com\/flaviobraga\/#website\"},\"primaryImageOfPage\":{\"@id\":\"https:\/\/www.blogsoestado.com\/flaviobraga\/distritao-lista-fechada-e-voto-distrital-misto-estao-na-pauta-da-comissao-de-reforma-politica\/#primaryimage\"},\"image\":{\"@id\":\"https:\/\/www.blogsoestado.com\/flaviobraga\/distritao-lista-fechada-e-voto-distrital-misto-estao-na-pauta-da-comissao-de-reforma-politica\/#primaryimage\"},\"thumbnailUrl\":\"https:\/\/www.blogsoestado.com\/flaviobraga\/files\/2011\/02\/REf-Politica.jpg\",\"datePublished\":\"2011-02-23T20:34:23+00:00\",\"author\":{\"@id\":\"https:\/\/www.blogsoestado.com\/flaviobraga\/#\/schema\/person\/6c6c778331775c757a82d15206bd8733\"},\"breadcrumb\":{\"@id\":\"https:\/\/www.blogsoestado.com\/flaviobraga\/distritao-lista-fechada-e-voto-distrital-misto-estao-na-pauta-da-comissao-de-reforma-politica\/#breadcrumb\"},\"inLanguage\":\"pt-BR\",\"potentialAction\":[{\"@type\":\"ReadAction\",\"target\":[\"https:\/\/www.blogsoestado.com\/flaviobraga\/distritao-lista-fechada-e-voto-distrital-misto-estao-na-pauta-da-comissao-de-reforma-politica\/\"]}]},{\"@type\":\"ImageObject\",\"inLanguage\":\"pt-BR\",\"@id\":\"https:\/\/www.blogsoestado.com\/flaviobraga\/distritao-lista-fechada-e-voto-distrital-misto-estao-na-pauta-da-comissao-de-reforma-politica\/#primaryimage\",\"url\":\"https:\/\/www.blogsoestado.com\/flaviobraga\/files\/2011\/02\/REf-Politica.jpg\",\"contentUrl\":\"https:\/\/www.blogsoestado.com\/flaviobraga\/files\/2011\/02\/REf-Politica.jpg\"},{\"@type\":\"BreadcrumbList\",\"@id\":\"https:\/\/www.blogsoestado.com\/flaviobraga\/distritao-lista-fechada-e-voto-distrital-misto-estao-na-pauta-da-comissao-de-reforma-politica\/#breadcrumb\",\"itemListElement\":[{\"@type\":\"ListItem\",\"position\":1,\"name\":\"In\u00edcio\",\"item\":\"https:\/\/www.blogsoestado.com\/flaviobraga\/\"},{\"@type\":\"ListItem\",\"position\":2,\"name\":\"\u2018Distrit\u00e3o\u2019, lista fechada e voto distrital misto est\u00e3o na pauta da Comiss\u00e3o de Reforma Pol\u00edtica\"}]},{\"@type\":\"WebSite\",\"@id\":\"https:\/\/www.blogsoestado.com\/flaviobraga\/#website\",\"url\":\"https:\/\/www.blogsoestado.com\/flaviobraga\/\",\"name\":\"Fl\u00e1vio Braga\",\"description\":\"\",\"potentialAction\":[{\"@type\":\"SearchAction\",\"target\":{\"@type\":\"EntryPoint\",\"urlTemplate\":\"https:\/\/www.blogsoestado.com\/flaviobraga\/?s={search_term_string}\"},\"query-input\":{\"@type\":\"PropertyValueSpecification\",\"valueRequired\":true,\"valueName\":\"search_term_string\"}}],\"inLanguage\":\"pt-BR\"},{\"@type\":\"Person\",\"@id\":\"https:\/\/www.blogsoestado.com\/flaviobraga\/#\/schema\/person\/6c6c778331775c757a82d15206bd8733\",\"name\":\"Flavio Braga\",\"image\":{\"@type\":\"ImageObject\",\"inLanguage\":\"pt-BR\",\"@id\":\"https:\/\/www.blogsoestado.com\/flaviobraga\/#\/schema\/person\/image\/\",\"url\":\"https:\/\/secure.gravatar.com\/avatar\/ab173937dad8d78195c87778be8a0285d069ede375ce0ae24aac1cf8e58ccb2c?s=96&d=mm&r=g\",\"contentUrl\":\"https:\/\/secure.gravatar.com\/avatar\/ab173937dad8d78195c87778be8a0285d069ede375ce0ae24aac1cf8e58ccb2c?s=96&d=mm&r=g\",\"caption\":\"Flavio Braga\"},\"url\":\"https:\/\/www.blogsoestado.com\/flaviobraga\/author\/flaviobraga\/\"}]}<\/script>\n<!-- \/ Yoast SEO plugin. -->","yoast_head_json":{"title":"\u2018Distrit\u00e3o\u2019, lista fechada e voto distrital misto est\u00e3o na pauta da Comiss\u00e3o de Reforma Pol\u00edtica - Fl\u00e1vio Braga","robots":{"index":"index","follow":"follow","max-snippet":"max-snippet:-1","max-image-preview":"max-image-preview:large","max-video-preview":"max-video-preview:-1"},"canonical":"https:\/\/www.blogsoestado.com\/flaviobraga\/distritao-lista-fechada-e-voto-distrital-misto-estao-na-pauta-da-comissao-de-reforma-politica\/","og_locale":"pt_BR","og_type":"article","og_title":"\u2018Distrit\u00e3o\u2019, lista fechada e voto distrital misto est\u00e3o na pauta da Comiss\u00e3o de Reforma Pol\u00edtica - Fl\u00e1vio Braga","og_description":"Alterar a forma como s\u00e3o eleitos os deputados federais, assim como vereadores, deputados estaduais e distritais, est\u00e1 entre as iniciativas [&hellip;]","og_url":"https:\/\/www.blogsoestado.com\/flaviobraga\/distritao-lista-fechada-e-voto-distrital-misto-estao-na-pauta-da-comissao-de-reforma-politica\/","og_site_name":"Fl\u00e1vio Braga","article_published_time":"2011-02-23T20:34:23+00:00","og_image":[{"url":"https:\/\/www.blogsoestado.com\/flaviobraga\/files\/2011\/02\/REf-Politica.jpg","type":"","width":"","height":""}],"author":"Flavio Braga","twitter_card":"summary_large_image","twitter_misc":{"Escrito por":"Flavio Braga","Est. tempo de leitura":"6 minutos"},"schema":{"@context":"https:\/\/schema.org","@graph":[{"@type":"WebPage","@id":"https:\/\/www.blogsoestado.com\/flaviobraga\/distritao-lista-fechada-e-voto-distrital-misto-estao-na-pauta-da-comissao-de-reforma-politica\/","url":"https:\/\/www.blogsoestado.com\/flaviobraga\/distritao-lista-fechada-e-voto-distrital-misto-estao-na-pauta-da-comissao-de-reforma-politica\/","name":"\u2018Distrit\u00e3o\u2019, lista fechada e voto distrital misto est\u00e3o na pauta da Comiss\u00e3o de Reforma Pol\u00edtica - Fl\u00e1vio Braga","isPartOf":{"@id":"https:\/\/www.blogsoestado.com\/flaviobraga\/#website"},"primaryImageOfPage":{"@id":"https:\/\/www.blogsoestado.com\/flaviobraga\/distritao-lista-fechada-e-voto-distrital-misto-estao-na-pauta-da-comissao-de-reforma-politica\/#primaryimage"},"image":{"@id":"https:\/\/www.blogsoestado.com\/flaviobraga\/distritao-lista-fechada-e-voto-distrital-misto-estao-na-pauta-da-comissao-de-reforma-politica\/#primaryimage"},"thumbnailUrl":"https:\/\/www.blogsoestado.com\/flaviobraga\/files\/2011\/02\/REf-Politica.jpg","datePublished":"2011-02-23T20:34:23+00:00","author":{"@id":"https:\/\/www.blogsoestado.com\/flaviobraga\/#\/schema\/person\/6c6c778331775c757a82d15206bd8733"},"breadcrumb":{"@id":"https:\/\/www.blogsoestado.com\/flaviobraga\/distritao-lista-fechada-e-voto-distrital-misto-estao-na-pauta-da-comissao-de-reforma-politica\/#breadcrumb"},"inLanguage":"pt-BR","potentialAction":[{"@type":"ReadAction","target":["https:\/\/www.blogsoestado.com\/flaviobraga\/distritao-lista-fechada-e-voto-distrital-misto-estao-na-pauta-da-comissao-de-reforma-politica\/"]}]},{"@type":"ImageObject","inLanguage":"pt-BR","@id":"https:\/\/www.blogsoestado.com\/flaviobraga\/distritao-lista-fechada-e-voto-distrital-misto-estao-na-pauta-da-comissao-de-reforma-politica\/#primaryimage","url":"https:\/\/www.blogsoestado.com\/flaviobraga\/files\/2011\/02\/REf-Politica.jpg","contentUrl":"https:\/\/www.blogsoestado.com\/flaviobraga\/files\/2011\/02\/REf-Politica.jpg"},{"@type":"BreadcrumbList","@id":"https:\/\/www.blogsoestado.com\/flaviobraga\/distritao-lista-fechada-e-voto-distrital-misto-estao-na-pauta-da-comissao-de-reforma-politica\/#breadcrumb","itemListElement":[{"@type":"ListItem","position":1,"name":"In\u00edcio","item":"https:\/\/www.blogsoestado.com\/flaviobraga\/"},{"@type":"ListItem","position":2,"name":"\u2018Distrit\u00e3o\u2019, lista fechada e voto distrital misto est\u00e3o na pauta da Comiss\u00e3o de Reforma Pol\u00edtica"}]},{"@type":"WebSite","@id":"https:\/\/www.blogsoestado.com\/flaviobraga\/#website","url":"https:\/\/www.blogsoestado.com\/flaviobraga\/","name":"Fl\u00e1vio Braga","description":"","potentialAction":[{"@type":"SearchAction","target":{"@type":"EntryPoint","urlTemplate":"https:\/\/www.blogsoestado.com\/flaviobraga\/?s={search_term_string}"},"query-input":{"@type":"PropertyValueSpecification","valueRequired":true,"valueName":"search_term_string"}}],"inLanguage":"pt-BR"},{"@type":"Person","@id":"https:\/\/www.blogsoestado.com\/flaviobraga\/#\/schema\/person\/6c6c778331775c757a82d15206bd8733","name":"Flavio Braga","image":{"@type":"ImageObject","inLanguage":"pt-BR","@id":"https:\/\/www.blogsoestado.com\/flaviobraga\/#\/schema\/person\/image\/","url":"https:\/\/secure.gravatar.com\/avatar\/ab173937dad8d78195c87778be8a0285d069ede375ce0ae24aac1cf8e58ccb2c?s=96&d=mm&r=g","contentUrl":"https:\/\/secure.gravatar.com\/avatar\/ab173937dad8d78195c87778be8a0285d069ede375ce0ae24aac1cf8e58ccb2c?s=96&d=mm&r=g","caption":"Flavio Braga"},"url":"https:\/\/www.blogsoestado.com\/flaviobraga\/author\/flaviobraga\/"}]}},"jetpack_featured_media_url":"","_links":{"self":[{"href":"https:\/\/www.blogsoestado.com\/flaviobraga\/wp-json\/wp\/v2\/posts\/1165","targetHints":{"allow":["GET"]}}],"collection":[{"href":"https:\/\/www.blogsoestado.com\/flaviobraga\/wp-json\/wp\/v2\/posts"}],"about":[{"href":"https:\/\/www.blogsoestado.com\/flaviobraga\/wp-json\/wp\/v2\/types\/post"}],"author":[{"embeddable":true,"href":"https:\/\/www.blogsoestado.com\/flaviobraga\/wp-json\/wp\/v2\/users\/8"}],"replies":[{"embeddable":true,"href":"https:\/\/www.blogsoestado.com\/flaviobraga\/wp-json\/wp\/v2\/comments?post=1165"}],"version-history":[{"count":0,"href":"https:\/\/www.blogsoestado.com\/flaviobraga\/wp-json\/wp\/v2\/posts\/1165\/revisions"}],"wp:attachment":[{"href":"https:\/\/www.blogsoestado.com\/flaviobraga\/wp-json\/wp\/v2\/media?parent=1165"}],"wp:term":[{"taxonomy":"category","embeddable":true,"href":"https:\/\/www.blogsoestado.com\/flaviobraga\/wp-json\/wp\/v2\/categories?post=1165"},{"taxonomy":"post_tag","embeddable":true,"href":"https:\/\/www.blogsoestado.com\/flaviobraga\/wp-json\/wp\/v2\/tags?post=1165"}],"curies":[{"name":"wp","href":"https:\/\/api.w.org\/{rel}","templated":true}]}}