{"id":1171,"date":"2011-02-24T14:16:18","date_gmt":"2011-02-24T17:16:18","guid":{"rendered":"https:\/\/www.blogsoestado.com\/flaviobraga\/?p=1171"},"modified":"2011-02-24T14:16:18","modified_gmt":"2011-02-24T17:16:18","slug":"magistrados-federais-pedem-mudanca-nas-regras-sobre-investidura-de-juizes-eleitorais","status":"publish","type":"post","link":"https:\/\/www.blogsoestado.com\/flaviobraga\/magistrados-federais-pedem-mudanca-nas-regras-sobre-investidura-de-juizes-eleitorais\/","title":{"rendered":"Magistrados federais pedem mudan\u00e7a nas regras sobre investidura de ju\u00edzes eleitorais"},"content":{"rendered":"<p>Cinco associa\u00e7\u00f5es de ju\u00edzes federais pediram que o Tribunal Superior Eleitoral (TSE) altere a interpreta\u00e7\u00e3o da Resolu\u00e7\u00e3o 21.009\/02 na parte que trata do recrutamento de ju\u00edzes de direito para atuar na primeira inst\u00e2ncia da Justi\u00e7a Eleitoral.<\/p>\n<p>Segundo as entidades, uma interpreta\u00e7\u00e3o equivocada da legisla\u00e7\u00e3o eleitoral leva \u00e0 \u201cdesigna\u00e7\u00e3o exclusiva, injustificada e inconstitucional de ju\u00edzes estaduais\u201d para as zonas eleitorais. As entidades defendem que os ju\u00edzes de primeira inst\u00e2ncia da Justi\u00e7a Eleitoral devem ser recrutados, prioritariamente, entre os magistrados federais.<\/p>\n<p>\u201cAnalisando o extenso arcabou\u00e7o constitucional legislativo acerca da tem\u00e1tica, constata-se, sem receio de errar, que a Carta Magna de 1988 n\u00e3o possui um \u00fanico regramento constitucional, expresso ou impl\u00edcito, h\u00e1bil a legitimar a exegese de que aos ju\u00edzes estaduais estaria reservada a fun\u00e7\u00e3o eleitoral de 1\u00ba grau, em car\u00e1ter exclusivo\u201d, afirmam as entidades.<\/p>\n<p>O pedido \u00e9 assinado pela Associa\u00e7\u00e3o dos Ju\u00edzes Federais do Brasil (Ajufe), Associa\u00e7\u00e3o dos Ju\u00edzes Federais da 1\u00aa Regi\u00e3o (Ajufer), Associa\u00e7\u00e3o dos Ju\u00edzes Federais da 5\u00aa Regi\u00e3o (Rejufe), Associa\u00e7\u00e3o dos Ju\u00edzes Federais de Minas Gerais (AJUFEMG) e Associa\u00e7\u00e3o dos Ju\u00edzes Federais do Rio Grande do Sul (Ajufergs).<\/p>\n<p><strong>N\u00fameros<\/strong><\/p>\n<p>No pedido, as associa\u00e7\u00f5es apresentam estudo da Ajufer que revela haver \u201cju\u00edzes federais suficientes em todas as capitais para assumir de logo todas as zonas eleitorais\u201d. De acordo com o levantamento, existem hoje 747 varas federais e mais de 230 varas aprovadas e em vias de implanta\u00e7\u00e3o.<\/p>\n<p>As associa\u00e7\u00f5es defendem que os magistrados federais deveriam ser chamados em \u201ccar\u00e1ter preferencial\u201d para atuar na justi\u00e7a eleitoral de 1\u00ba grau uma vez que \u201ca interioriza\u00e7\u00e3o da Justi\u00e7a Federal n\u00e3o \u00e9 mais uma quimera\u201d e \u201ca justi\u00e7a eleitoral \u00e9 uma justi\u00e7a eminentemente da Uni\u00e3o, pertencente \u00e0 Administra\u00e7\u00e3o P\u00fablica Federal\u201d.<\/p>\n<p>As entidades relacionam 11 argumentos como forma de &#8220;real\u00e7ar as caracter\u00edsticas federais da justi\u00e7a eleitoral&#8221;, entre elas o fato de que compete \u00e0 Uni\u00e3o legislar sobre direito eleitoral, que mat\u00e9ria eleitoral reflete ineg\u00e1vel interesse federal e que os servidores da justi\u00e7a eleitoral pertencem \u00e0 Administra\u00e7\u00e3o P\u00fablica Federal.<\/p>\n","protected":false},"excerpt":{"rendered":"<p>Cinco associa\u00e7\u00f5es de ju\u00edzes federais pediram que o Tribunal Superior Eleitoral (TSE) altere a interpreta\u00e7\u00e3o da Resolu\u00e7\u00e3o 21.009\/02 na parte [&hellip;]<\/p>\n","protected":false},"author":8,"featured_media":0,"comment_status":"open","ping_status":"open","sticky":false,"template":"","format":"standard","meta":{"site-sidebar-layout":"default","site-content-layout":"","ast-site-content-layout":"default","site-content-style":"default","site-sidebar-style":"default","ast-global-header-display":"","ast-banner-title-visibility":"","ast-main-header-display":"","ast-hfb-above-header-display":"","ast-hfb-below-header-display":"","ast-hfb-mobile-header-display":"","site-post-title":"","ast-breadcrumbs-content":"","ast-featured-img":"","footer-sml-layout":"","ast-disable-related-posts":"","theme-transparent-header-meta":"","adv-header-id-meta":"","stick-header-meta":"","header-above-stick-meta":"","header-main-stick-meta":"","header-below-stick-meta":"","astra-migrate-meta-layouts":"default","ast-page-background-enabled":"default","ast-page-background-meta":{"desktop":{"background-color":"var(--ast-global-color-5)","background-image":"","background-repeat":"repeat","background-position":"center center","background-size":"auto","background-attachment":"scroll","background-type":"","background-media":"","overlay-type":"","overlay-color":"","overlay-opacity":"","overlay-gradient":""},"tablet":{"background-color":"","background-image":"","background-repeat":"repeat","background-position":"center center","background-size":"auto","background-attachment":"scroll","background-type":"","background-media":"","overlay-type":"","overlay-color":"","overlay-opacity":"","overlay-gradient":""},"mobile":{"background-color":"","background-image":"","background-repeat":"repeat","background-position":"center center","background-size":"auto","background-attachment":"scroll","background-type":"","background-media":"","overlay-type":"","overlay-color":"","overlay-opacity":"","overlay-gradient":""}},"ast-content-background-meta":{"desktop":{"background-color":"var(--ast-global-color-4)","background-image":"","background-repeat":"repeat","background-position":"center center","background-size":"auto","background-attachment":"scroll","background-type":"","background-media":"","overlay-type":"","overlay-color":"","overlay-opacity":"","overlay-gradient":""},"tablet":{"background-color":"var(--ast-global-color-4)","background-image":"","background-repeat":"repeat","background-position":"center center","background-size":"auto","background-attachment":"scroll","background-type":"","background-media":"","overlay-type":"","overlay-color":"","overlay-opacity":"","overlay-gradient":""},"mobile":{"background-color":"var(--ast-global-color-4)","background-image":"","background-repeat":"repeat","background-position":"center center","background-size":"auto","background-attachment":"scroll","background-type":"","background-media":"","overlay-type":"","overlay-color":"","overlay-opacity":"","overlay-gradient":""}},"footnotes":""},"categories":[1],"tags":[],"class_list":["post-1171","post","type-post","status-publish","format-standard","hentry","category-sem-categoria"],"yoast_head":"<!-- This site is optimized with the Yoast SEO plugin v26.6 - https:\/\/yoast.com\/wordpress\/plugins\/seo\/ -->\n<title>Magistrados federais pedem mudan\u00e7a nas regras sobre investidura de ju\u00edzes eleitorais - Fl\u00e1vio Braga<\/title>\n<meta name=\"robots\" content=\"index, follow, max-snippet:-1, max-image-preview:large, max-video-preview:-1\" \/>\n<link rel=\"canonical\" href=\"https:\/\/www.blogsoestado.com\/flaviobraga\/magistrados-federais-pedem-mudanca-nas-regras-sobre-investidura-de-juizes-eleitorais\/\" \/>\n<meta property=\"og:locale\" content=\"pt_BR\" \/>\n<meta property=\"og:type\" content=\"article\" \/>\n<meta property=\"og:title\" content=\"Magistrados federais pedem mudan\u00e7a nas regras sobre investidura de ju\u00edzes eleitorais - Fl\u00e1vio Braga\" \/>\n<meta property=\"og:description\" content=\"Cinco associa\u00e7\u00f5es de ju\u00edzes federais pediram que o Tribunal Superior Eleitoral (TSE) altere a interpreta\u00e7\u00e3o da Resolu\u00e7\u00e3o 21.009\/02 na parte [&hellip;]\" \/>\n<meta property=\"og:url\" content=\"https:\/\/www.blogsoestado.com\/flaviobraga\/magistrados-federais-pedem-mudanca-nas-regras-sobre-investidura-de-juizes-eleitorais\/\" \/>\n<meta property=\"og:site_name\" content=\"Fl\u00e1vio Braga\" \/>\n<meta property=\"article:published_time\" content=\"2011-02-24T17:16:18+00:00\" \/>\n<meta name=\"author\" content=\"Flavio Braga\" \/>\n<meta name=\"twitter:card\" content=\"summary_large_image\" \/>\n<meta name=\"twitter:label1\" content=\"Escrito por\" \/>\n\t<meta name=\"twitter:data1\" content=\"Flavio Braga\" \/>\n\t<meta name=\"twitter:label2\" content=\"Est. tempo de leitura\" \/>\n\t<meta name=\"twitter:data2\" content=\"2 minutos\" \/>\n<script type=\"application\/ld+json\" class=\"yoast-schema-graph\">{\"@context\":\"https:\/\/schema.org\",\"@graph\":[{\"@type\":\"WebPage\",\"@id\":\"https:\/\/www.blogsoestado.com\/flaviobraga\/magistrados-federais-pedem-mudanca-nas-regras-sobre-investidura-de-juizes-eleitorais\/\",\"url\":\"https:\/\/www.blogsoestado.com\/flaviobraga\/magistrados-federais-pedem-mudanca-nas-regras-sobre-investidura-de-juizes-eleitorais\/\",\"name\":\"Magistrados federais pedem mudan\u00e7a nas regras sobre investidura de ju\u00edzes eleitorais - Fl\u00e1vio Braga\",\"isPartOf\":{\"@id\":\"https:\/\/www.blogsoestado.com\/flaviobraga\/#website\"},\"datePublished\":\"2011-02-24T17:16:18+00:00\",\"author\":{\"@id\":\"https:\/\/www.blogsoestado.com\/flaviobraga\/#\/schema\/person\/6c6c778331775c757a82d15206bd8733\"},\"breadcrumb\":{\"@id\":\"https:\/\/www.blogsoestado.com\/flaviobraga\/magistrados-federais-pedem-mudanca-nas-regras-sobre-investidura-de-juizes-eleitorais\/#breadcrumb\"},\"inLanguage\":\"pt-BR\",\"potentialAction\":[{\"@type\":\"ReadAction\",\"target\":[\"https:\/\/www.blogsoestado.com\/flaviobraga\/magistrados-federais-pedem-mudanca-nas-regras-sobre-investidura-de-juizes-eleitorais\/\"]}]},{\"@type\":\"BreadcrumbList\",\"@id\":\"https:\/\/www.blogsoestado.com\/flaviobraga\/magistrados-federais-pedem-mudanca-nas-regras-sobre-investidura-de-juizes-eleitorais\/#breadcrumb\",\"itemListElement\":[{\"@type\":\"ListItem\",\"position\":1,\"name\":\"In\u00edcio\",\"item\":\"https:\/\/www.blogsoestado.com\/flaviobraga\/\"},{\"@type\":\"ListItem\",\"position\":2,\"name\":\"Magistrados federais pedem mudan\u00e7a nas regras sobre investidura de ju\u00edzes eleitorais\"}]},{\"@type\":\"WebSite\",\"@id\":\"https:\/\/www.blogsoestado.com\/flaviobraga\/#website\",\"url\":\"https:\/\/www.blogsoestado.com\/flaviobraga\/\",\"name\":\"Fl\u00e1vio Braga\",\"description\":\"\",\"potentialAction\":[{\"@type\":\"SearchAction\",\"target\":{\"@type\":\"EntryPoint\",\"urlTemplate\":\"https:\/\/www.blogsoestado.com\/flaviobraga\/?s={search_term_string}\"},\"query-input\":{\"@type\":\"PropertyValueSpecification\",\"valueRequired\":true,\"valueName\":\"search_term_string\"}}],\"inLanguage\":\"pt-BR\"},{\"@type\":\"Person\",\"@id\":\"https:\/\/www.blogsoestado.com\/flaviobraga\/#\/schema\/person\/6c6c778331775c757a82d15206bd8733\",\"name\":\"Flavio Braga\",\"image\":{\"@type\":\"ImageObject\",\"inLanguage\":\"pt-BR\",\"@id\":\"https:\/\/www.blogsoestado.com\/flaviobraga\/#\/schema\/person\/image\/\",\"url\":\"https:\/\/secure.gravatar.com\/avatar\/ab173937dad8d78195c87778be8a0285d069ede375ce0ae24aac1cf8e58ccb2c?s=96&d=mm&r=g\",\"contentUrl\":\"https:\/\/secure.gravatar.com\/avatar\/ab173937dad8d78195c87778be8a0285d069ede375ce0ae24aac1cf8e58ccb2c?s=96&d=mm&r=g\",\"caption\":\"Flavio Braga\"},\"url\":\"https:\/\/www.blogsoestado.com\/flaviobraga\/author\/flaviobraga\/\"}]}<\/script>\n<!-- \/ Yoast SEO plugin. -->","yoast_head_json":{"title":"Magistrados federais pedem mudan\u00e7a nas regras sobre investidura de ju\u00edzes eleitorais - Fl\u00e1vio Braga","robots":{"index":"index","follow":"follow","max-snippet":"max-snippet:-1","max-image-preview":"max-image-preview:large","max-video-preview":"max-video-preview:-1"},"canonical":"https:\/\/www.blogsoestado.com\/flaviobraga\/magistrados-federais-pedem-mudanca-nas-regras-sobre-investidura-de-juizes-eleitorais\/","og_locale":"pt_BR","og_type":"article","og_title":"Magistrados federais pedem mudan\u00e7a nas regras sobre investidura de ju\u00edzes eleitorais - Fl\u00e1vio Braga","og_description":"Cinco associa\u00e7\u00f5es de ju\u00edzes federais pediram que o Tribunal Superior Eleitoral (TSE) altere a interpreta\u00e7\u00e3o da Resolu\u00e7\u00e3o 21.009\/02 na parte [&hellip;]","og_url":"https:\/\/www.blogsoestado.com\/flaviobraga\/magistrados-federais-pedem-mudanca-nas-regras-sobre-investidura-de-juizes-eleitorais\/","og_site_name":"Fl\u00e1vio Braga","article_published_time":"2011-02-24T17:16:18+00:00","author":"Flavio Braga","twitter_card":"summary_large_image","twitter_misc":{"Escrito por":"Flavio Braga","Est. tempo de leitura":"2 minutos"},"schema":{"@context":"https:\/\/schema.org","@graph":[{"@type":"WebPage","@id":"https:\/\/www.blogsoestado.com\/flaviobraga\/magistrados-federais-pedem-mudanca-nas-regras-sobre-investidura-de-juizes-eleitorais\/","url":"https:\/\/www.blogsoestado.com\/flaviobraga\/magistrados-federais-pedem-mudanca-nas-regras-sobre-investidura-de-juizes-eleitorais\/","name":"Magistrados federais pedem mudan\u00e7a nas regras sobre investidura de ju\u00edzes eleitorais - Fl\u00e1vio Braga","isPartOf":{"@id":"https:\/\/www.blogsoestado.com\/flaviobraga\/#website"},"datePublished":"2011-02-24T17:16:18+00:00","author":{"@id":"https:\/\/www.blogsoestado.com\/flaviobraga\/#\/schema\/person\/6c6c778331775c757a82d15206bd8733"},"breadcrumb":{"@id":"https:\/\/www.blogsoestado.com\/flaviobraga\/magistrados-federais-pedem-mudanca-nas-regras-sobre-investidura-de-juizes-eleitorais\/#breadcrumb"},"inLanguage":"pt-BR","potentialAction":[{"@type":"ReadAction","target":["https:\/\/www.blogsoestado.com\/flaviobraga\/magistrados-federais-pedem-mudanca-nas-regras-sobre-investidura-de-juizes-eleitorais\/"]}]},{"@type":"BreadcrumbList","@id":"https:\/\/www.blogsoestado.com\/flaviobraga\/magistrados-federais-pedem-mudanca-nas-regras-sobre-investidura-de-juizes-eleitorais\/#breadcrumb","itemListElement":[{"@type":"ListItem","position":1,"name":"In\u00edcio","item":"https:\/\/www.blogsoestado.com\/flaviobraga\/"},{"@type":"ListItem","position":2,"name":"Magistrados federais pedem mudan\u00e7a nas regras sobre investidura de ju\u00edzes eleitorais"}]},{"@type":"WebSite","@id":"https:\/\/www.blogsoestado.com\/flaviobraga\/#website","url":"https:\/\/www.blogsoestado.com\/flaviobraga\/","name":"Fl\u00e1vio Braga","description":"","potentialAction":[{"@type":"SearchAction","target":{"@type":"EntryPoint","urlTemplate":"https:\/\/www.blogsoestado.com\/flaviobraga\/?s={search_term_string}"},"query-input":{"@type":"PropertyValueSpecification","valueRequired":true,"valueName":"search_term_string"}}],"inLanguage":"pt-BR"},{"@type":"Person","@id":"https:\/\/www.blogsoestado.com\/flaviobraga\/#\/schema\/person\/6c6c778331775c757a82d15206bd8733","name":"Flavio Braga","image":{"@type":"ImageObject","inLanguage":"pt-BR","@id":"https:\/\/www.blogsoestado.com\/flaviobraga\/#\/schema\/person\/image\/","url":"https:\/\/secure.gravatar.com\/avatar\/ab173937dad8d78195c87778be8a0285d069ede375ce0ae24aac1cf8e58ccb2c?s=96&d=mm&r=g","contentUrl":"https:\/\/secure.gravatar.com\/avatar\/ab173937dad8d78195c87778be8a0285d069ede375ce0ae24aac1cf8e58ccb2c?s=96&d=mm&r=g","caption":"Flavio Braga"},"url":"https:\/\/www.blogsoestado.com\/flaviobraga\/author\/flaviobraga\/"}]}},"jetpack_featured_media_url":"","_links":{"self":[{"href":"https:\/\/www.blogsoestado.com\/flaviobraga\/wp-json\/wp\/v2\/posts\/1171","targetHints":{"allow":["GET"]}}],"collection":[{"href":"https:\/\/www.blogsoestado.com\/flaviobraga\/wp-json\/wp\/v2\/posts"}],"about":[{"href":"https:\/\/www.blogsoestado.com\/flaviobraga\/wp-json\/wp\/v2\/types\/post"}],"author":[{"embeddable":true,"href":"https:\/\/www.blogsoestado.com\/flaviobraga\/wp-json\/wp\/v2\/users\/8"}],"replies":[{"embeddable":true,"href":"https:\/\/www.blogsoestado.com\/flaviobraga\/wp-json\/wp\/v2\/comments?post=1171"}],"version-history":[{"count":0,"href":"https:\/\/www.blogsoestado.com\/flaviobraga\/wp-json\/wp\/v2\/posts\/1171\/revisions"}],"wp:attachment":[{"href":"https:\/\/www.blogsoestado.com\/flaviobraga\/wp-json\/wp\/v2\/media?parent=1171"}],"wp:term":[{"taxonomy":"category","embeddable":true,"href":"https:\/\/www.blogsoestado.com\/flaviobraga\/wp-json\/wp\/v2\/categories?post=1171"},{"taxonomy":"post_tag","embeddable":true,"href":"https:\/\/www.blogsoestado.com\/flaviobraga\/wp-json\/wp\/v2\/tags?post=1171"}],"curies":[{"name":"wp","href":"https:\/\/api.w.org\/{rel}","templated":true}]}}