{"id":1174,"date":"2011-02-24T15:08:09","date_gmt":"2011-02-24T18:08:09","guid":{"rendered":"https:\/\/www.blogsoestado.com\/flaviobraga\/?p=1174"},"modified":"2011-02-24T15:08:09","modified_gmt":"2011-02-24T18:08:09","slug":"camara-tambem-vai-instalar-comissao-de-reforma-politica","status":"publish","type":"post","link":"https:\/\/www.blogsoestado.com\/flaviobraga\/camara-tambem-vai-instalar-comissao-de-reforma-politica\/","title":{"rendered":"C\u00e2mara tamb\u00e9m vai instalar comiss\u00e3o de reforma pol\u00edtica"},"content":{"rendered":"<p>A C\u00e2mara dos Deputados vai instalar na ter\u00e7a-feira (1\u00ba) da pr\u00f3xima semana uma comiss\u00e3o especial para discutir a reforma pol\u00edtica, a exemplo do que j\u00e1 fez o Senado Federal.<\/p>\n<p>\u00a0O presidente da C\u00e2mara, deputado Marco Maia (PT-RS), disse que acertou com o presidente do Senado, senador Jos\u00e9 Sarney (PMDB-AP), que as duas comiss\u00f5es trabalhem num primeiro momento separadas e depois juntem as propostas para serem votadas.<\/p>\n<p>Maia afirmou que a comiss\u00e3o da C\u00e2mara dever\u00e1 apreciar as mais de cem propostas que tratam de mat\u00e9rias relativas \u00e0 reforma e que tramitam na Casa.<\/p>\n<p>\u00a0Segundo Marco Maia, a presid\u00eancia e a relatoria da comiss\u00e3o devem ser ocupadas por deputados experientes e que possam construir acordos que ajudem na aprova\u00e7\u00e3o da reforma pol\u00edtica. Para ele, esses cargos n\u00e3o devem ser ocupados por deputados muito identificados com um ou outro tema da reforma.<\/p>\n<p>Sobre as liminares do Supremo Tribunal Federal (STF) determinando que a C\u00e2mara emposse os suplentes de deputados dos respectivos partidos dos titulares que se afastaram, em vez dos suplentes das coliga\u00e7\u00f5es, Marco Maia disse que a Casa est\u00e1 cumprindo a lei que estabelece que o primeiro suplente da coliga\u00e7\u00e3o \u00e9 quem deve ser empossado, e n\u00e3o o do partido do titular. Segundo ele, cada decis\u00e3o tomada pelo STF ser\u00e1 tratada individualmente, seguindo o rito normal de tramita\u00e7\u00e3o.<\/p>\n<p>Marco Maia ressaltou que tem conversado com o presidente do STF, ministro Cezar Peluso, e dito que \u00e9 necess\u00e1rio que seja feito o julgamento do m\u00e9rito da mat\u00e9ria o mais r\u00e1pido poss\u00edvel para que haja um posicionamento da Corte sobre o assunto. Ele informou que a vota\u00e7\u00e3o de uma proposta de emenda \u00e0 Constitui\u00e7\u00e3o (PEC) disciplinando a mat\u00e9ria leva um tempo longo.<\/p>\n","protected":false},"excerpt":{"rendered":"<p>A C\u00e2mara dos Deputados vai instalar na ter\u00e7a-feira (1\u00ba) da pr\u00f3xima semana uma comiss\u00e3o especial para discutir a reforma pol\u00edtica, [&hellip;]<\/p>\n","protected":false},"author":8,"featured_media":0,"comment_status":"open","ping_status":"open","sticky":false,"template":"","format":"standard","meta":{"site-sidebar-layout":"default","site-content-layout":"","ast-site-content-layout":"default","site-content-style":"default","site-sidebar-style":"default","ast-global-header-display":"","ast-banner-title-visibility":"","ast-main-header-display":"","ast-hfb-above-header-display":"","ast-hfb-below-header-display":"","ast-hfb-mobile-header-display":"","site-post-title":"","ast-breadcrumbs-content":"","ast-featured-img":"","footer-sml-layout":"","ast-disable-related-posts":"","theme-transparent-header-meta":"","adv-header-id-meta":"","stick-header-meta":"","header-above-stick-meta":"","header-main-stick-meta":"","header-below-stick-meta":"","astra-migrate-meta-layouts":"default","ast-page-background-enabled":"default","ast-page-background-meta":{"desktop":{"background-color":"var(--ast-global-color-5)","background-image":"","background-repeat":"repeat","background-position":"center center","background-size":"auto","background-attachment":"scroll","background-type":"","background-media":"","overlay-type":"","overlay-color":"","overlay-opacity":"","overlay-gradient":""},"tablet":{"background-color":"","background-image":"","background-repeat":"repeat","background-position":"center center","background-size":"auto","background-attachment":"scroll","background-type":"","background-media":"","overlay-type":"","overlay-color":"","overlay-opacity":"","overlay-gradient":""},"mobile":{"background-color":"","background-image":"","background-repeat":"repeat","background-position":"center center","background-size":"auto","background-attachment":"scroll","background-type":"","background-media":"","overlay-type":"","overlay-color":"","overlay-opacity":"","overlay-gradient":""}},"ast-content-background-meta":{"desktop":{"background-color":"var(--ast-global-color-4)","background-image":"","background-repeat":"repeat","background-position":"center center","background-size":"auto","background-attachment":"scroll","background-type":"","background-media":"","overlay-type":"","overlay-color":"","overlay-opacity":"","overlay-gradient":""},"tablet":{"background-color":"var(--ast-global-color-4)","background-image":"","background-repeat":"repeat","background-position":"center center","background-size":"auto","background-attachment":"scroll","background-type":"","background-media":"","overlay-type":"","overlay-color":"","overlay-opacity":"","overlay-gradient":""},"mobile":{"background-color":"var(--ast-global-color-4)","background-image":"","background-repeat":"repeat","background-position":"center center","background-size":"auto","background-attachment":"scroll","background-type":"","background-media":"","overlay-type":"","overlay-color":"","overlay-opacity":"","overlay-gradient":""}},"footnotes":""},"categories":[1],"tags":[],"class_list":["post-1174","post","type-post","status-publish","format-standard","hentry","category-sem-categoria"],"yoast_head":"<!-- This site is optimized with the Yoast SEO plugin v26.6 - https:\/\/yoast.com\/wordpress\/plugins\/seo\/ -->\n<title>C\u00e2mara tamb\u00e9m vai instalar comiss\u00e3o de reforma pol\u00edtica - Fl\u00e1vio Braga<\/title>\n<meta name=\"robots\" content=\"index, follow, max-snippet:-1, max-image-preview:large, max-video-preview:-1\" \/>\n<link rel=\"canonical\" href=\"https:\/\/www.blogsoestado.com\/flaviobraga\/camara-tambem-vai-instalar-comissao-de-reforma-politica\/\" \/>\n<meta property=\"og:locale\" content=\"pt_BR\" \/>\n<meta property=\"og:type\" content=\"article\" \/>\n<meta property=\"og:title\" content=\"C\u00e2mara tamb\u00e9m vai instalar comiss\u00e3o de reforma pol\u00edtica - Fl\u00e1vio Braga\" \/>\n<meta property=\"og:description\" content=\"A C\u00e2mara dos Deputados vai instalar na ter\u00e7a-feira (1\u00ba) da pr\u00f3xima semana uma comiss\u00e3o especial para discutir a reforma pol\u00edtica, [&hellip;]\" \/>\n<meta property=\"og:url\" content=\"https:\/\/www.blogsoestado.com\/flaviobraga\/camara-tambem-vai-instalar-comissao-de-reforma-politica\/\" \/>\n<meta property=\"og:site_name\" content=\"Fl\u00e1vio Braga\" \/>\n<meta property=\"article:published_time\" content=\"2011-02-24T18:08:09+00:00\" \/>\n<meta name=\"author\" content=\"Flavio Braga\" \/>\n<meta name=\"twitter:card\" content=\"summary_large_image\" \/>\n<meta name=\"twitter:label1\" content=\"Escrito por\" \/>\n\t<meta name=\"twitter:data1\" content=\"Flavio Braga\" \/>\n\t<meta name=\"twitter:label2\" content=\"Est. tempo de leitura\" \/>\n\t<meta name=\"twitter:data2\" content=\"2 minutos\" \/>\n<script type=\"application\/ld+json\" class=\"yoast-schema-graph\">{\"@context\":\"https:\/\/schema.org\",\"@graph\":[{\"@type\":\"WebPage\",\"@id\":\"https:\/\/www.blogsoestado.com\/flaviobraga\/camara-tambem-vai-instalar-comissao-de-reforma-politica\/\",\"url\":\"https:\/\/www.blogsoestado.com\/flaviobraga\/camara-tambem-vai-instalar-comissao-de-reforma-politica\/\",\"name\":\"C\u00e2mara tamb\u00e9m vai instalar comiss\u00e3o de reforma pol\u00edtica - Fl\u00e1vio Braga\",\"isPartOf\":{\"@id\":\"https:\/\/www.blogsoestado.com\/flaviobraga\/#website\"},\"datePublished\":\"2011-02-24T18:08:09+00:00\",\"author\":{\"@id\":\"https:\/\/www.blogsoestado.com\/flaviobraga\/#\/schema\/person\/6c6c778331775c757a82d15206bd8733\"},\"breadcrumb\":{\"@id\":\"https:\/\/www.blogsoestado.com\/flaviobraga\/camara-tambem-vai-instalar-comissao-de-reforma-politica\/#breadcrumb\"},\"inLanguage\":\"pt-BR\",\"potentialAction\":[{\"@type\":\"ReadAction\",\"target\":[\"https:\/\/www.blogsoestado.com\/flaviobraga\/camara-tambem-vai-instalar-comissao-de-reforma-politica\/\"]}]},{\"@type\":\"BreadcrumbList\",\"@id\":\"https:\/\/www.blogsoestado.com\/flaviobraga\/camara-tambem-vai-instalar-comissao-de-reforma-politica\/#breadcrumb\",\"itemListElement\":[{\"@type\":\"ListItem\",\"position\":1,\"name\":\"In\u00edcio\",\"item\":\"https:\/\/www.blogsoestado.com\/flaviobraga\/\"},{\"@type\":\"ListItem\",\"position\":2,\"name\":\"C\u00e2mara tamb\u00e9m vai instalar comiss\u00e3o de reforma pol\u00edtica\"}]},{\"@type\":\"WebSite\",\"@id\":\"https:\/\/www.blogsoestado.com\/flaviobraga\/#website\",\"url\":\"https:\/\/www.blogsoestado.com\/flaviobraga\/\",\"name\":\"Fl\u00e1vio Braga\",\"description\":\"\",\"potentialAction\":[{\"@type\":\"SearchAction\",\"target\":{\"@type\":\"EntryPoint\",\"urlTemplate\":\"https:\/\/www.blogsoestado.com\/flaviobraga\/?s={search_term_string}\"},\"query-input\":{\"@type\":\"PropertyValueSpecification\",\"valueRequired\":true,\"valueName\":\"search_term_string\"}}],\"inLanguage\":\"pt-BR\"},{\"@type\":\"Person\",\"@id\":\"https:\/\/www.blogsoestado.com\/flaviobraga\/#\/schema\/person\/6c6c778331775c757a82d15206bd8733\",\"name\":\"Flavio Braga\",\"image\":{\"@type\":\"ImageObject\",\"inLanguage\":\"pt-BR\",\"@id\":\"https:\/\/www.blogsoestado.com\/flaviobraga\/#\/schema\/person\/image\/\",\"url\":\"https:\/\/secure.gravatar.com\/avatar\/ab173937dad8d78195c87778be8a0285d069ede375ce0ae24aac1cf8e58ccb2c?s=96&d=mm&r=g\",\"contentUrl\":\"https:\/\/secure.gravatar.com\/avatar\/ab173937dad8d78195c87778be8a0285d069ede375ce0ae24aac1cf8e58ccb2c?s=96&d=mm&r=g\",\"caption\":\"Flavio Braga\"},\"url\":\"https:\/\/www.blogsoestado.com\/flaviobraga\/author\/flaviobraga\/\"}]}<\/script>\n<!-- \/ Yoast SEO plugin. -->","yoast_head_json":{"title":"C\u00e2mara tamb\u00e9m vai instalar comiss\u00e3o de reforma pol\u00edtica - Fl\u00e1vio Braga","robots":{"index":"index","follow":"follow","max-snippet":"max-snippet:-1","max-image-preview":"max-image-preview:large","max-video-preview":"max-video-preview:-1"},"canonical":"https:\/\/www.blogsoestado.com\/flaviobraga\/camara-tambem-vai-instalar-comissao-de-reforma-politica\/","og_locale":"pt_BR","og_type":"article","og_title":"C\u00e2mara tamb\u00e9m vai instalar comiss\u00e3o de reforma pol\u00edtica - Fl\u00e1vio Braga","og_description":"A C\u00e2mara dos Deputados vai instalar na ter\u00e7a-feira (1\u00ba) da pr\u00f3xima semana uma comiss\u00e3o especial para discutir a reforma pol\u00edtica, [&hellip;]","og_url":"https:\/\/www.blogsoestado.com\/flaviobraga\/camara-tambem-vai-instalar-comissao-de-reforma-politica\/","og_site_name":"Fl\u00e1vio Braga","article_published_time":"2011-02-24T18:08:09+00:00","author":"Flavio Braga","twitter_card":"summary_large_image","twitter_misc":{"Escrito por":"Flavio Braga","Est. tempo de leitura":"2 minutos"},"schema":{"@context":"https:\/\/schema.org","@graph":[{"@type":"WebPage","@id":"https:\/\/www.blogsoestado.com\/flaviobraga\/camara-tambem-vai-instalar-comissao-de-reforma-politica\/","url":"https:\/\/www.blogsoestado.com\/flaviobraga\/camara-tambem-vai-instalar-comissao-de-reforma-politica\/","name":"C\u00e2mara tamb\u00e9m vai instalar comiss\u00e3o de reforma pol\u00edtica - Fl\u00e1vio Braga","isPartOf":{"@id":"https:\/\/www.blogsoestado.com\/flaviobraga\/#website"},"datePublished":"2011-02-24T18:08:09+00:00","author":{"@id":"https:\/\/www.blogsoestado.com\/flaviobraga\/#\/schema\/person\/6c6c778331775c757a82d15206bd8733"},"breadcrumb":{"@id":"https:\/\/www.blogsoestado.com\/flaviobraga\/camara-tambem-vai-instalar-comissao-de-reforma-politica\/#breadcrumb"},"inLanguage":"pt-BR","potentialAction":[{"@type":"ReadAction","target":["https:\/\/www.blogsoestado.com\/flaviobraga\/camara-tambem-vai-instalar-comissao-de-reforma-politica\/"]}]},{"@type":"BreadcrumbList","@id":"https:\/\/www.blogsoestado.com\/flaviobraga\/camara-tambem-vai-instalar-comissao-de-reforma-politica\/#breadcrumb","itemListElement":[{"@type":"ListItem","position":1,"name":"In\u00edcio","item":"https:\/\/www.blogsoestado.com\/flaviobraga\/"},{"@type":"ListItem","position":2,"name":"C\u00e2mara tamb\u00e9m vai instalar comiss\u00e3o de reforma pol\u00edtica"}]},{"@type":"WebSite","@id":"https:\/\/www.blogsoestado.com\/flaviobraga\/#website","url":"https:\/\/www.blogsoestado.com\/flaviobraga\/","name":"Fl\u00e1vio Braga","description":"","potentialAction":[{"@type":"SearchAction","target":{"@type":"EntryPoint","urlTemplate":"https:\/\/www.blogsoestado.com\/flaviobraga\/?s={search_term_string}"},"query-input":{"@type":"PropertyValueSpecification","valueRequired":true,"valueName":"search_term_string"}}],"inLanguage":"pt-BR"},{"@type":"Person","@id":"https:\/\/www.blogsoestado.com\/flaviobraga\/#\/schema\/person\/6c6c778331775c757a82d15206bd8733","name":"Flavio Braga","image":{"@type":"ImageObject","inLanguage":"pt-BR","@id":"https:\/\/www.blogsoestado.com\/flaviobraga\/#\/schema\/person\/image\/","url":"https:\/\/secure.gravatar.com\/avatar\/ab173937dad8d78195c87778be8a0285d069ede375ce0ae24aac1cf8e58ccb2c?s=96&d=mm&r=g","contentUrl":"https:\/\/secure.gravatar.com\/avatar\/ab173937dad8d78195c87778be8a0285d069ede375ce0ae24aac1cf8e58ccb2c?s=96&d=mm&r=g","caption":"Flavio Braga"},"url":"https:\/\/www.blogsoestado.com\/flaviobraga\/author\/flaviobraga\/"}]}},"jetpack_featured_media_url":"","_links":{"self":[{"href":"https:\/\/www.blogsoestado.com\/flaviobraga\/wp-json\/wp\/v2\/posts\/1174","targetHints":{"allow":["GET"]}}],"collection":[{"href":"https:\/\/www.blogsoestado.com\/flaviobraga\/wp-json\/wp\/v2\/posts"}],"about":[{"href":"https:\/\/www.blogsoestado.com\/flaviobraga\/wp-json\/wp\/v2\/types\/post"}],"author":[{"embeddable":true,"href":"https:\/\/www.blogsoestado.com\/flaviobraga\/wp-json\/wp\/v2\/users\/8"}],"replies":[{"embeddable":true,"href":"https:\/\/www.blogsoestado.com\/flaviobraga\/wp-json\/wp\/v2\/comments?post=1174"}],"version-history":[{"count":0,"href":"https:\/\/www.blogsoestado.com\/flaviobraga\/wp-json\/wp\/v2\/posts\/1174\/revisions"}],"wp:attachment":[{"href":"https:\/\/www.blogsoestado.com\/flaviobraga\/wp-json\/wp\/v2\/media?parent=1174"}],"wp:term":[{"taxonomy":"category","embeddable":true,"href":"https:\/\/www.blogsoestado.com\/flaviobraga\/wp-json\/wp\/v2\/categories?post=1174"},{"taxonomy":"post_tag","embeddable":true,"href":"https:\/\/www.blogsoestado.com\/flaviobraga\/wp-json\/wp\/v2\/tags?post=1174"}],"curies":[{"name":"wp","href":"https:\/\/api.w.org\/{rel}","templated":true}]}}