{"id":1175,"date":"2011-02-24T15:16:34","date_gmt":"2011-02-24T18:16:34","guid":{"rendered":"https:\/\/www.blogsoestado.com\/flaviobraga\/?p=1175"},"modified":"2011-02-24T15:16:34","modified_gmt":"2011-02-24T18:16:34","slug":"para-sarney-prioridade-da-reforma-politica-e-acabar-com-proporcional-uninominal","status":"publish","type":"post","link":"https:\/\/www.blogsoestado.com\/flaviobraga\/para-sarney-prioridade-da-reforma-politica-e-acabar-com-proporcional-uninominal\/","title":{"rendered":"Para Sarney, prioridade da reforma pol\u00edtica \u00e9 acabar com proporcional uninominal"},"content":{"rendered":"<p>O presidente do Senado, Jos\u00e9 Sarney, disse que o principal desafio da Comiss\u00e3o da Reforma Pol\u00edtica \u00e9 definir um novo sistema eleitoral e garantir maior legitimidade da representa\u00e7\u00e3o popular no Brasil.<\/p>\n<p>\u00a0Na opini\u00e3o do senador, a quest\u00e3o mais urgente para o Legislativo \u00e9 acabar com <strong>o chamado voto uninominal<\/strong>, modelo de voto proporcional adotado nas elei\u00e7\u00f5es para deputados e vereadores.<\/p>\n<p>No <strong>voto uninominal<\/strong>, o eleitor escolhe um candidato espec\u00edfico, e n\u00e3o um partido ou uma lista. &#8221;Resolvendo problema do <strong>voto uninominal<\/strong> resolvemos 60 % do problema da reforma pol\u00edtica&#8221; disse.<\/p>\n<p>Segundo Sarney, o voto proporcional nos moldes atuais n\u00e3o \u00e9 bom para os partidos e se configura como uma involu\u00e7\u00e3o na forma de representa\u00e7\u00e3o popular no Brasil.<\/p>\n<p>&#8221;Com esse <strong>voto uninominal<\/strong> em que se vota nas pessoas e n\u00e3o nos partidos, as pessoas passam a competir umas com as outras dentro dos pr\u00f3prios partidos. N\u00e3o se forma partido dessa forma. Sem partido forte n\u00e3o h\u00e1 democracia forte&#8221;, argumentou.<\/p>\n<p>Para Sarney, o melhor sistema de voto para o Brasil seria a combina\u00e7\u00e3o do voto majorit\u00e1rio com o proporcional, criando um sistema misto.<\/p>\n<p>\u00a0A quest\u00e3o, no entanto, ser\u00e1 definida pela Comiss\u00e3o da Reforma Pol\u00edtica nos pr\u00f3ximos 45 dias, observou ele. &#8221;Coloquei os homens mais experientes que h\u00e1 no pa\u00eds: ex-presidentes, ex-governadores, l\u00edderes. N\u00e3o existe unanimidade. Temos que seguir a vota\u00e7\u00e3o que a maioria decidir&#8221;, disse.<\/p>\n","protected":false},"excerpt":{"rendered":"<p>O presidente do Senado, Jos\u00e9 Sarney, disse que o principal desafio da Comiss\u00e3o da Reforma Pol\u00edtica \u00e9 definir um novo [&hellip;]<\/p>\n","protected":false},"author":8,"featured_media":0,"comment_status":"open","ping_status":"open","sticky":false,"template":"","format":"standard","meta":{"site-sidebar-layout":"default","site-content-layout":"","ast-site-content-layout":"default","site-content-style":"default","site-sidebar-style":"default","ast-global-header-display":"","ast-banner-title-visibility":"","ast-main-header-display":"","ast-hfb-above-header-display":"","ast-hfb-below-header-display":"","ast-hfb-mobile-header-display":"","site-post-title":"","ast-breadcrumbs-content":"","ast-featured-img":"","footer-sml-layout":"","ast-disable-related-posts":"","theme-transparent-header-meta":"","adv-header-id-meta":"","stick-header-meta":"","header-above-stick-meta":"","header-main-stick-meta":"","header-below-stick-meta":"","astra-migrate-meta-layouts":"default","ast-page-background-enabled":"default","ast-page-background-meta":{"desktop":{"background-color":"var(--ast-global-color-5)","background-image":"","background-repeat":"repeat","background-position":"center center","background-size":"auto","background-attachment":"scroll","background-type":"","background-media":"","overlay-type":"","overlay-color":"","overlay-opacity":"","overlay-gradient":""},"tablet":{"background-color":"","background-image":"","background-repeat":"repeat","background-position":"center center","background-size":"auto","background-attachment":"scroll","background-type":"","background-media":"","overlay-type":"","overlay-color":"","overlay-opacity":"","overlay-gradient":""},"mobile":{"background-color":"","background-image":"","background-repeat":"repeat","background-position":"center center","background-size":"auto","background-attachment":"scroll","background-type":"","background-media":"","overlay-type":"","overlay-color":"","overlay-opacity":"","overlay-gradient":""}},"ast-content-background-meta":{"desktop":{"background-color":"var(--ast-global-color-4)","background-image":"","background-repeat":"repeat","background-position":"center center","background-size":"auto","background-attachment":"scroll","background-type":"","background-media":"","overlay-type":"","overlay-color":"","overlay-opacity":"","overlay-gradient":""},"tablet":{"background-color":"var(--ast-global-color-4)","background-image":"","background-repeat":"repeat","background-position":"center center","background-size":"auto","background-attachment":"scroll","background-type":"","background-media":"","overlay-type":"","overlay-color":"","overlay-opacity":"","overlay-gradient":""},"mobile":{"background-color":"var(--ast-global-color-4)","background-image":"","background-repeat":"repeat","background-position":"center center","background-size":"auto","background-attachment":"scroll","background-type":"","background-media":"","overlay-type":"","overlay-color":"","overlay-opacity":"","overlay-gradient":""}},"footnotes":""},"categories":[1],"tags":[],"class_list":["post-1175","post","type-post","status-publish","format-standard","hentry","category-sem-categoria"],"yoast_head":"<!-- This site is optimized with the Yoast SEO plugin v26.6 - https:\/\/yoast.com\/wordpress\/plugins\/seo\/ -->\n<title>Para Sarney, prioridade da reforma pol\u00edtica \u00e9 acabar com proporcional uninominal - Fl\u00e1vio Braga<\/title>\n<meta name=\"robots\" content=\"index, follow, max-snippet:-1, max-image-preview:large, max-video-preview:-1\" \/>\n<link rel=\"canonical\" href=\"https:\/\/www.blogsoestado.com\/flaviobraga\/para-sarney-prioridade-da-reforma-politica-e-acabar-com-proporcional-uninominal\/\" \/>\n<meta property=\"og:locale\" content=\"pt_BR\" \/>\n<meta property=\"og:type\" content=\"article\" \/>\n<meta property=\"og:title\" content=\"Para Sarney, prioridade da reforma pol\u00edtica \u00e9 acabar com proporcional uninominal - Fl\u00e1vio Braga\" \/>\n<meta property=\"og:description\" content=\"O presidente do Senado, Jos\u00e9 Sarney, disse que o principal desafio da Comiss\u00e3o da Reforma Pol\u00edtica \u00e9 definir um novo [&hellip;]\" \/>\n<meta property=\"og:url\" content=\"https:\/\/www.blogsoestado.com\/flaviobraga\/para-sarney-prioridade-da-reforma-politica-e-acabar-com-proporcional-uninominal\/\" \/>\n<meta property=\"og:site_name\" content=\"Fl\u00e1vio Braga\" \/>\n<meta property=\"article:published_time\" content=\"2011-02-24T18:16:34+00:00\" \/>\n<meta name=\"author\" content=\"Flavio Braga\" \/>\n<meta name=\"twitter:card\" content=\"summary_large_image\" \/>\n<meta name=\"twitter:label1\" content=\"Escrito por\" \/>\n\t<meta name=\"twitter:data1\" content=\"Flavio Braga\" \/>\n\t<meta name=\"twitter:label2\" content=\"Est. tempo de leitura\" \/>\n\t<meta name=\"twitter:data2\" content=\"1 minuto\" \/>\n<script type=\"application\/ld+json\" class=\"yoast-schema-graph\">{\"@context\":\"https:\/\/schema.org\",\"@graph\":[{\"@type\":\"WebPage\",\"@id\":\"https:\/\/www.blogsoestado.com\/flaviobraga\/para-sarney-prioridade-da-reforma-politica-e-acabar-com-proporcional-uninominal\/\",\"url\":\"https:\/\/www.blogsoestado.com\/flaviobraga\/para-sarney-prioridade-da-reforma-politica-e-acabar-com-proporcional-uninominal\/\",\"name\":\"Para Sarney, prioridade da reforma pol\u00edtica \u00e9 acabar com proporcional uninominal - Fl\u00e1vio Braga\",\"isPartOf\":{\"@id\":\"https:\/\/www.blogsoestado.com\/flaviobraga\/#website\"},\"datePublished\":\"2011-02-24T18:16:34+00:00\",\"author\":{\"@id\":\"https:\/\/www.blogsoestado.com\/flaviobraga\/#\/schema\/person\/6c6c778331775c757a82d15206bd8733\"},\"breadcrumb\":{\"@id\":\"https:\/\/www.blogsoestado.com\/flaviobraga\/para-sarney-prioridade-da-reforma-politica-e-acabar-com-proporcional-uninominal\/#breadcrumb\"},\"inLanguage\":\"pt-BR\",\"potentialAction\":[{\"@type\":\"ReadAction\",\"target\":[\"https:\/\/www.blogsoestado.com\/flaviobraga\/para-sarney-prioridade-da-reforma-politica-e-acabar-com-proporcional-uninominal\/\"]}]},{\"@type\":\"BreadcrumbList\",\"@id\":\"https:\/\/www.blogsoestado.com\/flaviobraga\/para-sarney-prioridade-da-reforma-politica-e-acabar-com-proporcional-uninominal\/#breadcrumb\",\"itemListElement\":[{\"@type\":\"ListItem\",\"position\":1,\"name\":\"In\u00edcio\",\"item\":\"https:\/\/www.blogsoestado.com\/flaviobraga\/\"},{\"@type\":\"ListItem\",\"position\":2,\"name\":\"Para Sarney, prioridade da reforma pol\u00edtica \u00e9 acabar com proporcional uninominal\"}]},{\"@type\":\"WebSite\",\"@id\":\"https:\/\/www.blogsoestado.com\/flaviobraga\/#website\",\"url\":\"https:\/\/www.blogsoestado.com\/flaviobraga\/\",\"name\":\"Fl\u00e1vio Braga\",\"description\":\"\",\"potentialAction\":[{\"@type\":\"SearchAction\",\"target\":{\"@type\":\"EntryPoint\",\"urlTemplate\":\"https:\/\/www.blogsoestado.com\/flaviobraga\/?s={search_term_string}\"},\"query-input\":{\"@type\":\"PropertyValueSpecification\",\"valueRequired\":true,\"valueName\":\"search_term_string\"}}],\"inLanguage\":\"pt-BR\"},{\"@type\":\"Person\",\"@id\":\"https:\/\/www.blogsoestado.com\/flaviobraga\/#\/schema\/person\/6c6c778331775c757a82d15206bd8733\",\"name\":\"Flavio Braga\",\"image\":{\"@type\":\"ImageObject\",\"inLanguage\":\"pt-BR\",\"@id\":\"https:\/\/www.blogsoestado.com\/flaviobraga\/#\/schema\/person\/image\/\",\"url\":\"https:\/\/secure.gravatar.com\/avatar\/ab173937dad8d78195c87778be8a0285d069ede375ce0ae24aac1cf8e58ccb2c?s=96&d=mm&r=g\",\"contentUrl\":\"https:\/\/secure.gravatar.com\/avatar\/ab173937dad8d78195c87778be8a0285d069ede375ce0ae24aac1cf8e58ccb2c?s=96&d=mm&r=g\",\"caption\":\"Flavio Braga\"},\"url\":\"https:\/\/www.blogsoestado.com\/flaviobraga\/author\/flaviobraga\/\"}]}<\/script>\n<!-- \/ Yoast SEO plugin. -->","yoast_head_json":{"title":"Para Sarney, prioridade da reforma pol\u00edtica \u00e9 acabar com proporcional uninominal - Fl\u00e1vio Braga","robots":{"index":"index","follow":"follow","max-snippet":"max-snippet:-1","max-image-preview":"max-image-preview:large","max-video-preview":"max-video-preview:-1"},"canonical":"https:\/\/www.blogsoestado.com\/flaviobraga\/para-sarney-prioridade-da-reforma-politica-e-acabar-com-proporcional-uninominal\/","og_locale":"pt_BR","og_type":"article","og_title":"Para Sarney, prioridade da reforma pol\u00edtica \u00e9 acabar com proporcional uninominal - Fl\u00e1vio Braga","og_description":"O presidente do Senado, Jos\u00e9 Sarney, disse que o principal desafio da Comiss\u00e3o da Reforma Pol\u00edtica \u00e9 definir um novo [&hellip;]","og_url":"https:\/\/www.blogsoestado.com\/flaviobraga\/para-sarney-prioridade-da-reforma-politica-e-acabar-com-proporcional-uninominal\/","og_site_name":"Fl\u00e1vio Braga","article_published_time":"2011-02-24T18:16:34+00:00","author":"Flavio Braga","twitter_card":"summary_large_image","twitter_misc":{"Escrito por":"Flavio Braga","Est. tempo de leitura":"1 minuto"},"schema":{"@context":"https:\/\/schema.org","@graph":[{"@type":"WebPage","@id":"https:\/\/www.blogsoestado.com\/flaviobraga\/para-sarney-prioridade-da-reforma-politica-e-acabar-com-proporcional-uninominal\/","url":"https:\/\/www.blogsoestado.com\/flaviobraga\/para-sarney-prioridade-da-reforma-politica-e-acabar-com-proporcional-uninominal\/","name":"Para Sarney, prioridade da reforma pol\u00edtica \u00e9 acabar com proporcional uninominal - Fl\u00e1vio Braga","isPartOf":{"@id":"https:\/\/www.blogsoestado.com\/flaviobraga\/#website"},"datePublished":"2011-02-24T18:16:34+00:00","author":{"@id":"https:\/\/www.blogsoestado.com\/flaviobraga\/#\/schema\/person\/6c6c778331775c757a82d15206bd8733"},"breadcrumb":{"@id":"https:\/\/www.blogsoestado.com\/flaviobraga\/para-sarney-prioridade-da-reforma-politica-e-acabar-com-proporcional-uninominal\/#breadcrumb"},"inLanguage":"pt-BR","potentialAction":[{"@type":"ReadAction","target":["https:\/\/www.blogsoestado.com\/flaviobraga\/para-sarney-prioridade-da-reforma-politica-e-acabar-com-proporcional-uninominal\/"]}]},{"@type":"BreadcrumbList","@id":"https:\/\/www.blogsoestado.com\/flaviobraga\/para-sarney-prioridade-da-reforma-politica-e-acabar-com-proporcional-uninominal\/#breadcrumb","itemListElement":[{"@type":"ListItem","position":1,"name":"In\u00edcio","item":"https:\/\/www.blogsoestado.com\/flaviobraga\/"},{"@type":"ListItem","position":2,"name":"Para Sarney, prioridade da reforma pol\u00edtica \u00e9 acabar com proporcional uninominal"}]},{"@type":"WebSite","@id":"https:\/\/www.blogsoestado.com\/flaviobraga\/#website","url":"https:\/\/www.blogsoestado.com\/flaviobraga\/","name":"Fl\u00e1vio Braga","description":"","potentialAction":[{"@type":"SearchAction","target":{"@type":"EntryPoint","urlTemplate":"https:\/\/www.blogsoestado.com\/flaviobraga\/?s={search_term_string}"},"query-input":{"@type":"PropertyValueSpecification","valueRequired":true,"valueName":"search_term_string"}}],"inLanguage":"pt-BR"},{"@type":"Person","@id":"https:\/\/www.blogsoestado.com\/flaviobraga\/#\/schema\/person\/6c6c778331775c757a82d15206bd8733","name":"Flavio Braga","image":{"@type":"ImageObject","inLanguage":"pt-BR","@id":"https:\/\/www.blogsoestado.com\/flaviobraga\/#\/schema\/person\/image\/","url":"https:\/\/secure.gravatar.com\/avatar\/ab173937dad8d78195c87778be8a0285d069ede375ce0ae24aac1cf8e58ccb2c?s=96&d=mm&r=g","contentUrl":"https:\/\/secure.gravatar.com\/avatar\/ab173937dad8d78195c87778be8a0285d069ede375ce0ae24aac1cf8e58ccb2c?s=96&d=mm&r=g","caption":"Flavio Braga"},"url":"https:\/\/www.blogsoestado.com\/flaviobraga\/author\/flaviobraga\/"}]}},"jetpack_featured_media_url":"","_links":{"self":[{"href":"https:\/\/www.blogsoestado.com\/flaviobraga\/wp-json\/wp\/v2\/posts\/1175","targetHints":{"allow":["GET"]}}],"collection":[{"href":"https:\/\/www.blogsoestado.com\/flaviobraga\/wp-json\/wp\/v2\/posts"}],"about":[{"href":"https:\/\/www.blogsoestado.com\/flaviobraga\/wp-json\/wp\/v2\/types\/post"}],"author":[{"embeddable":true,"href":"https:\/\/www.blogsoestado.com\/flaviobraga\/wp-json\/wp\/v2\/users\/8"}],"replies":[{"embeddable":true,"href":"https:\/\/www.blogsoestado.com\/flaviobraga\/wp-json\/wp\/v2\/comments?post=1175"}],"version-history":[{"count":0,"href":"https:\/\/www.blogsoestado.com\/flaviobraga\/wp-json\/wp\/v2\/posts\/1175\/revisions"}],"wp:attachment":[{"href":"https:\/\/www.blogsoestado.com\/flaviobraga\/wp-json\/wp\/v2\/media?parent=1175"}],"wp:term":[{"taxonomy":"category","embeddable":true,"href":"https:\/\/www.blogsoestado.com\/flaviobraga\/wp-json\/wp\/v2\/categories?post=1175"},{"taxonomy":"post_tag","embeddable":true,"href":"https:\/\/www.blogsoestado.com\/flaviobraga\/wp-json\/wp\/v2\/tags?post=1175"}],"curies":[{"name":"wp","href":"https:\/\/api.w.org\/{rel}","templated":true}]}}