{"id":1228,"date":"2011-03-15T16:15:16","date_gmt":"2011-03-15T19:15:16","guid":{"rendered":"https:\/\/www.blogsoestado.com\/flaviobraga\/?p=1228"},"modified":"2011-03-15T16:15:16","modified_gmt":"2011-03-15T19:15:16","slug":"negada-liminar-a-chiquinho-escorcio-contra-presidente-da-camara-dos-deputados","status":"publish","type":"post","link":"https:\/\/www.blogsoestado.com\/flaviobraga\/negada-liminar-a-chiquinho-escorcio-contra-presidente-da-camara-dos-deputados\/","title":{"rendered":"Negada liminar a Chiquinho Esc\u00f3rcio contra presidente da C\u00e2mara dos Deputados"},"content":{"rendered":"<p>O ministro Dias Toffoli negou liminar ao peemedebista Francisco Luiz Esc\u00f3rcio Lima, mais conhecido como Chiquinho Esc\u00f3rcio.<\/p>\n<p>Por meio de Reclama\u00e7\u00e3o (RCL 11226) apresentada ao Supremo Tribunal Federal (STF), o parlamentar afirma que o presidente da C\u00e2mara dos Deputados, Marco Maia, estaria se recusando a cumprir a liminar concedida pelo ministro Cezar Peluso nos autos do Mandado de Seguran\u00e7a (MS) 30249.<\/p>\n<p>Tal decis\u00e3o lhe assegurou a vaga de deputado federal em decorr\u00eancia da nomea\u00e7\u00e3o do deputado federal Pedro Novais para o Minist\u00e9rio do Turismo, no governo Dilma Rousseff.<\/p>\n<p>A liminar alcan\u00e7a a legislatura encerrada no dia 31 de janeiro de 2011, j\u00e1 que Esc\u00f3rcio foi eleito segundo suplente de deputado federal no pleito de 2006.<\/p>\n<p>Em sua decis\u00e3o, o ministro Peluso aplicou o entendimento do STF de que o mandato parlamentar conquistado no sistema eleitoral proporcional pertence ao partido pol\u00edtico, e n\u00e3o \u00e0 coliga\u00e7\u00e3o partid\u00e1ria por ele integrada.<\/p>\n<p>Segundo os advogados do pol\u00edtico, notificado da decis\u00e3o, o presidente da C\u00e2mara dos Deputados teria se negado a cumpri-la, com base em ato da Mesa da C\u00e2mara que prev\u00ea a nomea\u00e7\u00e3o do primeiro suplente da coliga\u00e7\u00e3o.<\/p>\n<p>\u201cRegistre-se que, a princ\u00edpio, o objeto do aludido <em>writ<\/em> n\u00e3o alcan\u00e7a o Ato da Mesa da C\u00e2mara dos Deputados n\u00ba 37 ou eventual obst\u00e1culo \u00e0 posse do reclamante relativo a \u2018decoro parlamentar&#8217; ou &#8216;processos relacionados \u00e0s hip\u00f3teses de perda de mandato previstas nos incisos IV e V do art. 55, da Constitui\u00e7\u00e3o Federal\u2019\u201d, entendeu o relator.<\/p>\n<p>De acordo com Dias Toffoli, n\u00e3o h\u00e1 elementos de convic\u00e7\u00e3o quanto \u00e0 plausibilidade jur\u00eddica da tese do autor, imprescind\u00edvel para a concess\u00e3o da liminar.\u00a0\u00a0<\/p>\n<p>Ele avaliou a necessidade de aguardar as informa\u00e7\u00f5es a serem prestadas pela autoridade reclamada, isto \u00e9, o presidente da C\u00e2mara dos Deputados, \u201ca fim de que se ultime o julgamento ou mesmo se reconsidere o <em>decisum<\/em>\u201d.<\/p>\n","protected":false},"excerpt":{"rendered":"<p>O ministro Dias Toffoli negou liminar ao peemedebista Francisco Luiz Esc\u00f3rcio Lima, mais conhecido como Chiquinho Esc\u00f3rcio. Por meio de [&hellip;]<\/p>\n","protected":false},"author":8,"featured_media":0,"comment_status":"open","ping_status":"open","sticky":false,"template":"","format":"standard","meta":{"site-sidebar-layout":"default","site-content-layout":"","ast-site-content-layout":"default","site-content-style":"default","site-sidebar-style":"default","ast-global-header-display":"","ast-banner-title-visibility":"","ast-main-header-display":"","ast-hfb-above-header-display":"","ast-hfb-below-header-display":"","ast-hfb-mobile-header-display":"","site-post-title":"","ast-breadcrumbs-content":"","ast-featured-img":"","footer-sml-layout":"","ast-disable-related-posts":"","theme-transparent-header-meta":"","adv-header-id-meta":"","stick-header-meta":"","header-above-stick-meta":"","header-main-stick-meta":"","header-below-stick-meta":"","astra-migrate-meta-layouts":"default","ast-page-background-enabled":"default","ast-page-background-meta":{"desktop":{"background-color":"var(--ast-global-color-5)","background-image":"","background-repeat":"repeat","background-position":"center center","background-size":"auto","background-attachment":"scroll","background-type":"","background-media":"","overlay-type":"","overlay-color":"","overlay-opacity":"","overlay-gradient":""},"tablet":{"background-color":"","background-image":"","background-repeat":"repeat","background-position":"center center","background-size":"auto","background-attachment":"scroll","background-type":"","background-media":"","overlay-type":"","overlay-color":"","overlay-opacity":"","overlay-gradient":""},"mobile":{"background-color":"","background-image":"","background-repeat":"repeat","background-position":"center center","background-size":"auto","background-attachment":"scroll","background-type":"","background-media":"","overlay-type":"","overlay-color":"","overlay-opacity":"","overlay-gradient":""}},"ast-content-background-meta":{"desktop":{"background-color":"var(--ast-global-color-4)","background-image":"","background-repeat":"repeat","background-position":"center center","background-size":"auto","background-attachment":"scroll","background-type":"","background-media":"","overlay-type":"","overlay-color":"","overlay-opacity":"","overlay-gradient":""},"tablet":{"background-color":"var(--ast-global-color-4)","background-image":"","background-repeat":"repeat","background-position":"center center","background-size":"auto","background-attachment":"scroll","background-type":"","background-media":"","overlay-type":"","overlay-color":"","overlay-opacity":"","overlay-gradient":""},"mobile":{"background-color":"var(--ast-global-color-4)","background-image":"","background-repeat":"repeat","background-position":"center center","background-size":"auto","background-attachment":"scroll","background-type":"","background-media":"","overlay-type":"","overlay-color":"","overlay-opacity":"","overlay-gradient":""}},"footnotes":""},"categories":[1],"tags":[],"class_list":["post-1228","post","type-post","status-publish","format-standard","hentry","category-sem-categoria"],"yoast_head":"<!-- This site is optimized with the Yoast SEO plugin v26.6 - https:\/\/yoast.com\/wordpress\/plugins\/seo\/ -->\n<title>Negada liminar a Chiquinho Esc\u00f3rcio contra presidente da C\u00e2mara dos Deputados - Fl\u00e1vio Braga<\/title>\n<meta name=\"robots\" content=\"index, follow, max-snippet:-1, max-image-preview:large, max-video-preview:-1\" \/>\n<link rel=\"canonical\" href=\"https:\/\/www.blogsoestado.com\/flaviobraga\/negada-liminar-a-chiquinho-escorcio-contra-presidente-da-camara-dos-deputados\/\" \/>\n<meta property=\"og:locale\" content=\"pt_BR\" \/>\n<meta property=\"og:type\" content=\"article\" \/>\n<meta property=\"og:title\" content=\"Negada liminar a Chiquinho Esc\u00f3rcio contra presidente da C\u00e2mara dos Deputados - Fl\u00e1vio Braga\" \/>\n<meta property=\"og:description\" content=\"O ministro Dias Toffoli negou liminar ao peemedebista Francisco Luiz Esc\u00f3rcio Lima, mais conhecido como Chiquinho Esc\u00f3rcio. Por meio de [&hellip;]\" \/>\n<meta property=\"og:url\" content=\"https:\/\/www.blogsoestado.com\/flaviobraga\/negada-liminar-a-chiquinho-escorcio-contra-presidente-da-camara-dos-deputados\/\" \/>\n<meta property=\"og:site_name\" content=\"Fl\u00e1vio Braga\" \/>\n<meta property=\"article:published_time\" content=\"2011-03-15T19:15:16+00:00\" \/>\n<meta name=\"author\" content=\"Flavio Braga\" \/>\n<meta name=\"twitter:card\" content=\"summary_large_image\" \/>\n<meta name=\"twitter:label1\" content=\"Escrito por\" \/>\n\t<meta name=\"twitter:data1\" content=\"Flavio Braga\" \/>\n\t<meta name=\"twitter:label2\" content=\"Est. tempo de leitura\" \/>\n\t<meta name=\"twitter:data2\" content=\"2 minutos\" \/>\n<script type=\"application\/ld+json\" class=\"yoast-schema-graph\">{\"@context\":\"https:\/\/schema.org\",\"@graph\":[{\"@type\":\"WebPage\",\"@id\":\"https:\/\/www.blogsoestado.com\/flaviobraga\/negada-liminar-a-chiquinho-escorcio-contra-presidente-da-camara-dos-deputados\/\",\"url\":\"https:\/\/www.blogsoestado.com\/flaviobraga\/negada-liminar-a-chiquinho-escorcio-contra-presidente-da-camara-dos-deputados\/\",\"name\":\"Negada liminar a Chiquinho Esc\u00f3rcio contra presidente da C\u00e2mara dos Deputados - Fl\u00e1vio Braga\",\"isPartOf\":{\"@id\":\"https:\/\/www.blogsoestado.com\/flaviobraga\/#website\"},\"datePublished\":\"2011-03-15T19:15:16+00:00\",\"author\":{\"@id\":\"https:\/\/www.blogsoestado.com\/flaviobraga\/#\/schema\/person\/6c6c778331775c757a82d15206bd8733\"},\"breadcrumb\":{\"@id\":\"https:\/\/www.blogsoestado.com\/flaviobraga\/negada-liminar-a-chiquinho-escorcio-contra-presidente-da-camara-dos-deputados\/#breadcrumb\"},\"inLanguage\":\"pt-BR\",\"potentialAction\":[{\"@type\":\"ReadAction\",\"target\":[\"https:\/\/www.blogsoestado.com\/flaviobraga\/negada-liminar-a-chiquinho-escorcio-contra-presidente-da-camara-dos-deputados\/\"]}]},{\"@type\":\"BreadcrumbList\",\"@id\":\"https:\/\/www.blogsoestado.com\/flaviobraga\/negada-liminar-a-chiquinho-escorcio-contra-presidente-da-camara-dos-deputados\/#breadcrumb\",\"itemListElement\":[{\"@type\":\"ListItem\",\"position\":1,\"name\":\"In\u00edcio\",\"item\":\"https:\/\/www.blogsoestado.com\/flaviobraga\/\"},{\"@type\":\"ListItem\",\"position\":2,\"name\":\"Negada liminar a Chiquinho Esc\u00f3rcio contra presidente da C\u00e2mara dos Deputados\"}]},{\"@type\":\"WebSite\",\"@id\":\"https:\/\/www.blogsoestado.com\/flaviobraga\/#website\",\"url\":\"https:\/\/www.blogsoestado.com\/flaviobraga\/\",\"name\":\"Fl\u00e1vio Braga\",\"description\":\"\",\"potentialAction\":[{\"@type\":\"SearchAction\",\"target\":{\"@type\":\"EntryPoint\",\"urlTemplate\":\"https:\/\/www.blogsoestado.com\/flaviobraga\/?s={search_term_string}\"},\"query-input\":{\"@type\":\"PropertyValueSpecification\",\"valueRequired\":true,\"valueName\":\"search_term_string\"}}],\"inLanguage\":\"pt-BR\"},{\"@type\":\"Person\",\"@id\":\"https:\/\/www.blogsoestado.com\/flaviobraga\/#\/schema\/person\/6c6c778331775c757a82d15206bd8733\",\"name\":\"Flavio Braga\",\"image\":{\"@type\":\"ImageObject\",\"inLanguage\":\"pt-BR\",\"@id\":\"https:\/\/www.blogsoestado.com\/flaviobraga\/#\/schema\/person\/image\/\",\"url\":\"https:\/\/secure.gravatar.com\/avatar\/ab173937dad8d78195c87778be8a0285d069ede375ce0ae24aac1cf8e58ccb2c?s=96&d=mm&r=g\",\"contentUrl\":\"https:\/\/secure.gravatar.com\/avatar\/ab173937dad8d78195c87778be8a0285d069ede375ce0ae24aac1cf8e58ccb2c?s=96&d=mm&r=g\",\"caption\":\"Flavio Braga\"},\"url\":\"https:\/\/www.blogsoestado.com\/flaviobraga\/author\/flaviobraga\/\"}]}<\/script>\n<!-- \/ Yoast SEO plugin. -->","yoast_head_json":{"title":"Negada liminar a Chiquinho Esc\u00f3rcio contra presidente da C\u00e2mara dos Deputados - Fl\u00e1vio Braga","robots":{"index":"index","follow":"follow","max-snippet":"max-snippet:-1","max-image-preview":"max-image-preview:large","max-video-preview":"max-video-preview:-1"},"canonical":"https:\/\/www.blogsoestado.com\/flaviobraga\/negada-liminar-a-chiquinho-escorcio-contra-presidente-da-camara-dos-deputados\/","og_locale":"pt_BR","og_type":"article","og_title":"Negada liminar a Chiquinho Esc\u00f3rcio contra presidente da C\u00e2mara dos Deputados - Fl\u00e1vio Braga","og_description":"O ministro Dias Toffoli negou liminar ao peemedebista Francisco Luiz Esc\u00f3rcio Lima, mais conhecido como Chiquinho Esc\u00f3rcio. Por meio de [&hellip;]","og_url":"https:\/\/www.blogsoestado.com\/flaviobraga\/negada-liminar-a-chiquinho-escorcio-contra-presidente-da-camara-dos-deputados\/","og_site_name":"Fl\u00e1vio Braga","article_published_time":"2011-03-15T19:15:16+00:00","author":"Flavio Braga","twitter_card":"summary_large_image","twitter_misc":{"Escrito por":"Flavio Braga","Est. tempo de leitura":"2 minutos"},"schema":{"@context":"https:\/\/schema.org","@graph":[{"@type":"WebPage","@id":"https:\/\/www.blogsoestado.com\/flaviobraga\/negada-liminar-a-chiquinho-escorcio-contra-presidente-da-camara-dos-deputados\/","url":"https:\/\/www.blogsoestado.com\/flaviobraga\/negada-liminar-a-chiquinho-escorcio-contra-presidente-da-camara-dos-deputados\/","name":"Negada liminar a Chiquinho Esc\u00f3rcio contra presidente da C\u00e2mara dos Deputados - Fl\u00e1vio Braga","isPartOf":{"@id":"https:\/\/www.blogsoestado.com\/flaviobraga\/#website"},"datePublished":"2011-03-15T19:15:16+00:00","author":{"@id":"https:\/\/www.blogsoestado.com\/flaviobraga\/#\/schema\/person\/6c6c778331775c757a82d15206bd8733"},"breadcrumb":{"@id":"https:\/\/www.blogsoestado.com\/flaviobraga\/negada-liminar-a-chiquinho-escorcio-contra-presidente-da-camara-dos-deputados\/#breadcrumb"},"inLanguage":"pt-BR","potentialAction":[{"@type":"ReadAction","target":["https:\/\/www.blogsoestado.com\/flaviobraga\/negada-liminar-a-chiquinho-escorcio-contra-presidente-da-camara-dos-deputados\/"]}]},{"@type":"BreadcrumbList","@id":"https:\/\/www.blogsoestado.com\/flaviobraga\/negada-liminar-a-chiquinho-escorcio-contra-presidente-da-camara-dos-deputados\/#breadcrumb","itemListElement":[{"@type":"ListItem","position":1,"name":"In\u00edcio","item":"https:\/\/www.blogsoestado.com\/flaviobraga\/"},{"@type":"ListItem","position":2,"name":"Negada liminar a Chiquinho Esc\u00f3rcio contra presidente da C\u00e2mara dos Deputados"}]},{"@type":"WebSite","@id":"https:\/\/www.blogsoestado.com\/flaviobraga\/#website","url":"https:\/\/www.blogsoestado.com\/flaviobraga\/","name":"Fl\u00e1vio Braga","description":"","potentialAction":[{"@type":"SearchAction","target":{"@type":"EntryPoint","urlTemplate":"https:\/\/www.blogsoestado.com\/flaviobraga\/?s={search_term_string}"},"query-input":{"@type":"PropertyValueSpecification","valueRequired":true,"valueName":"search_term_string"}}],"inLanguage":"pt-BR"},{"@type":"Person","@id":"https:\/\/www.blogsoestado.com\/flaviobraga\/#\/schema\/person\/6c6c778331775c757a82d15206bd8733","name":"Flavio Braga","image":{"@type":"ImageObject","inLanguage":"pt-BR","@id":"https:\/\/www.blogsoestado.com\/flaviobraga\/#\/schema\/person\/image\/","url":"https:\/\/secure.gravatar.com\/avatar\/ab173937dad8d78195c87778be8a0285d069ede375ce0ae24aac1cf8e58ccb2c?s=96&d=mm&r=g","contentUrl":"https:\/\/secure.gravatar.com\/avatar\/ab173937dad8d78195c87778be8a0285d069ede375ce0ae24aac1cf8e58ccb2c?s=96&d=mm&r=g","caption":"Flavio Braga"},"url":"https:\/\/www.blogsoestado.com\/flaviobraga\/author\/flaviobraga\/"}]}},"jetpack_featured_media_url":"","_links":{"self":[{"href":"https:\/\/www.blogsoestado.com\/flaviobraga\/wp-json\/wp\/v2\/posts\/1228","targetHints":{"allow":["GET"]}}],"collection":[{"href":"https:\/\/www.blogsoestado.com\/flaviobraga\/wp-json\/wp\/v2\/posts"}],"about":[{"href":"https:\/\/www.blogsoestado.com\/flaviobraga\/wp-json\/wp\/v2\/types\/post"}],"author":[{"embeddable":true,"href":"https:\/\/www.blogsoestado.com\/flaviobraga\/wp-json\/wp\/v2\/users\/8"}],"replies":[{"embeddable":true,"href":"https:\/\/www.blogsoestado.com\/flaviobraga\/wp-json\/wp\/v2\/comments?post=1228"}],"version-history":[{"count":0,"href":"https:\/\/www.blogsoestado.com\/flaviobraga\/wp-json\/wp\/v2\/posts\/1228\/revisions"}],"wp:attachment":[{"href":"https:\/\/www.blogsoestado.com\/flaviobraga\/wp-json\/wp\/v2\/media?parent=1228"}],"wp:term":[{"taxonomy":"category","embeddable":true,"href":"https:\/\/www.blogsoestado.com\/flaviobraga\/wp-json\/wp\/v2\/categories?post=1228"},{"taxonomy":"post_tag","embeddable":true,"href":"https:\/\/www.blogsoestado.com\/flaviobraga\/wp-json\/wp\/v2\/tags?post=1228"}],"curies":[{"name":"wp","href":"https:\/\/api.w.org\/{rel}","templated":true}]}}