{"id":1235,"date":"2011-03-16T16:25:44","date_gmt":"2011-03-16T19:25:44","guid":{"rendered":"https:\/\/www.blogsoestado.com\/flaviobraga\/?p=1235"},"modified":"2011-03-16T16:25:44","modified_gmt":"2011-03-16T19:25:44","slug":"o-novo-cpc-em-debate-na-web","status":"publish","type":"post","link":"https:\/\/www.blogsoestado.com\/flaviobraga\/o-novo-cpc-em-debate-na-web\/","title":{"rendered":"O novo CPC em debate na web"},"content":{"rendered":"<p>O governo federal vai iniciar um debate p\u00fablico pela internet sobre a reforma do C\u00f3digo de Processo Civil. A consulta <em>online<\/em> come\u00e7ar\u00e1 no fim do m\u00eas, no <em>site<\/em> do Minist\u00e9rio da Justi\u00e7a. Ap\u00f3s essa etapa, a ideia \u00e9 reunir juristas para discutir os pontos pol\u00eamicos da proposta e enviar as contribui\u00e7\u00f5es ao Congresso.<\/p>\n<p>&#8220;Seria imposs\u00edvel que um c\u00f3digo como esse n\u00e3o provocasse pol\u00eamica. O importante \u00e9 encontrarmos o que melhor representa o pensamento comum e dominante da sociedade&#8221;, disse o ministro da Justi\u00e7a, Jos\u00e9 Eduardo Cardozo.<\/p>\n<p>Aprovado pelo Senado em dezembro, o projeto de lei que trata das mudan\u00e7as no C\u00f3digo de Processo Civil ainda ter\u00e1 de passar pelo crivo da C\u00e2mara dos Deputados.<\/p>\n<p>O objetivo da proposta \u00e9 reduzir pela metade o tempo de tramita\u00e7\u00e3o das a\u00e7\u00f5es judiciais, que atualmente pode durar d\u00e9cadas por causa dos infind\u00e1veis recursos e efeitos suspensivos previstos.<\/p>\n<p>Dados do Conselho Nacional de Justi\u00e7a indicam que 86,6 milh\u00f5es de processos abarrotam os tribunais. Destes, 40 milh\u00f5es est\u00e3o em fase de execu\u00e7\u00e3o. Embora as altera\u00e7\u00f5es no c\u00f3digo sejam esperadas, muitos pontos da reforma t\u00eam causado alvoro\u00e7o.<\/p>\n<p>Na lista das controv\u00e9rsias est\u00e1 o artigo que prev\u00ea multa de at\u00e9 20% do valor da causa para a parte que alterar a verdade dos fatos, praticar atos de deslealdade processual e criar embara\u00e7os \u00e0 Justi\u00e7a. A multa n\u00e3o se aplica a advogados, defensores e promotores, mas, mesmo assim, eles podem ser acionados em suas respectivas institui\u00e7\u00f5es de classe.<\/p>\n<p>H\u00e1 quem veja com desconfian\u00e7a, ainda, a ideia de acabar com o efeito suspensivo autom\u00e1tico no caso de apela\u00e7\u00e3o de uma senten\u00e7a judicial de primeira inst\u00e2ncia. A proposta possibilita a execu\u00e7\u00e3o imediata da senten\u00e7a e tem o objetivo de desestimular os recursos meramente protelat\u00f3rios. A d\u00favida, no entanto, reside na efic\u00e1cia da medida.<\/p>\n<p>Nem todos gostaram, tamb\u00e9m, da ideia de criar um mediador de qualquer profiss\u00e3o (e n\u00e3o necessariamente advogado) para atuar nas concilia\u00e7\u00f5es entre as partes. N\u00e3o \u00e9 s\u00f3: o projeto de lei permite que o advogado de uma parte intime a outra para depor, sem a obrigat\u00f3ria comunica\u00e7\u00e3o do oficial de Justi\u00e7a.<\/p>\n<p>&#8220;Isso causa pol\u00eamica porque o advogado n\u00e3o tem poder coercitivo para obrigar ningu\u00e9m a ir \u00e0 Justi\u00e7a&#8221;, afirmou o presidente da Ordem dos Advogados do Brasil (OAB), Ophir Cavalcante.<\/p>\n<p>Outra inova\u00e7\u00e3o que recebeu sinal verde do Senado \u00e9 vista com reservas por Ophir: a coletiviza\u00e7\u00e3o das a\u00e7\u00f5es (pela qual lit\u00edgios id\u00eanticos passam a tramitar em conjunto nas inst\u00e2ncias inferiores). Se o texto for aprovado como est\u00e1, processos que discutem a cobran\u00e7a da assinatura b\u00e1sica de telefonia, por exemplo, podem ser julgados como um s\u00f3.<\/p>\n<p>&#8220;Hoje, o credor \u00e9 a grande v\u00edtima da demora da Justi\u00e7a, mas esse ponto precisa ser aperfei\u00e7oado para que n\u00e3o haja a paralisa\u00e7\u00e3o dos demais processos. Se for assim, tudo pode demorar ainda mais&#8221;, ponderou Ophir.<\/p>\n","protected":false},"excerpt":{"rendered":"<p>O governo federal vai iniciar um debate p\u00fablico pela internet sobre a reforma do C\u00f3digo de Processo Civil. A consulta [&hellip;]<\/p>\n","protected":false},"author":8,"featured_media":0,"comment_status":"open","ping_status":"open","sticky":false,"template":"","format":"standard","meta":{"site-sidebar-layout":"default","site-content-layout":"","ast-site-content-layout":"default","site-content-style":"default","site-sidebar-style":"default","ast-global-header-display":"","ast-banner-title-visibility":"","ast-main-header-display":"","ast-hfb-above-header-display":"","ast-hfb-below-header-display":"","ast-hfb-mobile-header-display":"","site-post-title":"","ast-breadcrumbs-content":"","ast-featured-img":"","footer-sml-layout":"","ast-disable-related-posts":"","theme-transparent-header-meta":"","adv-header-id-meta":"","stick-header-meta":"","header-above-stick-meta":"","header-main-stick-meta":"","header-below-stick-meta":"","astra-migrate-meta-layouts":"default","ast-page-background-enabled":"default","ast-page-background-meta":{"desktop":{"background-color":"var(--ast-global-color-5)","background-image":"","background-repeat":"repeat","background-position":"center center","background-size":"auto","background-attachment":"scroll","background-type":"","background-media":"","overlay-type":"","overlay-color":"","overlay-opacity":"","overlay-gradient":""},"tablet":{"background-color":"","background-image":"","background-repeat":"repeat","background-position":"center center","background-size":"auto","background-attachment":"scroll","background-type":"","background-media":"","overlay-type":"","overlay-color":"","overlay-opacity":"","overlay-gradient":""},"mobile":{"background-color":"","background-image":"","background-repeat":"repeat","background-position":"center center","background-size":"auto","background-attachment":"scroll","background-type":"","background-media":"","overlay-type":"","overlay-color":"","overlay-opacity":"","overlay-gradient":""}},"ast-content-background-meta":{"desktop":{"background-color":"var(--ast-global-color-4)","background-image":"","background-repeat":"repeat","background-position":"center center","background-size":"auto","background-attachment":"scroll","background-type":"","background-media":"","overlay-type":"","overlay-color":"","overlay-opacity":"","overlay-gradient":""},"tablet":{"background-color":"var(--ast-global-color-4)","background-image":"","background-repeat":"repeat","background-position":"center center","background-size":"auto","background-attachment":"scroll","background-type":"","background-media":"","overlay-type":"","overlay-color":"","overlay-opacity":"","overlay-gradient":""},"mobile":{"background-color":"var(--ast-global-color-4)","background-image":"","background-repeat":"repeat","background-position":"center center","background-size":"auto","background-attachment":"scroll","background-type":"","background-media":"","overlay-type":"","overlay-color":"","overlay-opacity":"","overlay-gradient":""}},"footnotes":""},"categories":[1],"tags":[],"class_list":["post-1235","post","type-post","status-publish","format-standard","hentry","category-sem-categoria"],"yoast_head":"<!-- This site is optimized with the Yoast SEO plugin v26.6 - https:\/\/yoast.com\/wordpress\/plugins\/seo\/ -->\n<title>O novo CPC em debate na web - Fl\u00e1vio Braga<\/title>\n<meta name=\"robots\" content=\"index, follow, max-snippet:-1, max-image-preview:large, max-video-preview:-1\" \/>\n<link rel=\"canonical\" href=\"https:\/\/www.blogsoestado.com\/flaviobraga\/o-novo-cpc-em-debate-na-web\/\" \/>\n<meta property=\"og:locale\" content=\"pt_BR\" \/>\n<meta property=\"og:type\" content=\"article\" \/>\n<meta property=\"og:title\" content=\"O novo CPC em debate na web - Fl\u00e1vio Braga\" \/>\n<meta property=\"og:description\" content=\"O governo federal vai iniciar um debate p\u00fablico pela internet sobre a reforma do C\u00f3digo de Processo Civil. A consulta [&hellip;]\" \/>\n<meta property=\"og:url\" content=\"https:\/\/www.blogsoestado.com\/flaviobraga\/o-novo-cpc-em-debate-na-web\/\" \/>\n<meta property=\"og:site_name\" content=\"Fl\u00e1vio Braga\" \/>\n<meta property=\"article:published_time\" content=\"2011-03-16T19:25:44+00:00\" \/>\n<meta name=\"author\" content=\"Flavio Braga\" \/>\n<meta name=\"twitter:card\" content=\"summary_large_image\" \/>\n<meta name=\"twitter:label1\" content=\"Escrito por\" \/>\n\t<meta name=\"twitter:data1\" content=\"Flavio Braga\" \/>\n\t<meta name=\"twitter:label2\" content=\"Est. tempo de leitura\" \/>\n\t<meta name=\"twitter:data2\" content=\"3 minutos\" \/>\n<script type=\"application\/ld+json\" class=\"yoast-schema-graph\">{\"@context\":\"https:\/\/schema.org\",\"@graph\":[{\"@type\":\"WebPage\",\"@id\":\"https:\/\/www.blogsoestado.com\/flaviobraga\/o-novo-cpc-em-debate-na-web\/\",\"url\":\"https:\/\/www.blogsoestado.com\/flaviobraga\/o-novo-cpc-em-debate-na-web\/\",\"name\":\"O novo CPC em debate na web - Fl\u00e1vio Braga\",\"isPartOf\":{\"@id\":\"https:\/\/www.blogsoestado.com\/flaviobraga\/#website\"},\"datePublished\":\"2011-03-16T19:25:44+00:00\",\"author\":{\"@id\":\"https:\/\/www.blogsoestado.com\/flaviobraga\/#\/schema\/person\/6c6c778331775c757a82d15206bd8733\"},\"breadcrumb\":{\"@id\":\"https:\/\/www.blogsoestado.com\/flaviobraga\/o-novo-cpc-em-debate-na-web\/#breadcrumb\"},\"inLanguage\":\"pt-BR\",\"potentialAction\":[{\"@type\":\"ReadAction\",\"target\":[\"https:\/\/www.blogsoestado.com\/flaviobraga\/o-novo-cpc-em-debate-na-web\/\"]}]},{\"@type\":\"BreadcrumbList\",\"@id\":\"https:\/\/www.blogsoestado.com\/flaviobraga\/o-novo-cpc-em-debate-na-web\/#breadcrumb\",\"itemListElement\":[{\"@type\":\"ListItem\",\"position\":1,\"name\":\"In\u00edcio\",\"item\":\"https:\/\/www.blogsoestado.com\/flaviobraga\/\"},{\"@type\":\"ListItem\",\"position\":2,\"name\":\"O novo CPC em debate na web\"}]},{\"@type\":\"WebSite\",\"@id\":\"https:\/\/www.blogsoestado.com\/flaviobraga\/#website\",\"url\":\"https:\/\/www.blogsoestado.com\/flaviobraga\/\",\"name\":\"Fl\u00e1vio Braga\",\"description\":\"\",\"potentialAction\":[{\"@type\":\"SearchAction\",\"target\":{\"@type\":\"EntryPoint\",\"urlTemplate\":\"https:\/\/www.blogsoestado.com\/flaviobraga\/?s={search_term_string}\"},\"query-input\":{\"@type\":\"PropertyValueSpecification\",\"valueRequired\":true,\"valueName\":\"search_term_string\"}}],\"inLanguage\":\"pt-BR\"},{\"@type\":\"Person\",\"@id\":\"https:\/\/www.blogsoestado.com\/flaviobraga\/#\/schema\/person\/6c6c778331775c757a82d15206bd8733\",\"name\":\"Flavio Braga\",\"image\":{\"@type\":\"ImageObject\",\"inLanguage\":\"pt-BR\",\"@id\":\"https:\/\/www.blogsoestado.com\/flaviobraga\/#\/schema\/person\/image\/\",\"url\":\"https:\/\/secure.gravatar.com\/avatar\/ab173937dad8d78195c87778be8a0285d069ede375ce0ae24aac1cf8e58ccb2c?s=96&d=mm&r=g\",\"contentUrl\":\"https:\/\/secure.gravatar.com\/avatar\/ab173937dad8d78195c87778be8a0285d069ede375ce0ae24aac1cf8e58ccb2c?s=96&d=mm&r=g\",\"caption\":\"Flavio Braga\"},\"url\":\"https:\/\/www.blogsoestado.com\/flaviobraga\/author\/flaviobraga\/\"}]}<\/script>\n<!-- \/ Yoast SEO plugin. -->","yoast_head_json":{"title":"O novo CPC em debate na web - Fl\u00e1vio Braga","robots":{"index":"index","follow":"follow","max-snippet":"max-snippet:-1","max-image-preview":"max-image-preview:large","max-video-preview":"max-video-preview:-1"},"canonical":"https:\/\/www.blogsoestado.com\/flaviobraga\/o-novo-cpc-em-debate-na-web\/","og_locale":"pt_BR","og_type":"article","og_title":"O novo CPC em debate na web - Fl\u00e1vio Braga","og_description":"O governo federal vai iniciar um debate p\u00fablico pela internet sobre a reforma do C\u00f3digo de Processo Civil. A consulta [&hellip;]","og_url":"https:\/\/www.blogsoestado.com\/flaviobraga\/o-novo-cpc-em-debate-na-web\/","og_site_name":"Fl\u00e1vio Braga","article_published_time":"2011-03-16T19:25:44+00:00","author":"Flavio Braga","twitter_card":"summary_large_image","twitter_misc":{"Escrito por":"Flavio Braga","Est. tempo de leitura":"3 minutos"},"schema":{"@context":"https:\/\/schema.org","@graph":[{"@type":"WebPage","@id":"https:\/\/www.blogsoestado.com\/flaviobraga\/o-novo-cpc-em-debate-na-web\/","url":"https:\/\/www.blogsoestado.com\/flaviobraga\/o-novo-cpc-em-debate-na-web\/","name":"O novo CPC em debate na web - Fl\u00e1vio Braga","isPartOf":{"@id":"https:\/\/www.blogsoestado.com\/flaviobraga\/#website"},"datePublished":"2011-03-16T19:25:44+00:00","author":{"@id":"https:\/\/www.blogsoestado.com\/flaviobraga\/#\/schema\/person\/6c6c778331775c757a82d15206bd8733"},"breadcrumb":{"@id":"https:\/\/www.blogsoestado.com\/flaviobraga\/o-novo-cpc-em-debate-na-web\/#breadcrumb"},"inLanguage":"pt-BR","potentialAction":[{"@type":"ReadAction","target":["https:\/\/www.blogsoestado.com\/flaviobraga\/o-novo-cpc-em-debate-na-web\/"]}]},{"@type":"BreadcrumbList","@id":"https:\/\/www.blogsoestado.com\/flaviobraga\/o-novo-cpc-em-debate-na-web\/#breadcrumb","itemListElement":[{"@type":"ListItem","position":1,"name":"In\u00edcio","item":"https:\/\/www.blogsoestado.com\/flaviobraga\/"},{"@type":"ListItem","position":2,"name":"O novo CPC em debate na web"}]},{"@type":"WebSite","@id":"https:\/\/www.blogsoestado.com\/flaviobraga\/#website","url":"https:\/\/www.blogsoestado.com\/flaviobraga\/","name":"Fl\u00e1vio Braga","description":"","potentialAction":[{"@type":"SearchAction","target":{"@type":"EntryPoint","urlTemplate":"https:\/\/www.blogsoestado.com\/flaviobraga\/?s={search_term_string}"},"query-input":{"@type":"PropertyValueSpecification","valueRequired":true,"valueName":"search_term_string"}}],"inLanguage":"pt-BR"},{"@type":"Person","@id":"https:\/\/www.blogsoestado.com\/flaviobraga\/#\/schema\/person\/6c6c778331775c757a82d15206bd8733","name":"Flavio Braga","image":{"@type":"ImageObject","inLanguage":"pt-BR","@id":"https:\/\/www.blogsoestado.com\/flaviobraga\/#\/schema\/person\/image\/","url":"https:\/\/secure.gravatar.com\/avatar\/ab173937dad8d78195c87778be8a0285d069ede375ce0ae24aac1cf8e58ccb2c?s=96&d=mm&r=g","contentUrl":"https:\/\/secure.gravatar.com\/avatar\/ab173937dad8d78195c87778be8a0285d069ede375ce0ae24aac1cf8e58ccb2c?s=96&d=mm&r=g","caption":"Flavio Braga"},"url":"https:\/\/www.blogsoestado.com\/flaviobraga\/author\/flaviobraga\/"}]}},"jetpack_featured_media_url":"","_links":{"self":[{"href":"https:\/\/www.blogsoestado.com\/flaviobraga\/wp-json\/wp\/v2\/posts\/1235","targetHints":{"allow":["GET"]}}],"collection":[{"href":"https:\/\/www.blogsoestado.com\/flaviobraga\/wp-json\/wp\/v2\/posts"}],"about":[{"href":"https:\/\/www.blogsoestado.com\/flaviobraga\/wp-json\/wp\/v2\/types\/post"}],"author":[{"embeddable":true,"href":"https:\/\/www.blogsoestado.com\/flaviobraga\/wp-json\/wp\/v2\/users\/8"}],"replies":[{"embeddable":true,"href":"https:\/\/www.blogsoestado.com\/flaviobraga\/wp-json\/wp\/v2\/comments?post=1235"}],"version-history":[{"count":0,"href":"https:\/\/www.blogsoestado.com\/flaviobraga\/wp-json\/wp\/v2\/posts\/1235\/revisions"}],"wp:attachment":[{"href":"https:\/\/www.blogsoestado.com\/flaviobraga\/wp-json\/wp\/v2\/media?parent=1235"}],"wp:term":[{"taxonomy":"category","embeddable":true,"href":"https:\/\/www.blogsoestado.com\/flaviobraga\/wp-json\/wp\/v2\/categories?post=1235"},{"taxonomy":"post_tag","embeddable":true,"href":"https:\/\/www.blogsoestado.com\/flaviobraga\/wp-json\/wp\/v2\/tags?post=1235"}],"curies":[{"name":"wp","href":"https:\/\/api.w.org\/{rel}","templated":true}]}}