{"id":1242,"date":"2011-03-17T15:43:17","date_gmt":"2011-03-17T18:43:17","guid":{"rendered":"https:\/\/www.blogsoestado.com\/flaviobraga\/?p=1242"},"modified":"2011-03-17T15:43:17","modified_gmt":"2011-03-17T18:43:17","slug":"pedido-de-vista-adia-votacao-da-pec-dos-suplentes","status":"publish","type":"post","link":"https:\/\/www.blogsoestado.com\/flaviobraga\/pedido-de-vista-adia-votacao-da-pec-dos-suplentes\/","title":{"rendered":"Pedido de vista adia vota\u00e7\u00e3o da PEC dos Suplentes"},"content":{"rendered":"<p>Um pedido de vista feito por dois deputados adiou na \u00faltima quarta-feira (14) a vota\u00e7\u00e3o do relat\u00f3rio da Proposta de Emenda \u00e0 Constitui\u00e7\u00e3o 2\/11, a PEC dos Suplentes, na Comiss\u00e3o de Constitui\u00e7\u00e3o e Justi\u00e7a (CCJ) da C\u00e2mara.<\/p>\n<p>A mat\u00e9ria prev\u00ea que o substituto do deputado titular em caso de licen\u00e7a ou ren\u00fancia deva ser o mais votado da coliga\u00e7\u00e3o. Somente quando n\u00e3o houver alian\u00e7a eleitoral \u00e9 que assumir\u00e1 o suplente do partido. O colegiado deve voltar \u00e0 an\u00e1lise do texto elaborado pelo relator Mendon\u00e7a Filho (DEM-PE) em duas semanas.<\/p>\n<p>A vista \u00a0foi pedida pelos deputados Jo\u00e3o Paulo Lima (PT-PE) e Paes Landim (PTB-PI).<\/p>\n<p>O relator da proposta recomendou sua aprova\u00e7\u00e3o quanto \u00e0 admissibilidade. Ao ler seu parecer na comiss\u00e3o, ele disse que a PEC n\u00e3o fere a Constitui\u00e7\u00e3o. \u201cA proposi\u00e7\u00e3o tem por objetivo explicitar o direito j\u00e1 previsto no ordenamento jur\u00eddico infraconstitucional\u201d, disse.<\/p>\n<p>A PEC foi apresentada ap\u00f3s o Supremo Tribunal Federal (STF) decidir, ao julgar um mandado de seguran\u00e7a, que o efeito das coliga\u00e7\u00f5es se encerra ap\u00f3s as elei\u00e7\u00f5es e que o mandato pertence ao partido.<\/p>\n<p>O adiamento da vota\u00e7\u00e3o irritou o autor da proposta, Ronaldo Caiado (DEM-GO). &#8220;Agora ser\u00e3o mais duas semanas de discuss\u00e3o da PEC dos Suplentes na CCJ. Quebraram o acordo para manter conveni\u00eancias. Vergonhoso! Enquanto houver atitudes personalistas,\u00a0a imagem da pol\u00edtica continuar\u00e1 em descr\u00e9dito. \u00c9 preciso pensar no coletivo, respeitar acordos e leis&#8221;, disparou, referindo-se ao acordo feito pelos l\u00edderes partid\u00e1rios, em fevereiro, para a mat\u00e9ria tramitar com celeridade.<\/p>\n","protected":false},"excerpt":{"rendered":"<p>Um pedido de vista feito por dois deputados adiou na \u00faltima quarta-feira (14) a vota\u00e7\u00e3o do relat\u00f3rio da Proposta de [&hellip;]<\/p>\n","protected":false},"author":8,"featured_media":0,"comment_status":"open","ping_status":"open","sticky":false,"template":"","format":"standard","meta":{"site-sidebar-layout":"default","site-content-layout":"","ast-site-content-layout":"default","site-content-style":"default","site-sidebar-style":"default","ast-global-header-display":"","ast-banner-title-visibility":"","ast-main-header-display":"","ast-hfb-above-header-display":"","ast-hfb-below-header-display":"","ast-hfb-mobile-header-display":"","site-post-title":"","ast-breadcrumbs-content":"","ast-featured-img":"","footer-sml-layout":"","ast-disable-related-posts":"","theme-transparent-header-meta":"","adv-header-id-meta":"","stick-header-meta":"","header-above-stick-meta":"","header-main-stick-meta":"","header-below-stick-meta":"","astra-migrate-meta-layouts":"default","ast-page-background-enabled":"default","ast-page-background-meta":{"desktop":{"background-color":"var(--ast-global-color-5)","background-image":"","background-repeat":"repeat","background-position":"center center","background-size":"auto","background-attachment":"scroll","background-type":"","background-media":"","overlay-type":"","overlay-color":"","overlay-opacity":"","overlay-gradient":""},"tablet":{"background-color":"","background-image":"","background-repeat":"repeat","background-position":"center center","background-size":"auto","background-attachment":"scroll","background-type":"","background-media":"","overlay-type":"","overlay-color":"","overlay-opacity":"","overlay-gradient":""},"mobile":{"background-color":"","background-image":"","background-repeat":"repeat","background-position":"center center","background-size":"auto","background-attachment":"scroll","background-type":"","background-media":"","overlay-type":"","overlay-color":"","overlay-opacity":"","overlay-gradient":""}},"ast-content-background-meta":{"desktop":{"background-color":"var(--ast-global-color-4)","background-image":"","background-repeat":"repeat","background-position":"center center","background-size":"auto","background-attachment":"scroll","background-type":"","background-media":"","overlay-type":"","overlay-color":"","overlay-opacity":"","overlay-gradient":""},"tablet":{"background-color":"var(--ast-global-color-4)","background-image":"","background-repeat":"repeat","background-position":"center center","background-size":"auto","background-attachment":"scroll","background-type":"","background-media":"","overlay-type":"","overlay-color":"","overlay-opacity":"","overlay-gradient":""},"mobile":{"background-color":"var(--ast-global-color-4)","background-image":"","background-repeat":"repeat","background-position":"center center","background-size":"auto","background-attachment":"scroll","background-type":"","background-media":"","overlay-type":"","overlay-color":"","overlay-opacity":"","overlay-gradient":""}},"footnotes":""},"categories":[1],"tags":[],"class_list":["post-1242","post","type-post","status-publish","format-standard","hentry","category-sem-categoria"],"yoast_head":"<!-- This site is optimized with the Yoast SEO plugin v26.6 - https:\/\/yoast.com\/wordpress\/plugins\/seo\/ -->\n<title>Pedido de vista adia vota\u00e7\u00e3o da PEC dos Suplentes - Fl\u00e1vio Braga<\/title>\n<meta name=\"robots\" content=\"index, follow, max-snippet:-1, max-image-preview:large, max-video-preview:-1\" \/>\n<link rel=\"canonical\" href=\"https:\/\/www.blogsoestado.com\/flaviobraga\/pedido-de-vista-adia-votacao-da-pec-dos-suplentes\/\" \/>\n<meta property=\"og:locale\" content=\"pt_BR\" \/>\n<meta property=\"og:type\" content=\"article\" \/>\n<meta property=\"og:title\" content=\"Pedido de vista adia vota\u00e7\u00e3o da PEC dos Suplentes - Fl\u00e1vio Braga\" \/>\n<meta property=\"og:description\" content=\"Um pedido de vista feito por dois deputados adiou na \u00faltima quarta-feira (14) a vota\u00e7\u00e3o do relat\u00f3rio da Proposta de [&hellip;]\" \/>\n<meta property=\"og:url\" content=\"https:\/\/www.blogsoestado.com\/flaviobraga\/pedido-de-vista-adia-votacao-da-pec-dos-suplentes\/\" \/>\n<meta property=\"og:site_name\" content=\"Fl\u00e1vio Braga\" \/>\n<meta property=\"article:published_time\" content=\"2011-03-17T18:43:17+00:00\" \/>\n<meta name=\"author\" content=\"Flavio Braga\" \/>\n<meta name=\"twitter:card\" content=\"summary_large_image\" \/>\n<meta name=\"twitter:label1\" content=\"Escrito por\" \/>\n\t<meta name=\"twitter:data1\" content=\"Flavio Braga\" \/>\n\t<meta name=\"twitter:label2\" content=\"Est. tempo de leitura\" \/>\n\t<meta name=\"twitter:data2\" content=\"1 minuto\" \/>\n<script type=\"application\/ld+json\" class=\"yoast-schema-graph\">{\"@context\":\"https:\/\/schema.org\",\"@graph\":[{\"@type\":\"WebPage\",\"@id\":\"https:\/\/www.blogsoestado.com\/flaviobraga\/pedido-de-vista-adia-votacao-da-pec-dos-suplentes\/\",\"url\":\"https:\/\/www.blogsoestado.com\/flaviobraga\/pedido-de-vista-adia-votacao-da-pec-dos-suplentes\/\",\"name\":\"Pedido de vista adia vota\u00e7\u00e3o da PEC dos Suplentes - Fl\u00e1vio Braga\",\"isPartOf\":{\"@id\":\"https:\/\/www.blogsoestado.com\/flaviobraga\/#website\"},\"datePublished\":\"2011-03-17T18:43:17+00:00\",\"author\":{\"@id\":\"https:\/\/www.blogsoestado.com\/flaviobraga\/#\/schema\/person\/6c6c778331775c757a82d15206bd8733\"},\"breadcrumb\":{\"@id\":\"https:\/\/www.blogsoestado.com\/flaviobraga\/pedido-de-vista-adia-votacao-da-pec-dos-suplentes\/#breadcrumb\"},\"inLanguage\":\"pt-BR\",\"potentialAction\":[{\"@type\":\"ReadAction\",\"target\":[\"https:\/\/www.blogsoestado.com\/flaviobraga\/pedido-de-vista-adia-votacao-da-pec-dos-suplentes\/\"]}]},{\"@type\":\"BreadcrumbList\",\"@id\":\"https:\/\/www.blogsoestado.com\/flaviobraga\/pedido-de-vista-adia-votacao-da-pec-dos-suplentes\/#breadcrumb\",\"itemListElement\":[{\"@type\":\"ListItem\",\"position\":1,\"name\":\"In\u00edcio\",\"item\":\"https:\/\/www.blogsoestado.com\/flaviobraga\/\"},{\"@type\":\"ListItem\",\"position\":2,\"name\":\"Pedido de vista adia vota\u00e7\u00e3o da PEC dos Suplentes\"}]},{\"@type\":\"WebSite\",\"@id\":\"https:\/\/www.blogsoestado.com\/flaviobraga\/#website\",\"url\":\"https:\/\/www.blogsoestado.com\/flaviobraga\/\",\"name\":\"Fl\u00e1vio Braga\",\"description\":\"\",\"potentialAction\":[{\"@type\":\"SearchAction\",\"target\":{\"@type\":\"EntryPoint\",\"urlTemplate\":\"https:\/\/www.blogsoestado.com\/flaviobraga\/?s={search_term_string}\"},\"query-input\":{\"@type\":\"PropertyValueSpecification\",\"valueRequired\":true,\"valueName\":\"search_term_string\"}}],\"inLanguage\":\"pt-BR\"},{\"@type\":\"Person\",\"@id\":\"https:\/\/www.blogsoestado.com\/flaviobraga\/#\/schema\/person\/6c6c778331775c757a82d15206bd8733\",\"name\":\"Flavio Braga\",\"image\":{\"@type\":\"ImageObject\",\"inLanguage\":\"pt-BR\",\"@id\":\"https:\/\/www.blogsoestado.com\/flaviobraga\/#\/schema\/person\/image\/\",\"url\":\"https:\/\/secure.gravatar.com\/avatar\/ab173937dad8d78195c87778be8a0285d069ede375ce0ae24aac1cf8e58ccb2c?s=96&d=mm&r=g\",\"contentUrl\":\"https:\/\/secure.gravatar.com\/avatar\/ab173937dad8d78195c87778be8a0285d069ede375ce0ae24aac1cf8e58ccb2c?s=96&d=mm&r=g\",\"caption\":\"Flavio Braga\"},\"url\":\"https:\/\/www.blogsoestado.com\/flaviobraga\/author\/flaviobraga\/\"}]}<\/script>\n<!-- \/ Yoast SEO plugin. -->","yoast_head_json":{"title":"Pedido de vista adia vota\u00e7\u00e3o da PEC dos Suplentes - Fl\u00e1vio Braga","robots":{"index":"index","follow":"follow","max-snippet":"max-snippet:-1","max-image-preview":"max-image-preview:large","max-video-preview":"max-video-preview:-1"},"canonical":"https:\/\/www.blogsoestado.com\/flaviobraga\/pedido-de-vista-adia-votacao-da-pec-dos-suplentes\/","og_locale":"pt_BR","og_type":"article","og_title":"Pedido de vista adia vota\u00e7\u00e3o da PEC dos Suplentes - Fl\u00e1vio Braga","og_description":"Um pedido de vista feito por dois deputados adiou na \u00faltima quarta-feira (14) a vota\u00e7\u00e3o do relat\u00f3rio da Proposta de [&hellip;]","og_url":"https:\/\/www.blogsoestado.com\/flaviobraga\/pedido-de-vista-adia-votacao-da-pec-dos-suplentes\/","og_site_name":"Fl\u00e1vio Braga","article_published_time":"2011-03-17T18:43:17+00:00","author":"Flavio Braga","twitter_card":"summary_large_image","twitter_misc":{"Escrito por":"Flavio Braga","Est. tempo de leitura":"1 minuto"},"schema":{"@context":"https:\/\/schema.org","@graph":[{"@type":"WebPage","@id":"https:\/\/www.blogsoestado.com\/flaviobraga\/pedido-de-vista-adia-votacao-da-pec-dos-suplentes\/","url":"https:\/\/www.blogsoestado.com\/flaviobraga\/pedido-de-vista-adia-votacao-da-pec-dos-suplentes\/","name":"Pedido de vista adia vota\u00e7\u00e3o da PEC dos Suplentes - Fl\u00e1vio Braga","isPartOf":{"@id":"https:\/\/www.blogsoestado.com\/flaviobraga\/#website"},"datePublished":"2011-03-17T18:43:17+00:00","author":{"@id":"https:\/\/www.blogsoestado.com\/flaviobraga\/#\/schema\/person\/6c6c778331775c757a82d15206bd8733"},"breadcrumb":{"@id":"https:\/\/www.blogsoestado.com\/flaviobraga\/pedido-de-vista-adia-votacao-da-pec-dos-suplentes\/#breadcrumb"},"inLanguage":"pt-BR","potentialAction":[{"@type":"ReadAction","target":["https:\/\/www.blogsoestado.com\/flaviobraga\/pedido-de-vista-adia-votacao-da-pec-dos-suplentes\/"]}]},{"@type":"BreadcrumbList","@id":"https:\/\/www.blogsoestado.com\/flaviobraga\/pedido-de-vista-adia-votacao-da-pec-dos-suplentes\/#breadcrumb","itemListElement":[{"@type":"ListItem","position":1,"name":"In\u00edcio","item":"https:\/\/www.blogsoestado.com\/flaviobraga\/"},{"@type":"ListItem","position":2,"name":"Pedido de vista adia vota\u00e7\u00e3o da PEC dos Suplentes"}]},{"@type":"WebSite","@id":"https:\/\/www.blogsoestado.com\/flaviobraga\/#website","url":"https:\/\/www.blogsoestado.com\/flaviobraga\/","name":"Fl\u00e1vio Braga","description":"","potentialAction":[{"@type":"SearchAction","target":{"@type":"EntryPoint","urlTemplate":"https:\/\/www.blogsoestado.com\/flaviobraga\/?s={search_term_string}"},"query-input":{"@type":"PropertyValueSpecification","valueRequired":true,"valueName":"search_term_string"}}],"inLanguage":"pt-BR"},{"@type":"Person","@id":"https:\/\/www.blogsoestado.com\/flaviobraga\/#\/schema\/person\/6c6c778331775c757a82d15206bd8733","name":"Flavio Braga","image":{"@type":"ImageObject","inLanguage":"pt-BR","@id":"https:\/\/www.blogsoestado.com\/flaviobraga\/#\/schema\/person\/image\/","url":"https:\/\/secure.gravatar.com\/avatar\/ab173937dad8d78195c87778be8a0285d069ede375ce0ae24aac1cf8e58ccb2c?s=96&d=mm&r=g","contentUrl":"https:\/\/secure.gravatar.com\/avatar\/ab173937dad8d78195c87778be8a0285d069ede375ce0ae24aac1cf8e58ccb2c?s=96&d=mm&r=g","caption":"Flavio Braga"},"url":"https:\/\/www.blogsoestado.com\/flaviobraga\/author\/flaviobraga\/"}]}},"jetpack_featured_media_url":"","_links":{"self":[{"href":"https:\/\/www.blogsoestado.com\/flaviobraga\/wp-json\/wp\/v2\/posts\/1242","targetHints":{"allow":["GET"]}}],"collection":[{"href":"https:\/\/www.blogsoestado.com\/flaviobraga\/wp-json\/wp\/v2\/posts"}],"about":[{"href":"https:\/\/www.blogsoestado.com\/flaviobraga\/wp-json\/wp\/v2\/types\/post"}],"author":[{"embeddable":true,"href":"https:\/\/www.blogsoestado.com\/flaviobraga\/wp-json\/wp\/v2\/users\/8"}],"replies":[{"embeddable":true,"href":"https:\/\/www.blogsoestado.com\/flaviobraga\/wp-json\/wp\/v2\/comments?post=1242"}],"version-history":[{"count":0,"href":"https:\/\/www.blogsoestado.com\/flaviobraga\/wp-json\/wp\/v2\/posts\/1242\/revisions"}],"wp:attachment":[{"href":"https:\/\/www.blogsoestado.com\/flaviobraga\/wp-json\/wp\/v2\/media?parent=1242"}],"wp:term":[{"taxonomy":"category","embeddable":true,"href":"https:\/\/www.blogsoestado.com\/flaviobraga\/wp-json\/wp\/v2\/categories?post=1242"},{"taxonomy":"post_tag","embeddable":true,"href":"https:\/\/www.blogsoestado.com\/flaviobraga\/wp-json\/wp\/v2\/tags?post=1242"}],"curies":[{"name":"wp","href":"https:\/\/api.w.org\/{rel}","templated":true}]}}