{"id":1244,"date":"2011-03-18T18:53:54","date_gmt":"2011-03-18T21:53:54","guid":{"rendered":"https:\/\/www.blogsoestado.com\/flaviobraga\/?p=1244"},"modified":"2011-03-18T18:53:54","modified_gmt":"2011-03-18T21:53:54","slug":"marco-aurelio-encaminha-decisao-sobre-suplente-ao-presidente-do-stf-e-a-pgr","status":"publish","type":"post","link":"https:\/\/www.blogsoestado.com\/flaviobraga\/marco-aurelio-encaminha-decisao-sobre-suplente-ao-presidente-do-stf-e-a-pgr\/","title":{"rendered":"Marco Aur\u00e9lio encaminha decis\u00e3o sobre suplente ao presidente do STF e \u00e0 PGR"},"content":{"rendered":"<p>Por considerar \u201cresist\u00eancia a ato judicial emanado do Supremo\u201d a atitude do presidente da C\u00e2mara dos Deputados em n\u00e3o cumprir sua decis\u00e3o liminar no Mandado de Seguran\u00e7a (MS) 30357, o ministro Marco Aur\u00e9lio, do Supremo Tribunal Federal (STF), determinou que seja encaminhada c\u00f3pia da decis\u00e3o ao presidente do STF e ao Procurador-Geral da Rep\u00fablica, para \u201ctomarem as provid\u00eancias cab\u00edveis\u201d.<\/p>\n<p>Em 12 de fevereiro, ao analisar o pedido de liminar no mandado de seguran\u00e7a ajuizado na Suprema Corte pelo suplente de deputado federal Severino de Souza Silva, do PSB de Pernambuco, o ministro determinou que fosse dada posse ao impetrante no cargo de deputado federal, em virtude da vaga aberta com o afastamento do Danilo Jorge de Barros Cabral, da mesma legenda.<\/p>\n<p>Mas, segundo o pr\u00f3prio impetrante, a Casa Legislativa resolveu adotar o rito do Ato 37\/2009, da Mesa da C\u00e2mara, e solicitou ao corregedor daquela casa parlamentar que procedesse \u00e0 notifica\u00e7\u00e3o do primeiro suplente da coliga\u00e7\u00e3o \u2013 e n\u00e3o do partido &#8211; para tomar posse.<\/p>\n<p>O suplente, ent\u00e3o, apresentou uma peti\u00e7\u00e3o nos autos do mandado de seguran\u00e7a, pleiteando a expedi\u00e7\u00e3o de of\u00edcio determinado ao presidente da C\u00e2mara que cumpra a medida liminar.<\/p>\n<p><strong>Sil\u00eancio<\/strong><strong><\/p>\n<p><\/strong>Ao confirmar sua decis\u00e3o, o ministro Marco Aur\u00e9lio lista os argumentos que o levam a crer que a vaga, no caso de afastamento, \u00e9 do partido e n\u00e3o da coliga\u00e7\u00e3o. Ele cita, entre outros, o artigo 112 do C\u00f3digo Eleitoral, dispositivo segundo o qual s\u00e3o suplentes os mais votados sob a mesma legenda e n\u00e3o eleitos efetivos das listas dos respectivos partidos. \u201cO sil\u00eancio do preceito quanto \u00e0s coliga\u00e7\u00f5es revela-se eloq\u00fcente. \u00c9 que acabam estas suplantadas a partir do momento em que, terminado o certame, haja a apura\u00e7\u00e3o dos candidatos eleitos\u201d, alerta o ministro Marco Aur\u00e9lio.<\/p>\n<p><strong>Descumprimento<\/strong><strong><\/p>\n<p><\/strong>\u201cQuanto ao quadro, que j\u00e1 tive a oportunidade de rotular como preocupante, notem que, em um Estado Democr\u00e1tico de Direito, os pronunciamentos judiciais devem ser imediatamente acatados, em especial quando relativos a mandado de seguran\u00e7a. Nada justifica o descumprimento quer pelo cidad\u00e3o comum, quer por agente pol\u00edtico, quer por segmento de um Poder como \u00e9 a C\u00e2mara dos Deputados\u201d, frisou o ministro em sua decis\u00e3o.<\/p>\n","protected":false},"excerpt":{"rendered":"<p>Por considerar \u201cresist\u00eancia a ato judicial emanado do Supremo\u201d a atitude do presidente da C\u00e2mara dos Deputados em n\u00e3o cumprir [&hellip;]<\/p>\n","protected":false},"author":8,"featured_media":0,"comment_status":"open","ping_status":"open","sticky":false,"template":"","format":"standard","meta":{"site-sidebar-layout":"default","site-content-layout":"","ast-site-content-layout":"default","site-content-style":"default","site-sidebar-style":"default","ast-global-header-display":"","ast-banner-title-visibility":"","ast-main-header-display":"","ast-hfb-above-header-display":"","ast-hfb-below-header-display":"","ast-hfb-mobile-header-display":"","site-post-title":"","ast-breadcrumbs-content":"","ast-featured-img":"","footer-sml-layout":"","ast-disable-related-posts":"","theme-transparent-header-meta":"","adv-header-id-meta":"","stick-header-meta":"","header-above-stick-meta":"","header-main-stick-meta":"","header-below-stick-meta":"","astra-migrate-meta-layouts":"default","ast-page-background-enabled":"default","ast-page-background-meta":{"desktop":{"background-color":"var(--ast-global-color-5)","background-image":"","background-repeat":"repeat","background-position":"center center","background-size":"auto","background-attachment":"scroll","background-type":"","background-media":"","overlay-type":"","overlay-color":"","overlay-opacity":"","overlay-gradient":""},"tablet":{"background-color":"","background-image":"","background-repeat":"repeat","background-position":"center center","background-size":"auto","background-attachment":"scroll","background-type":"","background-media":"","overlay-type":"","overlay-color":"","overlay-opacity":"","overlay-gradient":""},"mobile":{"background-color":"","background-image":"","background-repeat":"repeat","background-position":"center center","background-size":"auto","background-attachment":"scroll","background-type":"","background-media":"","overlay-type":"","overlay-color":"","overlay-opacity":"","overlay-gradient":""}},"ast-content-background-meta":{"desktop":{"background-color":"var(--ast-global-color-4)","background-image":"","background-repeat":"repeat","background-position":"center center","background-size":"auto","background-attachment":"scroll","background-type":"","background-media":"","overlay-type":"","overlay-color":"","overlay-opacity":"","overlay-gradient":""},"tablet":{"background-color":"var(--ast-global-color-4)","background-image":"","background-repeat":"repeat","background-position":"center center","background-size":"auto","background-attachment":"scroll","background-type":"","background-media":"","overlay-type":"","overlay-color":"","overlay-opacity":"","overlay-gradient":""},"mobile":{"background-color":"var(--ast-global-color-4)","background-image":"","background-repeat":"repeat","background-position":"center center","background-size":"auto","background-attachment":"scroll","background-type":"","background-media":"","overlay-type":"","overlay-color":"","overlay-opacity":"","overlay-gradient":""}},"footnotes":""},"categories":[1],"tags":[],"class_list":["post-1244","post","type-post","status-publish","format-standard","hentry","category-sem-categoria"],"yoast_head":"<!-- This site is optimized with the Yoast SEO plugin v26.6 - https:\/\/yoast.com\/wordpress\/plugins\/seo\/ -->\n<title>Marco Aur\u00e9lio encaminha decis\u00e3o sobre suplente ao presidente do STF e \u00e0 PGR - Fl\u00e1vio Braga<\/title>\n<meta name=\"robots\" content=\"index, follow, max-snippet:-1, max-image-preview:large, max-video-preview:-1\" \/>\n<link rel=\"canonical\" href=\"https:\/\/www.blogsoestado.com\/flaviobraga\/marco-aurelio-encaminha-decisao-sobre-suplente-ao-presidente-do-stf-e-a-pgr\/\" \/>\n<meta property=\"og:locale\" content=\"pt_BR\" \/>\n<meta property=\"og:type\" content=\"article\" \/>\n<meta property=\"og:title\" content=\"Marco Aur\u00e9lio encaminha decis\u00e3o sobre suplente ao presidente do STF e \u00e0 PGR - Fl\u00e1vio Braga\" \/>\n<meta property=\"og:description\" content=\"Por considerar \u201cresist\u00eancia a ato judicial emanado do Supremo\u201d a atitude do presidente da C\u00e2mara dos Deputados em n\u00e3o cumprir [&hellip;]\" \/>\n<meta property=\"og:url\" content=\"https:\/\/www.blogsoestado.com\/flaviobraga\/marco-aurelio-encaminha-decisao-sobre-suplente-ao-presidente-do-stf-e-a-pgr\/\" \/>\n<meta property=\"og:site_name\" content=\"Fl\u00e1vio Braga\" \/>\n<meta property=\"article:published_time\" content=\"2011-03-18T21:53:54+00:00\" \/>\n<meta name=\"author\" content=\"Flavio Braga\" \/>\n<meta name=\"twitter:card\" content=\"summary_large_image\" \/>\n<meta name=\"twitter:label1\" content=\"Escrito por\" \/>\n\t<meta name=\"twitter:data1\" content=\"Flavio Braga\" \/>\n\t<meta name=\"twitter:label2\" content=\"Est. tempo de leitura\" \/>\n\t<meta name=\"twitter:data2\" content=\"2 minutos\" \/>\n<script type=\"application\/ld+json\" class=\"yoast-schema-graph\">{\"@context\":\"https:\/\/schema.org\",\"@graph\":[{\"@type\":\"WebPage\",\"@id\":\"https:\/\/www.blogsoestado.com\/flaviobraga\/marco-aurelio-encaminha-decisao-sobre-suplente-ao-presidente-do-stf-e-a-pgr\/\",\"url\":\"https:\/\/www.blogsoestado.com\/flaviobraga\/marco-aurelio-encaminha-decisao-sobre-suplente-ao-presidente-do-stf-e-a-pgr\/\",\"name\":\"Marco Aur\u00e9lio encaminha decis\u00e3o sobre suplente ao presidente do STF e \u00e0 PGR - Fl\u00e1vio Braga\",\"isPartOf\":{\"@id\":\"https:\/\/www.blogsoestado.com\/flaviobraga\/#website\"},\"datePublished\":\"2011-03-18T21:53:54+00:00\",\"author\":{\"@id\":\"https:\/\/www.blogsoestado.com\/flaviobraga\/#\/schema\/person\/6c6c778331775c757a82d15206bd8733\"},\"breadcrumb\":{\"@id\":\"https:\/\/www.blogsoestado.com\/flaviobraga\/marco-aurelio-encaminha-decisao-sobre-suplente-ao-presidente-do-stf-e-a-pgr\/#breadcrumb\"},\"inLanguage\":\"pt-BR\",\"potentialAction\":[{\"@type\":\"ReadAction\",\"target\":[\"https:\/\/www.blogsoestado.com\/flaviobraga\/marco-aurelio-encaminha-decisao-sobre-suplente-ao-presidente-do-stf-e-a-pgr\/\"]}]},{\"@type\":\"BreadcrumbList\",\"@id\":\"https:\/\/www.blogsoestado.com\/flaviobraga\/marco-aurelio-encaminha-decisao-sobre-suplente-ao-presidente-do-stf-e-a-pgr\/#breadcrumb\",\"itemListElement\":[{\"@type\":\"ListItem\",\"position\":1,\"name\":\"In\u00edcio\",\"item\":\"https:\/\/www.blogsoestado.com\/flaviobraga\/\"},{\"@type\":\"ListItem\",\"position\":2,\"name\":\"Marco Aur\u00e9lio encaminha decis\u00e3o sobre suplente ao presidente do STF e \u00e0 PGR\"}]},{\"@type\":\"WebSite\",\"@id\":\"https:\/\/www.blogsoestado.com\/flaviobraga\/#website\",\"url\":\"https:\/\/www.blogsoestado.com\/flaviobraga\/\",\"name\":\"Fl\u00e1vio Braga\",\"description\":\"\",\"potentialAction\":[{\"@type\":\"SearchAction\",\"target\":{\"@type\":\"EntryPoint\",\"urlTemplate\":\"https:\/\/www.blogsoestado.com\/flaviobraga\/?s={search_term_string}\"},\"query-input\":{\"@type\":\"PropertyValueSpecification\",\"valueRequired\":true,\"valueName\":\"search_term_string\"}}],\"inLanguage\":\"pt-BR\"},{\"@type\":\"Person\",\"@id\":\"https:\/\/www.blogsoestado.com\/flaviobraga\/#\/schema\/person\/6c6c778331775c757a82d15206bd8733\",\"name\":\"Flavio Braga\",\"image\":{\"@type\":\"ImageObject\",\"inLanguage\":\"pt-BR\",\"@id\":\"https:\/\/www.blogsoestado.com\/flaviobraga\/#\/schema\/person\/image\/\",\"url\":\"https:\/\/secure.gravatar.com\/avatar\/ab173937dad8d78195c87778be8a0285d069ede375ce0ae24aac1cf8e58ccb2c?s=96&d=mm&r=g\",\"contentUrl\":\"https:\/\/secure.gravatar.com\/avatar\/ab173937dad8d78195c87778be8a0285d069ede375ce0ae24aac1cf8e58ccb2c?s=96&d=mm&r=g\",\"caption\":\"Flavio Braga\"},\"url\":\"https:\/\/www.blogsoestado.com\/flaviobraga\/author\/flaviobraga\/\"}]}<\/script>\n<!-- \/ Yoast SEO plugin. -->","yoast_head_json":{"title":"Marco Aur\u00e9lio encaminha decis\u00e3o sobre suplente ao presidente do STF e \u00e0 PGR - Fl\u00e1vio Braga","robots":{"index":"index","follow":"follow","max-snippet":"max-snippet:-1","max-image-preview":"max-image-preview:large","max-video-preview":"max-video-preview:-1"},"canonical":"https:\/\/www.blogsoestado.com\/flaviobraga\/marco-aurelio-encaminha-decisao-sobre-suplente-ao-presidente-do-stf-e-a-pgr\/","og_locale":"pt_BR","og_type":"article","og_title":"Marco Aur\u00e9lio encaminha decis\u00e3o sobre suplente ao presidente do STF e \u00e0 PGR - Fl\u00e1vio Braga","og_description":"Por considerar \u201cresist\u00eancia a ato judicial emanado do Supremo\u201d a atitude do presidente da C\u00e2mara dos Deputados em n\u00e3o cumprir [&hellip;]","og_url":"https:\/\/www.blogsoestado.com\/flaviobraga\/marco-aurelio-encaminha-decisao-sobre-suplente-ao-presidente-do-stf-e-a-pgr\/","og_site_name":"Fl\u00e1vio Braga","article_published_time":"2011-03-18T21:53:54+00:00","author":"Flavio Braga","twitter_card":"summary_large_image","twitter_misc":{"Escrito por":"Flavio Braga","Est. tempo de leitura":"2 minutos"},"schema":{"@context":"https:\/\/schema.org","@graph":[{"@type":"WebPage","@id":"https:\/\/www.blogsoestado.com\/flaviobraga\/marco-aurelio-encaminha-decisao-sobre-suplente-ao-presidente-do-stf-e-a-pgr\/","url":"https:\/\/www.blogsoestado.com\/flaviobraga\/marco-aurelio-encaminha-decisao-sobre-suplente-ao-presidente-do-stf-e-a-pgr\/","name":"Marco Aur\u00e9lio encaminha decis\u00e3o sobre suplente ao presidente do STF e \u00e0 PGR - Fl\u00e1vio Braga","isPartOf":{"@id":"https:\/\/www.blogsoestado.com\/flaviobraga\/#website"},"datePublished":"2011-03-18T21:53:54+00:00","author":{"@id":"https:\/\/www.blogsoestado.com\/flaviobraga\/#\/schema\/person\/6c6c778331775c757a82d15206bd8733"},"breadcrumb":{"@id":"https:\/\/www.blogsoestado.com\/flaviobraga\/marco-aurelio-encaminha-decisao-sobre-suplente-ao-presidente-do-stf-e-a-pgr\/#breadcrumb"},"inLanguage":"pt-BR","potentialAction":[{"@type":"ReadAction","target":["https:\/\/www.blogsoestado.com\/flaviobraga\/marco-aurelio-encaminha-decisao-sobre-suplente-ao-presidente-do-stf-e-a-pgr\/"]}]},{"@type":"BreadcrumbList","@id":"https:\/\/www.blogsoestado.com\/flaviobraga\/marco-aurelio-encaminha-decisao-sobre-suplente-ao-presidente-do-stf-e-a-pgr\/#breadcrumb","itemListElement":[{"@type":"ListItem","position":1,"name":"In\u00edcio","item":"https:\/\/www.blogsoestado.com\/flaviobraga\/"},{"@type":"ListItem","position":2,"name":"Marco Aur\u00e9lio encaminha decis\u00e3o sobre suplente ao presidente do STF e \u00e0 PGR"}]},{"@type":"WebSite","@id":"https:\/\/www.blogsoestado.com\/flaviobraga\/#website","url":"https:\/\/www.blogsoestado.com\/flaviobraga\/","name":"Fl\u00e1vio Braga","description":"","potentialAction":[{"@type":"SearchAction","target":{"@type":"EntryPoint","urlTemplate":"https:\/\/www.blogsoestado.com\/flaviobraga\/?s={search_term_string}"},"query-input":{"@type":"PropertyValueSpecification","valueRequired":true,"valueName":"search_term_string"}}],"inLanguage":"pt-BR"},{"@type":"Person","@id":"https:\/\/www.blogsoestado.com\/flaviobraga\/#\/schema\/person\/6c6c778331775c757a82d15206bd8733","name":"Flavio Braga","image":{"@type":"ImageObject","inLanguage":"pt-BR","@id":"https:\/\/www.blogsoestado.com\/flaviobraga\/#\/schema\/person\/image\/","url":"https:\/\/secure.gravatar.com\/avatar\/ab173937dad8d78195c87778be8a0285d069ede375ce0ae24aac1cf8e58ccb2c?s=96&d=mm&r=g","contentUrl":"https:\/\/secure.gravatar.com\/avatar\/ab173937dad8d78195c87778be8a0285d069ede375ce0ae24aac1cf8e58ccb2c?s=96&d=mm&r=g","caption":"Flavio Braga"},"url":"https:\/\/www.blogsoestado.com\/flaviobraga\/author\/flaviobraga\/"}]}},"jetpack_featured_media_url":"","_links":{"self":[{"href":"https:\/\/www.blogsoestado.com\/flaviobraga\/wp-json\/wp\/v2\/posts\/1244","targetHints":{"allow":["GET"]}}],"collection":[{"href":"https:\/\/www.blogsoestado.com\/flaviobraga\/wp-json\/wp\/v2\/posts"}],"about":[{"href":"https:\/\/www.blogsoestado.com\/flaviobraga\/wp-json\/wp\/v2\/types\/post"}],"author":[{"embeddable":true,"href":"https:\/\/www.blogsoestado.com\/flaviobraga\/wp-json\/wp\/v2\/users\/8"}],"replies":[{"embeddable":true,"href":"https:\/\/www.blogsoestado.com\/flaviobraga\/wp-json\/wp\/v2\/comments?post=1244"}],"version-history":[{"count":0,"href":"https:\/\/www.blogsoestado.com\/flaviobraga\/wp-json\/wp\/v2\/posts\/1244\/revisions"}],"wp:attachment":[{"href":"https:\/\/www.blogsoestado.com\/flaviobraga\/wp-json\/wp\/v2\/media?parent=1244"}],"wp:term":[{"taxonomy":"category","embeddable":true,"href":"https:\/\/www.blogsoestado.com\/flaviobraga\/wp-json\/wp\/v2\/categories?post=1244"},{"taxonomy":"post_tag","embeddable":true,"href":"https:\/\/www.blogsoestado.com\/flaviobraga\/wp-json\/wp\/v2\/tags?post=1244"}],"curies":[{"name":"wp","href":"https:\/\/api.w.org\/{rel}","templated":true}]}}