{"id":1245,"date":"2011-03-18T19:02:05","date_gmt":"2011-03-18T22:02:05","guid":{"rendered":"https:\/\/www.blogsoestado.com\/flaviobraga\/?p=1245"},"modified":"2011-03-18T19:02:05","modified_gmt":"2011-03-18T22:02:05","slug":"corregedor-elogia-decisao-do-stf-em-favor-de-suplente-de-coligacao","status":"publish","type":"post","link":"https:\/\/www.blogsoestado.com\/flaviobraga\/corregedor-elogia-decisao-do-stf-em-favor-de-suplente-de-coligacao\/","title":{"rendered":"Corregedor elogia decis\u00e3o do STF em favor de suplente de coliga\u00e7\u00e3o"},"content":{"rendered":"<p>O 2\u00ba vice-presidente e corregedor da C\u00e2mara, deputado Eduardo da Fonte (PP-PE), elogiou nesta sexta-feira a <a href=\"http:\/\/www2.camara.gov.br\/agencia\/noticias\/POLITICA\/194543-PELA-1%C2%AA-VEZ,-DECISAO-DO-STF-BENEFICIA-POSSE-DE-SUPLENTE-DE-COLIGACAO.html\" target=\"_blank\"><strong>decis\u00e3o<\/strong><\/a> do ministro do Supremo Tribunal Federal (STF) Ricardo Lewandowski de manter a deputada Marina Santanna (PT-GO) no cargo de deputada federal. Ela tomou posse porque \u00e9 suplente da coliga\u00e7\u00e3o de Thiago Peixoto (PMDB-GO), licenciado neste m\u00eas.<\/p>\n<p>O suplente do partido, Wagner da Silva Guimar\u00e3es (PMDB), havia entrado com um mandado de seguran\u00e7a\u00a0 para afastar Marina do cargo e tomar posse na C\u00e2mara, o que foi negado por Lewandowski. Para Eduardo da Fonte, a decis\u00e3o foi \u201cacertada porque mant\u00e9m as regras sob as quais as elei\u00e7\u00f5es transcorreram\u201d.<\/p>\n<p>A posse dos suplentes de coliga\u00e7\u00f5es partid\u00e1rias \u00e9 uma pr\u00e1tica adotada h\u00e1 anos pela C\u00e2mara e tem provocado <a href=\"http:\/\/www2.camara.gov.br\/agencia\/noticias\/POLITICA\/194545-ENTENDA-A-POLEMICA-SOBRE-A-POSSE-DE-SUPLENTES-DE-DEPUTADOS.html\" target=\"_blank\"><strong>pol\u00eamica<\/strong><\/a> entre os dois Poderes. Mas, desde dezembro de 2010, quando, em um caso espec\u00edfico, o STF decidiu em favor de um suplente de partido, outros 13 suplentes de partidos recorreram \u00e0 corte com o mesmo pedido: afastar o suplente da coliga\u00e7\u00e3o e tomar posse no cargo de deputado federal.<\/p>\n<p><strong>Quociente eleitoral<\/strong><\/p>\n<p>At\u00e9 ontem, todas as decis\u00f5es do STF foram em favor dos suplentes de partidos. A argumenta\u00e7\u00e3o era que os efeitos das alian\u00e7as partid\u00e1rias terminavam ap\u00f3s as elei\u00e7\u00f5es.<\/p>\n<p>Mas, para Lewandowski, a coliga\u00e7\u00e3o deve ser levada em considera\u00e7\u00e3o para efeito de supl\u00eancia, j\u00e1 que o quociente eleitoral\u00a0 que assegura a elei\u00e7\u00e3o dos candidatos \u00e9 formado pelos votos da coliga\u00e7\u00e3o, e n\u00e3o do partido isoladamente.<\/p>\n<p><strong>Decis\u00e3o definitiva<\/strong><\/p>\n<p>Apesar de elogiar a decis\u00e3o de Lewandowski, Eduardo da Fonte afirmou que somente uma decis\u00e3o definitiva do STF sobre o assunto poder\u00e1 garantir seguran\u00e7a jur\u00eddica para os Legislativos federal e estaduais. Todas as decis\u00f5es emitidas at\u00e9 hoje s\u00e3o liminares, ou seja, urgentes e provis\u00f3rias.<\/p>\n<p>O deputado destaca que hoje h\u00e1 dupla interpreta\u00e7\u00e3o. \u201cA C\u00e2mara d\u00e1 prioridade aos suplentes de coliga\u00e7\u00f5es, o que \u00e9 repetido em algumas Assembleias Legislativas. Mas outras Assembleias adotam outra interpreta\u00e7\u00e3o e d\u00e3o posse aos suplentes de partidos. Esse clima de inseguran\u00e7a jur\u00eddica n\u00e3o pode se perpetuar.\u201d<\/p>\n<p>Apesar das decis\u00f5es do STF, at\u00e9 agora a C\u00e2mara n\u00e3o deu posse a nenhum suplente de partido. Hoje h\u00e1 46 suplentes em atua\u00e7\u00e3o na C\u00e2mara \u2013 todos eles empossados com base na regra da prioridade dos suplentes de coliga\u00e7\u00f5es partid\u00e1rias. Os integrantes da Mesa Diretora\u00a0 dever\u00e3o decidir nos pr\u00f3ximos dias como a C\u00e2mara dever\u00e1 proceder nesses casos.<\/p>\n<p><strong>Cumprimento de decis\u00f5es<\/strong><\/p>\n<p>Uma reuni\u00e3o sobre o tema havia sido marcada para o \u00faltimo dia 16, mas foi adiada por um pedido de vista do parecer de Eduardo da Fonte, apresentado no pr\u00f3prio dia. No relat\u00f3rio, ele sugere o cumprimento das liminares do STF em favor dos suplentes de partidos, mas argumenta que \u00e9 favor\u00e1vel \u00e0 posse dos suplentes de coliga\u00e7\u00f5es.<\/p>\n<p>Eduardo da Fonte reafirma que tem um entendimento \u201cmuito similar\u201d \u00e0quele do ministro Lewandowski. \u201cMas, apesar de discordar das primeiras decis\u00f5es do STF, creio que todas as decis\u00f5es judiciais devem ser cumpridas\u201d, disse.<\/p>\n<p>Segundo o parlamentar, os integrantes da Mesa Diretora devem decidir em favor do cumprimento das decis\u00f5es do Supremo. \u201cO pedido de vista foi apenas para que os parlamentares pudessem ler o meu voto, j\u00e1 que ele foi apresentado no dia da reuni\u00e3o. A C\u00e2mara n\u00e3o est\u00e1 contestando as decis\u00f5es do Supremo\u201d, disse.<\/p>\n","protected":false},"excerpt":{"rendered":"<p>O 2\u00ba vice-presidente e corregedor da C\u00e2mara, deputado Eduardo da Fonte (PP-PE), elogiou nesta sexta-feira a decis\u00e3o do ministro do [&hellip;]<\/p>\n","protected":false},"author":8,"featured_media":0,"comment_status":"open","ping_status":"open","sticky":false,"template":"","format":"standard","meta":{"site-sidebar-layout":"default","site-content-layout":"","ast-site-content-layout":"default","site-content-style":"default","site-sidebar-style":"default","ast-global-header-display":"","ast-banner-title-visibility":"","ast-main-header-display":"","ast-hfb-above-header-display":"","ast-hfb-below-header-display":"","ast-hfb-mobile-header-display":"","site-post-title":"","ast-breadcrumbs-content":"","ast-featured-img":"","footer-sml-layout":"","ast-disable-related-posts":"","theme-transparent-header-meta":"","adv-header-id-meta":"","stick-header-meta":"","header-above-stick-meta":"","header-main-stick-meta":"","header-below-stick-meta":"","astra-migrate-meta-layouts":"default","ast-page-background-enabled":"default","ast-page-background-meta":{"desktop":{"background-color":"var(--ast-global-color-5)","background-image":"","background-repeat":"repeat","background-position":"center center","background-size":"auto","background-attachment":"scroll","background-type":"","background-media":"","overlay-type":"","overlay-color":"","overlay-opacity":"","overlay-gradient":""},"tablet":{"background-color":"","background-image":"","background-repeat":"repeat","background-position":"center center","background-size":"auto","background-attachment":"scroll","background-type":"","background-media":"","overlay-type":"","overlay-color":"","overlay-opacity":"","overlay-gradient":""},"mobile":{"background-color":"","background-image":"","background-repeat":"repeat","background-position":"center center","background-size":"auto","background-attachment":"scroll","background-type":"","background-media":"","overlay-type":"","overlay-color":"","overlay-opacity":"","overlay-gradient":""}},"ast-content-background-meta":{"desktop":{"background-color":"var(--ast-global-color-4)","background-image":"","background-repeat":"repeat","background-position":"center center","background-size":"auto","background-attachment":"scroll","background-type":"","background-media":"","overlay-type":"","overlay-color":"","overlay-opacity":"","overlay-gradient":""},"tablet":{"background-color":"var(--ast-global-color-4)","background-image":"","background-repeat":"repeat","background-position":"center center","background-size":"auto","background-attachment":"scroll","background-type":"","background-media":"","overlay-type":"","overlay-color":"","overlay-opacity":"","overlay-gradient":""},"mobile":{"background-color":"var(--ast-global-color-4)","background-image":"","background-repeat":"repeat","background-position":"center center","background-size":"auto","background-attachment":"scroll","background-type":"","background-media":"","overlay-type":"","overlay-color":"","overlay-opacity":"","overlay-gradient":""}},"footnotes":""},"categories":[1],"tags":[],"class_list":["post-1245","post","type-post","status-publish","format-standard","hentry","category-sem-categoria"],"yoast_head":"<!-- This site is optimized with the Yoast SEO plugin v26.6 - https:\/\/yoast.com\/wordpress\/plugins\/seo\/ -->\n<title>Corregedor elogia decis\u00e3o do STF em favor de suplente de coliga\u00e7\u00e3o - Fl\u00e1vio Braga<\/title>\n<meta name=\"robots\" content=\"index, follow, max-snippet:-1, max-image-preview:large, max-video-preview:-1\" \/>\n<link rel=\"canonical\" href=\"https:\/\/www.blogsoestado.com\/flaviobraga\/corregedor-elogia-decisao-do-stf-em-favor-de-suplente-de-coligacao\/\" \/>\n<meta property=\"og:locale\" content=\"pt_BR\" \/>\n<meta property=\"og:type\" content=\"article\" \/>\n<meta property=\"og:title\" content=\"Corregedor elogia decis\u00e3o do STF em favor de suplente de coliga\u00e7\u00e3o - Fl\u00e1vio Braga\" \/>\n<meta property=\"og:description\" content=\"O 2\u00ba vice-presidente e corregedor da C\u00e2mara, deputado Eduardo da Fonte (PP-PE), elogiou nesta sexta-feira a decis\u00e3o do ministro do [&hellip;]\" \/>\n<meta property=\"og:url\" content=\"https:\/\/www.blogsoestado.com\/flaviobraga\/corregedor-elogia-decisao-do-stf-em-favor-de-suplente-de-coligacao\/\" \/>\n<meta property=\"og:site_name\" content=\"Fl\u00e1vio Braga\" \/>\n<meta property=\"article:published_time\" content=\"2011-03-18T22:02:05+00:00\" \/>\n<meta name=\"author\" content=\"Flavio Braga\" \/>\n<meta name=\"twitter:card\" content=\"summary_large_image\" \/>\n<meta name=\"twitter:label1\" content=\"Escrito por\" \/>\n\t<meta name=\"twitter:data1\" content=\"Flavio Braga\" \/>\n\t<meta name=\"twitter:label2\" content=\"Est. tempo de leitura\" \/>\n\t<meta name=\"twitter:data2\" content=\"3 minutos\" \/>\n<script type=\"application\/ld+json\" class=\"yoast-schema-graph\">{\"@context\":\"https:\/\/schema.org\",\"@graph\":[{\"@type\":\"WebPage\",\"@id\":\"https:\/\/www.blogsoestado.com\/flaviobraga\/corregedor-elogia-decisao-do-stf-em-favor-de-suplente-de-coligacao\/\",\"url\":\"https:\/\/www.blogsoestado.com\/flaviobraga\/corregedor-elogia-decisao-do-stf-em-favor-de-suplente-de-coligacao\/\",\"name\":\"Corregedor elogia decis\u00e3o do STF em favor de suplente de coliga\u00e7\u00e3o - Fl\u00e1vio Braga\",\"isPartOf\":{\"@id\":\"https:\/\/www.blogsoestado.com\/flaviobraga\/#website\"},\"datePublished\":\"2011-03-18T22:02:05+00:00\",\"author\":{\"@id\":\"https:\/\/www.blogsoestado.com\/flaviobraga\/#\/schema\/person\/6c6c778331775c757a82d15206bd8733\"},\"breadcrumb\":{\"@id\":\"https:\/\/www.blogsoestado.com\/flaviobraga\/corregedor-elogia-decisao-do-stf-em-favor-de-suplente-de-coligacao\/#breadcrumb\"},\"inLanguage\":\"pt-BR\",\"potentialAction\":[{\"@type\":\"ReadAction\",\"target\":[\"https:\/\/www.blogsoestado.com\/flaviobraga\/corregedor-elogia-decisao-do-stf-em-favor-de-suplente-de-coligacao\/\"]}]},{\"@type\":\"BreadcrumbList\",\"@id\":\"https:\/\/www.blogsoestado.com\/flaviobraga\/corregedor-elogia-decisao-do-stf-em-favor-de-suplente-de-coligacao\/#breadcrumb\",\"itemListElement\":[{\"@type\":\"ListItem\",\"position\":1,\"name\":\"In\u00edcio\",\"item\":\"https:\/\/www.blogsoestado.com\/flaviobraga\/\"},{\"@type\":\"ListItem\",\"position\":2,\"name\":\"Corregedor elogia decis\u00e3o do STF em favor de suplente de coliga\u00e7\u00e3o\"}]},{\"@type\":\"WebSite\",\"@id\":\"https:\/\/www.blogsoestado.com\/flaviobraga\/#website\",\"url\":\"https:\/\/www.blogsoestado.com\/flaviobraga\/\",\"name\":\"Fl\u00e1vio Braga\",\"description\":\"\",\"potentialAction\":[{\"@type\":\"SearchAction\",\"target\":{\"@type\":\"EntryPoint\",\"urlTemplate\":\"https:\/\/www.blogsoestado.com\/flaviobraga\/?s={search_term_string}\"},\"query-input\":{\"@type\":\"PropertyValueSpecification\",\"valueRequired\":true,\"valueName\":\"search_term_string\"}}],\"inLanguage\":\"pt-BR\"},{\"@type\":\"Person\",\"@id\":\"https:\/\/www.blogsoestado.com\/flaviobraga\/#\/schema\/person\/6c6c778331775c757a82d15206bd8733\",\"name\":\"Flavio Braga\",\"image\":{\"@type\":\"ImageObject\",\"inLanguage\":\"pt-BR\",\"@id\":\"https:\/\/www.blogsoestado.com\/flaviobraga\/#\/schema\/person\/image\/\",\"url\":\"https:\/\/secure.gravatar.com\/avatar\/ab173937dad8d78195c87778be8a0285d069ede375ce0ae24aac1cf8e58ccb2c?s=96&d=mm&r=g\",\"contentUrl\":\"https:\/\/secure.gravatar.com\/avatar\/ab173937dad8d78195c87778be8a0285d069ede375ce0ae24aac1cf8e58ccb2c?s=96&d=mm&r=g\",\"caption\":\"Flavio Braga\"},\"url\":\"https:\/\/www.blogsoestado.com\/flaviobraga\/author\/flaviobraga\/\"}]}<\/script>\n<!-- \/ Yoast SEO plugin. -->","yoast_head_json":{"title":"Corregedor elogia decis\u00e3o do STF em favor de suplente de coliga\u00e7\u00e3o - Fl\u00e1vio Braga","robots":{"index":"index","follow":"follow","max-snippet":"max-snippet:-1","max-image-preview":"max-image-preview:large","max-video-preview":"max-video-preview:-1"},"canonical":"https:\/\/www.blogsoestado.com\/flaviobraga\/corregedor-elogia-decisao-do-stf-em-favor-de-suplente-de-coligacao\/","og_locale":"pt_BR","og_type":"article","og_title":"Corregedor elogia decis\u00e3o do STF em favor de suplente de coliga\u00e7\u00e3o - Fl\u00e1vio Braga","og_description":"O 2\u00ba vice-presidente e corregedor da C\u00e2mara, deputado Eduardo da Fonte (PP-PE), elogiou nesta sexta-feira a decis\u00e3o do ministro do [&hellip;]","og_url":"https:\/\/www.blogsoestado.com\/flaviobraga\/corregedor-elogia-decisao-do-stf-em-favor-de-suplente-de-coligacao\/","og_site_name":"Fl\u00e1vio Braga","article_published_time":"2011-03-18T22:02:05+00:00","author":"Flavio Braga","twitter_card":"summary_large_image","twitter_misc":{"Escrito por":"Flavio Braga","Est. tempo de leitura":"3 minutos"},"schema":{"@context":"https:\/\/schema.org","@graph":[{"@type":"WebPage","@id":"https:\/\/www.blogsoestado.com\/flaviobraga\/corregedor-elogia-decisao-do-stf-em-favor-de-suplente-de-coligacao\/","url":"https:\/\/www.blogsoestado.com\/flaviobraga\/corregedor-elogia-decisao-do-stf-em-favor-de-suplente-de-coligacao\/","name":"Corregedor elogia decis\u00e3o do STF em favor de suplente de coliga\u00e7\u00e3o - Fl\u00e1vio Braga","isPartOf":{"@id":"https:\/\/www.blogsoestado.com\/flaviobraga\/#website"},"datePublished":"2011-03-18T22:02:05+00:00","author":{"@id":"https:\/\/www.blogsoestado.com\/flaviobraga\/#\/schema\/person\/6c6c778331775c757a82d15206bd8733"},"breadcrumb":{"@id":"https:\/\/www.blogsoestado.com\/flaviobraga\/corregedor-elogia-decisao-do-stf-em-favor-de-suplente-de-coligacao\/#breadcrumb"},"inLanguage":"pt-BR","potentialAction":[{"@type":"ReadAction","target":["https:\/\/www.blogsoestado.com\/flaviobraga\/corregedor-elogia-decisao-do-stf-em-favor-de-suplente-de-coligacao\/"]}]},{"@type":"BreadcrumbList","@id":"https:\/\/www.blogsoestado.com\/flaviobraga\/corregedor-elogia-decisao-do-stf-em-favor-de-suplente-de-coligacao\/#breadcrumb","itemListElement":[{"@type":"ListItem","position":1,"name":"In\u00edcio","item":"https:\/\/www.blogsoestado.com\/flaviobraga\/"},{"@type":"ListItem","position":2,"name":"Corregedor elogia decis\u00e3o do STF em favor de suplente de coliga\u00e7\u00e3o"}]},{"@type":"WebSite","@id":"https:\/\/www.blogsoestado.com\/flaviobraga\/#website","url":"https:\/\/www.blogsoestado.com\/flaviobraga\/","name":"Fl\u00e1vio Braga","description":"","potentialAction":[{"@type":"SearchAction","target":{"@type":"EntryPoint","urlTemplate":"https:\/\/www.blogsoestado.com\/flaviobraga\/?s={search_term_string}"},"query-input":{"@type":"PropertyValueSpecification","valueRequired":true,"valueName":"search_term_string"}}],"inLanguage":"pt-BR"},{"@type":"Person","@id":"https:\/\/www.blogsoestado.com\/flaviobraga\/#\/schema\/person\/6c6c778331775c757a82d15206bd8733","name":"Flavio Braga","image":{"@type":"ImageObject","inLanguage":"pt-BR","@id":"https:\/\/www.blogsoestado.com\/flaviobraga\/#\/schema\/person\/image\/","url":"https:\/\/secure.gravatar.com\/avatar\/ab173937dad8d78195c87778be8a0285d069ede375ce0ae24aac1cf8e58ccb2c?s=96&d=mm&r=g","contentUrl":"https:\/\/secure.gravatar.com\/avatar\/ab173937dad8d78195c87778be8a0285d069ede375ce0ae24aac1cf8e58ccb2c?s=96&d=mm&r=g","caption":"Flavio Braga"},"url":"https:\/\/www.blogsoestado.com\/flaviobraga\/author\/flaviobraga\/"}]}},"jetpack_featured_media_url":"","_links":{"self":[{"href":"https:\/\/www.blogsoestado.com\/flaviobraga\/wp-json\/wp\/v2\/posts\/1245","targetHints":{"allow":["GET"]}}],"collection":[{"href":"https:\/\/www.blogsoestado.com\/flaviobraga\/wp-json\/wp\/v2\/posts"}],"about":[{"href":"https:\/\/www.blogsoestado.com\/flaviobraga\/wp-json\/wp\/v2\/types\/post"}],"author":[{"embeddable":true,"href":"https:\/\/www.blogsoestado.com\/flaviobraga\/wp-json\/wp\/v2\/users\/8"}],"replies":[{"embeddable":true,"href":"https:\/\/www.blogsoestado.com\/flaviobraga\/wp-json\/wp\/v2\/comments?post=1245"}],"version-history":[{"count":0,"href":"https:\/\/www.blogsoestado.com\/flaviobraga\/wp-json\/wp\/v2\/posts\/1245\/revisions"}],"wp:attachment":[{"href":"https:\/\/www.blogsoestado.com\/flaviobraga\/wp-json\/wp\/v2\/media?parent=1245"}],"wp:term":[{"taxonomy":"category","embeddable":true,"href":"https:\/\/www.blogsoestado.com\/flaviobraga\/wp-json\/wp\/v2\/categories?post=1245"},{"taxonomy":"post_tag","embeddable":true,"href":"https:\/\/www.blogsoestado.com\/flaviobraga\/wp-json\/wp\/v2\/tags?post=1245"}],"curies":[{"name":"wp","href":"https:\/\/api.w.org\/{rel}","templated":true}]}}