{"id":1400,"date":"2011-06-03T08:27:38","date_gmt":"2011-06-03T11:27:38","guid":{"rendered":"https:\/\/www.blogsoestado.com\/flaviobraga\/?p=1400"},"modified":"2011-06-03T08:27:38","modified_gmt":"2011-06-03T11:27:38","slug":"mec-corta-11-mil-vagas-em-cursos-de-direito","status":"publish","type":"post","link":"https:\/\/www.blogsoestado.com\/flaviobraga\/mec-corta-11-mil-vagas-em-cursos-de-direito\/","title":{"rendered":"MEC corta 11 mil vagas em cursos de Direito"},"content":{"rendered":"<p>Enfim, uma not\u00edcia alvissareira!!<\/p>\n<p>Com essa boa nova teremos um fim de semana mais feliz.<\/p>\n<p>\u00c9 que o Minist\u00e9rio da Educa\u00e7\u00e3o (MEC) resolveu cortar 10.912 vagas do bacharelado em Direito de 136 <a href=\"http:\/\/www.dgabc.com.br\/News\/5890068\/mec-corta-11-mil-vagas-em-cursos-de-direito.aspx##\">cursos<\/a> de institui\u00e7\u00f5es privadas de todo o Pa\u00eds.<\/p>\n<p>Todos obtiveram baixos \u00edndices nas \u00faltimas avalia\u00e7\u00f5es do MEC. A decis\u00e3o, contendo os nomes de todas as institui\u00e7\u00f5es, deve ser publicada hoje no Di\u00e1rio Oficial da Uni\u00e3o.<\/p>\n<p>A decis\u00e3o \u00e9 da Secretaria de Regula\u00e7\u00e3o e Supervis\u00e3o da Educa\u00e7\u00e3o Superior, \u00f3rg\u00e3o criado este ano pelo MEC para cuidar desses temas, comandada pelo professor da Universidade de S\u00e3o Paulo (<a href=\"http:\/\/www.dgabc.com.br\/News\/5890068\/mec-corta-11-mil-vagas-em-cursos-de-direito.aspx##\">USP<\/a>) Lu\u00eds Fernando Massonetto.<\/p>\n<p>Segundo a pasta, as institui\u00e7\u00f5es que sofrer\u00e3o a medida dever\u00e3o adequar seus processos seletivos, passando a ofertar anualmente o n\u00famero de vagas especificado na decis\u00e3o.<\/p>\n<p>&#8220;Essa medida tem dois objetivos principais. Primeiro, de preven\u00e7\u00e3o, porque protege novos alunos em rela\u00e7\u00e3o aos cursos mal avaliados&#8221;, afirmou o secret\u00e1rio. &#8220;Em segundo lugar, provocamos a institui\u00e7\u00e3o no sentido de que ela obtenha indicadores satisfat\u00f3rios no futuro&#8221;. A medida \u00e9 provis\u00f3ria &#8211; s\u00f3 se torna definitiva se a institui\u00e7\u00e3o n\u00e3o melhorar seu desempenho nas pr\u00f3ximas avalia\u00e7\u00f5es &#8211; e n\u00e3o significa o fechamento do <a href=\"http:\/\/www.dgabc.com.br\/News\/5890068\/mec-corta-11-mil-vagas-em-cursos-de-direito.aspx##\">curso<\/a>, e sim a redu\u00e7\u00e3o de vagas oferecidas.<\/p>\n<p>Hoje, o curso de Direito representa 10,9% das matr\u00edculas em gradua\u00e7\u00e3o no Brasil, com 651.730 alunos &#8211; os dados s\u00e3o do \u00faltimo Censo da Educa\u00e7\u00e3o Superior. Desde 2007, o MEC j\u00e1 fechou tr\u00eas cursos de Direito e extinguiu cerca de 20 mil vagas.<\/p>\n<p>Parab\u00e9ns ao MEC pela excelente medida. Quem trata o estudo do Direito com seriedade agradece!!!<\/p>\n","protected":false},"excerpt":{"rendered":"<p>Enfim, uma not\u00edcia alvissareira!! Com essa boa nova teremos um fim de semana mais feliz. \u00c9 que o Minist\u00e9rio da [&hellip;]<\/p>\n","protected":false},"author":8,"featured_media":0,"comment_status":"open","ping_status":"open","sticky":false,"template":"","format":"standard","meta":{"site-sidebar-layout":"default","site-content-layout":"","ast-site-content-layout":"default","site-content-style":"default","site-sidebar-style":"default","ast-global-header-display":"","ast-banner-title-visibility":"","ast-main-header-display":"","ast-hfb-above-header-display":"","ast-hfb-below-header-display":"","ast-hfb-mobile-header-display":"","site-post-title":"","ast-breadcrumbs-content":"","ast-featured-img":"","footer-sml-layout":"","ast-disable-related-posts":"","theme-transparent-header-meta":"","adv-header-id-meta":"","stick-header-meta":"","header-above-stick-meta":"","header-main-stick-meta":"","header-below-stick-meta":"","astra-migrate-meta-layouts":"default","ast-page-background-enabled":"default","ast-page-background-meta":{"desktop":{"background-color":"var(--ast-global-color-5)","background-image":"","background-repeat":"repeat","background-position":"center center","background-size":"auto","background-attachment":"scroll","background-type":"","background-media":"","overlay-type":"","overlay-color":"","overlay-opacity":"","overlay-gradient":""},"tablet":{"background-color":"","background-image":"","background-repeat":"repeat","background-position":"center center","background-size":"auto","background-attachment":"scroll","background-type":"","background-media":"","overlay-type":"","overlay-color":"","overlay-opacity":"","overlay-gradient":""},"mobile":{"background-color":"","background-image":"","background-repeat":"repeat","background-position":"center center","background-size":"auto","background-attachment":"scroll","background-type":"","background-media":"","overlay-type":"","overlay-color":"","overlay-opacity":"","overlay-gradient":""}},"ast-content-background-meta":{"desktop":{"background-color":"var(--ast-global-color-4)","background-image":"","background-repeat":"repeat","background-position":"center center","background-size":"auto","background-attachment":"scroll","background-type":"","background-media":"","overlay-type":"","overlay-color":"","overlay-opacity":"","overlay-gradient":""},"tablet":{"background-color":"var(--ast-global-color-4)","background-image":"","background-repeat":"repeat","background-position":"center center","background-size":"auto","background-attachment":"scroll","background-type":"","background-media":"","overlay-type":"","overlay-color":"","overlay-opacity":"","overlay-gradient":""},"mobile":{"background-color":"var(--ast-global-color-4)","background-image":"","background-repeat":"repeat","background-position":"center center","background-size":"auto","background-attachment":"scroll","background-type":"","background-media":"","overlay-type":"","overlay-color":"","overlay-opacity":"","overlay-gradient":""}},"footnotes":""},"categories":[1],"tags":[],"class_list":["post-1400","post","type-post","status-publish","format-standard","hentry","category-sem-categoria"],"yoast_head":"<!-- This site is optimized with the Yoast SEO plugin v26.6 - https:\/\/yoast.com\/wordpress\/plugins\/seo\/ -->\n<title>MEC corta 11 mil vagas em cursos de Direito - Fl\u00e1vio Braga<\/title>\n<meta name=\"robots\" content=\"index, follow, max-snippet:-1, max-image-preview:large, max-video-preview:-1\" \/>\n<link rel=\"canonical\" href=\"https:\/\/www.blogsoestado.com\/flaviobraga\/mec-corta-11-mil-vagas-em-cursos-de-direito\/\" \/>\n<meta property=\"og:locale\" content=\"pt_BR\" \/>\n<meta property=\"og:type\" content=\"article\" \/>\n<meta property=\"og:title\" content=\"MEC corta 11 mil vagas em cursos de Direito - Fl\u00e1vio Braga\" \/>\n<meta property=\"og:description\" content=\"Enfim, uma not\u00edcia alvissareira!! Com essa boa nova teremos um fim de semana mais feliz. \u00c9 que o Minist\u00e9rio da [&hellip;]\" \/>\n<meta property=\"og:url\" content=\"https:\/\/www.blogsoestado.com\/flaviobraga\/mec-corta-11-mil-vagas-em-cursos-de-direito\/\" \/>\n<meta property=\"og:site_name\" content=\"Fl\u00e1vio Braga\" \/>\n<meta property=\"article:published_time\" content=\"2011-06-03T11:27:38+00:00\" \/>\n<meta name=\"author\" content=\"Flavio Braga\" \/>\n<meta name=\"twitter:card\" content=\"summary_large_image\" \/>\n<meta name=\"twitter:label1\" content=\"Escrito por\" \/>\n\t<meta name=\"twitter:data1\" content=\"Flavio Braga\" \/>\n\t<meta name=\"twitter:label2\" content=\"Est. tempo de leitura\" \/>\n\t<meta name=\"twitter:data2\" content=\"1 minuto\" \/>\n<script type=\"application\/ld+json\" class=\"yoast-schema-graph\">{\"@context\":\"https:\/\/schema.org\",\"@graph\":[{\"@type\":\"WebPage\",\"@id\":\"https:\/\/www.blogsoestado.com\/flaviobraga\/mec-corta-11-mil-vagas-em-cursos-de-direito\/\",\"url\":\"https:\/\/www.blogsoestado.com\/flaviobraga\/mec-corta-11-mil-vagas-em-cursos-de-direito\/\",\"name\":\"MEC corta 11 mil vagas em cursos de Direito - Fl\u00e1vio Braga\",\"isPartOf\":{\"@id\":\"https:\/\/www.blogsoestado.com\/flaviobraga\/#website\"},\"datePublished\":\"2011-06-03T11:27:38+00:00\",\"author\":{\"@id\":\"https:\/\/www.blogsoestado.com\/flaviobraga\/#\/schema\/person\/6c6c778331775c757a82d15206bd8733\"},\"breadcrumb\":{\"@id\":\"https:\/\/www.blogsoestado.com\/flaviobraga\/mec-corta-11-mil-vagas-em-cursos-de-direito\/#breadcrumb\"},\"inLanguage\":\"pt-BR\",\"potentialAction\":[{\"@type\":\"ReadAction\",\"target\":[\"https:\/\/www.blogsoestado.com\/flaviobraga\/mec-corta-11-mil-vagas-em-cursos-de-direito\/\"]}]},{\"@type\":\"BreadcrumbList\",\"@id\":\"https:\/\/www.blogsoestado.com\/flaviobraga\/mec-corta-11-mil-vagas-em-cursos-de-direito\/#breadcrumb\",\"itemListElement\":[{\"@type\":\"ListItem\",\"position\":1,\"name\":\"In\u00edcio\",\"item\":\"https:\/\/www.blogsoestado.com\/flaviobraga\/\"},{\"@type\":\"ListItem\",\"position\":2,\"name\":\"MEC corta 11 mil vagas em cursos de Direito\"}]},{\"@type\":\"WebSite\",\"@id\":\"https:\/\/www.blogsoestado.com\/flaviobraga\/#website\",\"url\":\"https:\/\/www.blogsoestado.com\/flaviobraga\/\",\"name\":\"Fl\u00e1vio Braga\",\"description\":\"\",\"potentialAction\":[{\"@type\":\"SearchAction\",\"target\":{\"@type\":\"EntryPoint\",\"urlTemplate\":\"https:\/\/www.blogsoestado.com\/flaviobraga\/?s={search_term_string}\"},\"query-input\":{\"@type\":\"PropertyValueSpecification\",\"valueRequired\":true,\"valueName\":\"search_term_string\"}}],\"inLanguage\":\"pt-BR\"},{\"@type\":\"Person\",\"@id\":\"https:\/\/www.blogsoestado.com\/flaviobraga\/#\/schema\/person\/6c6c778331775c757a82d15206bd8733\",\"name\":\"Flavio Braga\",\"image\":{\"@type\":\"ImageObject\",\"inLanguage\":\"pt-BR\",\"@id\":\"https:\/\/www.blogsoestado.com\/flaviobraga\/#\/schema\/person\/image\/\",\"url\":\"https:\/\/secure.gravatar.com\/avatar\/ab173937dad8d78195c87778be8a0285d069ede375ce0ae24aac1cf8e58ccb2c?s=96&d=mm&r=g\",\"contentUrl\":\"https:\/\/secure.gravatar.com\/avatar\/ab173937dad8d78195c87778be8a0285d069ede375ce0ae24aac1cf8e58ccb2c?s=96&d=mm&r=g\",\"caption\":\"Flavio Braga\"},\"url\":\"https:\/\/www.blogsoestado.com\/flaviobraga\/author\/flaviobraga\/\"}]}<\/script>\n<!-- \/ Yoast SEO plugin. -->","yoast_head_json":{"title":"MEC corta 11 mil vagas em cursos de Direito - Fl\u00e1vio Braga","robots":{"index":"index","follow":"follow","max-snippet":"max-snippet:-1","max-image-preview":"max-image-preview:large","max-video-preview":"max-video-preview:-1"},"canonical":"https:\/\/www.blogsoestado.com\/flaviobraga\/mec-corta-11-mil-vagas-em-cursos-de-direito\/","og_locale":"pt_BR","og_type":"article","og_title":"MEC corta 11 mil vagas em cursos de Direito - Fl\u00e1vio Braga","og_description":"Enfim, uma not\u00edcia alvissareira!! Com essa boa nova teremos um fim de semana mais feliz. \u00c9 que o Minist\u00e9rio da [&hellip;]","og_url":"https:\/\/www.blogsoestado.com\/flaviobraga\/mec-corta-11-mil-vagas-em-cursos-de-direito\/","og_site_name":"Fl\u00e1vio Braga","article_published_time":"2011-06-03T11:27:38+00:00","author":"Flavio Braga","twitter_card":"summary_large_image","twitter_misc":{"Escrito por":"Flavio Braga","Est. tempo de leitura":"1 minuto"},"schema":{"@context":"https:\/\/schema.org","@graph":[{"@type":"WebPage","@id":"https:\/\/www.blogsoestado.com\/flaviobraga\/mec-corta-11-mil-vagas-em-cursos-de-direito\/","url":"https:\/\/www.blogsoestado.com\/flaviobraga\/mec-corta-11-mil-vagas-em-cursos-de-direito\/","name":"MEC corta 11 mil vagas em cursos de Direito - Fl\u00e1vio Braga","isPartOf":{"@id":"https:\/\/www.blogsoestado.com\/flaviobraga\/#website"},"datePublished":"2011-06-03T11:27:38+00:00","author":{"@id":"https:\/\/www.blogsoestado.com\/flaviobraga\/#\/schema\/person\/6c6c778331775c757a82d15206bd8733"},"breadcrumb":{"@id":"https:\/\/www.blogsoestado.com\/flaviobraga\/mec-corta-11-mil-vagas-em-cursos-de-direito\/#breadcrumb"},"inLanguage":"pt-BR","potentialAction":[{"@type":"ReadAction","target":["https:\/\/www.blogsoestado.com\/flaviobraga\/mec-corta-11-mil-vagas-em-cursos-de-direito\/"]}]},{"@type":"BreadcrumbList","@id":"https:\/\/www.blogsoestado.com\/flaviobraga\/mec-corta-11-mil-vagas-em-cursos-de-direito\/#breadcrumb","itemListElement":[{"@type":"ListItem","position":1,"name":"In\u00edcio","item":"https:\/\/www.blogsoestado.com\/flaviobraga\/"},{"@type":"ListItem","position":2,"name":"MEC corta 11 mil vagas em cursos de Direito"}]},{"@type":"WebSite","@id":"https:\/\/www.blogsoestado.com\/flaviobraga\/#website","url":"https:\/\/www.blogsoestado.com\/flaviobraga\/","name":"Fl\u00e1vio Braga","description":"","potentialAction":[{"@type":"SearchAction","target":{"@type":"EntryPoint","urlTemplate":"https:\/\/www.blogsoestado.com\/flaviobraga\/?s={search_term_string}"},"query-input":{"@type":"PropertyValueSpecification","valueRequired":true,"valueName":"search_term_string"}}],"inLanguage":"pt-BR"},{"@type":"Person","@id":"https:\/\/www.blogsoestado.com\/flaviobraga\/#\/schema\/person\/6c6c778331775c757a82d15206bd8733","name":"Flavio Braga","image":{"@type":"ImageObject","inLanguage":"pt-BR","@id":"https:\/\/www.blogsoestado.com\/flaviobraga\/#\/schema\/person\/image\/","url":"https:\/\/secure.gravatar.com\/avatar\/ab173937dad8d78195c87778be8a0285d069ede375ce0ae24aac1cf8e58ccb2c?s=96&d=mm&r=g","contentUrl":"https:\/\/secure.gravatar.com\/avatar\/ab173937dad8d78195c87778be8a0285d069ede375ce0ae24aac1cf8e58ccb2c?s=96&d=mm&r=g","caption":"Flavio Braga"},"url":"https:\/\/www.blogsoestado.com\/flaviobraga\/author\/flaviobraga\/"}]}},"jetpack_featured_media_url":"","_links":{"self":[{"href":"https:\/\/www.blogsoestado.com\/flaviobraga\/wp-json\/wp\/v2\/posts\/1400","targetHints":{"allow":["GET"]}}],"collection":[{"href":"https:\/\/www.blogsoestado.com\/flaviobraga\/wp-json\/wp\/v2\/posts"}],"about":[{"href":"https:\/\/www.blogsoestado.com\/flaviobraga\/wp-json\/wp\/v2\/types\/post"}],"author":[{"embeddable":true,"href":"https:\/\/www.blogsoestado.com\/flaviobraga\/wp-json\/wp\/v2\/users\/8"}],"replies":[{"embeddable":true,"href":"https:\/\/www.blogsoestado.com\/flaviobraga\/wp-json\/wp\/v2\/comments?post=1400"}],"version-history":[{"count":0,"href":"https:\/\/www.blogsoestado.com\/flaviobraga\/wp-json\/wp\/v2\/posts\/1400\/revisions"}],"wp:attachment":[{"href":"https:\/\/www.blogsoestado.com\/flaviobraga\/wp-json\/wp\/v2\/media?parent=1400"}],"wp:term":[{"taxonomy":"category","embeddable":true,"href":"https:\/\/www.blogsoestado.com\/flaviobraga\/wp-json\/wp\/v2\/categories?post=1400"},{"taxonomy":"post_tag","embeddable":true,"href":"https:\/\/www.blogsoestado.com\/flaviobraga\/wp-json\/wp\/v2\/tags?post=1400"}],"curies":[{"name":"wp","href":"https:\/\/api.w.org\/{rel}","templated":true}]}}