{"id":1401,"date":"2011-06-03T08:31:26","date_gmt":"2011-06-03T11:31:26","guid":{"rendered":"https:\/\/www.blogsoestado.com\/flaviobraga\/?p=1401"},"modified":"2011-06-03T08:31:26","modified_gmt":"2011-06-03T11:31:26","slug":"oab-corte-de-11-mil-vagas-nos-cursos-de-direito-e-preocupacao-com-qualidade","status":"publish","type":"post","link":"https:\/\/www.blogsoestado.com\/flaviobraga\/oab-corte-de-11-mil-vagas-nos-cursos-de-direito-e-preocupacao-com-qualidade\/","title":{"rendered":"OAB: corte de 11 mil vagas nos cursos de Direito \u00e9 preocupa\u00e7\u00e3o com qualidade"},"content":{"rendered":"<p>O presidente nacional da Ordem dos Advogados do Brasil, Ophir Cavalcante, avaliou como &#8220;muito positiva&#8221; a decis\u00e3o do Minist\u00e9rio da Educa\u00e7\u00e3o (MEC) de cortar 11 mil vagas do bacharelado em Direito\u00a0de 136 cursos de m\u00e1 qualidade de institui\u00e7\u00f5es privadas em todo o Pa\u00eds.<\/p>\n<p>Para ele, decis\u00f5es como esta refletem um compromisso maior com o ensino nesse Pa\u00eds e com a sociedade brasileira, que \u00e9 a grande destinat\u00e1ria dos servi\u00e7os que v\u00e3o ser prestados por aqueles que se formam nas faculdades de Direito.<\/p>\n<p>&#8220;A partir do\u00a0 momento em que o MEC come\u00e7a a corrigir essas distor\u00e7\u00f5es hist\u00f3ricas, come\u00e7a a exigir das faculdades de Direito qualidade, sobretudo nas faculdades particulares, certamente n\u00f3s vamos evoluir melhor e construir efetivamente um bom ensino jur\u00eddico no Pa\u00eds&#8221;, afirmou.<\/p>\n<p>Lembrando que o Brasil \u00e9 o pa\u00eds que mais possui\u00a0 faculdades de Direito no mundo (mais de 1.200) proporcionalmente \u00e0 sua popula\u00e7\u00e3o, Ophir salientou que \u00e9 fundamental uma pol\u00edtica nacional voltada para essa \u00e1rea e tendo como objetivo principal\u00a0 a qualidade.<\/p>\n<p>&#8220;Os cursos de Direito, no Brasil, tiveram uma expans\u00e3o desenfreada nos \u00faltimos anos e isso \u00e9 algo que assusta, porque a qualidade do ensino est\u00e1 cada vez mais deficiente&#8221;, disse. &#8220;Portanto, \u00e9 fundamental que o Estado brasileiro exer\u00e7a o seu papel de grande fiscal do ensino neste Pa\u00eds&#8221;.<\/p>\n<p>Ophir afirmou que a OAB continuar\u00e1 tamb\u00e9m na luta por um ensino jur\u00eddico de melhor qualidade. Por isso, destacou, a entidade defende que haja um corte linear nas vagas, no Brasil inteiro &#8211; s\u00e3o mais de 650 mil vagas do primeiro ao quinto ano de Direito &#8211; e que o MEC e o Conselho Nacional de Educa\u00e7\u00e3o sejam mais rigorosos na aprova\u00e7\u00e3o de abertura ou expans\u00e3o desses cursos. &#8220;\u00c9 muita vaga nos cursos de Direito, e o fato \u00e9 que os vestibulares n\u00e3o t\u00eam mais a mesma exig\u00eancia que havia anos atr\u00e1s&#8221;.<\/p>\n<p>De acordo com o presidente nacional da OAB, a entidade disp\u00f5e de levantamentos que mostram que as faculdades privadas, principalmente, t\u00eam um p\u00e9ssimo ensino jur\u00eddico, a partir da promo\u00e7\u00e3o do Exame de Ordem. &#8220;As 20 piores faculdades, em termos de resultados no Exame de Ordem, t\u00eam um \u00edndice de aprova\u00e7\u00e3o entre 5% e 10%. Ent\u00e3o, a Ordem vai continuar a sua luta incessante, a sua fiscaliza\u00e7\u00e3o intransigente no sentido de se ter cursos de Direito de qualidade no Brasil&#8221;, avisou.<\/p>\n","protected":false},"excerpt":{"rendered":"<p>O presidente nacional da Ordem dos Advogados do Brasil, Ophir Cavalcante, avaliou como &#8220;muito positiva&#8221; a decis\u00e3o do Minist\u00e9rio da [&hellip;]<\/p>\n","protected":false},"author":8,"featured_media":0,"comment_status":"open","ping_status":"open","sticky":false,"template":"","format":"standard","meta":{"site-sidebar-layout":"default","site-content-layout":"","ast-site-content-layout":"default","site-content-style":"default","site-sidebar-style":"default","ast-global-header-display":"","ast-banner-title-visibility":"","ast-main-header-display":"","ast-hfb-above-header-display":"","ast-hfb-below-header-display":"","ast-hfb-mobile-header-display":"","site-post-title":"","ast-breadcrumbs-content":"","ast-featured-img":"","footer-sml-layout":"","ast-disable-related-posts":"","theme-transparent-header-meta":"","adv-header-id-meta":"","stick-header-meta":"","header-above-stick-meta":"","header-main-stick-meta":"","header-below-stick-meta":"","astra-migrate-meta-layouts":"default","ast-page-background-enabled":"default","ast-page-background-meta":{"desktop":{"background-color":"var(--ast-global-color-5)","background-image":"","background-repeat":"repeat","background-position":"center center","background-size":"auto","background-attachment":"scroll","background-type":"","background-media":"","overlay-type":"","overlay-color":"","overlay-opacity":"","overlay-gradient":""},"tablet":{"background-color":"","background-image":"","background-repeat":"repeat","background-position":"center center","background-size":"auto","background-attachment":"scroll","background-type":"","background-media":"","overlay-type":"","overlay-color":"","overlay-opacity":"","overlay-gradient":""},"mobile":{"background-color":"","background-image":"","background-repeat":"repeat","background-position":"center center","background-size":"auto","background-attachment":"scroll","background-type":"","background-media":"","overlay-type":"","overlay-color":"","overlay-opacity":"","overlay-gradient":""}},"ast-content-background-meta":{"desktop":{"background-color":"var(--ast-global-color-4)","background-image":"","background-repeat":"repeat","background-position":"center center","background-size":"auto","background-attachment":"scroll","background-type":"","background-media":"","overlay-type":"","overlay-color":"","overlay-opacity":"","overlay-gradient":""},"tablet":{"background-color":"var(--ast-global-color-4)","background-image":"","background-repeat":"repeat","background-position":"center center","background-size":"auto","background-attachment":"scroll","background-type":"","background-media":"","overlay-type":"","overlay-color":"","overlay-opacity":"","overlay-gradient":""},"mobile":{"background-color":"var(--ast-global-color-4)","background-image":"","background-repeat":"repeat","background-position":"center center","background-size":"auto","background-attachment":"scroll","background-type":"","background-media":"","overlay-type":"","overlay-color":"","overlay-opacity":"","overlay-gradient":""}},"footnotes":""},"categories":[1],"tags":[],"class_list":["post-1401","post","type-post","status-publish","format-standard","hentry","category-sem-categoria"],"yoast_head":"<!-- This site is optimized with the Yoast SEO plugin v26.6 - https:\/\/yoast.com\/wordpress\/plugins\/seo\/ -->\n<title>OAB: corte de 11 mil vagas nos cursos de Direito \u00e9 preocupa\u00e7\u00e3o com qualidade - Fl\u00e1vio Braga<\/title>\n<meta name=\"robots\" content=\"index, follow, max-snippet:-1, max-image-preview:large, max-video-preview:-1\" \/>\n<link rel=\"canonical\" href=\"https:\/\/www.blogsoestado.com\/flaviobraga\/oab-corte-de-11-mil-vagas-nos-cursos-de-direito-e-preocupacao-com-qualidade\/\" \/>\n<meta property=\"og:locale\" content=\"pt_BR\" \/>\n<meta property=\"og:type\" content=\"article\" \/>\n<meta property=\"og:title\" content=\"OAB: corte de 11 mil vagas nos cursos de Direito \u00e9 preocupa\u00e7\u00e3o com qualidade - Fl\u00e1vio Braga\" \/>\n<meta property=\"og:description\" content=\"O presidente nacional da Ordem dos Advogados do Brasil, Ophir Cavalcante, avaliou como &#8220;muito positiva&#8221; a decis\u00e3o do Minist\u00e9rio da [&hellip;]\" \/>\n<meta property=\"og:url\" content=\"https:\/\/www.blogsoestado.com\/flaviobraga\/oab-corte-de-11-mil-vagas-nos-cursos-de-direito-e-preocupacao-com-qualidade\/\" \/>\n<meta property=\"og:site_name\" content=\"Fl\u00e1vio Braga\" \/>\n<meta property=\"article:published_time\" content=\"2011-06-03T11:31:26+00:00\" \/>\n<meta name=\"author\" content=\"Flavio Braga\" \/>\n<meta name=\"twitter:card\" content=\"summary_large_image\" \/>\n<meta name=\"twitter:label1\" content=\"Escrito por\" \/>\n\t<meta name=\"twitter:data1\" content=\"Flavio Braga\" \/>\n\t<meta name=\"twitter:label2\" content=\"Est. tempo de leitura\" \/>\n\t<meta name=\"twitter:data2\" content=\"2 minutos\" \/>\n<script type=\"application\/ld+json\" class=\"yoast-schema-graph\">{\"@context\":\"https:\/\/schema.org\",\"@graph\":[{\"@type\":\"WebPage\",\"@id\":\"https:\/\/www.blogsoestado.com\/flaviobraga\/oab-corte-de-11-mil-vagas-nos-cursos-de-direito-e-preocupacao-com-qualidade\/\",\"url\":\"https:\/\/www.blogsoestado.com\/flaviobraga\/oab-corte-de-11-mil-vagas-nos-cursos-de-direito-e-preocupacao-com-qualidade\/\",\"name\":\"OAB: corte de 11 mil vagas nos cursos de Direito \u00e9 preocupa\u00e7\u00e3o com qualidade - Fl\u00e1vio Braga\",\"isPartOf\":{\"@id\":\"https:\/\/www.blogsoestado.com\/flaviobraga\/#website\"},\"datePublished\":\"2011-06-03T11:31:26+00:00\",\"author\":{\"@id\":\"https:\/\/www.blogsoestado.com\/flaviobraga\/#\/schema\/person\/6c6c778331775c757a82d15206bd8733\"},\"breadcrumb\":{\"@id\":\"https:\/\/www.blogsoestado.com\/flaviobraga\/oab-corte-de-11-mil-vagas-nos-cursos-de-direito-e-preocupacao-com-qualidade\/#breadcrumb\"},\"inLanguage\":\"pt-BR\",\"potentialAction\":[{\"@type\":\"ReadAction\",\"target\":[\"https:\/\/www.blogsoestado.com\/flaviobraga\/oab-corte-de-11-mil-vagas-nos-cursos-de-direito-e-preocupacao-com-qualidade\/\"]}]},{\"@type\":\"BreadcrumbList\",\"@id\":\"https:\/\/www.blogsoestado.com\/flaviobraga\/oab-corte-de-11-mil-vagas-nos-cursos-de-direito-e-preocupacao-com-qualidade\/#breadcrumb\",\"itemListElement\":[{\"@type\":\"ListItem\",\"position\":1,\"name\":\"In\u00edcio\",\"item\":\"https:\/\/www.blogsoestado.com\/flaviobraga\/\"},{\"@type\":\"ListItem\",\"position\":2,\"name\":\"OAB: corte de 11 mil vagas nos cursos de Direito \u00e9 preocupa\u00e7\u00e3o com qualidade\"}]},{\"@type\":\"WebSite\",\"@id\":\"https:\/\/www.blogsoestado.com\/flaviobraga\/#website\",\"url\":\"https:\/\/www.blogsoestado.com\/flaviobraga\/\",\"name\":\"Fl\u00e1vio Braga\",\"description\":\"\",\"potentialAction\":[{\"@type\":\"SearchAction\",\"target\":{\"@type\":\"EntryPoint\",\"urlTemplate\":\"https:\/\/www.blogsoestado.com\/flaviobraga\/?s={search_term_string}\"},\"query-input\":{\"@type\":\"PropertyValueSpecification\",\"valueRequired\":true,\"valueName\":\"search_term_string\"}}],\"inLanguage\":\"pt-BR\"},{\"@type\":\"Person\",\"@id\":\"https:\/\/www.blogsoestado.com\/flaviobraga\/#\/schema\/person\/6c6c778331775c757a82d15206bd8733\",\"name\":\"Flavio Braga\",\"image\":{\"@type\":\"ImageObject\",\"inLanguage\":\"pt-BR\",\"@id\":\"https:\/\/www.blogsoestado.com\/flaviobraga\/#\/schema\/person\/image\/\",\"url\":\"https:\/\/secure.gravatar.com\/avatar\/ab173937dad8d78195c87778be8a0285d069ede375ce0ae24aac1cf8e58ccb2c?s=96&d=mm&r=g\",\"contentUrl\":\"https:\/\/secure.gravatar.com\/avatar\/ab173937dad8d78195c87778be8a0285d069ede375ce0ae24aac1cf8e58ccb2c?s=96&d=mm&r=g\",\"caption\":\"Flavio Braga\"},\"url\":\"https:\/\/www.blogsoestado.com\/flaviobraga\/author\/flaviobraga\/\"}]}<\/script>\n<!-- \/ Yoast SEO plugin. -->","yoast_head_json":{"title":"OAB: corte de 11 mil vagas nos cursos de Direito \u00e9 preocupa\u00e7\u00e3o com qualidade - Fl\u00e1vio Braga","robots":{"index":"index","follow":"follow","max-snippet":"max-snippet:-1","max-image-preview":"max-image-preview:large","max-video-preview":"max-video-preview:-1"},"canonical":"https:\/\/www.blogsoestado.com\/flaviobraga\/oab-corte-de-11-mil-vagas-nos-cursos-de-direito-e-preocupacao-com-qualidade\/","og_locale":"pt_BR","og_type":"article","og_title":"OAB: corte de 11 mil vagas nos cursos de Direito \u00e9 preocupa\u00e7\u00e3o com qualidade - Fl\u00e1vio Braga","og_description":"O presidente nacional da Ordem dos Advogados do Brasil, Ophir Cavalcante, avaliou como &#8220;muito positiva&#8221; a decis\u00e3o do Minist\u00e9rio da [&hellip;]","og_url":"https:\/\/www.blogsoestado.com\/flaviobraga\/oab-corte-de-11-mil-vagas-nos-cursos-de-direito-e-preocupacao-com-qualidade\/","og_site_name":"Fl\u00e1vio Braga","article_published_time":"2011-06-03T11:31:26+00:00","author":"Flavio Braga","twitter_card":"summary_large_image","twitter_misc":{"Escrito por":"Flavio Braga","Est. tempo de leitura":"2 minutos"},"schema":{"@context":"https:\/\/schema.org","@graph":[{"@type":"WebPage","@id":"https:\/\/www.blogsoestado.com\/flaviobraga\/oab-corte-de-11-mil-vagas-nos-cursos-de-direito-e-preocupacao-com-qualidade\/","url":"https:\/\/www.blogsoestado.com\/flaviobraga\/oab-corte-de-11-mil-vagas-nos-cursos-de-direito-e-preocupacao-com-qualidade\/","name":"OAB: corte de 11 mil vagas nos cursos de Direito \u00e9 preocupa\u00e7\u00e3o com qualidade - Fl\u00e1vio Braga","isPartOf":{"@id":"https:\/\/www.blogsoestado.com\/flaviobraga\/#website"},"datePublished":"2011-06-03T11:31:26+00:00","author":{"@id":"https:\/\/www.blogsoestado.com\/flaviobraga\/#\/schema\/person\/6c6c778331775c757a82d15206bd8733"},"breadcrumb":{"@id":"https:\/\/www.blogsoestado.com\/flaviobraga\/oab-corte-de-11-mil-vagas-nos-cursos-de-direito-e-preocupacao-com-qualidade\/#breadcrumb"},"inLanguage":"pt-BR","potentialAction":[{"@type":"ReadAction","target":["https:\/\/www.blogsoestado.com\/flaviobraga\/oab-corte-de-11-mil-vagas-nos-cursos-de-direito-e-preocupacao-com-qualidade\/"]}]},{"@type":"BreadcrumbList","@id":"https:\/\/www.blogsoestado.com\/flaviobraga\/oab-corte-de-11-mil-vagas-nos-cursos-de-direito-e-preocupacao-com-qualidade\/#breadcrumb","itemListElement":[{"@type":"ListItem","position":1,"name":"In\u00edcio","item":"https:\/\/www.blogsoestado.com\/flaviobraga\/"},{"@type":"ListItem","position":2,"name":"OAB: corte de 11 mil vagas nos cursos de Direito \u00e9 preocupa\u00e7\u00e3o com qualidade"}]},{"@type":"WebSite","@id":"https:\/\/www.blogsoestado.com\/flaviobraga\/#website","url":"https:\/\/www.blogsoestado.com\/flaviobraga\/","name":"Fl\u00e1vio Braga","description":"","potentialAction":[{"@type":"SearchAction","target":{"@type":"EntryPoint","urlTemplate":"https:\/\/www.blogsoestado.com\/flaviobraga\/?s={search_term_string}"},"query-input":{"@type":"PropertyValueSpecification","valueRequired":true,"valueName":"search_term_string"}}],"inLanguage":"pt-BR"},{"@type":"Person","@id":"https:\/\/www.blogsoestado.com\/flaviobraga\/#\/schema\/person\/6c6c778331775c757a82d15206bd8733","name":"Flavio Braga","image":{"@type":"ImageObject","inLanguage":"pt-BR","@id":"https:\/\/www.blogsoestado.com\/flaviobraga\/#\/schema\/person\/image\/","url":"https:\/\/secure.gravatar.com\/avatar\/ab173937dad8d78195c87778be8a0285d069ede375ce0ae24aac1cf8e58ccb2c?s=96&d=mm&r=g","contentUrl":"https:\/\/secure.gravatar.com\/avatar\/ab173937dad8d78195c87778be8a0285d069ede375ce0ae24aac1cf8e58ccb2c?s=96&d=mm&r=g","caption":"Flavio Braga"},"url":"https:\/\/www.blogsoestado.com\/flaviobraga\/author\/flaviobraga\/"}]}},"jetpack_featured_media_url":"","_links":{"self":[{"href":"https:\/\/www.blogsoestado.com\/flaviobraga\/wp-json\/wp\/v2\/posts\/1401","targetHints":{"allow":["GET"]}}],"collection":[{"href":"https:\/\/www.blogsoestado.com\/flaviobraga\/wp-json\/wp\/v2\/posts"}],"about":[{"href":"https:\/\/www.blogsoestado.com\/flaviobraga\/wp-json\/wp\/v2\/types\/post"}],"author":[{"embeddable":true,"href":"https:\/\/www.blogsoestado.com\/flaviobraga\/wp-json\/wp\/v2\/users\/8"}],"replies":[{"embeddable":true,"href":"https:\/\/www.blogsoestado.com\/flaviobraga\/wp-json\/wp\/v2\/comments?post=1401"}],"version-history":[{"count":0,"href":"https:\/\/www.blogsoestado.com\/flaviobraga\/wp-json\/wp\/v2\/posts\/1401\/revisions"}],"wp:attachment":[{"href":"https:\/\/www.blogsoestado.com\/flaviobraga\/wp-json\/wp\/v2\/media?parent=1401"}],"wp:term":[{"taxonomy":"category","embeddable":true,"href":"https:\/\/www.blogsoestado.com\/flaviobraga\/wp-json\/wp\/v2\/categories?post=1401"},{"taxonomy":"post_tag","embeddable":true,"href":"https:\/\/www.blogsoestado.com\/flaviobraga\/wp-json\/wp\/v2\/tags?post=1401"}],"curies":[{"name":"wp","href":"https:\/\/api.w.org\/{rel}","templated":true}]}}