{"id":1429,"date":"2011-06-13T12:46:19","date_gmt":"2011-06-13T15:46:19","guid":{"rendered":"https:\/\/www.blogsoestado.com\/flaviobraga\/?p=1429"},"modified":"2011-06-13T12:46:19","modified_gmt":"2011-06-13T15:46:19","slug":"pec-ministro-cezar-peluso","status":"publish","type":"post","link":"https:\/\/www.blogsoestado.com\/flaviobraga\/pec-ministro-cezar-peluso\/","title":{"rendered":"PEC Ministro Cezar Peluso"},"content":{"rendered":"<p><strong>Por Alexandre Freire*<\/strong><\/p>\n<p>No dia 21 de janeiro de 2011, o presidente do Supremo Tribunal Federal (STF) ministro Cezar Peluso, apresentou, no semin\u00e1rio Caminhos para um Judici\u00e1rio mais eficiente, Proposta de Emenda Constitucional &#8211; PEC, para proporcionar uma tutela jurisdicional mais c\u00e9lere e efetiva.<\/p>\n<p>Em apertada s\u00edntese, a PEC (ainda n\u00e3o apresentada ao Congresso Nacional) prop\u00f5e a antecipa\u00e7\u00e3o do tr\u00e2nsito em julgado das decis\u00f5es judiciais para o segundo grau de jurisdi\u00e7\u00e3o.<\/p>\n<p>De acordo com o artigo 105-A da PEC, admissibilidade do recurso extraordin\u00e1rio e do recurso especial n\u00e3o obsta o tr\u00e2nsito em julgado da decis\u00e3o que os comporte. O par\u00e1grafo \u00fanico deste dispositivo disp\u00f5e que a nenhum t\u00edtulo ser\u00e1 concedido efeito suspensivo aos recursos, podendo o relator se for o caso, pedir prefer\u00eancia no julgamento.<\/p>\n<p>Nas redes sociais (twitter, sobremaneira) essa proposta tornou-se conhecida como PEC dos recursos ou PEC Peluso. Muitos foram os textos postados. Temos hoje tr\u00eas correntes sobre a proposta: I) a favor\u00e1vel; II) a contr\u00e1ria; e III) a que sugere uma solu\u00e7\u00e3o ajustadora entre o texto da PEC Peluso e o PLS 166\/2010 (projeto do novo C\u00f3digo de Processo Civil).<\/p>\n<p>Os defensores da PEC dos recursos sustentam que o texto poder\u00e1 tornar a presta\u00e7\u00e3o judici\u00e1ria mais efetiva e c\u00e9lere, vez que se poder\u00e1 executar em definitivo o julgado proferido pelas cortes de segundo grau. Essa ala \u00e9 composta majoritariamente por magistrados. Nesta sexta-feira (13\/05\/2011), os presidentes dos Tribunais de Justi\u00e7a declararam apoio un\u00e2nime \u00e0 proposta apresentada pelo ministro Cezar Peluso.<\/p>\n<p>Por sua vez, os opositores da proposta, notadamente advogados, alegam que o texto, como se apresenta, acarretar\u00e1 viola\u00e7\u00e3o das garantias constitucionais dos jurisdicionados. Para que se tenha uma leve id\u00e9ia do grau de rejei\u00e7\u00e3o dos opositores, recentemente, o vice-presidente Michel Temer (PMDB) recebeu do advogado criminalista Antonio Claudio Mariz de Oliveira documento que ataca visceralmente a PEC, sustentando, entre outros pontos, a infring\u00eancia do direito de defesa e do princ\u00edpio da presun\u00e7\u00e3o da inoc\u00eancia.<\/p>\n<p>Os que defendem o ajuste entre os textos da PEC dos recursos e o do PLS 166\/2010 asseguram que a solu\u00e7\u00e3o de compromisso entre os diplomas trar\u00e1 mais celeridade ao processo sem, contudo, implicar em desrespeito aos direitos processuais dos litigantes.<\/p>\n<p>Esse saud\u00e1vel debate possui inclusive espa\u00e7o institucionalizado de discuss\u00e3o. No mesmo dia do lan\u00e7amento da proposta, a Funda\u00e7\u00e3o Get\u00falio Vargas &#8211; RJ disponibilizou, no seu s\u00edtio, espa\u00e7o para postagem de coment\u00e1rios e outras propostas (http:\/\/democraciaonline.fgv.br\/pec-dos-recursos).<\/p>\n<p>No dia 8 de maio deste ano, em resposta aos opositores da PEC dos recursos, o ministro Cezar Peluso publicou texto na Folha de S\u00e3o Paulo em que, amparado por interessantes dados estat\u00edsticos, refuta os argumentos daqueles que afirmam que a antecipa\u00e7\u00e3o do tr\u00e2nsito em julgado atentar\u00e1 contra o direito fundamental da ampla defesa em mat\u00e9ria penal.<\/p>\n<p>Percebe-se que se tem em discuss\u00e3o mais uma proposta para tentar dotar o processo de maior efetividade e celeridade, assim como conferir ao STF a real fun\u00e7\u00e3o de guardi\u00e3o da Constitui\u00e7\u00e3o Federal, haja vista que pesquisa emp\u00edrica recente (www.supremoemnumeros.com.br) demonstrou que 91,69 % dos feitos analisados pela Suprema Corte versam sobre recursos, e apenas 3% dos processos julgados tratam de mat\u00e9ria constitucional.<\/p>\n<p>De fato, essa situa\u00e7\u00e3o \u00e9 alarmante, e exige propostas para seu ajustamento. O texto apresentado pelo ministro Cezar Peluso \u00e9 uma resposta. N\u00e3o se apresenta no momento como solu\u00e7\u00e3o definitiva. Mas um ponto de partida para uma discuss\u00e3o p\u00fablica sobre comprometimento funcional do STF, e seus reflexos na presta\u00e7\u00e3o da tutela jurisdicional efetiva exigida no Estado Constitucional Democr\u00e1tico de Direito.<\/p>\n<p>Entendemos que a PEC apresentada pelo ministro Cezar Peluso n\u00e3o possui nenhuma m\u00e1cula de inconstitucionalidade. O adiantamento do tr\u00e2nsito em julgado n\u00e3o acarretar\u00e1, por exemplo, viola\u00e7\u00e3o ao duplo grau de jurisdi\u00e7\u00e3o, muito menos obstar\u00e1 o acesso ao STF. Pensamos que essa proposi\u00e7\u00e3o restaurar\u00e1 a id\u00e9ia concebida pelo Constituinte de 1988 para o excelso pret\u00f3rio: torn\u00e1-lo uma corte que julga teses constitucionais, e n\u00e3o apenas uma terceira inst\u00e2ncia revisora.<\/p>\n<p>(<em>Mestre em Direito do Estado pela UFPR, coordenador do Curso de Direito da UFMA, Research Fellow Columbia Law School NYC\/EUA<\/em>)<\/p>\n","protected":false},"excerpt":{"rendered":"<p>Por Alexandre Freire* No dia 21 de janeiro de 2011, o presidente do Supremo Tribunal Federal (STF) ministro Cezar Peluso, [&hellip;]<\/p>\n","protected":false},"author":8,"featured_media":0,"comment_status":"open","ping_status":"open","sticky":false,"template":"","format":"standard","meta":{"site-sidebar-layout":"default","site-content-layout":"","ast-site-content-layout":"default","site-content-style":"default","site-sidebar-style":"default","ast-global-header-display":"","ast-banner-title-visibility":"","ast-main-header-display":"","ast-hfb-above-header-display":"","ast-hfb-below-header-display":"","ast-hfb-mobile-header-display":"","site-post-title":"","ast-breadcrumbs-content":"","ast-featured-img":"","footer-sml-layout":"","ast-disable-related-posts":"","theme-transparent-header-meta":"","adv-header-id-meta":"","stick-header-meta":"","header-above-stick-meta":"","header-main-stick-meta":"","header-below-stick-meta":"","astra-migrate-meta-layouts":"default","ast-page-background-enabled":"default","ast-page-background-meta":{"desktop":{"background-color":"var(--ast-global-color-5)","background-image":"","background-repeat":"repeat","background-position":"center center","background-size":"auto","background-attachment":"scroll","background-type":"","background-media":"","overlay-type":"","overlay-color":"","overlay-opacity":"","overlay-gradient":""},"tablet":{"background-color":"","background-image":"","background-repeat":"repeat","background-position":"center center","background-size":"auto","background-attachment":"scroll","background-type":"","background-media":"","overlay-type":"","overlay-color":"","overlay-opacity":"","overlay-gradient":""},"mobile":{"background-color":"","background-image":"","background-repeat":"repeat","background-position":"center center","background-size":"auto","background-attachment":"scroll","background-type":"","background-media":"","overlay-type":"","overlay-color":"","overlay-opacity":"","overlay-gradient":""}},"ast-content-background-meta":{"desktop":{"background-color":"var(--ast-global-color-4)","background-image":"","background-repeat":"repeat","background-position":"center center","background-size":"auto","background-attachment":"scroll","background-type":"","background-media":"","overlay-type":"","overlay-color":"","overlay-opacity":"","overlay-gradient":""},"tablet":{"background-color":"var(--ast-global-color-4)","background-image":"","background-repeat":"repeat","background-position":"center center","background-size":"auto","background-attachment":"scroll","background-type":"","background-media":"","overlay-type":"","overlay-color":"","overlay-opacity":"","overlay-gradient":""},"mobile":{"background-color":"var(--ast-global-color-4)","background-image":"","background-repeat":"repeat","background-position":"center center","background-size":"auto","background-attachment":"scroll","background-type":"","background-media":"","overlay-type":"","overlay-color":"","overlay-opacity":"","overlay-gradient":""}},"footnotes":""},"categories":[1],"tags":[],"class_list":["post-1429","post","type-post","status-publish","format-standard","hentry","category-sem-categoria"],"yoast_head":"<!-- This site is optimized with the Yoast SEO plugin v26.6 - https:\/\/yoast.com\/wordpress\/plugins\/seo\/ -->\n<title>PEC Ministro Cezar Peluso - Fl\u00e1vio Braga<\/title>\n<meta name=\"robots\" content=\"index, follow, max-snippet:-1, max-image-preview:large, max-video-preview:-1\" \/>\n<link rel=\"canonical\" href=\"https:\/\/www.blogsoestado.com\/flaviobraga\/pec-ministro-cezar-peluso\/\" \/>\n<meta property=\"og:locale\" content=\"pt_BR\" \/>\n<meta property=\"og:type\" content=\"article\" \/>\n<meta property=\"og:title\" content=\"PEC Ministro Cezar Peluso - Fl\u00e1vio Braga\" \/>\n<meta property=\"og:description\" content=\"Por Alexandre Freire* No dia 21 de janeiro de 2011, o presidente do Supremo Tribunal Federal (STF) ministro Cezar Peluso, [&hellip;]\" \/>\n<meta property=\"og:url\" content=\"https:\/\/www.blogsoestado.com\/flaviobraga\/pec-ministro-cezar-peluso\/\" \/>\n<meta property=\"og:site_name\" content=\"Fl\u00e1vio Braga\" \/>\n<meta property=\"article:published_time\" content=\"2011-06-13T15:46:19+00:00\" \/>\n<meta name=\"author\" content=\"Flavio Braga\" \/>\n<meta name=\"twitter:card\" content=\"summary_large_image\" \/>\n<meta name=\"twitter:label1\" content=\"Escrito por\" \/>\n\t<meta name=\"twitter:data1\" content=\"Flavio Braga\" \/>\n\t<meta name=\"twitter:label2\" content=\"Est. tempo de leitura\" \/>\n\t<meta name=\"twitter:data2\" content=\"4 minutos\" \/>\n<script type=\"application\/ld+json\" class=\"yoast-schema-graph\">{\"@context\":\"https:\/\/schema.org\",\"@graph\":[{\"@type\":\"WebPage\",\"@id\":\"https:\/\/www.blogsoestado.com\/flaviobraga\/pec-ministro-cezar-peluso\/\",\"url\":\"https:\/\/www.blogsoestado.com\/flaviobraga\/pec-ministro-cezar-peluso\/\",\"name\":\"PEC Ministro Cezar Peluso - Fl\u00e1vio Braga\",\"isPartOf\":{\"@id\":\"https:\/\/www.blogsoestado.com\/flaviobraga\/#website\"},\"datePublished\":\"2011-06-13T15:46:19+00:00\",\"author\":{\"@id\":\"https:\/\/www.blogsoestado.com\/flaviobraga\/#\/schema\/person\/6c6c778331775c757a82d15206bd8733\"},\"breadcrumb\":{\"@id\":\"https:\/\/www.blogsoestado.com\/flaviobraga\/pec-ministro-cezar-peluso\/#breadcrumb\"},\"inLanguage\":\"pt-BR\",\"potentialAction\":[{\"@type\":\"ReadAction\",\"target\":[\"https:\/\/www.blogsoestado.com\/flaviobraga\/pec-ministro-cezar-peluso\/\"]}]},{\"@type\":\"BreadcrumbList\",\"@id\":\"https:\/\/www.blogsoestado.com\/flaviobraga\/pec-ministro-cezar-peluso\/#breadcrumb\",\"itemListElement\":[{\"@type\":\"ListItem\",\"position\":1,\"name\":\"In\u00edcio\",\"item\":\"https:\/\/www.blogsoestado.com\/flaviobraga\/\"},{\"@type\":\"ListItem\",\"position\":2,\"name\":\"PEC Ministro Cezar Peluso\"}]},{\"@type\":\"WebSite\",\"@id\":\"https:\/\/www.blogsoestado.com\/flaviobraga\/#website\",\"url\":\"https:\/\/www.blogsoestado.com\/flaviobraga\/\",\"name\":\"Fl\u00e1vio Braga\",\"description\":\"\",\"potentialAction\":[{\"@type\":\"SearchAction\",\"target\":{\"@type\":\"EntryPoint\",\"urlTemplate\":\"https:\/\/www.blogsoestado.com\/flaviobraga\/?s={search_term_string}\"},\"query-input\":{\"@type\":\"PropertyValueSpecification\",\"valueRequired\":true,\"valueName\":\"search_term_string\"}}],\"inLanguage\":\"pt-BR\"},{\"@type\":\"Person\",\"@id\":\"https:\/\/www.blogsoestado.com\/flaviobraga\/#\/schema\/person\/6c6c778331775c757a82d15206bd8733\",\"name\":\"Flavio Braga\",\"image\":{\"@type\":\"ImageObject\",\"inLanguage\":\"pt-BR\",\"@id\":\"https:\/\/www.blogsoestado.com\/flaviobraga\/#\/schema\/person\/image\/\",\"url\":\"https:\/\/secure.gravatar.com\/avatar\/ab173937dad8d78195c87778be8a0285d069ede375ce0ae24aac1cf8e58ccb2c?s=96&d=mm&r=g\",\"contentUrl\":\"https:\/\/secure.gravatar.com\/avatar\/ab173937dad8d78195c87778be8a0285d069ede375ce0ae24aac1cf8e58ccb2c?s=96&d=mm&r=g\",\"caption\":\"Flavio Braga\"},\"url\":\"https:\/\/www.blogsoestado.com\/flaviobraga\/author\/flaviobraga\/\"}]}<\/script>\n<!-- \/ Yoast SEO plugin. -->","yoast_head_json":{"title":"PEC Ministro Cezar Peluso - Fl\u00e1vio Braga","robots":{"index":"index","follow":"follow","max-snippet":"max-snippet:-1","max-image-preview":"max-image-preview:large","max-video-preview":"max-video-preview:-1"},"canonical":"https:\/\/www.blogsoestado.com\/flaviobraga\/pec-ministro-cezar-peluso\/","og_locale":"pt_BR","og_type":"article","og_title":"PEC Ministro Cezar Peluso - Fl\u00e1vio Braga","og_description":"Por Alexandre Freire* No dia 21 de janeiro de 2011, o presidente do Supremo Tribunal Federal (STF) ministro Cezar Peluso, [&hellip;]","og_url":"https:\/\/www.blogsoestado.com\/flaviobraga\/pec-ministro-cezar-peluso\/","og_site_name":"Fl\u00e1vio Braga","article_published_time":"2011-06-13T15:46:19+00:00","author":"Flavio Braga","twitter_card":"summary_large_image","twitter_misc":{"Escrito por":"Flavio Braga","Est. tempo de leitura":"4 minutos"},"schema":{"@context":"https:\/\/schema.org","@graph":[{"@type":"WebPage","@id":"https:\/\/www.blogsoestado.com\/flaviobraga\/pec-ministro-cezar-peluso\/","url":"https:\/\/www.blogsoestado.com\/flaviobraga\/pec-ministro-cezar-peluso\/","name":"PEC Ministro Cezar Peluso - Fl\u00e1vio Braga","isPartOf":{"@id":"https:\/\/www.blogsoestado.com\/flaviobraga\/#website"},"datePublished":"2011-06-13T15:46:19+00:00","author":{"@id":"https:\/\/www.blogsoestado.com\/flaviobraga\/#\/schema\/person\/6c6c778331775c757a82d15206bd8733"},"breadcrumb":{"@id":"https:\/\/www.blogsoestado.com\/flaviobraga\/pec-ministro-cezar-peluso\/#breadcrumb"},"inLanguage":"pt-BR","potentialAction":[{"@type":"ReadAction","target":["https:\/\/www.blogsoestado.com\/flaviobraga\/pec-ministro-cezar-peluso\/"]}]},{"@type":"BreadcrumbList","@id":"https:\/\/www.blogsoestado.com\/flaviobraga\/pec-ministro-cezar-peluso\/#breadcrumb","itemListElement":[{"@type":"ListItem","position":1,"name":"In\u00edcio","item":"https:\/\/www.blogsoestado.com\/flaviobraga\/"},{"@type":"ListItem","position":2,"name":"PEC Ministro Cezar Peluso"}]},{"@type":"WebSite","@id":"https:\/\/www.blogsoestado.com\/flaviobraga\/#website","url":"https:\/\/www.blogsoestado.com\/flaviobraga\/","name":"Fl\u00e1vio Braga","description":"","potentialAction":[{"@type":"SearchAction","target":{"@type":"EntryPoint","urlTemplate":"https:\/\/www.blogsoestado.com\/flaviobraga\/?s={search_term_string}"},"query-input":{"@type":"PropertyValueSpecification","valueRequired":true,"valueName":"search_term_string"}}],"inLanguage":"pt-BR"},{"@type":"Person","@id":"https:\/\/www.blogsoestado.com\/flaviobraga\/#\/schema\/person\/6c6c778331775c757a82d15206bd8733","name":"Flavio Braga","image":{"@type":"ImageObject","inLanguage":"pt-BR","@id":"https:\/\/www.blogsoestado.com\/flaviobraga\/#\/schema\/person\/image\/","url":"https:\/\/secure.gravatar.com\/avatar\/ab173937dad8d78195c87778be8a0285d069ede375ce0ae24aac1cf8e58ccb2c?s=96&d=mm&r=g","contentUrl":"https:\/\/secure.gravatar.com\/avatar\/ab173937dad8d78195c87778be8a0285d069ede375ce0ae24aac1cf8e58ccb2c?s=96&d=mm&r=g","caption":"Flavio Braga"},"url":"https:\/\/www.blogsoestado.com\/flaviobraga\/author\/flaviobraga\/"}]}},"jetpack_featured_media_url":"","_links":{"self":[{"href":"https:\/\/www.blogsoestado.com\/flaviobraga\/wp-json\/wp\/v2\/posts\/1429","targetHints":{"allow":["GET"]}}],"collection":[{"href":"https:\/\/www.blogsoestado.com\/flaviobraga\/wp-json\/wp\/v2\/posts"}],"about":[{"href":"https:\/\/www.blogsoestado.com\/flaviobraga\/wp-json\/wp\/v2\/types\/post"}],"author":[{"embeddable":true,"href":"https:\/\/www.blogsoestado.com\/flaviobraga\/wp-json\/wp\/v2\/users\/8"}],"replies":[{"embeddable":true,"href":"https:\/\/www.blogsoestado.com\/flaviobraga\/wp-json\/wp\/v2\/comments?post=1429"}],"version-history":[{"count":0,"href":"https:\/\/www.blogsoestado.com\/flaviobraga\/wp-json\/wp\/v2\/posts\/1429\/revisions"}],"wp:attachment":[{"href":"https:\/\/www.blogsoestado.com\/flaviobraga\/wp-json\/wp\/v2\/media?parent=1429"}],"wp:term":[{"taxonomy":"category","embeddable":true,"href":"https:\/\/www.blogsoestado.com\/flaviobraga\/wp-json\/wp\/v2\/categories?post=1429"},{"taxonomy":"post_tag","embeddable":true,"href":"https:\/\/www.blogsoestado.com\/flaviobraga\/wp-json\/wp\/v2\/tags?post=1429"}],"curies":[{"name":"wp","href":"https:\/\/api.w.org\/{rel}","templated":true}]}}