{"id":1478,"date":"2011-07-11T14:28:48","date_gmt":"2011-07-11T17:28:48","guid":{"rendered":"https:\/\/www.blogsoestado.com\/flaviobraga\/?p=1478"},"modified":"2011-07-11T14:28:48","modified_gmt":"2011-07-11T17:28:48","slug":"o-pacto-republicano-e-a-pec-dos-recursos","status":"publish","type":"post","link":"https:\/\/www.blogsoestado.com\/flaviobraga\/o-pacto-republicano-e-a-pec-dos-recursos\/","title":{"rendered":"O pacto republicano e a PEC dos Recursos"},"content":{"rendered":"<p>Embora publicado na imprensa logo no princ\u00edpio do m\u00eas de julho, o <em>blog<\/em> reproduz brilhante artigo do jurista Roberto Veloso, em raz\u00e3o da pertin\u00eancia do tema para toda a comunidade jur\u00eddica.<\/p>\n<p><strong>\u00a0&#8220;<\/strong><strong>\u00a0<\/strong><strong>O terceiro pacto republicano&#8221;<\/strong><\/p>\n<p>Por Roberto Veloso*<\/p>\n<p>\u00c9 interessante se tomar conhecimento pelos notici\u00e1rios da gesta\u00e7\u00e3o de um terceiro pacto republicano entre os tr\u00eas poderes da rep\u00fablica, sob a coordena\u00e7\u00e3o do Supremo Tribunal Federal, na pessoa de seu presidente, ministro Cezar Peluso. Dizem os clarins que o objetivo maior \u00e9 aprovar a famosa PEC dos recursos, aquela que viria para desafogar os tribunais superiores de tantos processos.<\/p>\n<p>\u00a0Segundo informa\u00e7\u00f5es do site do STF, estavam presentes na reuni\u00e3o com o presidente Cezar Peluso, realizada na \u00faltima quinta-feira (30.6), o ministro da Justi\u00e7a, Jos\u00e9 Eduardo Cardozo, o senador Ricardo Ferra\u00e7o \u2013 autor da PEC dos recursos (15\/2011) \u2013, o secret\u00e1rio executivo da Casa Civil da Presid\u00eancia da Rep\u00fablica, Beto Vasconcelos, o deputado Jo\u00e3o Paulo Cunha (PT-SP), presidente da Comiss\u00e3o de Constitui\u00e7\u00e3o e Justi\u00e7a (CCJ) da C\u00e2mara dos Deputados, o deputado Paulo Teixeira, l\u00edder do PT, o deputado Arthur Maia (PMDB-BA), e o consultor do Senado Federal Bruno Dantas, recentemente eleito para representar o Senado no Conselho Nacional de Justi\u00e7a.<\/p>\n<p>\u00a0Nas duas primeiras edi\u00e7\u00f5es do pacto firmadas, respectivamente, em 2004 e 2009, foram aprovadas medidas para a otimiza\u00e7\u00e3o do Judici\u00e1rio. Na primeira edi\u00e7\u00e3o, o I pacto republicano possibilitou a reforma do judici\u00e1rio, com a aprova\u00e7\u00e3o da emenda constitucional n\u00ba 45 que, entre outras medidas, criou a figura da repercuss\u00e3o geral para o julgamento dos recursos extraordin\u00e1rios no STF.<\/p>\n<p>\u00a0Em 2009, o objetivo foi promover a uniformiza\u00e7\u00e3o da jurisprud\u00eancia no \u00e2mbito dos Juizados Especiais C\u00edveis quando houver diverg\u00eancia entre as decis\u00f5es proferidas pelas turmas Recursais, evitando decis\u00f5es divergentes em a\u00e7\u00f5es que envolvam situa\u00e7\u00f5es id\u00eanticas.<\/p>\n<p>\u00a0Agora, no terceiro, o objetivo maior \u00e9 a aprova\u00e7\u00e3o da PEC dos recursos, sob o argumento que a causa principal dos atrasos no pa\u00eds \u00e9 quantidade de recursos e de inst\u00e2ncias recursais. Para o ministro Peluso, o STF se transformou na quarta inst\u00e2ncia do judici\u00e1rio ao se ocupar de julgar recursos e n\u00e3o a\u00e7\u00f5es em que se discute a conformidade das leis com a Constitui\u00e7\u00e3o.<\/p>\n<p>\u00a0A Ordem dos Advogados do Brasil e os grandes escrit\u00f3rios tem se manifestado contra a PEC, sob o argumento da viola\u00e7\u00e3o ao direito de defesa, o que deve ser considerado durante a vota\u00e7\u00e3o no Congresso Nacional, pois o Supremo argumenta que julga cerca de 91% dos seus processos oriundos de recursos.<\/p>\n<p>\u00a0A proposta, caso aprovada, tornar\u00e1 a decis\u00e3o de segunda inst\u00e2ncia em definitiva, transitada em julgado, e a parte que n\u00e3o se conformasse entraria com recurso para o STF e para o STJ, mas n\u00e3o suspenderia os efeitos da senten\u00e7a, como acontece hoje. Por entender que a medida prestigia os ju\u00edzes de primeiro e segundo grau, a maioria dos magistrados ap\u00f3ia a ideia.<\/p>\n<p>\u00a0No entanto, a PEC dos recursos deve ser agregada a outras medidas que visem a aumentar a seguran\u00e7a dos julgadores, como a ado\u00e7\u00e3o dos ju\u00edzes sem rosto e o julgamento colegiado nos processos que envolvam o crime organizado, bem como a cria\u00e7\u00e3o de mais quatro tribunais regionais federais para diminuir a taxa de congestionamento da Justi\u00e7a Federal.<\/p>\n<p>\u00a0Como estamos falando de pacto, a probabilidade de aprova\u00e7\u00e3o da medida \u00e9 grande, ainda mais porque h\u00e1 interesse direto do Supremo Tribunal Federal, tendo o presidente dito que abre m\u00e3o do controle pr\u00e9vio de constitucionalidade das leis em prol da aprova\u00e7\u00e3o da PEC dos recursos.<\/p>\n<p>\u00a0<em>*Roberto Veloso \u00e9 presidente da Associa\u00e7\u00e3o dos Ju\u00edzes Federais da 1\u00aa Regi\u00e3o e professor adjunto da UFMA.<\/em><\/p>\n","protected":false},"excerpt":{"rendered":"<p>Embora publicado na imprensa logo no princ\u00edpio do m\u00eas de julho, o blog reproduz brilhante artigo do jurista Roberto Veloso, [&hellip;]<\/p>\n","protected":false},"author":8,"featured_media":0,"comment_status":"open","ping_status":"open","sticky":false,"template":"","format":"standard","meta":{"site-sidebar-layout":"default","site-content-layout":"","ast-site-content-layout":"default","site-content-style":"default","site-sidebar-style":"default","ast-global-header-display":"","ast-banner-title-visibility":"","ast-main-header-display":"","ast-hfb-above-header-display":"","ast-hfb-below-header-display":"","ast-hfb-mobile-header-display":"","site-post-title":"","ast-breadcrumbs-content":"","ast-featured-img":"","footer-sml-layout":"","ast-disable-related-posts":"","theme-transparent-header-meta":"","adv-header-id-meta":"","stick-header-meta":"","header-above-stick-meta":"","header-main-stick-meta":"","header-below-stick-meta":"","astra-migrate-meta-layouts":"default","ast-page-background-enabled":"default","ast-page-background-meta":{"desktop":{"background-color":"var(--ast-global-color-5)","background-image":"","background-repeat":"repeat","background-position":"center center","background-size":"auto","background-attachment":"scroll","background-type":"","background-media":"","overlay-type":"","overlay-color":"","overlay-opacity":"","overlay-gradient":""},"tablet":{"background-color":"","background-image":"","background-repeat":"repeat","background-position":"center center","background-size":"auto","background-attachment":"scroll","background-type":"","background-media":"","overlay-type":"","overlay-color":"","overlay-opacity":"","overlay-gradient":""},"mobile":{"background-color":"","background-image":"","background-repeat":"repeat","background-position":"center center","background-size":"auto","background-attachment":"scroll","background-type":"","background-media":"","overlay-type":"","overlay-color":"","overlay-opacity":"","overlay-gradient":""}},"ast-content-background-meta":{"desktop":{"background-color":"var(--ast-global-color-4)","background-image":"","background-repeat":"repeat","background-position":"center center","background-size":"auto","background-attachment":"scroll","background-type":"","background-media":"","overlay-type":"","overlay-color":"","overlay-opacity":"","overlay-gradient":""},"tablet":{"background-color":"var(--ast-global-color-4)","background-image":"","background-repeat":"repeat","background-position":"center center","background-size":"auto","background-attachment":"scroll","background-type":"","background-media":"","overlay-type":"","overlay-color":"","overlay-opacity":"","overlay-gradient":""},"mobile":{"background-color":"var(--ast-global-color-4)","background-image":"","background-repeat":"repeat","background-position":"center center","background-size":"auto","background-attachment":"scroll","background-type":"","background-media":"","overlay-type":"","overlay-color":"","overlay-opacity":"","overlay-gradient":""}},"footnotes":""},"categories":[1],"tags":[],"class_list":["post-1478","post","type-post","status-publish","format-standard","hentry","category-sem-categoria"],"yoast_head":"<!-- This site is optimized with the Yoast SEO plugin v26.6 - https:\/\/yoast.com\/wordpress\/plugins\/seo\/ -->\n<title>O pacto republicano e a PEC dos Recursos - Fl\u00e1vio Braga<\/title>\n<meta name=\"robots\" content=\"index, follow, max-snippet:-1, max-image-preview:large, max-video-preview:-1\" \/>\n<link rel=\"canonical\" href=\"https:\/\/www.blogsoestado.com\/flaviobraga\/o-pacto-republicano-e-a-pec-dos-recursos\/\" \/>\n<meta property=\"og:locale\" content=\"pt_BR\" \/>\n<meta property=\"og:type\" content=\"article\" \/>\n<meta property=\"og:title\" content=\"O pacto republicano e a PEC dos Recursos - Fl\u00e1vio Braga\" \/>\n<meta property=\"og:description\" content=\"Embora publicado na imprensa logo no princ\u00edpio do m\u00eas de julho, o blog reproduz brilhante artigo do jurista Roberto Veloso, [&hellip;]\" \/>\n<meta property=\"og:url\" content=\"https:\/\/www.blogsoestado.com\/flaviobraga\/o-pacto-republicano-e-a-pec-dos-recursos\/\" \/>\n<meta property=\"og:site_name\" content=\"Fl\u00e1vio Braga\" \/>\n<meta property=\"article:published_time\" content=\"2011-07-11T17:28:48+00:00\" \/>\n<meta name=\"author\" content=\"Flavio Braga\" \/>\n<meta name=\"twitter:card\" content=\"summary_large_image\" \/>\n<meta name=\"twitter:label1\" content=\"Escrito por\" \/>\n\t<meta name=\"twitter:data1\" content=\"Flavio Braga\" \/>\n\t<meta name=\"twitter:label2\" content=\"Est. tempo de leitura\" \/>\n\t<meta name=\"twitter:data2\" content=\"3 minutos\" \/>\n<script type=\"application\/ld+json\" class=\"yoast-schema-graph\">{\"@context\":\"https:\/\/schema.org\",\"@graph\":[{\"@type\":\"WebPage\",\"@id\":\"https:\/\/www.blogsoestado.com\/flaviobraga\/o-pacto-republicano-e-a-pec-dos-recursos\/\",\"url\":\"https:\/\/www.blogsoestado.com\/flaviobraga\/o-pacto-republicano-e-a-pec-dos-recursos\/\",\"name\":\"O pacto republicano e a PEC dos Recursos - Fl\u00e1vio Braga\",\"isPartOf\":{\"@id\":\"https:\/\/www.blogsoestado.com\/flaviobraga\/#website\"},\"datePublished\":\"2011-07-11T17:28:48+00:00\",\"author\":{\"@id\":\"https:\/\/www.blogsoestado.com\/flaviobraga\/#\/schema\/person\/6c6c778331775c757a82d15206bd8733\"},\"breadcrumb\":{\"@id\":\"https:\/\/www.blogsoestado.com\/flaviobraga\/o-pacto-republicano-e-a-pec-dos-recursos\/#breadcrumb\"},\"inLanguage\":\"pt-BR\",\"potentialAction\":[{\"@type\":\"ReadAction\",\"target\":[\"https:\/\/www.blogsoestado.com\/flaviobraga\/o-pacto-republicano-e-a-pec-dos-recursos\/\"]}]},{\"@type\":\"BreadcrumbList\",\"@id\":\"https:\/\/www.blogsoestado.com\/flaviobraga\/o-pacto-republicano-e-a-pec-dos-recursos\/#breadcrumb\",\"itemListElement\":[{\"@type\":\"ListItem\",\"position\":1,\"name\":\"In\u00edcio\",\"item\":\"https:\/\/www.blogsoestado.com\/flaviobraga\/\"},{\"@type\":\"ListItem\",\"position\":2,\"name\":\"O pacto republicano e a PEC dos Recursos\"}]},{\"@type\":\"WebSite\",\"@id\":\"https:\/\/www.blogsoestado.com\/flaviobraga\/#website\",\"url\":\"https:\/\/www.blogsoestado.com\/flaviobraga\/\",\"name\":\"Fl\u00e1vio Braga\",\"description\":\"\",\"potentialAction\":[{\"@type\":\"SearchAction\",\"target\":{\"@type\":\"EntryPoint\",\"urlTemplate\":\"https:\/\/www.blogsoestado.com\/flaviobraga\/?s={search_term_string}\"},\"query-input\":{\"@type\":\"PropertyValueSpecification\",\"valueRequired\":true,\"valueName\":\"search_term_string\"}}],\"inLanguage\":\"pt-BR\"},{\"@type\":\"Person\",\"@id\":\"https:\/\/www.blogsoestado.com\/flaviobraga\/#\/schema\/person\/6c6c778331775c757a82d15206bd8733\",\"name\":\"Flavio Braga\",\"image\":{\"@type\":\"ImageObject\",\"inLanguage\":\"pt-BR\",\"@id\":\"https:\/\/www.blogsoestado.com\/flaviobraga\/#\/schema\/person\/image\/\",\"url\":\"https:\/\/secure.gravatar.com\/avatar\/ab173937dad8d78195c87778be8a0285d069ede375ce0ae24aac1cf8e58ccb2c?s=96&d=mm&r=g\",\"contentUrl\":\"https:\/\/secure.gravatar.com\/avatar\/ab173937dad8d78195c87778be8a0285d069ede375ce0ae24aac1cf8e58ccb2c?s=96&d=mm&r=g\",\"caption\":\"Flavio Braga\"},\"url\":\"https:\/\/www.blogsoestado.com\/flaviobraga\/author\/flaviobraga\/\"}]}<\/script>\n<!-- \/ Yoast SEO plugin. -->","yoast_head_json":{"title":"O pacto republicano e a PEC dos Recursos - Fl\u00e1vio Braga","robots":{"index":"index","follow":"follow","max-snippet":"max-snippet:-1","max-image-preview":"max-image-preview:large","max-video-preview":"max-video-preview:-1"},"canonical":"https:\/\/www.blogsoestado.com\/flaviobraga\/o-pacto-republicano-e-a-pec-dos-recursos\/","og_locale":"pt_BR","og_type":"article","og_title":"O pacto republicano e a PEC dos Recursos - Fl\u00e1vio Braga","og_description":"Embora publicado na imprensa logo no princ\u00edpio do m\u00eas de julho, o blog reproduz brilhante artigo do jurista Roberto Veloso, [&hellip;]","og_url":"https:\/\/www.blogsoestado.com\/flaviobraga\/o-pacto-republicano-e-a-pec-dos-recursos\/","og_site_name":"Fl\u00e1vio Braga","article_published_time":"2011-07-11T17:28:48+00:00","author":"Flavio Braga","twitter_card":"summary_large_image","twitter_misc":{"Escrito por":"Flavio Braga","Est. tempo de leitura":"3 minutos"},"schema":{"@context":"https:\/\/schema.org","@graph":[{"@type":"WebPage","@id":"https:\/\/www.blogsoestado.com\/flaviobraga\/o-pacto-republicano-e-a-pec-dos-recursos\/","url":"https:\/\/www.blogsoestado.com\/flaviobraga\/o-pacto-republicano-e-a-pec-dos-recursos\/","name":"O pacto republicano e a PEC dos Recursos - Fl\u00e1vio Braga","isPartOf":{"@id":"https:\/\/www.blogsoestado.com\/flaviobraga\/#website"},"datePublished":"2011-07-11T17:28:48+00:00","author":{"@id":"https:\/\/www.blogsoestado.com\/flaviobraga\/#\/schema\/person\/6c6c778331775c757a82d15206bd8733"},"breadcrumb":{"@id":"https:\/\/www.blogsoestado.com\/flaviobraga\/o-pacto-republicano-e-a-pec-dos-recursos\/#breadcrumb"},"inLanguage":"pt-BR","potentialAction":[{"@type":"ReadAction","target":["https:\/\/www.blogsoestado.com\/flaviobraga\/o-pacto-republicano-e-a-pec-dos-recursos\/"]}]},{"@type":"BreadcrumbList","@id":"https:\/\/www.blogsoestado.com\/flaviobraga\/o-pacto-republicano-e-a-pec-dos-recursos\/#breadcrumb","itemListElement":[{"@type":"ListItem","position":1,"name":"In\u00edcio","item":"https:\/\/www.blogsoestado.com\/flaviobraga\/"},{"@type":"ListItem","position":2,"name":"O pacto republicano e a PEC dos Recursos"}]},{"@type":"WebSite","@id":"https:\/\/www.blogsoestado.com\/flaviobraga\/#website","url":"https:\/\/www.blogsoestado.com\/flaviobraga\/","name":"Fl\u00e1vio Braga","description":"","potentialAction":[{"@type":"SearchAction","target":{"@type":"EntryPoint","urlTemplate":"https:\/\/www.blogsoestado.com\/flaviobraga\/?s={search_term_string}"},"query-input":{"@type":"PropertyValueSpecification","valueRequired":true,"valueName":"search_term_string"}}],"inLanguage":"pt-BR"},{"@type":"Person","@id":"https:\/\/www.blogsoestado.com\/flaviobraga\/#\/schema\/person\/6c6c778331775c757a82d15206bd8733","name":"Flavio Braga","image":{"@type":"ImageObject","inLanguage":"pt-BR","@id":"https:\/\/www.blogsoestado.com\/flaviobraga\/#\/schema\/person\/image\/","url":"https:\/\/secure.gravatar.com\/avatar\/ab173937dad8d78195c87778be8a0285d069ede375ce0ae24aac1cf8e58ccb2c?s=96&d=mm&r=g","contentUrl":"https:\/\/secure.gravatar.com\/avatar\/ab173937dad8d78195c87778be8a0285d069ede375ce0ae24aac1cf8e58ccb2c?s=96&d=mm&r=g","caption":"Flavio Braga"},"url":"https:\/\/www.blogsoestado.com\/flaviobraga\/author\/flaviobraga\/"}]}},"jetpack_featured_media_url":"","_links":{"self":[{"href":"https:\/\/www.blogsoestado.com\/flaviobraga\/wp-json\/wp\/v2\/posts\/1478","targetHints":{"allow":["GET"]}}],"collection":[{"href":"https:\/\/www.blogsoestado.com\/flaviobraga\/wp-json\/wp\/v2\/posts"}],"about":[{"href":"https:\/\/www.blogsoestado.com\/flaviobraga\/wp-json\/wp\/v2\/types\/post"}],"author":[{"embeddable":true,"href":"https:\/\/www.blogsoestado.com\/flaviobraga\/wp-json\/wp\/v2\/users\/8"}],"replies":[{"embeddable":true,"href":"https:\/\/www.blogsoestado.com\/flaviobraga\/wp-json\/wp\/v2\/comments?post=1478"}],"version-history":[{"count":0,"href":"https:\/\/www.blogsoestado.com\/flaviobraga\/wp-json\/wp\/v2\/posts\/1478\/revisions"}],"wp:attachment":[{"href":"https:\/\/www.blogsoestado.com\/flaviobraga\/wp-json\/wp\/v2\/media?parent=1478"}],"wp:term":[{"taxonomy":"category","embeddable":true,"href":"https:\/\/www.blogsoestado.com\/flaviobraga\/wp-json\/wp\/v2\/categories?post=1478"},{"taxonomy":"post_tag","embeddable":true,"href":"https:\/\/www.blogsoestado.com\/flaviobraga\/wp-json\/wp\/v2\/tags?post=1478"}],"curies":[{"name":"wp","href":"https:\/\/api.w.org\/{rel}","templated":true}]}}