{"id":1553,"date":"2011-08-17T13:08:53","date_gmt":"2011-08-17T16:08:53","guid":{"rendered":"https:\/\/www.blogsoestado.com\/flaviobraga\/?p=1553"},"modified":"2011-08-17T13:08:53","modified_gmt":"2011-08-17T16:08:53","slug":"tj-marca-nova-eleicao-para-membro-efetivo-do-tre","status":"publish","type":"post","link":"https:\/\/www.blogsoestado.com\/flaviobraga\/tj-marca-nova-eleicao-para-membro-efetivo-do-tre\/","title":{"rendered":"TJ marca nova elei\u00e7\u00e3o para membro efetivo do TRE"},"content":{"rendered":"<p>O pleno do Tribunal de Justi\u00e7a do Maranh\u00e3o decidiu, durante a sess\u00e3o administrativa desta quarta-feira, 17, anular a elei\u00e7\u00e3o para escolha de membro efetivo do Tribunal Regional Eleitoral, na categoria de Juiz de Direito, ocorrida no dia 20 de julho.<\/p>\n<p>\u00a0Com a decis\u00e3o, um novo pleito foi marcado para o dia 31 e a vaga declarada aberta para conhecimento de interessados.<\/p>\n<p>A medida foi tomada em decorr\u00eancia da decis\u00e3o un\u00e2nime do plen\u00e1rio do Conselho Nacional de Justi\u00e7a que ratificou liminar concedida em Procedimento de Controle Administrativo, ainda pendente do julgamento do m\u00e9rito, que questionou a participa\u00e7\u00e3o do desembargador Jos\u00e9 Joaquim Figueiredo dos Anjos no processo de escolha e suspendeu os efeitos da elei\u00e7\u00e3o.<\/p>\n<p>A decis\u00e3o do CNJ foi comunicada pelo presidente do TJMA, desembargador Jamil Gedeon, e submetida \u00e0 aprecia\u00e7\u00e3o do pleno. Unanimemente, os desembargadores presentes decidiram anular a elei\u00e7\u00e3o e marcar nova data para o processo de escolha da vaga no TRE.<\/p>\n<p><strong>Controle \u2013 <\/strong>O Procedimento de Controle Administrativo foi proposto no CNJ pelo juiz Eul\u00e1lio de Almeida no dia 26 de julho, alegando que o grau de parentesco do desembargador Joaquim Figueiredo com um dos \u00a0concorrentes o impede de votar.<\/p>\n<p>Contra o voto dos desembargadores Jamil Gedeon e St\u00e9lio Muniz, a maioria decidiu que s\u00f3 haveria impedimento nos casos de promo\u00e7\u00e3o de juiz. A vota\u00e7\u00e3o terminou em 9 votos a favor do juiz Eul\u00e1lio e 10 para o juiz Jos\u00e9 Jorge, escolhido na ocasi\u00e3o para a vaga.<\/p>\n","protected":false},"excerpt":{"rendered":"<p>O pleno do Tribunal de Justi\u00e7a do Maranh\u00e3o decidiu, durante a sess\u00e3o administrativa desta quarta-feira, 17, anular a elei\u00e7\u00e3o para [&hellip;]<\/p>\n","protected":false},"author":8,"featured_media":0,"comment_status":"open","ping_status":"open","sticky":false,"template":"","format":"standard","meta":{"site-sidebar-layout":"default","site-content-layout":"","ast-site-content-layout":"default","site-content-style":"default","site-sidebar-style":"default","ast-global-header-display":"","ast-banner-title-visibility":"","ast-main-header-display":"","ast-hfb-above-header-display":"","ast-hfb-below-header-display":"","ast-hfb-mobile-header-display":"","site-post-title":"","ast-breadcrumbs-content":"","ast-featured-img":"","footer-sml-layout":"","ast-disable-related-posts":"","theme-transparent-header-meta":"","adv-header-id-meta":"","stick-header-meta":"","header-above-stick-meta":"","header-main-stick-meta":"","header-below-stick-meta":"","astra-migrate-meta-layouts":"default","ast-page-background-enabled":"default","ast-page-background-meta":{"desktop":{"background-color":"var(--ast-global-color-5)","background-image":"","background-repeat":"repeat","background-position":"center center","background-size":"auto","background-attachment":"scroll","background-type":"","background-media":"","overlay-type":"","overlay-color":"","overlay-opacity":"","overlay-gradient":""},"tablet":{"background-color":"","background-image":"","background-repeat":"repeat","background-position":"center center","background-size":"auto","background-attachment":"scroll","background-type":"","background-media":"","overlay-type":"","overlay-color":"","overlay-opacity":"","overlay-gradient":""},"mobile":{"background-color":"","background-image":"","background-repeat":"repeat","background-position":"center center","background-size":"auto","background-attachment":"scroll","background-type":"","background-media":"","overlay-type":"","overlay-color":"","overlay-opacity":"","overlay-gradient":""}},"ast-content-background-meta":{"desktop":{"background-color":"var(--ast-global-color-4)","background-image":"","background-repeat":"repeat","background-position":"center center","background-size":"auto","background-attachment":"scroll","background-type":"","background-media":"","overlay-type":"","overlay-color":"","overlay-opacity":"","overlay-gradient":""},"tablet":{"background-color":"var(--ast-global-color-4)","background-image":"","background-repeat":"repeat","background-position":"center center","background-size":"auto","background-attachment":"scroll","background-type":"","background-media":"","overlay-type":"","overlay-color":"","overlay-opacity":"","overlay-gradient":""},"mobile":{"background-color":"var(--ast-global-color-4)","background-image":"","background-repeat":"repeat","background-position":"center center","background-size":"auto","background-attachment":"scroll","background-type":"","background-media":"","overlay-type":"","overlay-color":"","overlay-opacity":"","overlay-gradient":""}},"footnotes":""},"categories":[1],"tags":[],"class_list":["post-1553","post","type-post","status-publish","format-standard","hentry","category-sem-categoria"],"yoast_head":"<!-- This site is optimized with the Yoast SEO plugin v26.6 - https:\/\/yoast.com\/wordpress\/plugins\/seo\/ -->\n<title>TJ marca nova elei\u00e7\u00e3o para membro efetivo do TRE - Fl\u00e1vio Braga<\/title>\n<meta name=\"robots\" content=\"index, follow, max-snippet:-1, max-image-preview:large, max-video-preview:-1\" \/>\n<link rel=\"canonical\" href=\"https:\/\/www.blogsoestado.com\/flaviobraga\/tj-marca-nova-eleicao-para-membro-efetivo-do-tre\/\" \/>\n<meta property=\"og:locale\" content=\"pt_BR\" \/>\n<meta property=\"og:type\" content=\"article\" \/>\n<meta property=\"og:title\" content=\"TJ marca nova elei\u00e7\u00e3o para membro efetivo do TRE - Fl\u00e1vio Braga\" \/>\n<meta property=\"og:description\" content=\"O pleno do Tribunal de Justi\u00e7a do Maranh\u00e3o decidiu, durante a sess\u00e3o administrativa desta quarta-feira, 17, anular a elei\u00e7\u00e3o para [&hellip;]\" \/>\n<meta property=\"og:url\" content=\"https:\/\/www.blogsoestado.com\/flaviobraga\/tj-marca-nova-eleicao-para-membro-efetivo-do-tre\/\" \/>\n<meta property=\"og:site_name\" content=\"Fl\u00e1vio Braga\" \/>\n<meta property=\"article:published_time\" content=\"2011-08-17T16:08:53+00:00\" \/>\n<meta name=\"author\" content=\"Flavio Braga\" \/>\n<meta name=\"twitter:card\" content=\"summary_large_image\" \/>\n<meta name=\"twitter:label1\" content=\"Escrito por\" \/>\n\t<meta name=\"twitter:data1\" content=\"Flavio Braga\" \/>\n\t<meta name=\"twitter:label2\" content=\"Est. tempo de leitura\" \/>\n\t<meta name=\"twitter:data2\" content=\"1 minuto\" \/>\n<script type=\"application\/ld+json\" class=\"yoast-schema-graph\">{\"@context\":\"https:\/\/schema.org\",\"@graph\":[{\"@type\":\"WebPage\",\"@id\":\"https:\/\/www.blogsoestado.com\/flaviobraga\/tj-marca-nova-eleicao-para-membro-efetivo-do-tre\/\",\"url\":\"https:\/\/www.blogsoestado.com\/flaviobraga\/tj-marca-nova-eleicao-para-membro-efetivo-do-tre\/\",\"name\":\"TJ marca nova elei\u00e7\u00e3o para membro efetivo do TRE - Fl\u00e1vio Braga\",\"isPartOf\":{\"@id\":\"https:\/\/www.blogsoestado.com\/flaviobraga\/#website\"},\"datePublished\":\"2011-08-17T16:08:53+00:00\",\"author\":{\"@id\":\"https:\/\/www.blogsoestado.com\/flaviobraga\/#\/schema\/person\/6c6c778331775c757a82d15206bd8733\"},\"breadcrumb\":{\"@id\":\"https:\/\/www.blogsoestado.com\/flaviobraga\/tj-marca-nova-eleicao-para-membro-efetivo-do-tre\/#breadcrumb\"},\"inLanguage\":\"pt-BR\",\"potentialAction\":[{\"@type\":\"ReadAction\",\"target\":[\"https:\/\/www.blogsoestado.com\/flaviobraga\/tj-marca-nova-eleicao-para-membro-efetivo-do-tre\/\"]}]},{\"@type\":\"BreadcrumbList\",\"@id\":\"https:\/\/www.blogsoestado.com\/flaviobraga\/tj-marca-nova-eleicao-para-membro-efetivo-do-tre\/#breadcrumb\",\"itemListElement\":[{\"@type\":\"ListItem\",\"position\":1,\"name\":\"In\u00edcio\",\"item\":\"https:\/\/www.blogsoestado.com\/flaviobraga\/\"},{\"@type\":\"ListItem\",\"position\":2,\"name\":\"TJ marca nova elei\u00e7\u00e3o para membro efetivo do TRE\"}]},{\"@type\":\"WebSite\",\"@id\":\"https:\/\/www.blogsoestado.com\/flaviobraga\/#website\",\"url\":\"https:\/\/www.blogsoestado.com\/flaviobraga\/\",\"name\":\"Fl\u00e1vio Braga\",\"description\":\"\",\"potentialAction\":[{\"@type\":\"SearchAction\",\"target\":{\"@type\":\"EntryPoint\",\"urlTemplate\":\"https:\/\/www.blogsoestado.com\/flaviobraga\/?s={search_term_string}\"},\"query-input\":{\"@type\":\"PropertyValueSpecification\",\"valueRequired\":true,\"valueName\":\"search_term_string\"}}],\"inLanguage\":\"pt-BR\"},{\"@type\":\"Person\",\"@id\":\"https:\/\/www.blogsoestado.com\/flaviobraga\/#\/schema\/person\/6c6c778331775c757a82d15206bd8733\",\"name\":\"Flavio Braga\",\"image\":{\"@type\":\"ImageObject\",\"inLanguage\":\"pt-BR\",\"@id\":\"https:\/\/www.blogsoestado.com\/flaviobraga\/#\/schema\/person\/image\/\",\"url\":\"https:\/\/secure.gravatar.com\/avatar\/ab173937dad8d78195c87778be8a0285d069ede375ce0ae24aac1cf8e58ccb2c?s=96&d=mm&r=g\",\"contentUrl\":\"https:\/\/secure.gravatar.com\/avatar\/ab173937dad8d78195c87778be8a0285d069ede375ce0ae24aac1cf8e58ccb2c?s=96&d=mm&r=g\",\"caption\":\"Flavio Braga\"},\"url\":\"https:\/\/www.blogsoestado.com\/flaviobraga\/author\/flaviobraga\/\"}]}<\/script>\n<!-- \/ Yoast SEO plugin. -->","yoast_head_json":{"title":"TJ marca nova elei\u00e7\u00e3o para membro efetivo do TRE - Fl\u00e1vio Braga","robots":{"index":"index","follow":"follow","max-snippet":"max-snippet:-1","max-image-preview":"max-image-preview:large","max-video-preview":"max-video-preview:-1"},"canonical":"https:\/\/www.blogsoestado.com\/flaviobraga\/tj-marca-nova-eleicao-para-membro-efetivo-do-tre\/","og_locale":"pt_BR","og_type":"article","og_title":"TJ marca nova elei\u00e7\u00e3o para membro efetivo do TRE - Fl\u00e1vio Braga","og_description":"O pleno do Tribunal de Justi\u00e7a do Maranh\u00e3o decidiu, durante a sess\u00e3o administrativa desta quarta-feira, 17, anular a elei\u00e7\u00e3o para [&hellip;]","og_url":"https:\/\/www.blogsoestado.com\/flaviobraga\/tj-marca-nova-eleicao-para-membro-efetivo-do-tre\/","og_site_name":"Fl\u00e1vio Braga","article_published_time":"2011-08-17T16:08:53+00:00","author":"Flavio Braga","twitter_card":"summary_large_image","twitter_misc":{"Escrito por":"Flavio Braga","Est. tempo de leitura":"1 minuto"},"schema":{"@context":"https:\/\/schema.org","@graph":[{"@type":"WebPage","@id":"https:\/\/www.blogsoestado.com\/flaviobraga\/tj-marca-nova-eleicao-para-membro-efetivo-do-tre\/","url":"https:\/\/www.blogsoestado.com\/flaviobraga\/tj-marca-nova-eleicao-para-membro-efetivo-do-tre\/","name":"TJ marca nova elei\u00e7\u00e3o para membro efetivo do TRE - Fl\u00e1vio Braga","isPartOf":{"@id":"https:\/\/www.blogsoestado.com\/flaviobraga\/#website"},"datePublished":"2011-08-17T16:08:53+00:00","author":{"@id":"https:\/\/www.blogsoestado.com\/flaviobraga\/#\/schema\/person\/6c6c778331775c757a82d15206bd8733"},"breadcrumb":{"@id":"https:\/\/www.blogsoestado.com\/flaviobraga\/tj-marca-nova-eleicao-para-membro-efetivo-do-tre\/#breadcrumb"},"inLanguage":"pt-BR","potentialAction":[{"@type":"ReadAction","target":["https:\/\/www.blogsoestado.com\/flaviobraga\/tj-marca-nova-eleicao-para-membro-efetivo-do-tre\/"]}]},{"@type":"BreadcrumbList","@id":"https:\/\/www.blogsoestado.com\/flaviobraga\/tj-marca-nova-eleicao-para-membro-efetivo-do-tre\/#breadcrumb","itemListElement":[{"@type":"ListItem","position":1,"name":"In\u00edcio","item":"https:\/\/www.blogsoestado.com\/flaviobraga\/"},{"@type":"ListItem","position":2,"name":"TJ marca nova elei\u00e7\u00e3o para membro efetivo do TRE"}]},{"@type":"WebSite","@id":"https:\/\/www.blogsoestado.com\/flaviobraga\/#website","url":"https:\/\/www.blogsoestado.com\/flaviobraga\/","name":"Fl\u00e1vio Braga","description":"","potentialAction":[{"@type":"SearchAction","target":{"@type":"EntryPoint","urlTemplate":"https:\/\/www.blogsoestado.com\/flaviobraga\/?s={search_term_string}"},"query-input":{"@type":"PropertyValueSpecification","valueRequired":true,"valueName":"search_term_string"}}],"inLanguage":"pt-BR"},{"@type":"Person","@id":"https:\/\/www.blogsoestado.com\/flaviobraga\/#\/schema\/person\/6c6c778331775c757a82d15206bd8733","name":"Flavio Braga","image":{"@type":"ImageObject","inLanguage":"pt-BR","@id":"https:\/\/www.blogsoestado.com\/flaviobraga\/#\/schema\/person\/image\/","url":"https:\/\/secure.gravatar.com\/avatar\/ab173937dad8d78195c87778be8a0285d069ede375ce0ae24aac1cf8e58ccb2c?s=96&d=mm&r=g","contentUrl":"https:\/\/secure.gravatar.com\/avatar\/ab173937dad8d78195c87778be8a0285d069ede375ce0ae24aac1cf8e58ccb2c?s=96&d=mm&r=g","caption":"Flavio Braga"},"url":"https:\/\/www.blogsoestado.com\/flaviobraga\/author\/flaviobraga\/"}]}},"jetpack_featured_media_url":"","_links":{"self":[{"href":"https:\/\/www.blogsoestado.com\/flaviobraga\/wp-json\/wp\/v2\/posts\/1553","targetHints":{"allow":["GET"]}}],"collection":[{"href":"https:\/\/www.blogsoestado.com\/flaviobraga\/wp-json\/wp\/v2\/posts"}],"about":[{"href":"https:\/\/www.blogsoestado.com\/flaviobraga\/wp-json\/wp\/v2\/types\/post"}],"author":[{"embeddable":true,"href":"https:\/\/www.blogsoestado.com\/flaviobraga\/wp-json\/wp\/v2\/users\/8"}],"replies":[{"embeddable":true,"href":"https:\/\/www.blogsoestado.com\/flaviobraga\/wp-json\/wp\/v2\/comments?post=1553"}],"version-history":[{"count":0,"href":"https:\/\/www.blogsoestado.com\/flaviobraga\/wp-json\/wp\/v2\/posts\/1553\/revisions"}],"wp:attachment":[{"href":"https:\/\/www.blogsoestado.com\/flaviobraga\/wp-json\/wp\/v2\/media?parent=1553"}],"wp:term":[{"taxonomy":"category","embeddable":true,"href":"https:\/\/www.blogsoestado.com\/flaviobraga\/wp-json\/wp\/v2\/categories?post=1553"},{"taxonomy":"post_tag","embeddable":true,"href":"https:\/\/www.blogsoestado.com\/flaviobraga\/wp-json\/wp\/v2\/tags?post=1553"}],"curies":[{"name":"wp","href":"https:\/\/api.w.org\/{rel}","templated":true}]}}