{"id":1557,"date":"2011-08-19T14:01:20","date_gmt":"2011-08-19T17:01:20","guid":{"rendered":"https:\/\/www.blogsoestado.com\/flaviobraga\/?p=1557"},"modified":"2011-08-19T14:01:20","modified_gmt":"2011-08-19T17:01:20","slug":"atuacao-de-eleitor-que-vendeu-voto-como-testemunha-nao-anula-condenacao-por-compra-de-votos","status":"publish","type":"post","link":"https:\/\/www.blogsoestado.com\/flaviobraga\/atuacao-de-eleitor-que-vendeu-voto-como-testemunha-nao-anula-condenacao-por-compra-de-votos\/","title":{"rendered":"Atua\u00e7\u00e3o de eleitor que vendeu voto como testemunha n\u00e3o anula condena\u00e7\u00e3o por compra de votos"},"content":{"rendered":"<p>Por maioria de votos, o Plen\u00e1rio do Tribunal Superior Eleitoral (TSE) decidiu que o Minist\u00e9rio P\u00fablico Eleitoral (MPE) n\u00e3o tem obriga\u00e7\u00e3o de representar contra aqueles eleitores que venderam seus votos em determinada elei\u00e7\u00e3o.<\/p>\n<p>A decis\u00e3o ocorreu em um <em>habeas corpus<\/em> impetrado por pessoas denunciadas pela compra de votos durante as Elei\u00e7\u00f5es 2008 no Munic\u00edpio de Senador Jos\u00e9 Bento-MG.<\/p>\n<p>Essas pessoas pretendiam anular a condena\u00e7\u00e3o sob o argumento de que as testemunhas ouvidas no processo n\u00e3o poderiam testemunhar, pois deveriam tamb\u00e9m ser denunciadas, uma vez que confessaram ter vendido seus votos, fato que a legisla\u00e7\u00e3o eleitoral tamb\u00e9m considera crime (artigo 299 do C\u00f3digo Eleitoral).<\/p>\n<p>O relator do caso, ministro Marcelo Ribeiro, decidiu anular a senten\u00e7a condenat\u00f3ria para que outra fosse proferida desconsiderando os depoimentos dos eleitores corrompidos.<\/p>\n<p>Ao apresentar seu voto-vista na sess\u00e3o desta quinta-feira (18), a ministra C\u00e1rmen L\u00facia Antunes Rocha acompanhou esse entendimento por concluir que est\u00e1 claro que quatro das testemunhas arroladas tamb\u00e9m teriam praticado a conduta criminosa. Com o mesmo entendimento, votou a ministra Nancy Andrighi.<\/p>\n<p><strong>Diverg\u00eancia<\/strong><strong><\/p>\n<p><\/strong>A diverg\u00eancia foi aberta pelo ministro Marco Aur\u00e9lio, para quem o Judici\u00e1rio n\u00e3o pode obrigar o MPE a oferecer a den\u00fancia. \u201cA a\u00e7\u00e3o penal p\u00fablica \u00e9 divis\u00edvel e ningu\u00e9m pode compelir o Minist\u00e9rio P\u00fablico a ajuizar uma a\u00e7\u00e3o contra certa pessoa\u201d, destacou.<\/p>\n<p>Nesse sentido tamb\u00e9m votaram os ministros Arnaldo Versiani e Gilson Dipp, al\u00e9m do presidente da Corte, ministro Ricardo Lewandowski.<\/p>\n","protected":false},"excerpt":{"rendered":"<p>Por maioria de votos, o Plen\u00e1rio do Tribunal Superior Eleitoral (TSE) decidiu que o Minist\u00e9rio P\u00fablico Eleitoral (MPE) n\u00e3o tem [&hellip;]<\/p>\n","protected":false},"author":8,"featured_media":0,"comment_status":"open","ping_status":"open","sticky":false,"template":"","format":"standard","meta":{"site-sidebar-layout":"default","site-content-layout":"","ast-site-content-layout":"default","site-content-style":"default","site-sidebar-style":"default","ast-global-header-display":"","ast-banner-title-visibility":"","ast-main-header-display":"","ast-hfb-above-header-display":"","ast-hfb-below-header-display":"","ast-hfb-mobile-header-display":"","site-post-title":"","ast-breadcrumbs-content":"","ast-featured-img":"","footer-sml-layout":"","ast-disable-related-posts":"","theme-transparent-header-meta":"","adv-header-id-meta":"","stick-header-meta":"","header-above-stick-meta":"","header-main-stick-meta":"","header-below-stick-meta":"","astra-migrate-meta-layouts":"default","ast-page-background-enabled":"default","ast-page-background-meta":{"desktop":{"background-color":"var(--ast-global-color-5)","background-image":"","background-repeat":"repeat","background-position":"center center","background-size":"auto","background-attachment":"scroll","background-type":"","background-media":"","overlay-type":"","overlay-color":"","overlay-opacity":"","overlay-gradient":""},"tablet":{"background-color":"","background-image":"","background-repeat":"repeat","background-position":"center center","background-size":"auto","background-attachment":"scroll","background-type":"","background-media":"","overlay-type":"","overlay-color":"","overlay-opacity":"","overlay-gradient":""},"mobile":{"background-color":"","background-image":"","background-repeat":"repeat","background-position":"center center","background-size":"auto","background-attachment":"scroll","background-type":"","background-media":"","overlay-type":"","overlay-color":"","overlay-opacity":"","overlay-gradient":""}},"ast-content-background-meta":{"desktop":{"background-color":"var(--ast-global-color-4)","background-image":"","background-repeat":"repeat","background-position":"center center","background-size":"auto","background-attachment":"scroll","background-type":"","background-media":"","overlay-type":"","overlay-color":"","overlay-opacity":"","overlay-gradient":""},"tablet":{"background-color":"var(--ast-global-color-4)","background-image":"","background-repeat":"repeat","background-position":"center center","background-size":"auto","background-attachment":"scroll","background-type":"","background-media":"","overlay-type":"","overlay-color":"","overlay-opacity":"","overlay-gradient":""},"mobile":{"background-color":"var(--ast-global-color-4)","background-image":"","background-repeat":"repeat","background-position":"center center","background-size":"auto","background-attachment":"scroll","background-type":"","background-media":"","overlay-type":"","overlay-color":"","overlay-opacity":"","overlay-gradient":""}},"footnotes":""},"categories":[1],"tags":[],"class_list":["post-1557","post","type-post","status-publish","format-standard","hentry","category-sem-categoria"],"yoast_head":"<!-- This site is optimized with the Yoast SEO plugin v26.6 - https:\/\/yoast.com\/wordpress\/plugins\/seo\/ -->\n<title>Atua\u00e7\u00e3o de eleitor que vendeu voto como testemunha n\u00e3o anula condena\u00e7\u00e3o por compra de votos - Fl\u00e1vio Braga<\/title>\n<meta name=\"robots\" content=\"index, follow, max-snippet:-1, max-image-preview:large, max-video-preview:-1\" \/>\n<link rel=\"canonical\" href=\"https:\/\/www.blogsoestado.com\/flaviobraga\/atuacao-de-eleitor-que-vendeu-voto-como-testemunha-nao-anula-condenacao-por-compra-de-votos\/\" \/>\n<meta property=\"og:locale\" content=\"pt_BR\" \/>\n<meta property=\"og:type\" content=\"article\" \/>\n<meta property=\"og:title\" content=\"Atua\u00e7\u00e3o de eleitor que vendeu voto como testemunha n\u00e3o anula condena\u00e7\u00e3o por compra de votos - Fl\u00e1vio Braga\" \/>\n<meta property=\"og:description\" content=\"Por maioria de votos, o Plen\u00e1rio do Tribunal Superior Eleitoral (TSE) decidiu que o Minist\u00e9rio P\u00fablico Eleitoral (MPE) n\u00e3o tem [&hellip;]\" \/>\n<meta property=\"og:url\" content=\"https:\/\/www.blogsoestado.com\/flaviobraga\/atuacao-de-eleitor-que-vendeu-voto-como-testemunha-nao-anula-condenacao-por-compra-de-votos\/\" \/>\n<meta property=\"og:site_name\" content=\"Fl\u00e1vio Braga\" \/>\n<meta property=\"article:published_time\" content=\"2011-08-19T17:01:20+00:00\" \/>\n<meta name=\"author\" content=\"Flavio Braga\" \/>\n<meta name=\"twitter:card\" content=\"summary_large_image\" \/>\n<meta name=\"twitter:label1\" content=\"Escrito por\" \/>\n\t<meta name=\"twitter:data1\" content=\"Flavio Braga\" \/>\n\t<meta name=\"twitter:label2\" content=\"Est. tempo de leitura\" \/>\n\t<meta name=\"twitter:data2\" content=\"1 minuto\" \/>\n<script type=\"application\/ld+json\" class=\"yoast-schema-graph\">{\"@context\":\"https:\/\/schema.org\",\"@graph\":[{\"@type\":\"WebPage\",\"@id\":\"https:\/\/www.blogsoestado.com\/flaviobraga\/atuacao-de-eleitor-que-vendeu-voto-como-testemunha-nao-anula-condenacao-por-compra-de-votos\/\",\"url\":\"https:\/\/www.blogsoestado.com\/flaviobraga\/atuacao-de-eleitor-que-vendeu-voto-como-testemunha-nao-anula-condenacao-por-compra-de-votos\/\",\"name\":\"Atua\u00e7\u00e3o de eleitor que vendeu voto como testemunha n\u00e3o anula condena\u00e7\u00e3o por compra de votos - Fl\u00e1vio Braga\",\"isPartOf\":{\"@id\":\"https:\/\/www.blogsoestado.com\/flaviobraga\/#website\"},\"datePublished\":\"2011-08-19T17:01:20+00:00\",\"author\":{\"@id\":\"https:\/\/www.blogsoestado.com\/flaviobraga\/#\/schema\/person\/6c6c778331775c757a82d15206bd8733\"},\"breadcrumb\":{\"@id\":\"https:\/\/www.blogsoestado.com\/flaviobraga\/atuacao-de-eleitor-que-vendeu-voto-como-testemunha-nao-anula-condenacao-por-compra-de-votos\/#breadcrumb\"},\"inLanguage\":\"pt-BR\",\"potentialAction\":[{\"@type\":\"ReadAction\",\"target\":[\"https:\/\/www.blogsoestado.com\/flaviobraga\/atuacao-de-eleitor-que-vendeu-voto-como-testemunha-nao-anula-condenacao-por-compra-de-votos\/\"]}]},{\"@type\":\"BreadcrumbList\",\"@id\":\"https:\/\/www.blogsoestado.com\/flaviobraga\/atuacao-de-eleitor-que-vendeu-voto-como-testemunha-nao-anula-condenacao-por-compra-de-votos\/#breadcrumb\",\"itemListElement\":[{\"@type\":\"ListItem\",\"position\":1,\"name\":\"In\u00edcio\",\"item\":\"https:\/\/www.blogsoestado.com\/flaviobraga\/\"},{\"@type\":\"ListItem\",\"position\":2,\"name\":\"Atua\u00e7\u00e3o de eleitor que vendeu voto como testemunha n\u00e3o anula condena\u00e7\u00e3o por compra de votos\"}]},{\"@type\":\"WebSite\",\"@id\":\"https:\/\/www.blogsoestado.com\/flaviobraga\/#website\",\"url\":\"https:\/\/www.blogsoestado.com\/flaviobraga\/\",\"name\":\"Fl\u00e1vio Braga\",\"description\":\"\",\"potentialAction\":[{\"@type\":\"SearchAction\",\"target\":{\"@type\":\"EntryPoint\",\"urlTemplate\":\"https:\/\/www.blogsoestado.com\/flaviobraga\/?s={search_term_string}\"},\"query-input\":{\"@type\":\"PropertyValueSpecification\",\"valueRequired\":true,\"valueName\":\"search_term_string\"}}],\"inLanguage\":\"pt-BR\"},{\"@type\":\"Person\",\"@id\":\"https:\/\/www.blogsoestado.com\/flaviobraga\/#\/schema\/person\/6c6c778331775c757a82d15206bd8733\",\"name\":\"Flavio Braga\",\"image\":{\"@type\":\"ImageObject\",\"inLanguage\":\"pt-BR\",\"@id\":\"https:\/\/www.blogsoestado.com\/flaviobraga\/#\/schema\/person\/image\/\",\"url\":\"https:\/\/secure.gravatar.com\/avatar\/ab173937dad8d78195c87778be8a0285d069ede375ce0ae24aac1cf8e58ccb2c?s=96&d=mm&r=g\",\"contentUrl\":\"https:\/\/secure.gravatar.com\/avatar\/ab173937dad8d78195c87778be8a0285d069ede375ce0ae24aac1cf8e58ccb2c?s=96&d=mm&r=g\",\"caption\":\"Flavio Braga\"},\"url\":\"https:\/\/www.blogsoestado.com\/flaviobraga\/author\/flaviobraga\/\"}]}<\/script>\n<!-- \/ Yoast SEO plugin. -->","yoast_head_json":{"title":"Atua\u00e7\u00e3o de eleitor que vendeu voto como testemunha n\u00e3o anula condena\u00e7\u00e3o por compra de votos - Fl\u00e1vio Braga","robots":{"index":"index","follow":"follow","max-snippet":"max-snippet:-1","max-image-preview":"max-image-preview:large","max-video-preview":"max-video-preview:-1"},"canonical":"https:\/\/www.blogsoestado.com\/flaviobraga\/atuacao-de-eleitor-que-vendeu-voto-como-testemunha-nao-anula-condenacao-por-compra-de-votos\/","og_locale":"pt_BR","og_type":"article","og_title":"Atua\u00e7\u00e3o de eleitor que vendeu voto como testemunha n\u00e3o anula condena\u00e7\u00e3o por compra de votos - Fl\u00e1vio Braga","og_description":"Por maioria de votos, o Plen\u00e1rio do Tribunal Superior Eleitoral (TSE) decidiu que o Minist\u00e9rio P\u00fablico Eleitoral (MPE) n\u00e3o tem [&hellip;]","og_url":"https:\/\/www.blogsoestado.com\/flaviobraga\/atuacao-de-eleitor-que-vendeu-voto-como-testemunha-nao-anula-condenacao-por-compra-de-votos\/","og_site_name":"Fl\u00e1vio Braga","article_published_time":"2011-08-19T17:01:20+00:00","author":"Flavio Braga","twitter_card":"summary_large_image","twitter_misc":{"Escrito por":"Flavio Braga","Est. tempo de leitura":"1 minuto"},"schema":{"@context":"https:\/\/schema.org","@graph":[{"@type":"WebPage","@id":"https:\/\/www.blogsoestado.com\/flaviobraga\/atuacao-de-eleitor-que-vendeu-voto-como-testemunha-nao-anula-condenacao-por-compra-de-votos\/","url":"https:\/\/www.blogsoestado.com\/flaviobraga\/atuacao-de-eleitor-que-vendeu-voto-como-testemunha-nao-anula-condenacao-por-compra-de-votos\/","name":"Atua\u00e7\u00e3o de eleitor que vendeu voto como testemunha n\u00e3o anula condena\u00e7\u00e3o por compra de votos - Fl\u00e1vio Braga","isPartOf":{"@id":"https:\/\/www.blogsoestado.com\/flaviobraga\/#website"},"datePublished":"2011-08-19T17:01:20+00:00","author":{"@id":"https:\/\/www.blogsoestado.com\/flaviobraga\/#\/schema\/person\/6c6c778331775c757a82d15206bd8733"},"breadcrumb":{"@id":"https:\/\/www.blogsoestado.com\/flaviobraga\/atuacao-de-eleitor-que-vendeu-voto-como-testemunha-nao-anula-condenacao-por-compra-de-votos\/#breadcrumb"},"inLanguage":"pt-BR","potentialAction":[{"@type":"ReadAction","target":["https:\/\/www.blogsoestado.com\/flaviobraga\/atuacao-de-eleitor-que-vendeu-voto-como-testemunha-nao-anula-condenacao-por-compra-de-votos\/"]}]},{"@type":"BreadcrumbList","@id":"https:\/\/www.blogsoestado.com\/flaviobraga\/atuacao-de-eleitor-que-vendeu-voto-como-testemunha-nao-anula-condenacao-por-compra-de-votos\/#breadcrumb","itemListElement":[{"@type":"ListItem","position":1,"name":"In\u00edcio","item":"https:\/\/www.blogsoestado.com\/flaviobraga\/"},{"@type":"ListItem","position":2,"name":"Atua\u00e7\u00e3o de eleitor que vendeu voto como testemunha n\u00e3o anula condena\u00e7\u00e3o por compra de votos"}]},{"@type":"WebSite","@id":"https:\/\/www.blogsoestado.com\/flaviobraga\/#website","url":"https:\/\/www.blogsoestado.com\/flaviobraga\/","name":"Fl\u00e1vio Braga","description":"","potentialAction":[{"@type":"SearchAction","target":{"@type":"EntryPoint","urlTemplate":"https:\/\/www.blogsoestado.com\/flaviobraga\/?s={search_term_string}"},"query-input":{"@type":"PropertyValueSpecification","valueRequired":true,"valueName":"search_term_string"}}],"inLanguage":"pt-BR"},{"@type":"Person","@id":"https:\/\/www.blogsoestado.com\/flaviobraga\/#\/schema\/person\/6c6c778331775c757a82d15206bd8733","name":"Flavio Braga","image":{"@type":"ImageObject","inLanguage":"pt-BR","@id":"https:\/\/www.blogsoestado.com\/flaviobraga\/#\/schema\/person\/image\/","url":"https:\/\/secure.gravatar.com\/avatar\/ab173937dad8d78195c87778be8a0285d069ede375ce0ae24aac1cf8e58ccb2c?s=96&d=mm&r=g","contentUrl":"https:\/\/secure.gravatar.com\/avatar\/ab173937dad8d78195c87778be8a0285d069ede375ce0ae24aac1cf8e58ccb2c?s=96&d=mm&r=g","caption":"Flavio Braga"},"url":"https:\/\/www.blogsoestado.com\/flaviobraga\/author\/flaviobraga\/"}]}},"jetpack_featured_media_url":"","_links":{"self":[{"href":"https:\/\/www.blogsoestado.com\/flaviobraga\/wp-json\/wp\/v2\/posts\/1557","targetHints":{"allow":["GET"]}}],"collection":[{"href":"https:\/\/www.blogsoestado.com\/flaviobraga\/wp-json\/wp\/v2\/posts"}],"about":[{"href":"https:\/\/www.blogsoestado.com\/flaviobraga\/wp-json\/wp\/v2\/types\/post"}],"author":[{"embeddable":true,"href":"https:\/\/www.blogsoestado.com\/flaviobraga\/wp-json\/wp\/v2\/users\/8"}],"replies":[{"embeddable":true,"href":"https:\/\/www.blogsoestado.com\/flaviobraga\/wp-json\/wp\/v2\/comments?post=1557"}],"version-history":[{"count":0,"href":"https:\/\/www.blogsoestado.com\/flaviobraga\/wp-json\/wp\/v2\/posts\/1557\/revisions"}],"wp:attachment":[{"href":"https:\/\/www.blogsoestado.com\/flaviobraga\/wp-json\/wp\/v2\/media?parent=1557"}],"wp:term":[{"taxonomy":"category","embeddable":true,"href":"https:\/\/www.blogsoestado.com\/flaviobraga\/wp-json\/wp\/v2\/categories?post=1557"},{"taxonomy":"post_tag","embeddable":true,"href":"https:\/\/www.blogsoestado.com\/flaviobraga\/wp-json\/wp\/v2\/tags?post=1557"}],"curies":[{"name":"wp","href":"https:\/\/api.w.org\/{rel}","templated":true}]}}