{"id":1593,"date":"2011-09-13T17:09:08","date_gmt":"2011-09-13T20:09:08","guid":{"rendered":"https:\/\/www.blogsoestado.com\/flaviobraga\/?p=1593"},"modified":"2011-09-13T17:09:08","modified_gmt":"2011-09-13T20:09:08","slug":"ministerio-publico-eleitoral-opina-contra-criacao-do-pspb-e-do-pdvs","status":"publish","type":"post","link":"https:\/\/www.blogsoestado.com\/flaviobraga\/ministerio-publico-eleitoral-opina-contra-criacao-do-pspb-e-do-pdvs\/","title":{"rendered":"Minist\u00e9rio P\u00fablico Eleitoral opina contra cria\u00e7\u00e3o do PSPB e do PDVS"},"content":{"rendered":"<p>O Minist\u00e9rio P\u00fablico Eleitoral (MPE), por meio de pareceres da vice-procuradora-geral eleitoral Sandra Cureau, opinou pelo indeferimento dos registros do Partido dos Servidores P\u00fablicos e dos Trabalhadores da Iniciativa Privada (PSPB) e do Partido Democr\u00e1tico Vida Social (PDVS).<\/p>\n<p>Para o MPE, as legendas em forma\u00e7\u00e3o n\u00e3o cumpriram os requisitos legais para obten\u00e7\u00e3o do registro no Tribunal Superior Eleitoral (TSE).<\/p>\n<p><strong>PSPB<\/strong><\/p>\n<p>Ao opinar sobre o pedido de registro do PSPB, a vice-procuradora-geral eleitoral salientou que a Lei do Partidos Pol\u00edticos (Lei n\u00ba 9.096\/1995) \u201ccontempla duas fases distintas na cria\u00e7\u00e3o de novas agremia\u00e7\u00f5es pol\u00edticas\u201d.<\/p>\n<p>A primeira seria a constitui\u00e7\u00e3o civil, perante um cart\u00f3rio de registro de pessoas jur\u00eddicas do Distrito Federal, e a segunda, junto\u00a0\u00e0 Justi\u00e7a eleitoral, para a coleta de assinaturas de eleitores que apoiam a cria\u00e7\u00e3o da nova legenda.<\/p>\n<p>Para Sandra Cureau, no pedido de registro do PSPB \u201cn\u00e3o houve cumprimento integral das formalidades referentes a essa primeira etapa\u201d. \u201cA certid\u00e3o do cart\u00f3rio do registro civil deveria atestar o cumprimento das exig\u00eancias do art. 8\u00ba, da Lei 9.096\/95, sobretudo no concernente ao n\u00famero m\u00ednimo de fundadores e sua qualifica\u00e7\u00e3o, distribu\u00eddos pelo n\u00famero m\u00ednimo de Estados. Isso era necess\u00e1rio, mormente quando se percebe que o requerente [PSPB] n\u00e3o juntou a ata de funda\u00e7\u00e3o nem a rela\u00e7\u00e3o de fundadores\u201d, destacou a representante do MPE.<\/p>\n<p>Quanto \u00e0 etapa de coleta de assinaturas de eleitores, Sandra Cureau salientou que, \u201capesar de sinalizar com sua organiza\u00e7\u00e3o em 27 unidades da Federa\u00e7\u00e3o, o partido juntou decis\u00f5es comprobat\u00f3rias de registro de diret\u00f3rios apenas nos Estados de Goi\u00e1s, Pernambuco e Rond\u00f4nia\u201d.<\/p>\n<p>Por fim, a vice-procuradora-geral eleitoral manifestou-se de forma contr\u00e1ria \u00e0 abertura de um prazo de 90 dias para que o PSPB pudesse regularizar a documenta\u00e7\u00e3o. Segundo o MPE, o prazo legal \u00e9 de 10 dias, nos termos da Resolu\u00e7\u00e3o n\u00ba 23.282\/2010 do TSE.<\/p>\n<p>O relator do pedido de registro do PSPB \u00e9 o ministro Marcelo Ribeiro.<\/p>\n<p><strong>PDVS<\/strong><\/p>\n<p>Quanto ao pedido de registro do PDVS, o MPE opinou desfavoravelmente, uma vez que a legenda em forma\u00e7\u00e3o \u201cnem sequer cumpriu a primeira etapa de sua cria\u00e7\u00e3o\u201d. \u201cA documenta\u00e7\u00e3o que instrui o processo \u00e9 composta de c\u00f3pias de atas de dif\u00edcil compreens\u00e3o. O documento obrigat\u00f3rio melhor redigido \u00e9 o estatuto, que n\u00e3o foi inscrito no registro civil\u201d, destacou Sandra Cureau ao opinar sobre o indeferimento do registro do PDVS.<\/p>\n<p>O relator do pedido de registro do PDVS \u00e9 o ministro Arnaldo Versiani.<\/p>\n","protected":false},"excerpt":{"rendered":"<p>O Minist\u00e9rio P\u00fablico Eleitoral (MPE), por meio de pareceres da vice-procuradora-geral eleitoral Sandra Cureau, opinou pelo indeferimento dos registros do [&hellip;]<\/p>\n","protected":false},"author":8,"featured_media":0,"comment_status":"open","ping_status":"open","sticky":false,"template":"","format":"standard","meta":{"site-sidebar-layout":"default","site-content-layout":"","ast-site-content-layout":"default","site-content-style":"default","site-sidebar-style":"default","ast-global-header-display":"","ast-banner-title-visibility":"","ast-main-header-display":"","ast-hfb-above-header-display":"","ast-hfb-below-header-display":"","ast-hfb-mobile-header-display":"","site-post-title":"","ast-breadcrumbs-content":"","ast-featured-img":"","footer-sml-layout":"","ast-disable-related-posts":"","theme-transparent-header-meta":"","adv-header-id-meta":"","stick-header-meta":"","header-above-stick-meta":"","header-main-stick-meta":"","header-below-stick-meta":"","astra-migrate-meta-layouts":"default","ast-page-background-enabled":"default","ast-page-background-meta":{"desktop":{"background-color":"var(--ast-global-color-5)","background-image":"","background-repeat":"repeat","background-position":"center center","background-size":"auto","background-attachment":"scroll","background-type":"","background-media":"","overlay-type":"","overlay-color":"","overlay-opacity":"","overlay-gradient":""},"tablet":{"background-color":"","background-image":"","background-repeat":"repeat","background-position":"center center","background-size":"auto","background-attachment":"scroll","background-type":"","background-media":"","overlay-type":"","overlay-color":"","overlay-opacity":"","overlay-gradient":""},"mobile":{"background-color":"","background-image":"","background-repeat":"repeat","background-position":"center center","background-size":"auto","background-attachment":"scroll","background-type":"","background-media":"","overlay-type":"","overlay-color":"","overlay-opacity":"","overlay-gradient":""}},"ast-content-background-meta":{"desktop":{"background-color":"var(--ast-global-color-4)","background-image":"","background-repeat":"repeat","background-position":"center center","background-size":"auto","background-attachment":"scroll","background-type":"","background-media":"","overlay-type":"","overlay-color":"","overlay-opacity":"","overlay-gradient":""},"tablet":{"background-color":"var(--ast-global-color-4)","background-image":"","background-repeat":"repeat","background-position":"center center","background-size":"auto","background-attachment":"scroll","background-type":"","background-media":"","overlay-type":"","overlay-color":"","overlay-opacity":"","overlay-gradient":""},"mobile":{"background-color":"var(--ast-global-color-4)","background-image":"","background-repeat":"repeat","background-position":"center center","background-size":"auto","background-attachment":"scroll","background-type":"","background-media":"","overlay-type":"","overlay-color":"","overlay-opacity":"","overlay-gradient":""}},"footnotes":""},"categories":[1],"tags":[],"class_list":["post-1593","post","type-post","status-publish","format-standard","hentry","category-sem-categoria"],"yoast_head":"<!-- This site is optimized with the Yoast SEO plugin v26.6 - https:\/\/yoast.com\/wordpress\/plugins\/seo\/ -->\n<title>Minist\u00e9rio P\u00fablico Eleitoral opina contra cria\u00e7\u00e3o do PSPB e do PDVS - Fl\u00e1vio Braga<\/title>\n<meta name=\"robots\" content=\"index, follow, max-snippet:-1, max-image-preview:large, max-video-preview:-1\" \/>\n<link rel=\"canonical\" href=\"https:\/\/www.blogsoestado.com\/flaviobraga\/ministerio-publico-eleitoral-opina-contra-criacao-do-pspb-e-do-pdvs\/\" \/>\n<meta property=\"og:locale\" content=\"pt_BR\" \/>\n<meta property=\"og:type\" content=\"article\" \/>\n<meta property=\"og:title\" content=\"Minist\u00e9rio P\u00fablico Eleitoral opina contra cria\u00e7\u00e3o do PSPB e do PDVS - Fl\u00e1vio Braga\" \/>\n<meta property=\"og:description\" content=\"O Minist\u00e9rio P\u00fablico Eleitoral (MPE), por meio de pareceres da vice-procuradora-geral eleitoral Sandra Cureau, opinou pelo indeferimento dos registros do [&hellip;]\" \/>\n<meta property=\"og:url\" content=\"https:\/\/www.blogsoestado.com\/flaviobraga\/ministerio-publico-eleitoral-opina-contra-criacao-do-pspb-e-do-pdvs\/\" \/>\n<meta property=\"og:site_name\" content=\"Fl\u00e1vio Braga\" \/>\n<meta property=\"article:published_time\" content=\"2011-09-13T20:09:08+00:00\" \/>\n<meta name=\"author\" content=\"Flavio Braga\" \/>\n<meta name=\"twitter:card\" content=\"summary_large_image\" \/>\n<meta name=\"twitter:label1\" content=\"Escrito por\" \/>\n\t<meta name=\"twitter:data1\" content=\"Flavio Braga\" \/>\n\t<meta name=\"twitter:label2\" content=\"Est. tempo de leitura\" \/>\n\t<meta name=\"twitter:data2\" content=\"2 minutos\" \/>\n<script type=\"application\/ld+json\" class=\"yoast-schema-graph\">{\"@context\":\"https:\/\/schema.org\",\"@graph\":[{\"@type\":\"WebPage\",\"@id\":\"https:\/\/www.blogsoestado.com\/flaviobraga\/ministerio-publico-eleitoral-opina-contra-criacao-do-pspb-e-do-pdvs\/\",\"url\":\"https:\/\/www.blogsoestado.com\/flaviobraga\/ministerio-publico-eleitoral-opina-contra-criacao-do-pspb-e-do-pdvs\/\",\"name\":\"Minist\u00e9rio P\u00fablico Eleitoral opina contra cria\u00e7\u00e3o do PSPB e do PDVS - Fl\u00e1vio Braga\",\"isPartOf\":{\"@id\":\"https:\/\/www.blogsoestado.com\/flaviobraga\/#website\"},\"datePublished\":\"2011-09-13T20:09:08+00:00\",\"author\":{\"@id\":\"https:\/\/www.blogsoestado.com\/flaviobraga\/#\/schema\/person\/6c6c778331775c757a82d15206bd8733\"},\"breadcrumb\":{\"@id\":\"https:\/\/www.blogsoestado.com\/flaviobraga\/ministerio-publico-eleitoral-opina-contra-criacao-do-pspb-e-do-pdvs\/#breadcrumb\"},\"inLanguage\":\"pt-BR\",\"potentialAction\":[{\"@type\":\"ReadAction\",\"target\":[\"https:\/\/www.blogsoestado.com\/flaviobraga\/ministerio-publico-eleitoral-opina-contra-criacao-do-pspb-e-do-pdvs\/\"]}]},{\"@type\":\"BreadcrumbList\",\"@id\":\"https:\/\/www.blogsoestado.com\/flaviobraga\/ministerio-publico-eleitoral-opina-contra-criacao-do-pspb-e-do-pdvs\/#breadcrumb\",\"itemListElement\":[{\"@type\":\"ListItem\",\"position\":1,\"name\":\"In\u00edcio\",\"item\":\"https:\/\/www.blogsoestado.com\/flaviobraga\/\"},{\"@type\":\"ListItem\",\"position\":2,\"name\":\"Minist\u00e9rio P\u00fablico Eleitoral opina contra cria\u00e7\u00e3o do PSPB e do PDVS\"}]},{\"@type\":\"WebSite\",\"@id\":\"https:\/\/www.blogsoestado.com\/flaviobraga\/#website\",\"url\":\"https:\/\/www.blogsoestado.com\/flaviobraga\/\",\"name\":\"Fl\u00e1vio Braga\",\"description\":\"\",\"potentialAction\":[{\"@type\":\"SearchAction\",\"target\":{\"@type\":\"EntryPoint\",\"urlTemplate\":\"https:\/\/www.blogsoestado.com\/flaviobraga\/?s={search_term_string}\"},\"query-input\":{\"@type\":\"PropertyValueSpecification\",\"valueRequired\":true,\"valueName\":\"search_term_string\"}}],\"inLanguage\":\"pt-BR\"},{\"@type\":\"Person\",\"@id\":\"https:\/\/www.blogsoestado.com\/flaviobraga\/#\/schema\/person\/6c6c778331775c757a82d15206bd8733\",\"name\":\"Flavio Braga\",\"image\":{\"@type\":\"ImageObject\",\"inLanguage\":\"pt-BR\",\"@id\":\"https:\/\/www.blogsoestado.com\/flaviobraga\/#\/schema\/person\/image\/\",\"url\":\"https:\/\/secure.gravatar.com\/avatar\/ab173937dad8d78195c87778be8a0285d069ede375ce0ae24aac1cf8e58ccb2c?s=96&d=mm&r=g\",\"contentUrl\":\"https:\/\/secure.gravatar.com\/avatar\/ab173937dad8d78195c87778be8a0285d069ede375ce0ae24aac1cf8e58ccb2c?s=96&d=mm&r=g\",\"caption\":\"Flavio Braga\"},\"url\":\"https:\/\/www.blogsoestado.com\/flaviobraga\/author\/flaviobraga\/\"}]}<\/script>\n<!-- \/ Yoast SEO plugin. -->","yoast_head_json":{"title":"Minist\u00e9rio P\u00fablico Eleitoral opina contra cria\u00e7\u00e3o do PSPB e do PDVS - Fl\u00e1vio Braga","robots":{"index":"index","follow":"follow","max-snippet":"max-snippet:-1","max-image-preview":"max-image-preview:large","max-video-preview":"max-video-preview:-1"},"canonical":"https:\/\/www.blogsoestado.com\/flaviobraga\/ministerio-publico-eleitoral-opina-contra-criacao-do-pspb-e-do-pdvs\/","og_locale":"pt_BR","og_type":"article","og_title":"Minist\u00e9rio P\u00fablico Eleitoral opina contra cria\u00e7\u00e3o do PSPB e do PDVS - Fl\u00e1vio Braga","og_description":"O Minist\u00e9rio P\u00fablico Eleitoral (MPE), por meio de pareceres da vice-procuradora-geral eleitoral Sandra Cureau, opinou pelo indeferimento dos registros do [&hellip;]","og_url":"https:\/\/www.blogsoestado.com\/flaviobraga\/ministerio-publico-eleitoral-opina-contra-criacao-do-pspb-e-do-pdvs\/","og_site_name":"Fl\u00e1vio Braga","article_published_time":"2011-09-13T20:09:08+00:00","author":"Flavio Braga","twitter_card":"summary_large_image","twitter_misc":{"Escrito por":"Flavio Braga","Est. tempo de leitura":"2 minutos"},"schema":{"@context":"https:\/\/schema.org","@graph":[{"@type":"WebPage","@id":"https:\/\/www.blogsoestado.com\/flaviobraga\/ministerio-publico-eleitoral-opina-contra-criacao-do-pspb-e-do-pdvs\/","url":"https:\/\/www.blogsoestado.com\/flaviobraga\/ministerio-publico-eleitoral-opina-contra-criacao-do-pspb-e-do-pdvs\/","name":"Minist\u00e9rio P\u00fablico Eleitoral opina contra cria\u00e7\u00e3o do PSPB e do PDVS - Fl\u00e1vio Braga","isPartOf":{"@id":"https:\/\/www.blogsoestado.com\/flaviobraga\/#website"},"datePublished":"2011-09-13T20:09:08+00:00","author":{"@id":"https:\/\/www.blogsoestado.com\/flaviobraga\/#\/schema\/person\/6c6c778331775c757a82d15206bd8733"},"breadcrumb":{"@id":"https:\/\/www.blogsoestado.com\/flaviobraga\/ministerio-publico-eleitoral-opina-contra-criacao-do-pspb-e-do-pdvs\/#breadcrumb"},"inLanguage":"pt-BR","potentialAction":[{"@type":"ReadAction","target":["https:\/\/www.blogsoestado.com\/flaviobraga\/ministerio-publico-eleitoral-opina-contra-criacao-do-pspb-e-do-pdvs\/"]}]},{"@type":"BreadcrumbList","@id":"https:\/\/www.blogsoestado.com\/flaviobraga\/ministerio-publico-eleitoral-opina-contra-criacao-do-pspb-e-do-pdvs\/#breadcrumb","itemListElement":[{"@type":"ListItem","position":1,"name":"In\u00edcio","item":"https:\/\/www.blogsoestado.com\/flaviobraga\/"},{"@type":"ListItem","position":2,"name":"Minist\u00e9rio P\u00fablico Eleitoral opina contra cria\u00e7\u00e3o do PSPB e do PDVS"}]},{"@type":"WebSite","@id":"https:\/\/www.blogsoestado.com\/flaviobraga\/#website","url":"https:\/\/www.blogsoestado.com\/flaviobraga\/","name":"Fl\u00e1vio Braga","description":"","potentialAction":[{"@type":"SearchAction","target":{"@type":"EntryPoint","urlTemplate":"https:\/\/www.blogsoestado.com\/flaviobraga\/?s={search_term_string}"},"query-input":{"@type":"PropertyValueSpecification","valueRequired":true,"valueName":"search_term_string"}}],"inLanguage":"pt-BR"},{"@type":"Person","@id":"https:\/\/www.blogsoestado.com\/flaviobraga\/#\/schema\/person\/6c6c778331775c757a82d15206bd8733","name":"Flavio Braga","image":{"@type":"ImageObject","inLanguage":"pt-BR","@id":"https:\/\/www.blogsoestado.com\/flaviobraga\/#\/schema\/person\/image\/","url":"https:\/\/secure.gravatar.com\/avatar\/ab173937dad8d78195c87778be8a0285d069ede375ce0ae24aac1cf8e58ccb2c?s=96&d=mm&r=g","contentUrl":"https:\/\/secure.gravatar.com\/avatar\/ab173937dad8d78195c87778be8a0285d069ede375ce0ae24aac1cf8e58ccb2c?s=96&d=mm&r=g","caption":"Flavio Braga"},"url":"https:\/\/www.blogsoestado.com\/flaviobraga\/author\/flaviobraga\/"}]}},"jetpack_featured_media_url":"","_links":{"self":[{"href":"https:\/\/www.blogsoestado.com\/flaviobraga\/wp-json\/wp\/v2\/posts\/1593","targetHints":{"allow":["GET"]}}],"collection":[{"href":"https:\/\/www.blogsoestado.com\/flaviobraga\/wp-json\/wp\/v2\/posts"}],"about":[{"href":"https:\/\/www.blogsoestado.com\/flaviobraga\/wp-json\/wp\/v2\/types\/post"}],"author":[{"embeddable":true,"href":"https:\/\/www.blogsoestado.com\/flaviobraga\/wp-json\/wp\/v2\/users\/8"}],"replies":[{"embeddable":true,"href":"https:\/\/www.blogsoestado.com\/flaviobraga\/wp-json\/wp\/v2\/comments?post=1593"}],"version-history":[{"count":0,"href":"https:\/\/www.blogsoestado.com\/flaviobraga\/wp-json\/wp\/v2\/posts\/1593\/revisions"}],"wp:attachment":[{"href":"https:\/\/www.blogsoestado.com\/flaviobraga\/wp-json\/wp\/v2\/media?parent=1593"}],"wp:term":[{"taxonomy":"category","embeddable":true,"href":"https:\/\/www.blogsoestado.com\/flaviobraga\/wp-json\/wp\/v2\/categories?post=1593"},{"taxonomy":"post_tag","embeddable":true,"href":"https:\/\/www.blogsoestado.com\/flaviobraga\/wp-json\/wp\/v2\/tags?post=1593"}],"curies":[{"name":"wp","href":"https:\/\/api.w.org\/{rel}","templated":true}]}}