{"id":1616,"date":"2011-10-04T19:07:31","date_gmt":"2011-10-04T22:07:31","guid":{"rendered":"https:\/\/www.blogsoestado.com\/flaviobraga\/?p=1616"},"modified":"2011-10-04T19:07:31","modified_gmt":"2011-10-04T22:07:31","slug":"candidatos-tem-ate-sexta-feira-para-transferir-domicilio-eleitoral","status":"publish","type":"post","link":"https:\/\/www.blogsoestado.com\/flaviobraga\/candidatos-tem-ate-sexta-feira-para-transferir-domicilio-eleitoral\/","title":{"rendered":"Candidatos t\u00eam at\u00e9 sexta-feira para transferir domic\u00edlio eleitoral"},"content":{"rendered":"<p>Faltam tr\u00eas dias para que\u00a0aqueles que pretendem concorrer nas Elei\u00e7\u00f5es 2012 fixem seu domic\u00edlio eleitoral no munic\u00edpio em que t\u00eam a inten\u00e7\u00e3o de se candidatar a prefeito, vice-prefeito ou vereador. Essa \u00e9 uma das exig\u00eancias da Lei das Elei\u00e7\u00f5es (Lei n\u00ba 9.504\/1997) para o registro da candidatura, assim como a filia\u00e7\u00e3o partid\u00e1ria.<\/p>\n<p>\u00a0No momento do pedido de registro da candidatura, o partido deve provar que os seus candidatos estavam pelo menos desde o dia\u00a07 de outubro de 2011 com domic\u00edlio eleitoral no munic\u00edpio em que pretendem concorrer, conforme o artigo 9\u00ba da Lei das Elei\u00e7\u00f5es. Essa data equivale a exatamente um ano antes do primeiro turno das pr\u00f3ximas elei\u00e7\u00f5es municipais.<\/p>\n<p>\u00a0Sem essa comprova\u00e7\u00e3o de domic\u00edlio eleitoral, o pedido de registro de candidatura \u00e9 negado pela Justi\u00e7a Eleitoral.<\/p>\n<p><strong>Eleitor<\/strong><\/p>\n<p>O prazo de um ano antes das elei\u00e7\u00f5es \u00e9 s\u00f3 para os cidad\u00e3os que pretendem concorrer aos cargos em disputa. J\u00e1 os eleitores em geral, para poderem votar em outro domic\u00edlio, t\u00eam at\u00e9 o dia 9 de maio de 2012 para solicitar a transfer\u00eancia do t\u00edtulo de eleitor para o novo munic\u00edpio, conforme prev\u00ea o Calend\u00e1rio Eleitoral.<\/p>\n<p>\u00a0Para pedir a transfer\u00eancia do t\u00edtulo, o eleitor deve comprovar o transcurso de pelo menos um ano da inscri\u00e7\u00e3o primitiva e resid\u00eancia m\u00ednima de tr\u00eas meses no novo domic\u00edlio, atestada pela autoridade policial ou provada por outros meios convincentes.<\/p>\n","protected":false},"excerpt":{"rendered":"<p>Faltam tr\u00eas dias para que\u00a0aqueles que pretendem concorrer nas Elei\u00e7\u00f5es 2012 fixem seu domic\u00edlio eleitoral no munic\u00edpio em que t\u00eam [&hellip;]<\/p>\n","protected":false},"author":8,"featured_media":0,"comment_status":"open","ping_status":"open","sticky":false,"template":"","format":"standard","meta":{"site-sidebar-layout":"default","site-content-layout":"","ast-site-content-layout":"default","site-content-style":"default","site-sidebar-style":"default","ast-global-header-display":"","ast-banner-title-visibility":"","ast-main-header-display":"","ast-hfb-above-header-display":"","ast-hfb-below-header-display":"","ast-hfb-mobile-header-display":"","site-post-title":"","ast-breadcrumbs-content":"","ast-featured-img":"","footer-sml-layout":"","ast-disable-related-posts":"","theme-transparent-header-meta":"","adv-header-id-meta":"","stick-header-meta":"","header-above-stick-meta":"","header-main-stick-meta":"","header-below-stick-meta":"","astra-migrate-meta-layouts":"default","ast-page-background-enabled":"default","ast-page-background-meta":{"desktop":{"background-color":"var(--ast-global-color-5)","background-image":"","background-repeat":"repeat","background-position":"center center","background-size":"auto","background-attachment":"scroll","background-type":"","background-media":"","overlay-type":"","overlay-color":"","overlay-opacity":"","overlay-gradient":""},"tablet":{"background-color":"","background-image":"","background-repeat":"repeat","background-position":"center center","background-size":"auto","background-attachment":"scroll","background-type":"","background-media":"","overlay-type":"","overlay-color":"","overlay-opacity":"","overlay-gradient":""},"mobile":{"background-color":"","background-image":"","background-repeat":"repeat","background-position":"center center","background-size":"auto","background-attachment":"scroll","background-type":"","background-media":"","overlay-type":"","overlay-color":"","overlay-opacity":"","overlay-gradient":""}},"ast-content-background-meta":{"desktop":{"background-color":"var(--ast-global-color-4)","background-image":"","background-repeat":"repeat","background-position":"center center","background-size":"auto","background-attachment":"scroll","background-type":"","background-media":"","overlay-type":"","overlay-color":"","overlay-opacity":"","overlay-gradient":""},"tablet":{"background-color":"var(--ast-global-color-4)","background-image":"","background-repeat":"repeat","background-position":"center center","background-size":"auto","background-attachment":"scroll","background-type":"","background-media":"","overlay-type":"","overlay-color":"","overlay-opacity":"","overlay-gradient":""},"mobile":{"background-color":"var(--ast-global-color-4)","background-image":"","background-repeat":"repeat","background-position":"center center","background-size":"auto","background-attachment":"scroll","background-type":"","background-media":"","overlay-type":"","overlay-color":"","overlay-opacity":"","overlay-gradient":""}},"footnotes":""},"categories":[1],"tags":[],"class_list":["post-1616","post","type-post","status-publish","format-standard","hentry","category-sem-categoria"],"yoast_head":"<!-- This site is optimized with the Yoast SEO plugin v26.6 - https:\/\/yoast.com\/wordpress\/plugins\/seo\/ -->\n<title>Candidatos t\u00eam at\u00e9 sexta-feira para transferir domic\u00edlio eleitoral - Fl\u00e1vio Braga<\/title>\n<meta name=\"robots\" content=\"index, follow, max-snippet:-1, max-image-preview:large, max-video-preview:-1\" \/>\n<link rel=\"canonical\" href=\"https:\/\/www.blogsoestado.com\/flaviobraga\/candidatos-tem-ate-sexta-feira-para-transferir-domicilio-eleitoral\/\" \/>\n<meta property=\"og:locale\" content=\"pt_BR\" \/>\n<meta property=\"og:type\" content=\"article\" \/>\n<meta property=\"og:title\" content=\"Candidatos t\u00eam at\u00e9 sexta-feira para transferir domic\u00edlio eleitoral - Fl\u00e1vio Braga\" \/>\n<meta property=\"og:description\" content=\"Faltam tr\u00eas dias para que\u00a0aqueles que pretendem concorrer nas Elei\u00e7\u00f5es 2012 fixem seu domic\u00edlio eleitoral no munic\u00edpio em que t\u00eam [&hellip;]\" \/>\n<meta property=\"og:url\" content=\"https:\/\/www.blogsoestado.com\/flaviobraga\/candidatos-tem-ate-sexta-feira-para-transferir-domicilio-eleitoral\/\" \/>\n<meta property=\"og:site_name\" content=\"Fl\u00e1vio Braga\" \/>\n<meta property=\"article:published_time\" content=\"2011-10-04T22:07:31+00:00\" \/>\n<meta name=\"author\" content=\"Flavio Braga\" \/>\n<meta name=\"twitter:card\" content=\"summary_large_image\" \/>\n<meta name=\"twitter:label1\" content=\"Escrito por\" \/>\n\t<meta name=\"twitter:data1\" content=\"Flavio Braga\" \/>\n\t<meta name=\"twitter:label2\" content=\"Est. tempo de leitura\" \/>\n\t<meta name=\"twitter:data2\" content=\"1 minuto\" \/>\n<script type=\"application\/ld+json\" class=\"yoast-schema-graph\">{\"@context\":\"https:\/\/schema.org\",\"@graph\":[{\"@type\":\"WebPage\",\"@id\":\"https:\/\/www.blogsoestado.com\/flaviobraga\/candidatos-tem-ate-sexta-feira-para-transferir-domicilio-eleitoral\/\",\"url\":\"https:\/\/www.blogsoestado.com\/flaviobraga\/candidatos-tem-ate-sexta-feira-para-transferir-domicilio-eleitoral\/\",\"name\":\"Candidatos t\u00eam at\u00e9 sexta-feira para transferir domic\u00edlio eleitoral - Fl\u00e1vio Braga\",\"isPartOf\":{\"@id\":\"https:\/\/www.blogsoestado.com\/flaviobraga\/#website\"},\"datePublished\":\"2011-10-04T22:07:31+00:00\",\"author\":{\"@id\":\"https:\/\/www.blogsoestado.com\/flaviobraga\/#\/schema\/person\/6c6c778331775c757a82d15206bd8733\"},\"breadcrumb\":{\"@id\":\"https:\/\/www.blogsoestado.com\/flaviobraga\/candidatos-tem-ate-sexta-feira-para-transferir-domicilio-eleitoral\/#breadcrumb\"},\"inLanguage\":\"pt-BR\",\"potentialAction\":[{\"@type\":\"ReadAction\",\"target\":[\"https:\/\/www.blogsoestado.com\/flaviobraga\/candidatos-tem-ate-sexta-feira-para-transferir-domicilio-eleitoral\/\"]}]},{\"@type\":\"BreadcrumbList\",\"@id\":\"https:\/\/www.blogsoestado.com\/flaviobraga\/candidatos-tem-ate-sexta-feira-para-transferir-domicilio-eleitoral\/#breadcrumb\",\"itemListElement\":[{\"@type\":\"ListItem\",\"position\":1,\"name\":\"In\u00edcio\",\"item\":\"https:\/\/www.blogsoestado.com\/flaviobraga\/\"},{\"@type\":\"ListItem\",\"position\":2,\"name\":\"Candidatos t\u00eam at\u00e9 sexta-feira para transferir domic\u00edlio eleitoral\"}]},{\"@type\":\"WebSite\",\"@id\":\"https:\/\/www.blogsoestado.com\/flaviobraga\/#website\",\"url\":\"https:\/\/www.blogsoestado.com\/flaviobraga\/\",\"name\":\"Fl\u00e1vio Braga\",\"description\":\"\",\"potentialAction\":[{\"@type\":\"SearchAction\",\"target\":{\"@type\":\"EntryPoint\",\"urlTemplate\":\"https:\/\/www.blogsoestado.com\/flaviobraga\/?s={search_term_string}\"},\"query-input\":{\"@type\":\"PropertyValueSpecification\",\"valueRequired\":true,\"valueName\":\"search_term_string\"}}],\"inLanguage\":\"pt-BR\"},{\"@type\":\"Person\",\"@id\":\"https:\/\/www.blogsoestado.com\/flaviobraga\/#\/schema\/person\/6c6c778331775c757a82d15206bd8733\",\"name\":\"Flavio Braga\",\"image\":{\"@type\":\"ImageObject\",\"inLanguage\":\"pt-BR\",\"@id\":\"https:\/\/www.blogsoestado.com\/flaviobraga\/#\/schema\/person\/image\/\",\"url\":\"https:\/\/secure.gravatar.com\/avatar\/ab173937dad8d78195c87778be8a0285d069ede375ce0ae24aac1cf8e58ccb2c?s=96&d=mm&r=g\",\"contentUrl\":\"https:\/\/secure.gravatar.com\/avatar\/ab173937dad8d78195c87778be8a0285d069ede375ce0ae24aac1cf8e58ccb2c?s=96&d=mm&r=g\",\"caption\":\"Flavio Braga\"},\"url\":\"https:\/\/www.blogsoestado.com\/flaviobraga\/author\/flaviobraga\/\"}]}<\/script>\n<!-- \/ Yoast SEO plugin. -->","yoast_head_json":{"title":"Candidatos t\u00eam at\u00e9 sexta-feira para transferir domic\u00edlio eleitoral - Fl\u00e1vio Braga","robots":{"index":"index","follow":"follow","max-snippet":"max-snippet:-1","max-image-preview":"max-image-preview:large","max-video-preview":"max-video-preview:-1"},"canonical":"https:\/\/www.blogsoestado.com\/flaviobraga\/candidatos-tem-ate-sexta-feira-para-transferir-domicilio-eleitoral\/","og_locale":"pt_BR","og_type":"article","og_title":"Candidatos t\u00eam at\u00e9 sexta-feira para transferir domic\u00edlio eleitoral - Fl\u00e1vio Braga","og_description":"Faltam tr\u00eas dias para que\u00a0aqueles que pretendem concorrer nas Elei\u00e7\u00f5es 2012 fixem seu domic\u00edlio eleitoral no munic\u00edpio em que t\u00eam [&hellip;]","og_url":"https:\/\/www.blogsoestado.com\/flaviobraga\/candidatos-tem-ate-sexta-feira-para-transferir-domicilio-eleitoral\/","og_site_name":"Fl\u00e1vio Braga","article_published_time":"2011-10-04T22:07:31+00:00","author":"Flavio Braga","twitter_card":"summary_large_image","twitter_misc":{"Escrito por":"Flavio Braga","Est. tempo de leitura":"1 minuto"},"schema":{"@context":"https:\/\/schema.org","@graph":[{"@type":"WebPage","@id":"https:\/\/www.blogsoestado.com\/flaviobraga\/candidatos-tem-ate-sexta-feira-para-transferir-domicilio-eleitoral\/","url":"https:\/\/www.blogsoestado.com\/flaviobraga\/candidatos-tem-ate-sexta-feira-para-transferir-domicilio-eleitoral\/","name":"Candidatos t\u00eam at\u00e9 sexta-feira para transferir domic\u00edlio eleitoral - Fl\u00e1vio Braga","isPartOf":{"@id":"https:\/\/www.blogsoestado.com\/flaviobraga\/#website"},"datePublished":"2011-10-04T22:07:31+00:00","author":{"@id":"https:\/\/www.blogsoestado.com\/flaviobraga\/#\/schema\/person\/6c6c778331775c757a82d15206bd8733"},"breadcrumb":{"@id":"https:\/\/www.blogsoestado.com\/flaviobraga\/candidatos-tem-ate-sexta-feira-para-transferir-domicilio-eleitoral\/#breadcrumb"},"inLanguage":"pt-BR","potentialAction":[{"@type":"ReadAction","target":["https:\/\/www.blogsoestado.com\/flaviobraga\/candidatos-tem-ate-sexta-feira-para-transferir-domicilio-eleitoral\/"]}]},{"@type":"BreadcrumbList","@id":"https:\/\/www.blogsoestado.com\/flaviobraga\/candidatos-tem-ate-sexta-feira-para-transferir-domicilio-eleitoral\/#breadcrumb","itemListElement":[{"@type":"ListItem","position":1,"name":"In\u00edcio","item":"https:\/\/www.blogsoestado.com\/flaviobraga\/"},{"@type":"ListItem","position":2,"name":"Candidatos t\u00eam at\u00e9 sexta-feira para transferir domic\u00edlio eleitoral"}]},{"@type":"WebSite","@id":"https:\/\/www.blogsoestado.com\/flaviobraga\/#website","url":"https:\/\/www.blogsoestado.com\/flaviobraga\/","name":"Fl\u00e1vio Braga","description":"","potentialAction":[{"@type":"SearchAction","target":{"@type":"EntryPoint","urlTemplate":"https:\/\/www.blogsoestado.com\/flaviobraga\/?s={search_term_string}"},"query-input":{"@type":"PropertyValueSpecification","valueRequired":true,"valueName":"search_term_string"}}],"inLanguage":"pt-BR"},{"@type":"Person","@id":"https:\/\/www.blogsoestado.com\/flaviobraga\/#\/schema\/person\/6c6c778331775c757a82d15206bd8733","name":"Flavio Braga","image":{"@type":"ImageObject","inLanguage":"pt-BR","@id":"https:\/\/www.blogsoestado.com\/flaviobraga\/#\/schema\/person\/image\/","url":"https:\/\/secure.gravatar.com\/avatar\/ab173937dad8d78195c87778be8a0285d069ede375ce0ae24aac1cf8e58ccb2c?s=96&d=mm&r=g","contentUrl":"https:\/\/secure.gravatar.com\/avatar\/ab173937dad8d78195c87778be8a0285d069ede375ce0ae24aac1cf8e58ccb2c?s=96&d=mm&r=g","caption":"Flavio Braga"},"url":"https:\/\/www.blogsoestado.com\/flaviobraga\/author\/flaviobraga\/"}]}},"jetpack_featured_media_url":"","_links":{"self":[{"href":"https:\/\/www.blogsoestado.com\/flaviobraga\/wp-json\/wp\/v2\/posts\/1616","targetHints":{"allow":["GET"]}}],"collection":[{"href":"https:\/\/www.blogsoestado.com\/flaviobraga\/wp-json\/wp\/v2\/posts"}],"about":[{"href":"https:\/\/www.blogsoestado.com\/flaviobraga\/wp-json\/wp\/v2\/types\/post"}],"author":[{"embeddable":true,"href":"https:\/\/www.blogsoestado.com\/flaviobraga\/wp-json\/wp\/v2\/users\/8"}],"replies":[{"embeddable":true,"href":"https:\/\/www.blogsoestado.com\/flaviobraga\/wp-json\/wp\/v2\/comments?post=1616"}],"version-history":[{"count":0,"href":"https:\/\/www.blogsoestado.com\/flaviobraga\/wp-json\/wp\/v2\/posts\/1616\/revisions"}],"wp:attachment":[{"href":"https:\/\/www.blogsoestado.com\/flaviobraga\/wp-json\/wp\/v2\/media?parent=1616"}],"wp:term":[{"taxonomy":"category","embeddable":true,"href":"https:\/\/www.blogsoestado.com\/flaviobraga\/wp-json\/wp\/v2\/categories?post=1616"},{"taxonomy":"post_tag","embeddable":true,"href":"https:\/\/www.blogsoestado.com\/flaviobraga\/wp-json\/wp\/v2\/tags?post=1616"}],"curies":[{"name":"wp","href":"https:\/\/api.w.org\/{rel}","templated":true}]}}