{"id":1636,"date":"2011-10-26T14:23:34","date_gmt":"2011-10-26T16:23:34","guid":{"rendered":"https:\/\/www.blogsoestado.com\/flaviobraga\/?p=1636"},"modified":"2011-10-26T14:23:34","modified_gmt":"2011-10-26T16:23:34","slug":"juiz-lanca-livro-de-cronicas","status":"publish","type":"post","link":"https:\/\/www.blogsoestado.com\/flaviobraga\/juiz-lanca-livro-de-cronicas\/","title":{"rendered":"Juiz lan\u00e7a livro de cr\u00f4nicas"},"content":{"rendered":"<p>\u00a0<\/p>\n<figure id=\"attachment_1638\" aria-describedby=\"caption-attachment-1638\" style=\"width: 193px\" class=\"wp-caption aligncenter\"><a href=\"https:\/\/www.blogsoestado.com\/flaviobraga\/files\/2011\/10\/gra20111026_juiz_marcelino_everton_lancara_livro_cronicas_de_um_arariense.jpg\"><img decoding=\"async\" class=\"size-full wp-image-1638\" src=\"https:\/\/www.blogsoestado.com\/flaviobraga\/files\/2011\/10\/gra20111026_juiz_marcelino_everton_lancara_livro_cronicas_de_um_arariense.jpg\" alt=\"\" width=\"193\" height=\"129\" \/><\/a><figcaption id=\"caption-attachment-1638\" class=\"wp-caption-text\">Juiz Marcelino Everton<\/figcaption><\/figure>\n<p>\u201cCr\u00f4nicas de um Arariense\u201d. Este \u00e9 o nome do livro que ser\u00e1 lan\u00e7ado na pr\u00f3xima segunda-feira (31), \u00e0s 17h, no sal\u00e3o nobre do Tribunal de Justi\u00e7a do Maranh\u00e3o (TJMA), pelo juiz Marcelino Chaves Everton, que retrata, em cr\u00f4nicas, fatos que vivenciou em Arari \u2013 sua terra natal \u2013 e aqueles relacionados\u00a0\u00e0 sua milit\u00e2ncia na Magistratura.<\/p>\n<p>\u201cCr\u00f4nicas de um Arariense\u201d \u2013 primeira publica\u00e7\u00e3o em livro do magistrado \u2013 traz uma colet\u00e2nea de textos sobre fatos hist\u00f3ricos da cidade de Arari e da \u00e1rea do Direito de Fam\u00edlia e de Direito Eleitoral, publicados em um jornal local, entre os anos de 2006 e 2010.<\/p>\n<p>O livro \u2013 que estar\u00e1 dispon\u00edvel para leitura na Biblioteca do TJMA \u2013 poder\u00e1 ser adquirido em locais ainda a serem divulgados. O dinheiro arrecadado com a venda da publica\u00e7\u00e3o ser\u00e1 destinado ao Col\u00e9gio Arariense.<\/p>\n<p>Everton \u00e9 juiz da 2\u00aa Vara da Fam\u00edlia de S\u00e3o Lu\u00eds. Formado em Direito pela antiga Faculdade de Direito do Maranh\u00e3o (1975), foi aprovado em concurso p\u00fablico para juiz de Direito, em 1982. No exerc\u00edcio da Magistratura atuou na Justi\u00e7a Eleitoral e\u00a0trabalhou como juiz titular nas comarcas de Vit\u00f3ria do Mearim, Carolina, Pedreiras, entre outras.<\/p>\n","protected":false},"excerpt":{"rendered":"<p>\u00a0 \u201cCr\u00f4nicas de um Arariense\u201d. Este \u00e9 o nome do livro que ser\u00e1 lan\u00e7ado na pr\u00f3xima segunda-feira (31), \u00e0s 17h, [&hellip;]<\/p>\n","protected":false},"author":8,"featured_media":0,"comment_status":"open","ping_status":"open","sticky":false,"template":"","format":"standard","meta":{"site-sidebar-layout":"default","site-content-layout":"","ast-site-content-layout":"default","site-content-style":"default","site-sidebar-style":"default","ast-global-header-display":"","ast-banner-title-visibility":"","ast-main-header-display":"","ast-hfb-above-header-display":"","ast-hfb-below-header-display":"","ast-hfb-mobile-header-display":"","site-post-title":"","ast-breadcrumbs-content":"","ast-featured-img":"","footer-sml-layout":"","ast-disable-related-posts":"","theme-transparent-header-meta":"","adv-header-id-meta":"","stick-header-meta":"","header-above-stick-meta":"","header-main-stick-meta":"","header-below-stick-meta":"","astra-migrate-meta-layouts":"default","ast-page-background-enabled":"default","ast-page-background-meta":{"desktop":{"background-color":"var(--ast-global-color-5)","background-image":"","background-repeat":"repeat","background-position":"center center","background-size":"auto","background-attachment":"scroll","background-type":"","background-media":"","overlay-type":"","overlay-color":"","overlay-opacity":"","overlay-gradient":""},"tablet":{"background-color":"","background-image":"","background-repeat":"repeat","background-position":"center center","background-size":"auto","background-attachment":"scroll","background-type":"","background-media":"","overlay-type":"","overlay-color":"","overlay-opacity":"","overlay-gradient":""},"mobile":{"background-color":"","background-image":"","background-repeat":"repeat","background-position":"center center","background-size":"auto","background-attachment":"scroll","background-type":"","background-media":"","overlay-type":"","overlay-color":"","overlay-opacity":"","overlay-gradient":""}},"ast-content-background-meta":{"desktop":{"background-color":"var(--ast-global-color-4)","background-image":"","background-repeat":"repeat","background-position":"center center","background-size":"auto","background-attachment":"scroll","background-type":"","background-media":"","overlay-type":"","overlay-color":"","overlay-opacity":"","overlay-gradient":""},"tablet":{"background-color":"var(--ast-global-color-4)","background-image":"","background-repeat":"repeat","background-position":"center center","background-size":"auto","background-attachment":"scroll","background-type":"","background-media":"","overlay-type":"","overlay-color":"","overlay-opacity":"","overlay-gradient":""},"mobile":{"background-color":"var(--ast-global-color-4)","background-image":"","background-repeat":"repeat","background-position":"center center","background-size":"auto","background-attachment":"scroll","background-type":"","background-media":"","overlay-type":"","overlay-color":"","overlay-opacity":"","overlay-gradient":""}},"footnotes":""},"categories":[1],"tags":[],"class_list":["post-1636","post","type-post","status-publish","format-standard","hentry","category-sem-categoria"],"yoast_head":"<!-- This site is optimized with the Yoast SEO plugin v26.6 - https:\/\/yoast.com\/wordpress\/plugins\/seo\/ -->\n<title>Juiz lan\u00e7a livro de cr\u00f4nicas - Fl\u00e1vio Braga<\/title>\n<meta name=\"robots\" content=\"index, follow, max-snippet:-1, max-image-preview:large, max-video-preview:-1\" \/>\n<link rel=\"canonical\" href=\"https:\/\/www.blogsoestado.com\/flaviobraga\/juiz-lanca-livro-de-cronicas\/\" \/>\n<meta property=\"og:locale\" content=\"pt_BR\" \/>\n<meta property=\"og:type\" content=\"article\" \/>\n<meta property=\"og:title\" content=\"Juiz lan\u00e7a livro de cr\u00f4nicas - Fl\u00e1vio Braga\" \/>\n<meta property=\"og:description\" content=\"\u00a0 \u201cCr\u00f4nicas de um Arariense\u201d. Este \u00e9 o nome do livro que ser\u00e1 lan\u00e7ado na pr\u00f3xima segunda-feira (31), \u00e0s 17h, [&hellip;]\" \/>\n<meta property=\"og:url\" content=\"https:\/\/www.blogsoestado.com\/flaviobraga\/juiz-lanca-livro-de-cronicas\/\" \/>\n<meta property=\"og:site_name\" content=\"Fl\u00e1vio Braga\" \/>\n<meta property=\"article:published_time\" content=\"2011-10-26T16:23:34+00:00\" \/>\n<meta property=\"og:image\" content=\"https:\/\/www.blogsoestado.com\/flaviobraga\/files\/2011\/10\/gra20111026_juiz_marcelino_everton_lancara_livro_cronicas_de_um_arariense.jpg\" \/>\n<meta name=\"author\" content=\"Flavio Braga\" \/>\n<meta name=\"twitter:card\" content=\"summary_large_image\" \/>\n<meta name=\"twitter:label1\" content=\"Escrito por\" \/>\n\t<meta name=\"twitter:data1\" content=\"Flavio Braga\" \/>\n\t<meta name=\"twitter:label2\" content=\"Est. tempo de leitura\" \/>\n\t<meta name=\"twitter:data2\" content=\"1 minuto\" \/>\n<script type=\"application\/ld+json\" class=\"yoast-schema-graph\">{\"@context\":\"https:\/\/schema.org\",\"@graph\":[{\"@type\":\"WebPage\",\"@id\":\"https:\/\/www.blogsoestado.com\/flaviobraga\/juiz-lanca-livro-de-cronicas\/\",\"url\":\"https:\/\/www.blogsoestado.com\/flaviobraga\/juiz-lanca-livro-de-cronicas\/\",\"name\":\"Juiz lan\u00e7a livro de cr\u00f4nicas - Fl\u00e1vio Braga\",\"isPartOf\":{\"@id\":\"https:\/\/www.blogsoestado.com\/flaviobraga\/#website\"},\"primaryImageOfPage\":{\"@id\":\"https:\/\/www.blogsoestado.com\/flaviobraga\/juiz-lanca-livro-de-cronicas\/#primaryimage\"},\"image\":{\"@id\":\"https:\/\/www.blogsoestado.com\/flaviobraga\/juiz-lanca-livro-de-cronicas\/#primaryimage\"},\"thumbnailUrl\":\"https:\/\/www.blogsoestado.com\/flaviobraga\/files\/2011\/10\/gra20111026_juiz_marcelino_everton_lancara_livro_cronicas_de_um_arariense.jpg\",\"datePublished\":\"2011-10-26T16:23:34+00:00\",\"author\":{\"@id\":\"https:\/\/www.blogsoestado.com\/flaviobraga\/#\/schema\/person\/6c6c778331775c757a82d15206bd8733\"},\"breadcrumb\":{\"@id\":\"https:\/\/www.blogsoestado.com\/flaviobraga\/juiz-lanca-livro-de-cronicas\/#breadcrumb\"},\"inLanguage\":\"pt-BR\",\"potentialAction\":[{\"@type\":\"ReadAction\",\"target\":[\"https:\/\/www.blogsoestado.com\/flaviobraga\/juiz-lanca-livro-de-cronicas\/\"]}]},{\"@type\":\"ImageObject\",\"inLanguage\":\"pt-BR\",\"@id\":\"https:\/\/www.blogsoestado.com\/flaviobraga\/juiz-lanca-livro-de-cronicas\/#primaryimage\",\"url\":\"https:\/\/www.blogsoestado.com\/flaviobraga\/files\/2011\/10\/gra20111026_juiz_marcelino_everton_lancara_livro_cronicas_de_um_arariense.jpg\",\"contentUrl\":\"https:\/\/www.blogsoestado.com\/flaviobraga\/files\/2011\/10\/gra20111026_juiz_marcelino_everton_lancara_livro_cronicas_de_um_arariense.jpg\"},{\"@type\":\"BreadcrumbList\",\"@id\":\"https:\/\/www.blogsoestado.com\/flaviobraga\/juiz-lanca-livro-de-cronicas\/#breadcrumb\",\"itemListElement\":[{\"@type\":\"ListItem\",\"position\":1,\"name\":\"In\u00edcio\",\"item\":\"https:\/\/www.blogsoestado.com\/flaviobraga\/\"},{\"@type\":\"ListItem\",\"position\":2,\"name\":\"Juiz lan\u00e7a livro de cr\u00f4nicas\"}]},{\"@type\":\"WebSite\",\"@id\":\"https:\/\/www.blogsoestado.com\/flaviobraga\/#website\",\"url\":\"https:\/\/www.blogsoestado.com\/flaviobraga\/\",\"name\":\"Fl\u00e1vio Braga\",\"description\":\"\",\"potentialAction\":[{\"@type\":\"SearchAction\",\"target\":{\"@type\":\"EntryPoint\",\"urlTemplate\":\"https:\/\/www.blogsoestado.com\/flaviobraga\/?s={search_term_string}\"},\"query-input\":{\"@type\":\"PropertyValueSpecification\",\"valueRequired\":true,\"valueName\":\"search_term_string\"}}],\"inLanguage\":\"pt-BR\"},{\"@type\":\"Person\",\"@id\":\"https:\/\/www.blogsoestado.com\/flaviobraga\/#\/schema\/person\/6c6c778331775c757a82d15206bd8733\",\"name\":\"Flavio Braga\",\"image\":{\"@type\":\"ImageObject\",\"inLanguage\":\"pt-BR\",\"@id\":\"https:\/\/www.blogsoestado.com\/flaviobraga\/#\/schema\/person\/image\/\",\"url\":\"https:\/\/secure.gravatar.com\/avatar\/ab173937dad8d78195c87778be8a0285d069ede375ce0ae24aac1cf8e58ccb2c?s=96&d=mm&r=g\",\"contentUrl\":\"https:\/\/secure.gravatar.com\/avatar\/ab173937dad8d78195c87778be8a0285d069ede375ce0ae24aac1cf8e58ccb2c?s=96&d=mm&r=g\",\"caption\":\"Flavio Braga\"},\"url\":\"https:\/\/www.blogsoestado.com\/flaviobraga\/author\/flaviobraga\/\"}]}<\/script>\n<!-- \/ Yoast SEO plugin. -->","yoast_head_json":{"title":"Juiz lan\u00e7a livro de cr\u00f4nicas - Fl\u00e1vio Braga","robots":{"index":"index","follow":"follow","max-snippet":"max-snippet:-1","max-image-preview":"max-image-preview:large","max-video-preview":"max-video-preview:-1"},"canonical":"https:\/\/www.blogsoestado.com\/flaviobraga\/juiz-lanca-livro-de-cronicas\/","og_locale":"pt_BR","og_type":"article","og_title":"Juiz lan\u00e7a livro de cr\u00f4nicas - Fl\u00e1vio Braga","og_description":"\u00a0 \u201cCr\u00f4nicas de um Arariense\u201d. Este \u00e9 o nome do livro que ser\u00e1 lan\u00e7ado na pr\u00f3xima segunda-feira (31), \u00e0s 17h, [&hellip;]","og_url":"https:\/\/www.blogsoestado.com\/flaviobraga\/juiz-lanca-livro-de-cronicas\/","og_site_name":"Fl\u00e1vio Braga","article_published_time":"2011-10-26T16:23:34+00:00","og_image":[{"url":"https:\/\/www.blogsoestado.com\/flaviobraga\/files\/2011\/10\/gra20111026_juiz_marcelino_everton_lancara_livro_cronicas_de_um_arariense.jpg","type":"","width":"","height":""}],"author":"Flavio Braga","twitter_card":"summary_large_image","twitter_misc":{"Escrito por":"Flavio Braga","Est. tempo de leitura":"1 minuto"},"schema":{"@context":"https:\/\/schema.org","@graph":[{"@type":"WebPage","@id":"https:\/\/www.blogsoestado.com\/flaviobraga\/juiz-lanca-livro-de-cronicas\/","url":"https:\/\/www.blogsoestado.com\/flaviobraga\/juiz-lanca-livro-de-cronicas\/","name":"Juiz lan\u00e7a livro de cr\u00f4nicas - Fl\u00e1vio Braga","isPartOf":{"@id":"https:\/\/www.blogsoestado.com\/flaviobraga\/#website"},"primaryImageOfPage":{"@id":"https:\/\/www.blogsoestado.com\/flaviobraga\/juiz-lanca-livro-de-cronicas\/#primaryimage"},"image":{"@id":"https:\/\/www.blogsoestado.com\/flaviobraga\/juiz-lanca-livro-de-cronicas\/#primaryimage"},"thumbnailUrl":"https:\/\/www.blogsoestado.com\/flaviobraga\/files\/2011\/10\/gra20111026_juiz_marcelino_everton_lancara_livro_cronicas_de_um_arariense.jpg","datePublished":"2011-10-26T16:23:34+00:00","author":{"@id":"https:\/\/www.blogsoestado.com\/flaviobraga\/#\/schema\/person\/6c6c778331775c757a82d15206bd8733"},"breadcrumb":{"@id":"https:\/\/www.blogsoestado.com\/flaviobraga\/juiz-lanca-livro-de-cronicas\/#breadcrumb"},"inLanguage":"pt-BR","potentialAction":[{"@type":"ReadAction","target":["https:\/\/www.blogsoestado.com\/flaviobraga\/juiz-lanca-livro-de-cronicas\/"]}]},{"@type":"ImageObject","inLanguage":"pt-BR","@id":"https:\/\/www.blogsoestado.com\/flaviobraga\/juiz-lanca-livro-de-cronicas\/#primaryimage","url":"https:\/\/www.blogsoestado.com\/flaviobraga\/files\/2011\/10\/gra20111026_juiz_marcelino_everton_lancara_livro_cronicas_de_um_arariense.jpg","contentUrl":"https:\/\/www.blogsoestado.com\/flaviobraga\/files\/2011\/10\/gra20111026_juiz_marcelino_everton_lancara_livro_cronicas_de_um_arariense.jpg"},{"@type":"BreadcrumbList","@id":"https:\/\/www.blogsoestado.com\/flaviobraga\/juiz-lanca-livro-de-cronicas\/#breadcrumb","itemListElement":[{"@type":"ListItem","position":1,"name":"In\u00edcio","item":"https:\/\/www.blogsoestado.com\/flaviobraga\/"},{"@type":"ListItem","position":2,"name":"Juiz lan\u00e7a livro de cr\u00f4nicas"}]},{"@type":"WebSite","@id":"https:\/\/www.blogsoestado.com\/flaviobraga\/#website","url":"https:\/\/www.blogsoestado.com\/flaviobraga\/","name":"Fl\u00e1vio Braga","description":"","potentialAction":[{"@type":"SearchAction","target":{"@type":"EntryPoint","urlTemplate":"https:\/\/www.blogsoestado.com\/flaviobraga\/?s={search_term_string}"},"query-input":{"@type":"PropertyValueSpecification","valueRequired":true,"valueName":"search_term_string"}}],"inLanguage":"pt-BR"},{"@type":"Person","@id":"https:\/\/www.blogsoestado.com\/flaviobraga\/#\/schema\/person\/6c6c778331775c757a82d15206bd8733","name":"Flavio Braga","image":{"@type":"ImageObject","inLanguage":"pt-BR","@id":"https:\/\/www.blogsoestado.com\/flaviobraga\/#\/schema\/person\/image\/","url":"https:\/\/secure.gravatar.com\/avatar\/ab173937dad8d78195c87778be8a0285d069ede375ce0ae24aac1cf8e58ccb2c?s=96&d=mm&r=g","contentUrl":"https:\/\/secure.gravatar.com\/avatar\/ab173937dad8d78195c87778be8a0285d069ede375ce0ae24aac1cf8e58ccb2c?s=96&d=mm&r=g","caption":"Flavio Braga"},"url":"https:\/\/www.blogsoestado.com\/flaviobraga\/author\/flaviobraga\/"}]}},"jetpack_featured_media_url":"","_links":{"self":[{"href":"https:\/\/www.blogsoestado.com\/flaviobraga\/wp-json\/wp\/v2\/posts\/1636","targetHints":{"allow":["GET"]}}],"collection":[{"href":"https:\/\/www.blogsoestado.com\/flaviobraga\/wp-json\/wp\/v2\/posts"}],"about":[{"href":"https:\/\/www.blogsoestado.com\/flaviobraga\/wp-json\/wp\/v2\/types\/post"}],"author":[{"embeddable":true,"href":"https:\/\/www.blogsoestado.com\/flaviobraga\/wp-json\/wp\/v2\/users\/8"}],"replies":[{"embeddable":true,"href":"https:\/\/www.blogsoestado.com\/flaviobraga\/wp-json\/wp\/v2\/comments?post=1636"}],"version-history":[{"count":0,"href":"https:\/\/www.blogsoestado.com\/flaviobraga\/wp-json\/wp\/v2\/posts\/1636\/revisions"}],"wp:attachment":[{"href":"https:\/\/www.blogsoestado.com\/flaviobraga\/wp-json\/wp\/v2\/media?parent=1636"}],"wp:term":[{"taxonomy":"category","embeddable":true,"href":"https:\/\/www.blogsoestado.com\/flaviobraga\/wp-json\/wp\/v2\/categories?post=1636"},{"taxonomy":"post_tag","embeddable":true,"href":"https:\/\/www.blogsoestado.com\/flaviobraga\/wp-json\/wp\/v2\/tags?post=1636"}],"curies":[{"name":"wp","href":"https:\/\/api.w.org\/{rel}","templated":true}]}}